{"id":30984,"date":"2026-03-13T11:35:54","date_gmt":"2026-03-13T08:35:54","guid":{"rendered":"https:\/\/yeniterter.az\/?p=30984"},"modified":"2026-03-13T11:35:54","modified_gmt":"2026-03-13T08:35:54","slug":"dunyada-sulhun-v%c9%99-t%c9%99hluk%c9%99sizliyin-mohk%c9%99ml%c9%99nm%c9%99sind%c9%99-az%c9%99rbaycan-t%c9%99crub%c9%99si","status":"publish","type":"post","link":"https:\/\/yeniterter.az\/?p=30984","title":{"rendered":"D\u00fcnyada s\u00fclh\u00fcn v\u0259 t\u0259hl\u00fck\u0259sizliyin m\u00f6hk\u0259ml\u0259nm\u0259sind\u0259 Az\u0259rbaycan t\u0259cr\u00fcb\u0259si"},"content":{"rendered":"<p>M\u00fcasir beyn\u0259lxalq m\u00fcnasib\u0259tl\u0259r sistemi s\u00fcr\u0259tli v\u0259 m\u00fcr\u0259kk\u0259b transformasiya d\u00f6vr\u00fcn\u00fc ya\u015fay\u0131r. Qlobal g\u00fcc balans\u0131n\u0131n d\u0259yi\u015fm\u0259si, regional m\u00fcnaqi\u015f\u0259l\u0259rin davam etm\u0259si, iqtisadi v\u0259 enerji t\u0259hl\u00fck\u0259sizliyi il\u0259 ba\u011fl\u0131 riskl\u0259rin artmas\u0131 d\u00f6vl\u0259tl\u0259r aras\u0131nda \u0259m\u0259kda\u015fl\u0131q mexanizml\u0259rinin yenid\u0259n n\u0259z\u0259rd\u0259n ke\u00e7irilm\u0259sini z\u0259ruri edir. M\u0259hz bel\u0259 bir \u015f\u0259raitd\u0259 12 mart 2026-c\u0131 ild\u0259 Bak\u0131 \u015f\u0259h\u0259rind\u0259 ke\u00e7iril\u0259n XIII Qlobal Bak\u0131 Forumu \u00e7\u0259r\u00e7iv\u0259sind\u0259 Az\u0259rbaycan Prezidenti \u0130lham \u018fliyev \u201cKe\u00e7id d\u00f6vr\u00fcnd\u0259 olan d\u00fcnyada fikir ayr\u0131l\u0131qlar\u0131n\u0131n aradan qald\u0131r\u0131lmas\u0131\u201d m\u00f6vzusunda geni\u015f m\u0259zmunlu \u00e7\u0131x\u0131\u015f edib. D\u00f6vl\u0259t ba\u015f\u00e7\u0131s\u0131n\u0131n nitqi qlobal siyasi g\u00fcnd\u0259min aktual probleml\u0259rin\u0259 toxunmaqla yana\u015f\u0131, beyn\u0259lxalq \u0259m\u0259kda\u015fl\u0131\u011f\u0131n g\u00fccl\u0259ndirilm\u0259si istiqam\u0259tind\u0259 m\u00fch\u00fcm mesajlarla yadda qal\u0131b.<\/p>\n<p>M\u00f6ht\u0259r\u0259m Prezidentimiz \u0130lham \u018fliyev c\u0259nablar\u0131\u00a0 \u00e7\u0131x\u0131\u015f\u0131nda vur\u011fulay\u0131b ki, haz\u0131rda d\u00fcnya yeni geosiyasi m\u0259rh\u0259l\u0259y\u0259 q\u0259d\u0259m qoyur v\u0259 bu m\u0259rh\u0259l\u0259 h\u0259m riskl\u0259r, h\u0259m d\u0259 yeni imkanlarla m\u00fc\u015fayi\u0259t olunur. Onun s\u00f6zl\u0259rin\u0259 g\u00f6r\u0259, d\u00f6vl\u0259tl\u0259r aras\u0131nda etimad\u0131n azalmas\u0131, beyn\u0259lxalq h\u00fcququn selektiv t\u0259tbiqi v\u0259 ikili standartlar\u0131n m\u00f6vcudlu\u011fu qlobal sabitliy\u0259 ciddi t\u0259hdid yarad\u0131r. Bu bax\u0131mdan beyn\u0259lxalq m\u00fcnasib\u0259tl\u0259rd\u0259 suverenliy\u0259, \u0259razi b\u00fct\u00f6vl\u00fcy\u00fcn\u0259 v\u0259 qar\u015f\u0131l\u0131ql\u0131 h\u00f6rm\u0259t prinsipin\u0259 \u0259saslanan yana\u015fman\u0131n vacibliyi x\u00fcsusi qeyd edilib.<\/p>\n<p>C\u0259nab Prezident\u00a0 bildirib ki, fikir ayr\u0131l\u0131qlar\u0131 m\u00fcasir d\u00fcnyan\u0131n qa\u00e7\u0131lmaz reall\u0131\u011f\u0131d\u0131r. Lakin bu ayr\u0131l\u0131qlar\u0131n qar\u015f\u0131durmaya \u00e7evrilm\u0259m\u0259si \u00fc\u00e7\u00fcn dialoq v\u0259 \u00e7oxt\u0259r\u0259fli \u0259m\u0259kda\u015fl\u0131q \u0259sas vasit\u0259 kimi \u00e7\u0131x\u0131\u015f etm\u0259lidir. Prezident Az\u0259rbaycan\u0131n m\u00fcxt\u0259lif beyn\u0259lxalq platformalarda s\u00fclh v\u0259 \u0259m\u0259kda\u015fl\u0131q t\u0259\u015f\u0259bb\u00fcsl\u0259ri il\u0259 \u00e7\u0131x\u0131\u015f etdiyini, regionda sabitliyin m\u00f6hk\u0259ml\u0259ndirilm\u0259sin\u0259 v\u0259 iqtisadi inteqrasiyan\u0131n geni\u015fl\u0259ndirilm\u0259sin\u0259 t\u00f6hf\u0259 verdiyini diqq\u0259t\u0259 \u00e7atd\u0131r\u0131b.<!--more--><\/p>\n<p>\u00c7\u0131x\u0131\u015fda qlobal enerji t\u0259hl\u00fck\u0259sizliyi m\u0259s\u0259l\u0259l\u0259rin\u0259 d\u0259 geni\u015f yer ayr\u0131l\u0131b. Prezident qeyd edib ki, enerji resurslar\u0131n\u0131n \u015fax\u0259l\u0259ndirilm\u0259si v\u0259 alternativ enerji m\u0259nb\u0259l\u0259rinin inki\u015faf\u0131 m\u00fcasir d\u00f6vrd\u0259 iqtisadi dayan\u0131ql\u0131\u011f\u0131n \u0259sas \u015f\u0259rtl\u0259rind\u0259n biridir. Az\u0259rbaycan\u0131n h\u0259yata ke\u00e7irdiyi beyn\u0259lxalq enerji v\u0259 n\u0259qliyyat layih\u0259l\u0259rinin regionlararas\u0131 \u0259m\u0259kda\u015fl\u0131\u011f\u0131 g\u00fccl\u0259ndirdiyi, Avrasiya m\u0259kan\u0131nda yeni iqtisadi imkanlar yaratd\u0131\u011f\u0131 vur\u011fulan\u0131b.<\/p>\n<p>Humanitar sah\u0259d\u0259 \u0259m\u0259kda\u015fl\u0131q v\u0259 multikultural d\u0259y\u0259rl\u0259rin qorunmas\u0131 da Prezident \u0130lham \u018fliyevin \u00e7\u0131x\u0131\u015f\u0131n\u0131n m\u00fch\u00fcm istiqam\u0259tl\u0259rind\u0259n biri olub. O bildirib ki, d\u00fcnyada ideoloji qar\u015f\u0131durmalar\u0131n artd\u0131\u011f\u0131 bir d\u00f6vrd\u0259 tolerantl\u0131q, m\u0259d\u0259niyy\u0259tl\u0259raras\u0131 dialoq v\u0259 humanitar t\u0259\u015f\u0259bb\u00fcsl\u0259r sabitliyin t\u0259min olunmas\u0131nda m\u00fch\u00fcm rol oynay\u0131r. Az\u0259rbaycan\u0131n multikulturalizm sah\u0259sind\u0259 toplad\u0131\u011f\u0131 t\u0259cr\u00fcb\u0259 v\u0259 m\u00fcxt\u0259lif xalqlar\u0131n s\u00fclh \u015f\u0259raitind\u0259 birg\u0259 ya\u015fay\u0131\u015f modeli qlobal miqyasda n\u00fcmun\u0259 kimi t\u0259qdim edilib.<\/p>\n<p>\u00c7\u015e\u0131x\u0131\u015f\u0131n\u0131n\u00a0 sonunda \u0130lham \u018fliyev c\u0259nablar\u0131 Qlobal Bak\u0131 Forumunun beyn\u0259lxalq dialoq \u00fc\u00e7\u00fcn m\u00fch\u00fcm platforma oldu\u011funu vur\u011fulay\u0131b. O qeyd edib ki, bel\u0259 forumlar vasit\u0259sil\u0259 d\u00fcnya liderl\u0259ri v\u0259 ekspertl\u0259r aktual probleml\u0259ri a\u00e7\u0131q m\u00fczakir\u0259 edir, ortaq yana\u015fmalar formala\u015fd\u0131r\u0131r v\u0259 g\u0259l\u0259c\u0259k \u0259m\u0259kda\u015fl\u0131q istiqam\u0259tl\u0259rini m\u00fc\u0259yy\u0259nl\u0259\u015fdirirl\u0259r. Prezident optimist notlarla \u00e7\u0131x\u0131\u015f\u0131n\u0131 yekunla\u015fd\u0131raraq bildirib ki, qar\u015f\u0131l\u0131ql\u0131 h\u00f6rm\u0259t\u0259 v\u0259 etimada \u0259saslanan \u0259m\u0259kda\u015fl\u0131q say\u0259sind\u0259 qlobal fikir ayr\u0131l\u0131qlar\u0131n\u0131 aradan qald\u0131rmaq m\u00fcmk\u00fcnd\u00fcr.<\/p>\n<p>Eldar \u018fs\u0259dov,<\/p>\n<p>YAP T\u0259rt\u0259r rayon t\u0259\u015fkilat\u0131n\u0131n s\u0259dri<\/p>\n","protected":false},"excerpt":{"rendered":"<p>M\u00fcasir beyn\u0259lxalq m\u00fcnasib\u0259tl\u0259r sistemi s\u00fcr\u0259tli v\u0259 m\u00fcr\u0259kk\u0259b transformasiya d\u00f6vr\u00fcn\u00fc ya\u015fay\u0131r. Qlobal g\u00fcc balans\u0131n\u0131n d\u0259yi\u015fm\u0259si, regional m\u00fcnaqi\u015f\u0259l\u0259rin davam etm\u0259si, iqtisadi v\u0259 enerji t\u0259hl\u00fck\u0259sizliyi il\u0259 ba\u011fl\u0131 riskl\u0259rin artmas\u0131 d\u00f6vl\u0259tl\u0259r aras\u0131nda \u0259m\u0259kda\u015fl\u0131q mexanizml\u0259rinin yenid\u0259n n\u0259z\u0259rd\u0259n ke\u00e7irilm\u0259sini z\u0259ruri edir. M\u0259hz bel\u0259 bir \u015f\u0259raitd\u0259 12 mart 2026-c\u0131 ild\u0259 Bak\u0131 \u015f\u0259h\u0259rind\u0259 ke\u00e7iril\u0259n XIII Qlobal Bak\u0131 Forumu \u00e7\u0259r\u00e7iv\u0259sind\u0259 Az\u0259rbaycan Prezidenti \u0130lham \u018fliyev [&hellip;]<\/p>\n","protected":false},"author":2,"featured_media":0,"comment_status":"closed","ping_status":"closed","sticky":false,"template":"","format":"standard","meta":[],"categories":[10],"tags":[],"_links":{"self":[{"href":"https:\/\/yeniterter.az\/index.php?rest_route=\/wp\/v2\/posts\/30984"}],"collection":[{"href":"https:\/\/yeniterter.az\/index.php?rest_route=\/wp\/v2\/posts"}],"about":[{"href":"https:\/\/yeniterter.az\/index.php?rest_route=\/wp\/v2\/types\/post"}],"author":[{"embeddable":true,"href":"https:\/\/yeniterter.az\/index.php?rest_route=\/wp\/v2\/users\/2"}],"replies":[{"embeddable":true,"href":"https:\/\/yeniterter.az\/index.php?rest_route=%2Fwp%2Fv2%2Fcomments&post=30984"}],"version-history":[{"count":1,"href":"https:\/\/yeniterter.az\/index.php?rest_route=\/wp\/v2\/posts\/30984\/revisions"}],"predecessor-version":[{"id":30985,"href":"https:\/\/yeniterter.az\/index.php?rest_route=\/wp\/v2\/posts\/30984\/revisions\/30985"}],"wp:attachment":[{"href":"https:\/\/yeniterter.az\/index.php?rest_route=%2Fwp%2Fv2%2Fmedia&parent=30984"}],"wp:term":[{"taxonomy":"category","embeddable":true,"href":"https:\/\/yeniterter.az\/index.php?rest_route=%2Fwp%2Fv2%2Fcategories&post=30984"},{"taxonomy":"post_tag","embeddable":true,"href":"https:\/\/yeniterter.az\/index.php?rest_route=%2Fwp%2Fv2%2Ftags&post=30984"}],"curies":[{"name":"wp","href":"https:\/\/api.w.org\/{rel}","templated":true}]}}