{"id":30981,"date":"2026-03-13T11:26:52","date_gmt":"2026-03-13T08:26:52","guid":{"rendered":"https:\/\/yeniterter.az\/?p=30981"},"modified":"2026-03-13T11:26:52","modified_gmt":"2026-03-13T08:26:52","slug":"az%c9%99rbaycan-avropa-ittifaqi-munasib%c9%99tl%c9%99rinin-yeni-m%c9%99rh%c9%99l%c9%99si","status":"publish","type":"post","link":"https:\/\/yeniterter.az\/?p=30981","title":{"rendered":"Az\u0259rbaycan\u2013Avropa \u0130ttifaq\u0131 m\u00fcnasib\u0259tl\u0259rinin yeni m\u0259rh\u0259l\u0259si"},"content":{"rendered":"<p><img decoding=\"async\" loading=\"lazy\" class=\" wp-image-30982 alignleft\" src=\"https:\/\/yeniterter.az\/wp-content\/uploads\/9aba06f0-2b5b-4303-9106-77d4bf2b290c-300x225.jpg\" alt=\"\" width=\"212\" height=\"159\" srcset=\"https:\/\/yeniterter.az\/wp-content\/uploads\/9aba06f0-2b5b-4303-9106-77d4bf2b290c-300x225.jpg 300w, https:\/\/yeniterter.az\/wp-content\/uploads\/9aba06f0-2b5b-4303-9106-77d4bf2b290c-1024x768.jpg 1024w, https:\/\/yeniterter.az\/wp-content\/uploads\/9aba06f0-2b5b-4303-9106-77d4bf2b290c-768x576.jpg 768w, https:\/\/yeniterter.az\/wp-content\/uploads\/9aba06f0-2b5b-4303-9106-77d4bf2b290c.jpg 1080w\" sizes=\"(max-width: 212px) 100vw, 212px\" \/> 2026-c\u0131 il mart\u0131n 11-d\u0259 Bak\u0131da Az\u0259rbaycan Respublikas\u0131n\u0131n Prezidenti \u0130lham \u018fliyev il\u0259 Avropa \u0130ttifaq\u0131 \u015euras\u0131n\u0131n Prezidenti Antonio Costa aras\u0131nda ke\u00e7iril\u0259n g\u00f6r\u00fc\u015f v\u0259 veril\u0259n b\u0259yanatlar Az\u0259rbaycan\u2013Avropa \u0130ttifaq\u0131 m\u00fcnasib\u0259tl\u0259rind\u0259 m\u00fch\u00fcm siyasi hadis\u0259 kimi qiym\u0259tl\u0259ndirilir. Bu s\u0259f\u0259r t\u0259r\u0259fl\u0259r aras\u0131nda strateji t\u0259r\u0259fda\u015fl\u0131\u011f\u0131n d\u0259rinl\u0259\u015fdirilm\u0259si, enerji, t\u0259hl\u00fck\u0259sizlik, n\u0259qliyyat v\u0259 regional \u0259m\u0259kda\u015fl\u0131q sah\u0259l\u0259rind\u0259 yeni perspektivl\u0259rin m\u00fc\u0259yy\u0259nl\u0259\u015fdirilm\u0259si bax\u0131m\u0131ndan x\u00fcsusi \u0259h\u0259miyy\u0259t k\u0259sb edir.<\/p>\n<p>M\u00f6ht\u0259r\u0259m Prezidentimiz\u00a0 \u0130lham \u018fliyev c\u0259nablar\u0131 m\u0259tbuata \u00e7\u0131x\u0131\u015f ed\u0259rk\u0259n qeyd edib ki,\u00a0 Avropa \u0130ttifaq\u0131 il\u0259 Az\u0259rbaycan aras\u0131nda m\u00fcnasib\u0259tl\u0259r son ill\u0259r \u0259rzind\u0259 u\u011furla inki\u015faf edir v\u0259 bu \u0259laq\u0259l\u0259r qar\u015f\u0131l\u0131ql\u0131 h\u00f6rm\u0259t, b\u0259rab\u0259rlik v\u0259 qar\u015f\u0131l\u0131ql\u0131 fayda prinsipl\u0259rin\u0259 \u0259saslan\u0131rki,\u00a0 t\u0259r\u0259fl\u0259r aras\u0131nda f\u0259al siyasi dialoq m\u00f6vcuddur v\u0259 son ill\u0259rd\u0259 ke\u00e7iril\u0259n g\u00f6r\u00fc\u015fl\u0259r \u0259m\u0259kda\u015fl\u0131\u011f\u0131n daha da geni\u015fl\u0259nm\u0259si \u00fc\u00e7\u00fcn m\u00f6hk\u0259m z\u0259min yarad\u0131b.<!--more--><\/p>\n<p>G\u00f6r\u00fc\u015f zaman\u0131 m\u00fczakir\u0259 olunan \u0259sas m\u00f6vzulardan biri enerji sah\u0259sind\u0259 \u0259m\u0259kda\u015fl\u0131q olub. Prezident \u0130lham \u018fliyev qeyd edib ki, Az\u0259rbaycan Avropan\u0131n enerji t\u0259hl\u00fck\u0259sizliyind\u0259 m\u00fch\u00fcm rol oynay\u0131r v\u0259 \u00f6lk\u0259 Avropa bazar\u0131na etibarl\u0131 enerji t\u0259r\u0259fda\u015f\u0131 kimi \u00e7\u0131x\u0131\u015f edir. Bu g\u00fcn Az\u0259rbaycan qaz\u0131 bir s\u0131ra Avropa \u00f6lk\u0259l\u0259rin\u0259 ixrac edilir v\u0259 bu \u0259m\u0259kda\u015fl\u0131q g\u0259l\u0259c\u0259kd\u0259 daha da geni\u015fl\u0259n\u0259 bil\u0259r. D\u00f6vl\u0259t ba\u015f\u00e7\u0131s\u0131 eyni zamanda \u00f6lk\u0259nin b\u0259rpa olunan enerji sah\u0259sin\u0259 d\u0259 b\u00f6y\u00fck investisiyalar yat\u0131rd\u0131\u011f\u0131n\u0131, k\u00fcl\u0259k v\u0259 g\u00fcn\u0259\u015f enerjisi layih\u0259l\u0259rinin h\u0259yata ke\u00e7irildiyini bildirib.<\/p>\n<p>Avropa \u0130ttifaq\u0131 da \u00f6z n\u00f6vb\u0259sind\u0259 Az\u0259rbaycanla enerji \u0259m\u0259kda\u015fl\u0131\u011f\u0131n\u0131 prioritet hesab edir. Antonio Ko\u015fta Az\u0259rbaycan\u0131n Avropa \u00fc\u00e7\u00fcn \u0259sas t\u0259r\u0259fda\u015flardan biri oldu\u011funu vur\u011fulay\u0131b v\u0259 enerji, r\u0259q\u0259msal texnologiyalar v\u0259 n\u0259qliyyat sah\u0259l\u0259rind\u0259 \u0259m\u0259kda\u015fl\u0131\u011f\u0131n geni\u015fl\u0259ndirilm\u0259sinin vacibliyini qeyd edib.<\/p>\n<p>G\u00f6r\u00fc\u015fd\u0259 regional t\u0259hl\u00fck\u0259sizlik m\u0259s\u0259l\u0259l\u0259ri d\u0259 geni\u015f m\u00fczakir\u0259 olunub. X\u00fcsusil\u0259 son d\u00f6vrl\u0259rd\u0259 regionda ba\u015f ver\u0259n hadis\u0259l\u0259r, o c\u00fcml\u0259d\u0259n Yax\u0131n \u015e\u0259rqd\u0259 v\u0259 regionda artan g\u0259rginlik fonunda Az\u0259rbaycan v\u0259 Avropa \u0130ttifaq\u0131 aras\u0131nda \u0259m\u0259kda\u015fl\u0131\u011f\u0131n daha da g\u00fccl\u0259ndirilm\u0259sinin vacibliyi vur\u011fulan\u0131b. Avropa \u0130ttifaq\u0131 r\u0259hb\u0259rliyi Az\u0259rbaycan\u0131n regionda sabitliyin v\u0259 t\u0259hl\u00fck\u0259sizliyin t\u0259min olunmas\u0131nda m\u00fch\u00fcm rol oynad\u0131\u011f\u0131n\u0131 qeyd edib. H\u0259m\u00e7inin Avropa t\u0259r\u0259fi Az\u0259rbaycan xalq\u0131 il\u0259 h\u0259mr\u0259ylik n\u00fcmayi\u015f etdir\u0259r\u0259k Nax\u00e7\u0131vana qar\u015f\u0131 h\u0259yata ke\u00e7irilmi\u015f h\u00fccumla ba\u011fl\u0131 narahatl\u0131\u011f\u0131n\u0131 ifad\u0259 edib.<\/p>\n<p>Prezident c\u0259nab \u0130lham \u018fliyev b\u0259yanat\u0131nda regionda s\u00fclh\u00fcn v\u0259 sabitliyin t\u0259min olunmas\u0131n\u0131n Az\u0259rbaycan\u0131n \u0259sas prioritetl\u0259rind\u0259n biri oldu\u011funu vur\u011fulay\u0131b. D\u00f6vl\u0259t ba\u015f\u00e7\u0131s\u0131 qeyd edib ki, Az\u0259rbaycan regionda uzunm\u00fcdd\u0259tli s\u00fclh v\u0259 \u0259m\u0259kda\u015fl\u0131q m\u00fchitinin yarad\u0131lmas\u0131 istiqam\u0259tind\u0259 f\u0259al siyas\u0259t apar\u0131r. Avropa \u0130ttifaq\u0131 da bu proses\u0259 d\u0259st\u0259yini ifad\u0259 edib v\u0259 regionda davaml\u0131 s\u00fclh\u00fcn t\u0259min olunmas\u0131n\u0131n beyn\u0259lxalq \u0259m\u0259kda\u015fl\u0131q \u00fc\u00e7\u00fcn m\u00fch\u00fcm \u0259h\u0259miyy\u0259t da\u015f\u0131d\u0131\u011f\u0131n\u0131 bildirib. Bu bax\u0131mdan Avropa \u0130ttifaq\u0131 Az\u0259rbaycanla siyasi dialoqun daha da g\u00fccl\u0259ndirilm\u0259sind\u0259 maraql\u0131 oldu\u011funu a\u00e7\u0131qlay\u0131b.<\/p>\n<p>B\u0259yanatda n\u0259qliyyat v\u0259 logistika sah\u0259sind\u0259 \u0259m\u0259kda\u015fl\u0131q da x\u00fcsusi yer tutub. Az\u0259rbaycan Avropa il\u0259 Asiya aras\u0131nda strateji k\u00f6rp\u00fc rolunu oynay\u0131r v\u0259 \u00f6lk\u0259 \u0259razisind\u0259n ke\u00e7\u0259n beyn\u0259lxalq n\u0259qliyyat d\u0259hlizl\u0259ri qlobal ticar\u0259t \u00fc\u00e7\u00fcn m\u00fch\u00fcm \u0259h\u0259miyy\u0259t da\u015f\u0131y\u0131r.\u00a0 \u201cOrta D\u0259hliz\u201d layih\u0259si v\u0259 X\u0259z\u0259r d\u0259nizi vasit\u0259sil\u0259 Avropa il\u0259 Asiya aras\u0131nda \u0259laq\u0259l\u0259rin geni\u015fl\u0259ndirilm\u0259si istiqam\u0259tind\u0259 \u0259m\u0259kda\u015fl\u0131q imkanlar\u0131 m\u00fczakir\u0259 edilib. Bu layih\u0259l\u0259r Az\u0259rbaycan\u0131n beyn\u0259lxalq logistika m\u0259rk\u0259zin\u0259 \u00e7evrilm\u0259sin\u0259 m\u00fch\u00fcm t\u00f6hf\u0259 verir.<\/p>\n<p>M\u00f6ht\u0259r\u0259m Prezidentimiz\u00a0 \u0130lham \u018fliyev c\u0259nablar\u0131n\u0131n\u00a0 Antonio Ko\u015ftan\u0131n Az\u0259rbaycana s\u0259f\u0259ri zaman\u0131 verdiyi b\u0259yanat g\u00f6st\u0259rir ki, Az\u0259rbaycan il\u0259 Avropa \u0130ttifaq\u0131 aras\u0131nda m\u00fcnasib\u0259tl\u0259r strateji xarakter da\u015f\u0131y\u0131r v\u0259 bu \u0259m\u0259kda\u015fl\u0131q g\u0259l\u0259c\u0259kd\u0259 daha da d\u0259rinl\u0259\u015f\u0259c\u0259k. Enerji t\u0259hl\u00fck\u0259sizliyi, regional sabitlik, n\u0259qliyyat layih\u0259l\u0259ri v\u0259 iqtisadi \u0259m\u0259kda\u015fl\u0131q kimi sah\u0259l\u0259r iki t\u0259r\u0259f aras\u0131nda t\u0259r\u0259fda\u015fl\u0131\u011f\u0131n \u0259sas istiqam\u0259tl\u0259rini t\u0259\u015fkil edir.<\/p>\n<p>Bu s\u0259f\u0259r Az\u0259rbaycan\u2013Avropa \u0130ttifaq\u0131 m\u00fcnasib\u0259tl\u0259rind\u0259 yeni m\u0259rh\u0259l\u0259nin ba\u015flan\u011f\u0131c\u0131 kimi qiym\u0259tl\u0259ndiril\u0259 bil\u0259r. T\u0259r\u0259fl\u0259r qar\u015f\u0131l\u0131ql\u0131 etimad v\u0259 strateji maraqlar \u0259sas\u0131nda \u0259m\u0259kda\u015fl\u0131\u011f\u0131 geni\u015fl\u0259ndir\u0259r\u0259k h\u0259m regional, h\u0259m d\u0259 qlobal s\u0259viyy\u0259d\u0259 sabitlik v\u0259 inki\u015faf\u0131n t\u0259min olunmas\u0131na t\u00f6hf\u0259 verm\u0259y\u0259 haz\u0131r olduqlar\u0131n\u0131 bir daha n\u00fcmayi\u015f etdirdil\u0259r.<\/p>\n<p style=\"text-align: right;\"><em><strong>Eldar \u018fs\u0259dov,<\/strong><\/em><\/p>\n<p style=\"text-align: right;\"><em><strong>YAP T\u0259rt\u0259r rayon t\u0259\u015fkilat\u0131n\u0131n s\u0259dri<\/strong><\/em><\/p>\n<p style=\"text-align: right;\">\n","protected":false},"excerpt":{"rendered":"<p>2026-c\u0131 il mart\u0131n 11-d\u0259 Bak\u0131da Az\u0259rbaycan Respublikas\u0131n\u0131n Prezidenti \u0130lham \u018fliyev il\u0259 Avropa \u0130ttifaq\u0131 \u015euras\u0131n\u0131n Prezidenti Antonio Costa aras\u0131nda ke\u00e7iril\u0259n g\u00f6r\u00fc\u015f v\u0259 veril\u0259n b\u0259yanatlar Az\u0259rbaycan\u2013Avropa \u0130ttifaq\u0131 m\u00fcnasib\u0259tl\u0259rind\u0259 m\u00fch\u00fcm siyasi hadis\u0259 kimi qiym\u0259tl\u0259ndirilir. Bu s\u0259f\u0259r t\u0259r\u0259fl\u0259r aras\u0131nda strateji t\u0259r\u0259fda\u015fl\u0131\u011f\u0131n d\u0259rinl\u0259\u015fdirilm\u0259si, enerji, t\u0259hl\u00fck\u0259sizlik, n\u0259qliyyat v\u0259 regional \u0259m\u0259kda\u015fl\u0131q sah\u0259l\u0259rind\u0259 yeni perspektivl\u0259rin m\u00fc\u0259yy\u0259nl\u0259\u015fdirilm\u0259si bax\u0131m\u0131ndan x\u00fcsusi \u0259h\u0259miyy\u0259t k\u0259sb edir. M\u00f6ht\u0259r\u0259m Prezidentimiz\u00a0 [&hellip;]<\/p>\n","protected":false},"author":2,"featured_media":0,"comment_status":"closed","ping_status":"closed","sticky":false,"template":"","format":"standard","meta":[],"categories":[10],"tags":[],"_links":{"self":[{"href":"https:\/\/yeniterter.az\/index.php?rest_route=\/wp\/v2\/posts\/30981"}],"collection":[{"href":"https:\/\/yeniterter.az\/index.php?rest_route=\/wp\/v2\/posts"}],"about":[{"href":"https:\/\/yeniterter.az\/index.php?rest_route=\/wp\/v2\/types\/post"}],"author":[{"embeddable":true,"href":"https:\/\/yeniterter.az\/index.php?rest_route=\/wp\/v2\/users\/2"}],"replies":[{"embeddable":true,"href":"https:\/\/yeniterter.az\/index.php?rest_route=%2Fwp%2Fv2%2Fcomments&post=30981"}],"version-history":[{"count":1,"href":"https:\/\/yeniterter.az\/index.php?rest_route=\/wp\/v2\/posts\/30981\/revisions"}],"predecessor-version":[{"id":30983,"href":"https:\/\/yeniterter.az\/index.php?rest_route=\/wp\/v2\/posts\/30981\/revisions\/30983"}],"wp:attachment":[{"href":"https:\/\/yeniterter.az\/index.php?rest_route=%2Fwp%2Fv2%2Fmedia&parent=30981"}],"wp:term":[{"taxonomy":"category","embeddable":true,"href":"https:\/\/yeniterter.az\/index.php?rest_route=%2Fwp%2Fv2%2Fcategories&post=30981"},{"taxonomy":"post_tag","embeddable":true,"href":"https:\/\/yeniterter.az\/index.php?rest_route=%2Fwp%2Fv2%2Ftags&post=30981"}],"curies":[{"name":"wp","href":"https:\/\/api.w.org\/{rel}","templated":true}]}}