{"id":30968,"date":"2026-03-11T09:21:25","date_gmt":"2026-03-11T06:21:25","guid":{"rendered":"https:\/\/yeniterter.az\/?p=30968"},"modified":"2026-03-11T09:21:25","modified_gmt":"2026-03-11T06:21:25","slug":"t%c9%99rt%c9%99rin-qaradagli-k%c9%99ndind%c9%99-yel-c%c9%99rs%c9%99nb%c9%99si-t%c9%99nt%c9%99n%c9%99li-qeyd-edildi","status":"publish","type":"post","link":"https:\/\/yeniterter.az\/?p=30968","title":{"rendered":"T\u0259rt\u0259rin Qarada\u011fl\u0131 k\u0259ndind\u0259 Yel \u00c7\u0259r\u015f\u0259nb\u0259si t\u0259nt\u0259n\u0259li qeyd edildi"},"content":{"rendered":"<p><img decoding=\"async\" loading=\"lazy\" class=\"alignnone  wp-image-30969\" src=\"https:\/\/yeniterter.az\/wp-content\/uploads\/82ab15421bed3898193013cb45b5734e-300x201.jpg\" alt=\"\" width=\"218\" height=\"146\" srcset=\"https:\/\/yeniterter.az\/wp-content\/uploads\/82ab15421bed3898193013cb45b5734e-300x201.jpg 300w, https:\/\/yeniterter.az\/wp-content\/uploads\/82ab15421bed3898193013cb45b5734e.jpg 374w\" sizes=\"(max-width: 218px) 100vw, 218px\" \/> <img decoding=\"async\" loading=\"lazy\" class=\"alignnone  wp-image-30970\" src=\"https:\/\/yeniterter.az\/wp-content\/uploads\/88ac025be332bb756ea6f6789fc6b787-300x201.jpg\" alt=\"\" width=\"215\" height=\"144\" srcset=\"https:\/\/yeniterter.az\/wp-content\/uploads\/88ac025be332bb756ea6f6789fc6b787-300x201.jpg 300w, https:\/\/yeniterter.az\/wp-content\/uploads\/88ac025be332bb756ea6f6789fc6b787.jpg 374w\" sizes=\"(max-width: 215px) 100vw, 215px\" \/> <img decoding=\"async\" loading=\"lazy\" class=\"alignnone  wp-image-30971\" src=\"https:\/\/yeniterter.az\/wp-content\/uploads\/0ffa72daf9be103c721f19b63c1bb2a7-300x201.jpg\" alt=\"\" width=\"215\" height=\"144\" srcset=\"https:\/\/yeniterter.az\/wp-content\/uploads\/0ffa72daf9be103c721f19b63c1bb2a7-300x201.jpg 300w, https:\/\/yeniterter.az\/wp-content\/uploads\/0ffa72daf9be103c721f19b63c1bb2a7.jpg 374w\" sizes=\"(max-width: 215px) 100vw, 215px\" \/><\/p>\n<p>T\u0259rt\u0259r Rayon \u0130cra Hakimiyy\u0259tinin, Qaraba\u011f Regional M\u0259d\u0259niyy\u0259t \u0130dar\u0259sinin T\u0259rt\u0259r n\u00fcmay\u0259nd\u0259liyinin, Q\u0259rbi Az\u0259rbaycan \u0130cmas\u0131n\u0131n T\u0259rt\u0259r rayon n\u00fcmay\u0259nd\u0259liyinin v\u0259 Qarada\u011fl\u0131 b\u0259l\u0259diyy\u0259sinin birg\u0259 t\u0259\u015fkilat\u00e7\u0131l\u0131\u011f\u0131 il\u0259 Novruzun \u00fc\u00e7\u00fcnc\u00fc \u00e7\u0259r\u015f\u0259nb\u0259si-Yel \u00e7\u0259r\u015f\u0259nb\u0259si rayonun Qarada\u011fl\u0131 k\u0259ndind\u0259 b\u00f6y\u00fck co\u015fqu il\u0259 qeyd olunub.<\/p>\n<p>Bayram t\u0259dbirl\u0259ri \u00e7\u0259r\u00e7iv\u0259sind\u0259 T\u0259rt\u0259r Rayon \u0130cra Hakimiyy\u0259tinin ba\u015f\u00e7\u0131s\u0131 M\u00fcst\u0259qim M\u0259mm\u0259dov \u0259vv\u0259lc\u0259 T\u0259rt\u0259r \u015f\u0259h\u0259rinin M\u0259rk\u0259zi Meydan\u0131nda bayram tonqal\u0131n\u0131 alovland\u0131raraq sakinl\u0259ri t\u0259brik edib, onlara bahar sevincli g\u00fcnl\u0259r arzulay\u0131b. Daha sonra rayon r\u0259hb\u0259ri Qarada\u011fl\u0131 k\u0259ndin\u0259 ged\u0259r\u0259k buradak\u0131 \u015f\u0259nlikd\u0259 i\u015ftirak edib.<\/p>\n<p>T\u0259dbird\u0259 h\u00fcquq-m\u00fchafiz\u0259 orqanlar\u0131n\u0131n r\u0259hb\u0259rl\u0259ri, m\u0259hk\u0259m\u0259 s\u0259drl\u0259ri, YAP rayon t\u0259\u015fkilat\u0131n\u0131n s\u0259dri, m\u0259d\u0259niyy\u0259t i\u015f\u00e7il\u0259ri, k\u0259nd a\u011fsaqqallar\u0131 v\u0259 sakinl\u0259r i\u015ftirak edibl\u0259r.<\/p>\n<p>M\u0259rasim ba\u015flamazdan \u0259vv\u0259l r\u0259smi qonaqlar v\u0259 k\u0259nd sakinl\u0259ri \u015f\u0259hidl\u0259rin xatir\u0259sin\u0259 ucald\u0131lm\u0131\u015f abid\u0259ni ziyar\u0259t edib, q\u0259hr\u0259man \u00f6vladlar\u0131m\u0131z\u0131n \u0259ziz xatir\u0259sini ehtiramla yad ed\u0259r\u0259k abid\u0259 \u00f6n\u00fcn\u0259 g\u00fcl d\u0259st\u0259l\u0259ri qoyublar.<\/p>\n<p>M\u0259rasimin r\u0259smi hiss\u0259sind\u0259 apar\u0131c\u0131lar Yel \u00e7\u0259r\u015f\u0259nb\u0259sinin t\u0259bi\u0259tin oyan\u0131\u015f\u0131n\u0131n, yaz\u0131n n\u0259f\u0259sinin v\u0259 t\u0259z\u0259l\u0259nm\u0259nin r\u0259mzi oldu\u011funu vur\u011fulay\u0131blar. Qeyd olunub ki, xalq inanc\u0131na g\u00f6r\u0259, bu g\u00fcn\u00fcn k\u00fcl\u0259yi d\u00fcnyan\u0131 g\u0259zir, yatm\u0131\u015f t\u0259bi\u0259ti oyad\u0131r, q\u0131\u015f\u0131n soyu\u011funu bahar\u0131n il\u0131q havas\u0131 il\u0259 \u0259v\u0259z edir. Q\u0259dim Az\u0259rbaycan inanclar\u0131nda yel m\u00fcjd\u0259\u00e7i say\u0131l\u0131r v\u0259 bahar\u0131n g\u0259li\u015fini h\u0259r yer\u0259 \u00e7atd\u0131r\u0131r.<!--more--><\/p>\n<p>T\u0259rt\u0259r Rayon \u0130cra Hakimiyy\u0259tinin ba\u015f\u00e7\u0131s\u0131 M\u00fcst\u0259qim M\u0259mm\u0259dov sakinl\u0259ri Yel \u00e7\u0259r\u015f\u0259nb\u0259si m\u00fcnasib\u0259til\u0259 t\u0259brik ed\u0259r\u0259k h\u0259r k\u0259s\u0259 sa\u011flaml\u0131q, bol ruzi v\u0259 b\u0259r\u0259k\u0259t arzulay\u0131b. Rayon r\u0259hb\u0259ri \u00e7\u0131x\u0131\u015f\u0131nda x\u00fcsusi olaraq bildirib: \u201cBu il Bahar bayram\u0131 bizim \u00fc\u00e7\u00fcn ikiqat sevinclidir. \u00c7\u00fcnki Yel \u00e7\u0259r\u015f\u0259nb\u0259si il\u0259 m\u00fcq\u0259dd\u0259s Ramazan ay\u0131 eyni vaxta t\u0259sad\u00fcf edir. Bu g\u00f6z\u0259l t\u0259sad\u00fcf xalq\u0131m\u0131z\u0131n milli v\u0259 dini d\u0259y\u0259rl\u0259rinin v\u0259hd\u0259tini bir daha n\u00fcmayi\u015f etdirir. Arzu edir\u0259m ki, dualar\u0131m\u0131z\u0131n q\u0259bul olundu\u011fu bu g\u00fcnl\u0259rd\u0259 Yel \u00e7\u0259r\u015f\u0259nb\u0259sinin xo\u015f k\u00fcl\u0259yi ocaqlar\u0131n\u0131za bolluq, s\u00fcfr\u0259l\u0259riniz\u0259 h\u0259mi\u015f\u0259 b\u0259r\u0259k\u0259t g\u0259tirsin\u201d.<\/p>\n<p>Daha sonra alovland\u0131r\u0131lan bayram tonqal\u0131 h\u0259r yan\u0131 nura boyay\u0131b. Bayram\u0131n \u0259n maraql\u0131 m\u0259qamlar\u0131ndan biri d\u0259 milli geyimli atl\u0131lar\u0131n meydana daxil olmas\u0131 olub. Atl\u0131lar\u0131n n\u00fcmayi\u015fi t\u0259dbir\u0259 x\u00fcsusi r\u0259ng qat\u0131b, q\u0259dim d\u00f6y\u00fc\u015f\u00e7\u00fc ruhunu v\u0259 el ad\u0259tl\u0259rini yenid\u0259n canland\u0131r\u0131b. Qonaqlar sakinl\u0259rl\u0259 birlikd\u0259 ocaqda bi\u015f\u0259n k\u0259t\u0259nin, qovur\u011fan\u0131n dad\u0131na bax\u0131b, \u00e7\u0259r\u015f\u0259nb\u0259 \u015firniyyatlar\u0131ndan dad\u0131blar. Tonqal ba\u015f\u0131nda k\u0259ndin cavanlar\u0131 milli musiqinin s\u0259dalar\u0131 alt\u0131nda \u201cYall\u0131\u201d gedib, p\u0259hl\u0259vanlar \u00f6z g\u00fcc v\u0259 m\u0259har\u0259tl\u0259rini n\u00fcmayi\u015f etdiribl\u0259r. \u015eirin s\u00f6hb\u0259tl\u0259r edilib, q\u0259dim ad\u0259t-\u0259n\u0259n\u0259l\u0259r v\u0259 inanclar bir daha yada sal\u0131n\u0131b.<\/p>\n<p>T\u0259dbirin sonunda k\u0259nd a\u011fsaqqal\u0131 Rafiq Abbasov evind\u0259 ziyar\u0259t edil\u0259r\u0259k bayram\u0131 t\u0259brik olunub.<\/p>\n<p>\u018fziz xalq\u0131m\u0131z, Yel \u00e7\u0259r\u015f\u0259nb\u0259niz m\u00fcbar\u0259k! Qoy bahar\u0131n xo\u015f n\u0259f\u0259si evinizd\u0259n \u0259skik olmas\u0131n!<\/p>\n<p><img decoding=\"async\" loading=\"lazy\" class=\" wp-image-30973 alignnone\" src=\"https:\/\/yeniterter.az\/wp-content\/uploads\/9b38042c1ee6bb2aa2236be97b5aafed-300x201.jpg\" alt=\"\" width=\"234\" height=\"157\" srcset=\"https:\/\/yeniterter.az\/wp-content\/uploads\/9b38042c1ee6bb2aa2236be97b5aafed-300x201.jpg 300w, https:\/\/yeniterter.az\/wp-content\/uploads\/9b38042c1ee6bb2aa2236be97b5aafed.jpg 374w\" sizes=\"(max-width: 234px) 100vw, 234px\" \/> <img decoding=\"async\" loading=\"lazy\" class=\"alignnone  wp-image-30974\" src=\"https:\/\/yeniterter.az\/wp-content\/uploads\/c438b16240bf272252bc1c7922adc6cd-300x201.jpg\" alt=\"\" width=\"236\" height=\"158\" srcset=\"https:\/\/yeniterter.az\/wp-content\/uploads\/c438b16240bf272252bc1c7922adc6cd-300x201.jpg 300w, https:\/\/yeniterter.az\/wp-content\/uploads\/c438b16240bf272252bc1c7922adc6cd-1024x684.jpg 1024w, https:\/\/yeniterter.az\/wp-content\/uploads\/c438b16240bf272252bc1c7922adc6cd-768x513.jpg 768w, https:\/\/yeniterter.az\/wp-content\/uploads\/c438b16240bf272252bc1c7922adc6cd.jpg 1149w\" sizes=\"(max-width: 236px) 100vw, 236px\" \/><img decoding=\"async\" loading=\"lazy\" class=\"alignnone  wp-image-30972\" src=\"https:\/\/yeniterter.az\/wp-content\/uploads\/7ce94f7838226ec4e49d1af379a9808b-300x201.jpg\" alt=\"\" width=\"236\" height=\"158\" srcset=\"https:\/\/yeniterter.az\/wp-content\/uploads\/7ce94f7838226ec4e49d1af379a9808b-300x201.jpg 300w, https:\/\/yeniterter.az\/wp-content\/uploads\/7ce94f7838226ec4e49d1af379a9808b.jpg 374w\" sizes=\"(max-width: 236px) 100vw, 236px\" \/><\/p>\n<p>&nbsp;<\/p>\n","protected":false},"excerpt":{"rendered":"<p>T\u0259rt\u0259r Rayon \u0130cra Hakimiyy\u0259tinin, Qaraba\u011f Regional M\u0259d\u0259niyy\u0259t \u0130dar\u0259sinin T\u0259rt\u0259r n\u00fcmay\u0259nd\u0259liyinin, Q\u0259rbi Az\u0259rbaycan \u0130cmas\u0131n\u0131n T\u0259rt\u0259r rayon n\u00fcmay\u0259nd\u0259liyinin v\u0259 Qarada\u011fl\u0131 b\u0259l\u0259diyy\u0259sinin birg\u0259 t\u0259\u015fkilat\u00e7\u0131l\u0131\u011f\u0131 il\u0259 Novruzun \u00fc\u00e7\u00fcnc\u00fc \u00e7\u0259r\u015f\u0259nb\u0259si-Yel \u00e7\u0259r\u015f\u0259nb\u0259si rayonun Qarada\u011fl\u0131 k\u0259ndind\u0259 b\u00f6y\u00fck co\u015fqu il\u0259 qeyd olunub. Bayram t\u0259dbirl\u0259ri \u00e7\u0259r\u00e7iv\u0259sind\u0259 T\u0259rt\u0259r Rayon \u0130cra Hakimiyy\u0259tinin ba\u015f\u00e7\u0131s\u0131 M\u00fcst\u0259qim M\u0259mm\u0259dov \u0259vv\u0259lc\u0259 T\u0259rt\u0259r \u015f\u0259h\u0259rinin M\u0259rk\u0259zi Meydan\u0131nda bayram tonqal\u0131n\u0131 alovland\u0131raraq sakinl\u0259ri t\u0259brik edib, [&hellip;]<\/p>\n","protected":false},"author":2,"featured_media":0,"comment_status":"closed","ping_status":"closed","sticky":false,"template":"","format":"standard","meta":[],"categories":[30],"tags":[],"_links":{"self":[{"href":"https:\/\/yeniterter.az\/index.php?rest_route=\/wp\/v2\/posts\/30968"}],"collection":[{"href":"https:\/\/yeniterter.az\/index.php?rest_route=\/wp\/v2\/posts"}],"about":[{"href":"https:\/\/yeniterter.az\/index.php?rest_route=\/wp\/v2\/types\/post"}],"author":[{"embeddable":true,"href":"https:\/\/yeniterter.az\/index.php?rest_route=\/wp\/v2\/users\/2"}],"replies":[{"embeddable":true,"href":"https:\/\/yeniterter.az\/index.php?rest_route=%2Fwp%2Fv2%2Fcomments&post=30968"}],"version-history":[{"count":1,"href":"https:\/\/yeniterter.az\/index.php?rest_route=\/wp\/v2\/posts\/30968\/revisions"}],"predecessor-version":[{"id":30975,"href":"https:\/\/yeniterter.az\/index.php?rest_route=\/wp\/v2\/posts\/30968\/revisions\/30975"}],"wp:attachment":[{"href":"https:\/\/yeniterter.az\/index.php?rest_route=%2Fwp%2Fv2%2Fmedia&parent=30968"}],"wp:term":[{"taxonomy":"category","embeddable":true,"href":"https:\/\/yeniterter.az\/index.php?rest_route=%2Fwp%2Fv2%2Fcategories&post=30968"},{"taxonomy":"post_tag","embeddable":true,"href":"https:\/\/yeniterter.az\/index.php?rest_route=%2Fwp%2Fv2%2Ftags&post=30968"}],"curies":[{"name":"wp","href":"https:\/\/api.w.org\/{rel}","templated":true}]}}