{"id":30963,"date":"2026-03-11T09:15:56","date_gmt":"2026-03-11T06:15:56","guid":{"rendered":"https:\/\/yeniterter.az\/?p=30963"},"modified":"2026-03-11T09:15:57","modified_gmt":"2026-03-11T06:15:57","slug":"bamf-da-beyn%c9%99lxalq-qadinlar-gunu-qeyd-olunub","status":"publish","type":"post","link":"https:\/\/yeniterter.az\/?p=30963","title":{"rendered":"BAMF-da Beyn\u0259lxalq Qad\u0131nlar G\u00fcn\u00fc qeyd olunub"},"content":{"rendered":"<p><img decoding=\"async\" loading=\"lazy\" class=\" wp-image-30964 alignnone\" src=\"https:\/\/yeniterter.az\/wp-content\/uploads\/f1cddb43557cc5dd879572c3318cc972-300x225.jpg\" alt=\"\" width=\"229\" height=\"172\" srcset=\"https:\/\/yeniterter.az\/wp-content\/uploads\/f1cddb43557cc5dd879572c3318cc972-300x225.jpg 300w, https:\/\/yeniterter.az\/wp-content\/uploads\/f1cddb43557cc5dd879572c3318cc972-1024x768.jpg 1024w, https:\/\/yeniterter.az\/wp-content\/uploads\/f1cddb43557cc5dd879572c3318cc972-768x576.jpg 768w, https:\/\/yeniterter.az\/wp-content\/uploads\/f1cddb43557cc5dd879572c3318cc972-1536x1152.jpg 1536w, https:\/\/yeniterter.az\/wp-content\/uploads\/f1cddb43557cc5dd879572c3318cc972.jpg 1600w\" sizes=\"(max-width: 229px) 100vw, 229px\" \/><img decoding=\"async\" loading=\"lazy\" class=\"alignnone  wp-image-30965\" src=\"https:\/\/yeniterter.az\/wp-content\/uploads\/0391d57f6b645c5774087869a84eca91-300x225.jpg\" alt=\"\" width=\"226\" height=\"170\" srcset=\"https:\/\/yeniterter.az\/wp-content\/uploads\/0391d57f6b645c5774087869a84eca91-300x225.jpg 300w, https:\/\/yeniterter.az\/wp-content\/uploads\/0391d57f6b645c5774087869a84eca91.jpg 333w\" sizes=\"(max-width: 226px) 100vw, 226px\" \/> <img decoding=\"async\" loading=\"lazy\" class=\"alignnone  wp-image-30966\" src=\"https:\/\/yeniterter.az\/wp-content\/uploads\/8d27609f1e5eaf9e82f90a4c9a31e9a6-300x225.jpg\" alt=\"\" width=\"216\" height=\"162\" srcset=\"https:\/\/yeniterter.az\/wp-content\/uploads\/8d27609f1e5eaf9e82f90a4c9a31e9a6-300x225.jpg 300w, https:\/\/yeniterter.az\/wp-content\/uploads\/8d27609f1e5eaf9e82f90a4c9a31e9a6.jpg 333w\" sizes=\"(max-width: 216px) 100vw, 216px\" \/><\/p>\n<p>8 mart Beyn\u0259lxalq Qad\u0131nlar G\u00fcn\u00fc m\u00fcnasib\u0259til\u0259 Beyn\u0259lxalq Avrasiya M\u0259tbuat Fondunun qad\u0131n minaaxtaranlar\u0131n\u0131n, regional ofisinin qad\u0131n \u0259m\u0259kda\u015flar\u0131n\u0131n, BAMF-\u0131n prezidenti Umud Mirz\u0259yevin v\u0259 T\u0259rt\u0259r Rayon \u0130cra Hakimiyy\u0259tinin ba\u015f\u00e7\u0131s\u0131 M\u00fcst\u0259qim M\u0259mm\u0259dov i\u015ftirak\u0131 il\u0259 t\u0259dbir ke\u00e7irilib.<\/p>\n<p>EDnews x\u0259b\u0259r verir ki, a\u00e7\u0131l\u0131\u015f nitqi il\u0259 \u00e7\u0131x\u0131\u015f ed\u0259n BAMF-\u0131n prezidenti Umud Mirz\u0259yev qad\u0131n minaaxtaranlar komandas\u0131n\u0131n f\u0259aliyy\u0259tind\u0259n v\u0259 u\u011furlu n\u0259tic\u0259l\u0259rind\u0259n dan\u0131\u015f\u0131b:<\/p>\n<p>\u201c2023-c\u00fc ilin iyun ay\u0131nda yarad\u0131lan BAMF-\u0131n qad\u0131n minaaxtaranlar komandas\u0131 haz\u0131rda Az\u0259rbaycan Respublikas\u0131 Minat\u0259mizm\u0259l\u0259 Agentliyinin (ANAMA) d\u0259st\u0259yi il\u0259 \u00f6z i\u015fin\u0259 davam edir. Komanda bu g\u00fcn\u0259 q\u0259d\u0259r 700 hektara yax\u0131n \u0259razini mina v\u0259 partlay\u0131c\u0131 sursatlardan t\u0259mizl\u0259mi\u015f, 96 \u0259d\u0259d piada \u0259leyhin\u0259 mina, 261 \u0259d\u0259d tank \u0259leyhin\u0259 mina v\u0259 383 \u0259d\u0259d is\u0259 partlamam\u0131\u015f h\u0259rbi sursat a\u015fkarlan\u0131b. Bu \u00e7ox ciddi statistikad\u0131r v\u0259 b\u00f6y\u00fck u\u011furdur. Bu g\u00fcn komandam\u0131z ki\u015fi minaaxtaranlar\u0131m\u0131zla birlikd\u0259 \u00e7iyin-\u00e7iyin bu \u015f\u0259r\u0259fli missiyan\u0131 davam etdirm\u0259kd\u0259dir.\u201d \u2013 dey\u0259 Umud Mirz\u0259yev bildirib.<!--more--><\/p>\n<p>BAMF-\u0131n b\u00fct\u00fcn qad\u0131n \u0259m\u0259kda\u015flar\u0131n\u0131 t\u0259brik ed\u0259n Umud Mirz\u0259yev ANAMA-n\u0131n \u0130dar\u0259 Hey\u0259tinin s\u0259dri V\u00fcqar S\u00fcleymanovun da t\u0259brikl\u0259rini \u00e7atd\u0131r\u0131b. Qeyd edib ki, qad\u0131n minaaxtaranlar\u0131n f\u0259aliyy\u0259ti daim ANAMA-n\u0131n x\u00fcsusi diqq\u0259tind\u0259 olan m\u0259s\u0259l\u0259l\u0259rd\u0259n biridir v\u0259 onlar\u0131n u\u011furlar\u0131 \u00f6lk\u0259d\u0259 apar\u0131lan minat\u0259mizl\u0259m\u0259 f\u0259aliyy\u0259tind\u0259 \u00f6z\u00fcn\u0259m\u0259xsus yer\u0259 sahibdir.<\/p>\n<p>T\u0259rt\u0259r Rayon \u0130cra Hakimiyy\u0259tinin ba\u015f\u00e7\u0131s\u0131 M\u00fcst\u0259qim M\u0259mm\u0259dov da BAMF-\u0131n qad\u0131n \u0259m\u0259kda\u015flar\u0131n\u0131 t\u0259brik edib v\u0259 \u00fcr\u0259k s\u00f6zl\u0259rini b\u00f6l\u00fc\u015f\u00fcb:<\/p>\n<p>\u201cAz\u0259rbaycan qad\u0131n\u0131 ist\u0259r Birinci Qaraba\u011f m\u00fcharib\u0259sind\u0259, ist\u0259rs\u0259 d\u0259 \u0130kinci Qaraba\u011f m\u00fcharib\u0259sind\u0259 \u00f6z q\u0259hr\u0259manl\u0131\u011f\u0131 il\u0259 se\u00e7ilib. Bu g\u00fcn d\u0259 qad\u0131n minaaxtaranlar\u0131n minat\u0259mizl\u0259m\u0259 kimi \u00e7\u0259tin v\u0259 \u015f\u0259r\u0259fli i\u015fin \u00f6hd\u0259sind\u0259n layiqinc\u0259 g\u0259lm\u0259si bizl\u0259ri q\u00fcrurland\u0131r\u0131r. Biz \u0130cra Hakimiyy\u0259ti olaraq onlar\u0131n f\u0259aliyy\u0259tini yax\u0131ndan izl\u0259yir v\u0259 u\u011furlar\u0131na sevinirik.\u201d<\/p>\n<p>Sonda V\u0259t\u0259n m\u00fcharib\u0259si \u015f\u0259hidi X\u0259yal Aslanovun BAMF-da \u00e7al\u0131\u015fan anas\u0131 N\u0259zak\u0259t Aslanova \u00e7\u0131x\u0131\u015f edib v\u0259 g\u00f6st\u0259ril\u0259n diqq\u0259t\u0259 g\u00f6r\u0259 ANAMA v\u0259 BAMF r\u0259hb\u0259rliyin\u0259 v\u0259 Rayon \u0130cra Hakimiyy\u0259tin\u0259 kollektiv ad\u0131ndan t\u0259\u015f\u0259kk\u00fcr edib.<\/p>\n<p>&nbsp;<\/p>\n","protected":false},"excerpt":{"rendered":"<p>8 mart Beyn\u0259lxalq Qad\u0131nlar G\u00fcn\u00fc m\u00fcnasib\u0259til\u0259 Beyn\u0259lxalq Avrasiya M\u0259tbuat Fondunun qad\u0131n minaaxtaranlar\u0131n\u0131n, regional ofisinin qad\u0131n \u0259m\u0259kda\u015flar\u0131n\u0131n, BAMF-\u0131n prezidenti Umud Mirz\u0259yevin v\u0259 T\u0259rt\u0259r Rayon \u0130cra Hakimiyy\u0259tinin ba\u015f\u00e7\u0131s\u0131 M\u00fcst\u0259qim M\u0259mm\u0259dov i\u015ftirak\u0131 il\u0259 t\u0259dbir ke\u00e7irilib. EDnews x\u0259b\u0259r verir ki, a\u00e7\u0131l\u0131\u015f nitqi il\u0259 \u00e7\u0131x\u0131\u015f ed\u0259n BAMF-\u0131n prezidenti Umud Mirz\u0259yev qad\u0131n minaaxtaranlar komandas\u0131n\u0131n f\u0259aliyy\u0259tind\u0259n v\u0259 u\u011furlu n\u0259tic\u0259l\u0259rind\u0259n dan\u0131\u015f\u0131b: \u201c2023-c\u00fc ilin [&hellip;]<\/p>\n","protected":false},"author":2,"featured_media":0,"comment_status":"closed","ping_status":"closed","sticky":false,"template":"","format":"standard","meta":[],"categories":[30],"tags":[],"_links":{"self":[{"href":"https:\/\/yeniterter.az\/index.php?rest_route=\/wp\/v2\/posts\/30963"}],"collection":[{"href":"https:\/\/yeniterter.az\/index.php?rest_route=\/wp\/v2\/posts"}],"about":[{"href":"https:\/\/yeniterter.az\/index.php?rest_route=\/wp\/v2\/types\/post"}],"author":[{"embeddable":true,"href":"https:\/\/yeniterter.az\/index.php?rest_route=\/wp\/v2\/users\/2"}],"replies":[{"embeddable":true,"href":"https:\/\/yeniterter.az\/index.php?rest_route=%2Fwp%2Fv2%2Fcomments&post=30963"}],"version-history":[{"count":1,"href":"https:\/\/yeniterter.az\/index.php?rest_route=\/wp\/v2\/posts\/30963\/revisions"}],"predecessor-version":[{"id":30967,"href":"https:\/\/yeniterter.az\/index.php?rest_route=\/wp\/v2\/posts\/30963\/revisions\/30967"}],"wp:attachment":[{"href":"https:\/\/yeniterter.az\/index.php?rest_route=%2Fwp%2Fv2%2Fmedia&parent=30963"}],"wp:term":[{"taxonomy":"category","embeddable":true,"href":"https:\/\/yeniterter.az\/index.php?rest_route=%2Fwp%2Fv2%2Fcategories&post=30963"},{"taxonomy":"post_tag","embeddable":true,"href":"https:\/\/yeniterter.az\/index.php?rest_route=%2Fwp%2Fv2%2Ftags&post=30963"}],"curies":[{"name":"wp","href":"https:\/\/api.w.org\/{rel}","templated":true}]}}