{"id":30957,"date":"2026-03-11T09:07:32","date_gmt":"2026-03-11T06:07:32","guid":{"rendered":"https:\/\/yeniterter.az\/?p=30957"},"modified":"2026-03-11T09:07:32","modified_gmt":"2026-03-11T06:07:32","slug":"t%c9%99rt%c9%99rd%c9%99-8-mart-beyn%c9%99lxalq-qadinlar-gunu-munasib%c9%99til%c9%99-t%c9%99dbir-kecirilib","status":"publish","type":"post","link":"https:\/\/yeniterter.az\/?p=30957","title":{"rendered":"T\u0259rt\u0259rd\u0259 8 Mart Beyn\u0259lxalq Qad\u0131nlar G\u00fcn\u00fc m\u00fcnasib\u0259til\u0259 t\u0259dbir ke\u00e7irilib"},"content":{"rendered":"<p><img decoding=\"async\" loading=\"lazy\" class=\"size-medium wp-image-30958 alignleft\" src=\"https:\/\/yeniterter.az\/wp-content\/uploads\/ac0b33592c0eacec117dc2e7a943b276-300x201.jpg\" alt=\"\" width=\"300\" height=\"201\" srcset=\"https:\/\/yeniterter.az\/wp-content\/uploads\/ac0b33592c0eacec117dc2e7a943b276-300x201.jpg 300w, https:\/\/yeniterter.az\/wp-content\/uploads\/ac0b33592c0eacec117dc2e7a943b276-1024x684.jpg 1024w, https:\/\/yeniterter.az\/wp-content\/uploads\/ac0b33592c0eacec117dc2e7a943b276-768x513.jpg 768w, https:\/\/yeniterter.az\/wp-content\/uploads\/ac0b33592c0eacec117dc2e7a943b276.jpg 1149w\" sizes=\"(max-width: 300px) 100vw, 300px\" \/>T\u0259rt\u0259r Rayon \u0130cra Hakimiyy\u0259tinin v\u0259 YAP T\u0259rt\u0259r rayon t\u0259\u015fkilat\u0131n\u0131n birg\u0259 t\u0259\u015fkilat\u00e7\u0131l\u0131\u011f\u0131 il\u0259 \u201cT\u0259rt\u0259r \u0130stirah\u0259t M\u0259rk\u0259zi\u201dnd\u0259 8 Mart \u2013 Beyn\u0259lxalq Qad\u0131nlar G\u00fcn\u00fc m\u00fcnasib\u0259til\u0259 t\u0259dbir ke\u00e7irilib. Bayram\u0131n m\u00fcq\u0259dd\u0259s Ramazan ay\u0131na t\u0259sad\u00fcf etm\u0259si m\u00fcnasib\u0259til\u0259 t\u0259dbir iftar s\u00fcfr\u0259si \u0259traf\u0131nda t\u0259\u015fkil olunub.<\/p>\n<p>T\u0259dbird\u0259 T\u0259rt\u0259r Rayon \u0130cra Hakimiyy\u0259tinin ba\u015f\u00e7\u0131s\u0131 M\u00fcst\u0259qim M\u0259mm\u0259dov, h\u00fcquq-m\u00fchafiz\u0259 orqanlar\u0131n\u0131n r\u0259hb\u0259rl\u0259ri, m\u0259hk\u0259m\u0259 s\u0259drl\u0259ri, YAP rayon t\u0259\u015fkilat\u0131n\u0131n s\u0259dri, \u015f\u0259hid analar\u0131, \u015f\u0259hidl\u0259rin h\u0259yat yolda\u015flar\u0131 v\u0259 rayonun ictimai-siyasi h\u0259yat\u0131nda f\u0259rql\u0259n\u0259n qad\u0131nlar i\u015ftirak edibl\u0259r.<\/p>\n<p>Rayon \u0130cra Hakimiyy\u0259tinin ba\u015f\u00e7\u0131s\u0131 M\u00fcst\u0259qim M\u0259mm\u0259dov \u00e7\u0131x\u0131\u015f ed\u0259r\u0259k, ilk n\u00f6vb\u0259d\u0259 \u015f\u0259hid analar\u0131n\u0131 v\u0259 b\u00fct\u00fcn t\u0259rt\u0259rli qad\u0131nlar\u0131 bayram m\u00fcnasib\u0259til\u0259 \u00fcr\u0259kd\u0259n t\u0259brik edib, onlara m\u00f6hk\u0259m cansa\u011fl\u0131\u011f\u0131 v\u0259 ail\u0259 s\u0259ad\u0259ti arzulay\u0131b. O, bu ilin 8 Mart bayram\u0131n\u0131n m\u00fcq\u0259dd\u0259s Ramazan ay\u0131 il\u0259 \u00fcst-\u00fcst\u0259 d\u00fc\u015fm\u0259sinin t\u0259dbir\u0259 x\u00fcsusi m\u0259n\u0259vi d\u0259rinlik qatd\u0131\u011f\u0131n\u0131 vur\u011fulay\u0131b v\u0259 tutulan oruclar\u0131n Allah t\u0259r\u0259find\u0259n q\u0259bul olunmas\u0131n\u0131 dil\u0259yib.<!--more--><\/p>\n<p>\u00c7\u0131x\u0131\u015fda qad\u0131n\u0131n m\u00fcq\u0259dd\u0259slik, z\u0259riflik v\u0259 f\u0259dakarl\u0131q r\u0259mzi oldu\u011fu x\u00fcsusi qeyd edilib. \u00dcmummilli Lider Heyd\u0259r \u018fliyevin Az\u0259rbaycan qad\u0131n\u0131 haqq\u0131nda s\u00f6yl\u0259diyi uca fikirl\u0259ri xat\u0131rladan rayon r\u0259hb\u0259ri, T\u0259rt\u0259r qad\u0131nlar\u0131n\u0131n h\u0259mi\u015f\u0259 z\u0259hm\u0259tsev\u0259rliyi v\u0259 v\u0259t\u0259n sevgisi il\u0259 se\u00e7ildiyini ifad\u0259 edib. V\u0259t\u0259n m\u00fcharib\u0259si ill\u0259rind\u0259 rayon qad\u0131nlar\u0131n\u0131n n\u00fcmayi\u015f etdirdiyi y\u00fcks\u0259k m\u0259n\u0259viyyat, m\u00f6hk\u0259m irad\u0259, habel\u0259 g\u0259nc n\u0259slin v\u0259t\u0259np\u0259rv\u0259r ruhda yeti\u015fdirilm\u0259sind\u0259ki misilsiz rolu x\u00fcsusi minn\u0259tdarl\u0131qla qiym\u0259tl\u0259ndirilib. M\u00fcst\u0259qim M\u0259mm\u0259dov qad\u0131nlar\u0131n rayonun ictimai-siyasi v\u0259 i\u015f d\u00fcnyas\u0131ndak\u0131 u\u011furlu f\u0259aliyy\u0259tind\u0259n q\u00fcrurla s\u00f6hb\u0259t a\u00e7\u0131b. O h\u0259m\u00e7inin vur\u011fulay\u0131b ki, Prezident \u0130lham \u018fliyevin m\u00fcdrik r\u0259hb\u0259rliyi il\u0259 h\u0259yata ke\u00e7iril\u0259n d\u00f6vl\u0259t siyas\u0259ti \u00e7\u0259r\u00e7iv\u0259sind\u0259 qad\u0131nlar\u0131n sosial rifah\u0131n\u0131n y\u00fcks\u0259ldilm\u0259si v\u0259 idar\u0259etm\u0259d\u0259 i\u015ftirak\u0131n\u0131n geni\u015fl\u0259ndirilm\u0259si daim diqq\u0259t m\u0259rk\u0259zind\u0259dir.<\/p>\n<p>\u00c7\u0131x\u0131\u015f\u0131n\u0131n sonunda rayon r\u0259hb\u0259ri V\u0259t\u0259n M\u00fcharib\u0259si \u015f\u0259hidi Ba\u011f\u0131rl\u0131 Mirs\u0259di Mirc\u0259f\u0259r o\u011flunun anas\u0131 S\u0259ad\u0259t Ba\u011f\u0131rovan\u0131 ad g\u00fcn\u00fc m\u00fcnasib\u0259ti il\u0259 t\u0259brik edib.<\/p>\n<p>Sonra t\u0259dbir rayon M\u0259d\u0259niyy\u0259t M\u0259rk\u0259zinin haz\u0131rlad\u0131\u011f\u0131 konsert proqram\u0131 il\u0259 davam edib.<\/p>\n<p>T\u0259dbir i\u015ftirak\u00e7\u0131lar\u0131 \u015f\u0259hid ail\u0259l\u0259rin\u0259, el\u0259c\u0259 d\u0259 qad\u0131nlara g\u00f6st\u0259ril\u0259n diqq\u0259t v\u0259 qay\u011f\u0131ya g\u00f6r\u0259 Az\u0259rbaycan Respublikas\u0131n\u0131n Prezidenti c\u0259nab \u0130lham \u018fliyev\u0259 v\u0259 Birinci vitse-prezident Mehriban xan\u0131m \u018fliyevaya minn\u0259tdarl\u0131qlar\u0131n\u0131 bildiribl\u0259r.<\/p>\n<p>T\u0259dbirin yekununda T\u0259rt\u0259r Rayon \u0130cra Hakimiyy\u0259ti v\u0259 YAP rayon t\u0259\u015fkilat\u0131 t\u0259r\u0259find\u0259n \u015f\u0259hid analar\u0131 v\u0259 \u015f\u0259hid h\u0259yat yolda\u015flar\u0131na h\u0259diyy\u0259l\u0259r, rayonun ictimai-siyasi h\u0259yat\u0131nda f\u0259rql\u0259n\u0259n qad\u0131nlara is\u0259 F\u0259xri F\u0259rmanlar t\u0259qdim edilib.<\/p>\n<p><img decoding=\"async\" loading=\"lazy\" class=\"alignnone  wp-image-30959\" src=\"https:\/\/yeniterter.az\/wp-content\/uploads\/22c81d77e492442dbff966b99fa7173f-300x201.jpg\" alt=\"\" width=\"240\" height=\"161\" srcset=\"https:\/\/yeniterter.az\/wp-content\/uploads\/22c81d77e492442dbff966b99fa7173f-300x201.jpg 300w, https:\/\/yeniterter.az\/wp-content\/uploads\/22c81d77e492442dbff966b99fa7173f.jpg 374w\" sizes=\"(max-width: 240px) 100vw, 240px\" \/> <img decoding=\"async\" loading=\"lazy\" class=\"alignnone  wp-image-30960\" src=\"https:\/\/yeniterter.az\/wp-content\/uploads\/1cd20e2c9094078f970b9af2cc84b7c6-300x201.jpg\" alt=\"\" width=\"245\" height=\"164\" srcset=\"https:\/\/yeniterter.az\/wp-content\/uploads\/1cd20e2c9094078f970b9af2cc84b7c6-300x201.jpg 300w, https:\/\/yeniterter.az\/wp-content\/uploads\/1cd20e2c9094078f970b9af2cc84b7c6.jpg 374w\" sizes=\"(max-width: 245px) 100vw, 245px\" \/> <img decoding=\"async\" loading=\"lazy\" class=\"alignnone  wp-image-30961\" src=\"https:\/\/yeniterter.az\/wp-content\/uploads\/5ae2220e545f8a7860b4d2e5930aac28-300x201.jpg\" alt=\"\" width=\"239\" height=\"160\" srcset=\"https:\/\/yeniterter.az\/wp-content\/uploads\/5ae2220e545f8a7860b4d2e5930aac28-300x201.jpg 300w, https:\/\/yeniterter.az\/wp-content\/uploads\/5ae2220e545f8a7860b4d2e5930aac28.jpg 374w\" sizes=\"(max-width: 239px) 100vw, 239px\" \/><\/p>\n","protected":false},"excerpt":{"rendered":"<p>T\u0259rt\u0259r Rayon \u0130cra Hakimiyy\u0259tinin v\u0259 YAP T\u0259rt\u0259r rayon t\u0259\u015fkilat\u0131n\u0131n birg\u0259 t\u0259\u015fkilat\u00e7\u0131l\u0131\u011f\u0131 il\u0259 \u201cT\u0259rt\u0259r \u0130stirah\u0259t M\u0259rk\u0259zi\u201dnd\u0259 8 Mart \u2013 Beyn\u0259lxalq Qad\u0131nlar G\u00fcn\u00fc m\u00fcnasib\u0259til\u0259 t\u0259dbir ke\u00e7irilib. Bayram\u0131n m\u00fcq\u0259dd\u0259s Ramazan ay\u0131na t\u0259sad\u00fcf etm\u0259si m\u00fcnasib\u0259til\u0259 t\u0259dbir iftar s\u00fcfr\u0259si \u0259traf\u0131nda t\u0259\u015fkil olunub. T\u0259dbird\u0259 T\u0259rt\u0259r Rayon \u0130cra Hakimiyy\u0259tinin ba\u015f\u00e7\u0131s\u0131 M\u00fcst\u0259qim M\u0259mm\u0259dov, h\u00fcquq-m\u00fchafiz\u0259 orqanlar\u0131n\u0131n r\u0259hb\u0259rl\u0259ri, m\u0259hk\u0259m\u0259 s\u0259drl\u0259ri, YAP rayon t\u0259\u015fkilat\u0131n\u0131n s\u0259dri, \u015f\u0259hid [&hellip;]<\/p>\n","protected":false},"author":2,"featured_media":0,"comment_status":"closed","ping_status":"closed","sticky":false,"template":"","format":"standard","meta":[],"categories":[30],"tags":[],"_links":{"self":[{"href":"https:\/\/yeniterter.az\/index.php?rest_route=\/wp\/v2\/posts\/30957"}],"collection":[{"href":"https:\/\/yeniterter.az\/index.php?rest_route=\/wp\/v2\/posts"}],"about":[{"href":"https:\/\/yeniterter.az\/index.php?rest_route=\/wp\/v2\/types\/post"}],"author":[{"embeddable":true,"href":"https:\/\/yeniterter.az\/index.php?rest_route=\/wp\/v2\/users\/2"}],"replies":[{"embeddable":true,"href":"https:\/\/yeniterter.az\/index.php?rest_route=%2Fwp%2Fv2%2Fcomments&post=30957"}],"version-history":[{"count":1,"href":"https:\/\/yeniterter.az\/index.php?rest_route=\/wp\/v2\/posts\/30957\/revisions"}],"predecessor-version":[{"id":30962,"href":"https:\/\/yeniterter.az\/index.php?rest_route=\/wp\/v2\/posts\/30957\/revisions\/30962"}],"wp:attachment":[{"href":"https:\/\/yeniterter.az\/index.php?rest_route=%2Fwp%2Fv2%2Fmedia&parent=30957"}],"wp:term":[{"taxonomy":"category","embeddable":true,"href":"https:\/\/yeniterter.az\/index.php?rest_route=%2Fwp%2Fv2%2Fcategories&post=30957"},{"taxonomy":"post_tag","embeddable":true,"href":"https:\/\/yeniterter.az\/index.php?rest_route=%2Fwp%2Fv2%2Ftags&post=30957"}],"curies":[{"name":"wp","href":"https:\/\/api.w.org\/{rel}","templated":true}]}}