{"id":30717,"date":"2026-01-21T09:28:45","date_gmt":"2026-01-21T06:28:45","guid":{"rendered":"https:\/\/yeniterter.az\/?p=30717"},"modified":"2026-01-22T09:08:30","modified_gmt":"2026-01-22T06:08:30","slug":"t%c9%99rt%c9%99rd%c9%99-20-yanvar-s%c9%99hidl%c9%99rinin-xatir%c9%99si-bir-d%c9%99qiq%c9%99lik-sukutla-yad-edilib","status":"publish","type":"post","link":"https:\/\/yeniterter.az\/?p=30717","title":{"rendered":"T\u0259rt\u0259rd\u0259 20 Yanvar \u015f\u0259hidl\u0259rinin xatir\u0259si bir d\u0259qiq\u0259lik s\u00fckutla yad edilib"},"content":{"rendered":"<p>&nbsp;<\/p>\n<p>Yanvar\u0131n 20-d\u0259 saat 12:00-da Az\u0259rbaycan\u0131n b\u00fct\u00fcn \u0259razisind\u0259 oldu\u011fu kimi T\u0259rt\u0259r rayonunda da 20 Yanvar \u015f\u0259hidl\u0259rinin xatir\u0259si bir d\u0259qiq\u0259lik s\u00fckutla yad olunub.<\/p>\n<p>N\u0259qliyyat\u0131n h\u0259r\u0259k\u0259ti dayand\u0131r\u0131l\u0131b, avtomobill\u0259rd\u0259n siqnallar verilib, rayon \u0259razisind\u0259 h\u00fczn \u0259lam\u0259ti olaraq Az\u0259rbaycan Respublikas\u0131n\u0131n D\u00f6vl\u0259t Bayra\u011f\u0131 endirilib.<\/p>\n<p><img decoding=\"async\" loading=\"lazy\" class=\"alignnone  wp-image-30729\" src=\"https:\/\/yeniterter.az\/wp-content\/uploads\/478-1-300x201.jpg\" alt=\"\" width=\"196\" height=\"131\" srcset=\"https:\/\/yeniterter.az\/wp-content\/uploads\/478-1-300x201.jpg 300w, https:\/\/yeniterter.az\/wp-content\/uploads\/478-1.jpg 374w\" sizes=\"(max-width: 196px) 100vw, 196px\" \/> <img decoding=\"async\" loading=\"lazy\" class=\"alignnone  wp-image-30728\" src=\"https:\/\/yeniterter.az\/wp-content\/uploads\/112232-300x139.jpg\" alt=\"\" width=\"280\" height=\"130\" srcset=\"https:\/\/yeniterter.az\/wp-content\/uploads\/112232-300x139.jpg 300w, https:\/\/yeniterter.az\/wp-content\/uploads\/112232.jpg 541w\" sizes=\"(max-width: 280px) 100vw, 280px\" \/> <img decoding=\"async\" loading=\"lazy\" class=\"alignnone  wp-image-30727\" src=\"https:\/\/yeniterter.az\/wp-content\/uploads\/8963.jpg\" alt=\"\" width=\"239\" height=\"111\" \/><\/p>\n<p>&nbsp;<\/p>\n","protected":false},"excerpt":{"rendered":"<p>&nbsp; Yanvar\u0131n 20-d\u0259 saat 12:00-da Az\u0259rbaycan\u0131n b\u00fct\u00fcn \u0259razisind\u0259 oldu\u011fu kimi T\u0259rt\u0259r rayonunda da 20 Yanvar \u015f\u0259hidl\u0259rinin xatir\u0259si bir d\u0259qiq\u0259lik s\u00fckutla yad olunub. N\u0259qliyyat\u0131n h\u0259r\u0259k\u0259ti dayand\u0131r\u0131l\u0131b, avtomobill\u0259rd\u0259n siqnallar verilib, rayon \u0259razisind\u0259 h\u00fczn \u0259lam\u0259ti olaraq Az\u0259rbaycan Respublikas\u0131n\u0131n D\u00f6vl\u0259t Bayra\u011f\u0131 endirilib. &nbsp;<\/p>\n","protected":false},"author":2,"featured_media":0,"comment_status":"closed","ping_status":"closed","sticky":false,"template":"","format":"standard","meta":[],"categories":[38],"tags":[],"_links":{"self":[{"href":"https:\/\/yeniterter.az\/index.php?rest_route=\/wp\/v2\/posts\/30717"}],"collection":[{"href":"https:\/\/yeniterter.az\/index.php?rest_route=\/wp\/v2\/posts"}],"about":[{"href":"https:\/\/yeniterter.az\/index.php?rest_route=\/wp\/v2\/types\/post"}],"author":[{"embeddable":true,"href":"https:\/\/yeniterter.az\/index.php?rest_route=\/wp\/v2\/users\/2"}],"replies":[{"embeddable":true,"href":"https:\/\/yeniterter.az\/index.php?rest_route=%2Fwp%2Fv2%2Fcomments&post=30717"}],"version-history":[{"count":3,"href":"https:\/\/yeniterter.az\/index.php?rest_route=\/wp\/v2\/posts\/30717\/revisions"}],"predecessor-version":[{"id":30736,"href":"https:\/\/yeniterter.az\/index.php?rest_route=\/wp\/v2\/posts\/30717\/revisions\/30736"}],"wp:attachment":[{"href":"https:\/\/yeniterter.az\/index.php?rest_route=%2Fwp%2Fv2%2Fmedia&parent=30717"}],"wp:term":[{"taxonomy":"category","embeddable":true,"href":"https:\/\/yeniterter.az\/index.php?rest_route=%2Fwp%2Fv2%2Fcategories&post=30717"},{"taxonomy":"post_tag","embeddable":true,"href":"https:\/\/yeniterter.az\/index.php?rest_route=%2Fwp%2Fv2%2Ftags&post=30717"}],"curies":[{"name":"wp","href":"https:\/\/api.w.org\/{rel}","templated":true}]}}