{"id":30709,"date":"2026-01-21T09:21:41","date_gmt":"2026-01-21T06:21:41","guid":{"rendered":"https:\/\/yeniterter.az\/?p=30709"},"modified":"2026-01-21T09:21:41","modified_gmt":"2026-01-21T06:21:41","slug":"t%c9%99rt%c9%99rd%c9%99-20-yanvar-faci%c9%99sinin-otuz-altinci-ildonumu-il%c9%99-bagli-t%c9%99dbir-kecirilib","status":"publish","type":"post","link":"https:\/\/yeniterter.az\/?p=30709","title":{"rendered":"T\u0259rt\u0259rd\u0259 20 Yanvar faci\u0259sinin otuz alt\u0131nc\u0131 ild\u00f6n\u00fcm\u00fc il\u0259 ba\u011fl\u0131 t\u0259dbir ke\u00e7irilib"},"content":{"rendered":"<p><img decoding=\"async\" loading=\"lazy\" class=\"size-medium wp-image-30711 alignright\" src=\"https:\/\/yeniterter.az\/wp-content\/uploads\/9f30920547d78e1c12353c1d976be51a-1-300x201.jpg\" alt=\"\" width=\"300\" height=\"201\" srcset=\"https:\/\/yeniterter.az\/wp-content\/uploads\/9f30920547d78e1c12353c1d976be51a-1-300x201.jpg 300w, https:\/\/yeniterter.az\/wp-content\/uploads\/9f30920547d78e1c12353c1d976be51a-1-1024x684.jpg 1024w, https:\/\/yeniterter.az\/wp-content\/uploads\/9f30920547d78e1c12353c1d976be51a-1-768x513.jpg 768w, https:\/\/yeniterter.az\/wp-content\/uploads\/9f30920547d78e1c12353c1d976be51a-1.jpg 1149w\" sizes=\"(max-width: 300px) 100vw, 300px\" \/>Az\u0259rbaycan xalq\u0131n\u0131n q\u0259hr\u0259manl\u0131q s\u0259hif\u0259si olan 20 Yanvar faci\u0259sind\u0259n 36 il ke\u00e7ir. Ke\u00e7\u0259n bu ill\u0259r \u0259rzind\u0259 xalq\u0131m\u0131z h\u0259r il 20 Yanvar faci\u0259sini k\u0259d\u0259r v\u0259 b\u00f6y\u00fck q\u00fcrur hissi il\u0259 qeyd edir. \u00c7\u00fcnki 20 Yanvar faci\u0259si Az\u0259rbaycan xalq\u0131na qar\u015f\u0131 t\u00f6r\u0259dilmi\u015f qanl\u0131 cinay\u0259t olsa da, h\u0259m d\u0259 Az\u0259rbaycan xalq\u0131n\u0131n q\u0259hr\u0259manl\u0131q manifesti, azadl\u0131q m\u00fccadil\u0259sidir.<\/p>\n<p>H\u00fczn g\u00fcn\u00fc il\u0259 \u0259laq\u0259dar T\u0259rt\u0259r Rayon \u0130cra Hakimiyy\u0259tinin ba\u015f\u00e7\u0131s\u0131 M\u00fcst\u0259qim M\u0259mm\u0259dov h\u00fcquq-m\u00fchafiz\u0259 orqanlar\u0131n\u0131n r\u0259hb\u0259rl\u0259ri, \u015f\u0259hid ail\u0259l\u0259ri, veteranlar, qazil\u0259r, idar\u0259, m\u00fc\u0259ssis\u0259 kollektivl\u0259ri v\u0259 ictimaiyy\u0259t n\u00fcmay\u0259nd\u0259l\u0259ri il\u0259 birlikd\u0259\u00a0 Az\u0259rbaycan tarixinin faci\u0259li, eyni zamanda \u015f\u0259r\u0259fli s\u0259hif\u0259si olan 20 Yanvar faci\u0259sinin 36-c\u0131 ild\u00f6n\u00fcm\u00fc il\u0259 \u0259laq\u0259dar T\u0259rt\u0259r \u015f\u0259h\u0259rind\u0259 \u015e\u0259hidl\u0259rin xatir\u0259sin\u0259 ucald\u0131lm\u0131\u015f Abid\u0259 Kompleksini\u00a0 ziyar\u0259t edib, \u00f6lk\u0259mizin \u0259razi b\u00fct\u00f6vl\u00fcy\u00fc u\u011frunda \u015f\u0259hid olmu\u015f v\u0259t\u0259n \u00f6vladlar\u0131n\u0131n xatir\u0259l\u0259ri ehtiramla yad olunub, Qafqaz M\u00fcs\u0259lmanlar\u0131 idar\u0259sinin s\u0259lahiyy\u0259tli n\u00fcmay\u0259nd\u0259si, T\u0259rt\u0259r C\u00fcm\u0259 M\u0259scidinin imam\u0131 Sadiq C\u0259f\u0259rov \u015f\u0259hidl\u0259rin ruhuna dua oxuyub, abid\u0259nin \u00f6n\u00fcn\u0259 g\u00fcl d\u0259st\u0259l\u0259ri d\u00fcz\u00fcl\u00fcb.<!--more--><\/p>\n<p>M\u0259rasimd\u0259 \u00e7\u0131x\u0131\u015f ed\u0259n T\u0259rt\u0259r Rayon \u0130cra Hakimiyy\u0259tinin ba\u015f\u00e7\u0131s\u0131 M\u00fcst\u0259qim M\u0259mm\u0259dov bildirib ki, 20 yanvar \u015f\u0259hidl\u0259ri suverenliyimiz u\u011frunda canlar\u0131ndan ke\u00e7ibl\u0259r. Yal\u0131n \u0259ll\u0259 tank qar\u015f\u0131s\u0131na \u00e7\u0131x\u0131blar, m\u00fcst\u0259qilliyimiz\u0259 uzanan xain \u0259ll\u0259ri k\u0259sm\u0259k ist\u0259yibl\u0259r.<\/p>\n<p>H\u0259r bir xalq\u0131n tarixind\u0259 h\u0259m faci\u0259li, h\u0259m d\u0259 q\u0259hr\u0259manl\u0131q s\u0259hif\u0259l\u0259ri olur. \u00c7ox nadir hallarda bu iki m\u0259qam \u00fcst-\u00fcst\u0259 d\u00fc\u015f\u00fcr. Az\u0259rbaycan xalq\u0131 1990-c\u0131 ilin Yanvar\u0131n\u0131 h\u0259m faci\u0259, h\u0259m d\u0259 q\u0259hr\u0259manl\u0131q s\u0259hif\u0259si kimi ya\u015fad\u0131 v\u0259 bu g\u00fcn h\u0259min qanl\u0131, eyni zamanda, \u015f\u0259r\u0259fli tarixi hadis\u0259d\u0259n 36 il ke\u00e7m\u0259sin\u0259 baxmayaraq, V\u0259t\u0259nimizin azadl\u0131q m\u00fcbariz\u0259sind\u0259 \u015f\u0259hid olanlar\u0131n h\u0259r biri bizim yadda\u015f\u0131m\u0131zda \u0259b\u0259di ya\u015fay\u0131r.<\/p>\n<p>1990-c\u0131 il yanvar\u0131n 20-d\u0259 Az\u0259rbaycan xalq\u0131 \u00e7ox a\u011f\u0131r imtahan verdi. Lakin xalq\u0131m\u0131z bu s\u0131naqdan qalib \u00e7\u0131xd\u0131. Ke\u00e7mi\u015f SSR\u0130 r\u0259hb\u0259rliyinin Az\u0259rbaycana qar\u015f\u0131 q\u0259r\u0259zli, erm\u0259nip\u0259r\u0259st siyas\u0259tin\u0259, Erm\u0259nistan\u0131n t\u0259cav\u00fczkar siyas\u0259tinin a\u00e7\u0131q-a\u015fkar d\u0259st\u0259kl\u0259nm\u0259sin\u0259 v\u0259 respublikan\u0131n ozamank\u0131 r\u0259hb\u0259rliyinin x\u0259yan\u0259tkar m\u00f6vqeyin\u0259 etiraz \u0259lam\u0259ti olaraq aya\u011fa qalxm\u0131\u015f geni\u015f xalq k\u00fctl\u0259l\u0259rinin \u00fcz\u0259rin\u0259 sovet ordusunun iri h\u0259rbi birl\u0259\u015fm\u0259l\u0259rinin yeridilm\u0259si Az\u0259rbaycanda, x\u00fcsusil\u0259 Bak\u0131da misli g\u00f6r\u00fcnm\u0259mi\u015f faci\u0259y\u0259 g\u0259tirib \u00e7\u0131xard\u0131, b\u00f6y\u00fck itkil\u0259rl\u0259, g\u00fcnahs\u0131z insanlar\u0131n \u00f6l\u00fcml\u0259ri il\u0259 n\u0259tic\u0259l\u0259ndi.<\/p>\n<p>Sovet qo\u015funlar\u0131n\u0131n qanunsuz yeridilm\u0259si n\u0259tic\u0259sind\u0259 Bak\u0131da v\u0259 respublikan\u0131n rayonlar\u0131nda 147 n\u0259f\u0259r q\u0259tl\u0259 yetirilib, 744 n\u0259f\u0259r yaralan\u0131b, 841 n\u0259f\u0259r qanunsuz h\u0259bs olunub, onlardan 112 n\u0259f\u0259ri SSR\u0130-nin m\u00fcxt\u0259lif \u015f\u0259h\u0259rl\u0259rin\u0259 apar\u0131laraq h\u0259bsxanalarda saxlan\u0131l\u0131b. H\u0259lak olanlar aras\u0131nda m\u00fcxt\u0259lif mill\u0259tl\u0259rin n\u00fcmay\u0259nd\u0259l\u0259ri, u\u015faqlar, qad\u0131nlar, qocalar da var idi. H\u0259rb\u00e7il\u0259r t\u0259sad\u00fcf\u0259n k\u00fc\u00e7\u0259y\u0259 \u00e7\u0131xanlar\u0131, ya\u015fay\u0131\u015f evl\u0259rini, t\u0259cili yard\u0131m ma\u015f\u0131nlar\u0131n\u0131, avtobuslar\u0131 at\u0259\u015f\u0259 tutur, yaral\u0131lar\u0131 \u00f6ld\u00fcr\u00fcr, meyitl\u0259ri t\u0259hqir edirdil\u0259r. H\u0259rbi t\u0259cav\u00fcz n\u0259tic\u0259sind\u0259 y\u00fczl\u0259rl\u0259 ev, onlarla t\u0259cili yard\u0131m ma\u015f\u0131nlar\u0131 da\u011f\u0131d\u0131l\u0131b, k\u00fclli miqdarda d\u00f6vl\u0259t \u0259mlak\u0131 v\u0259 \u015f\u0259xsi \u0259mlak m\u0259hv edilib.<\/p>\n<p>Qeyd etm\u0259k laz\u0131md\u0131r ki, h\u0259min g\u00fcnl\u0259rd\u0259 \u00f6lk\u0259 informasiya blokadas\u0131nda idi. \u00dcmummilli liderimiz Moskvada x\u00fcsusi n\u0259zar\u0259t alt\u0131nda ola-ola, \u00f6z\u00fcn\u00fcn v\u0259 ail\u0259 \u00fczvl\u0259rinin h\u0259yat\u0131n\u0131 a\u00e7\u0131q t\u0259hl\u00fck\u0259 qar\u015f\u0131s\u0131nda qoyaraq, hadis\u0259l\u0259rd\u0259n d\u0259rhal sonra, 1990-c\u0131 il yanvar\u0131n 21-d\u0259 Az\u0259rbaycan\u0131n Moskvadak\u0131 daimi n\u00fcmay\u0259nd\u0259liyin\u0259 g\u0259l\u0259r\u0259k t\u0259cav\u00fcz\u0259 k\u0259skin etiraz\u0131n\u0131 bildirdi, faci\u0259ni t\u00f6r\u0259d\u0259nl\u0259ri, \u015f\u0259xs\u0259n Mixail Qorba\u00e7ovu k\u0259skin ittiham ed\u0259r\u0259k qo\u015funlar\u0131n Bak\u0131dan \u00e7\u0131xar\u0131lmas\u0131n\u0131 t\u0259l\u0259b etdi. Bu, t\u00f6r\u0259dilmi\u015f qanl\u0131 faci\u0259y\u0259 veril\u0259n ilk siyasi qiym\u0259t idi. O, yenid\u0259n hakimiyy\u0259t\u0259 qay\u0131td\u0131qdan sonra bu m\u0259s\u0259l\u0259y\u0259 d\u00f6vl\u0259t s\u0259viyy\u0259sind\u0259 siyasi &#8211; h\u00fcquqi m\u00fcnasib\u0259t bildirildi.<\/p>\n<p>Az\u0259rbaycan Respublikas\u0131 Prezidentinin \u201c20 Yanvar faci\u0259sinin 4-c\u00fc ild\u00f6n\u00fcm\u00fcn\u00fcn ke\u00e7irilm\u0259si haqq\u0131nda\u201d 1994-c\u00fc il 5 yanvar tarixli F\u0259rman\u0131nda Az\u0259rbaycan Respublikas\u0131n\u0131n Milli M\u0259clisin\u0259 Qanl\u0131 Yanvar hadis\u0259l\u0259ri il\u0259 ba\u011fl\u0131 x\u00fcsusi sessiyan\u0131n ke\u00e7irilm\u0259si m\u0259s\u0259l\u0259sin\u0259 baxmaq t\u00f6vsiy\u0259 edildi. Milli M\u0259clisin 1994-c\u00fc il mart\u0131n 29-da q\u0259bul etdiyi Q\u0259rarda 20 Yanvar faci\u0259sinin g\u00fcnahkarlar\u0131 konkret qeyd olundu v\u0259 bu qanl\u0131 aksiya Az\u0259rbaycanda milli azadl\u0131q h\u0259r\u0259kat\u0131n\u0131 bo\u011fmaq, xalq\u0131n inam\u0131n\u0131, irad\u0259sini q\u0131rmaq \u00fc\u00e7\u00fcn totalitar kommunist rejimi t\u0259r\u0259find\u0259n t\u00f6r\u0259dilmi\u015f h\u0259rbi t\u0259cav\u00fcz v\u0259 cinay\u0259t kimi qiym\u0259tl\u0259ndirildi. 20 Yanvar &#8211; \u00dcmumxalq H\u00fczn G\u00fcn\u00fc elan edildi.<\/p>\n<p>Rayon r\u0259hb\u0259ri bildirib ki, 1990-c\u0131 ild\u0259n ba\u015flanan a\u011f\u0131r, \u00e7\u0259tin, ancaq \u015f\u0259r\u0259fli yol 2020-ci il sentyabr ay\u0131nda M\u00fcz\u0259ff\u0259r Ali Ba\u015f Komandan \u0130lham \u018fliyevin r\u0259hb\u0259rliyi v\u0259 r\u0259\u015fad\u0259tli Ordumuzun 44 g\u00fcnl\u00fck Z\u0259f\u0259r salnam\u0259si il\u0259 \u0259n m\u00fch\u00fcm zirv\u0259sin\u0259 \u00e7atd\u0131. Vaxtil\u0259 \u015e\u0259hidl\u0259r xiyaban\u0131na g\u0259lib, \u015f\u0259hidl\u0259ri ziyar\u0259t ed\u0259n g\u0259ncl\u0259r \u00f6zl\u0259ri q\u0259hr\u0259manl\u0131q dastan\u0131 yazd\u0131lar.<\/p>\n<p>Sonra \u015e\u0259hid Mirz\u0259li R\u0259\u015fad\u0131n anas\u0131 Afid\u0259 Mirz\u0259yeva \u00e7\u0131x\u0131\u015f ed\u0259r\u0259k 20 Yanvar faci\u0259si zaman\u0131 \u015f\u0259hid olanlarla ba\u011fl\u0131 xatir\u0259l\u0259rini b\u00f6l\u00fc\u015fm\u00fc\u015f, h\u0259min g\u00fcnl\u0259rin a\u011fr\u0131l\u0131 v\u0259 unudulmaz anlar\u0131n\u0131 t\u0259dbir i\u015ftirak\u00e7\u0131lar\u0131n\u0131n diqq\u0259tin\u0259 \u00e7atd\u0131rm\u0131\u015fd\u0131r.\u201d<\/p>\n<p>&nbsp;<\/p>\n<p><img decoding=\"async\" loading=\"lazy\" class=\"alignnone  wp-image-30713\" src=\"https:\/\/yeniterter.az\/wp-content\/uploads\/fb792076dbea4115198d0353b87a14ec.jpg\" alt=\"\" width=\"187\" height=\"168\" \/><img decoding=\"async\" loading=\"lazy\" class=\"alignnone  wp-image-30715\" src=\"https:\/\/yeniterter.az\/wp-content\/uploads\/78963-300x201.jpg\" alt=\"\" width=\"204\" height=\"137\" srcset=\"https:\/\/yeniterter.az\/wp-content\/uploads\/78963-300x201.jpg 300w, https:\/\/yeniterter.az\/wp-content\/uploads\/78963.jpg 374w\" sizes=\"(max-width: 204px) 100vw, 204px\" \/><img decoding=\"async\" loading=\"lazy\" class=\"alignnone  wp-image-30712\" src=\"https:\/\/yeniterter.az\/wp-content\/uploads\/237f48cfdfadb0da4a913d8195a39f7c-300x201.jpg\" alt=\"\" width=\"209\" height=\"140\" srcset=\"https:\/\/yeniterter.az\/wp-content\/uploads\/237f48cfdfadb0da4a913d8195a39f7c-300x201.jpg 300w, https:\/\/yeniterter.az\/wp-content\/uploads\/237f48cfdfadb0da4a913d8195a39f7c.jpg 374w\" sizes=\"(max-width: 209px) 100vw, 209px\" \/><\/p>\n","protected":false},"excerpt":{"rendered":"<p>Az\u0259rbaycan xalq\u0131n\u0131n q\u0259hr\u0259manl\u0131q s\u0259hif\u0259si olan 20 Yanvar faci\u0259sind\u0259n 36 il ke\u00e7ir. Ke\u00e7\u0259n bu ill\u0259r \u0259rzind\u0259 xalq\u0131m\u0131z h\u0259r il 20 Yanvar faci\u0259sini k\u0259d\u0259r v\u0259 b\u00f6y\u00fck q\u00fcrur hissi il\u0259 qeyd edir. \u00c7\u00fcnki 20 Yanvar faci\u0259si Az\u0259rbaycan xalq\u0131na qar\u015f\u0131 t\u00f6r\u0259dilmi\u015f qanl\u0131 cinay\u0259t olsa da, h\u0259m d\u0259 Az\u0259rbaycan xalq\u0131n\u0131n q\u0259hr\u0259manl\u0131q manifesti, azadl\u0131q m\u00fccadil\u0259sidir. H\u00fczn g\u00fcn\u00fc il\u0259 \u0259laq\u0259dar T\u0259rt\u0259r Rayon [&hellip;]<\/p>\n","protected":false},"author":2,"featured_media":0,"comment_status":"closed","ping_status":"closed","sticky":false,"template":"","format":"standard","meta":[],"categories":[39],"tags":[],"_links":{"self":[{"href":"https:\/\/yeniterter.az\/index.php?rest_route=\/wp\/v2\/posts\/30709"}],"collection":[{"href":"https:\/\/yeniterter.az\/index.php?rest_route=\/wp\/v2\/posts"}],"about":[{"href":"https:\/\/yeniterter.az\/index.php?rest_route=\/wp\/v2\/types\/post"}],"author":[{"embeddable":true,"href":"https:\/\/yeniterter.az\/index.php?rest_route=\/wp\/v2\/users\/2"}],"replies":[{"embeddable":true,"href":"https:\/\/yeniterter.az\/index.php?rest_route=%2Fwp%2Fv2%2Fcomments&post=30709"}],"version-history":[{"count":1,"href":"https:\/\/yeniterter.az\/index.php?rest_route=\/wp\/v2\/posts\/30709\/revisions"}],"predecessor-version":[{"id":30716,"href":"https:\/\/yeniterter.az\/index.php?rest_route=\/wp\/v2\/posts\/30709\/revisions\/30716"}],"wp:attachment":[{"href":"https:\/\/yeniterter.az\/index.php?rest_route=%2Fwp%2Fv2%2Fmedia&parent=30709"}],"wp:term":[{"taxonomy":"category","embeddable":true,"href":"https:\/\/yeniterter.az\/index.php?rest_route=%2Fwp%2Fv2%2Fcategories&post=30709"},{"taxonomy":"post_tag","embeddable":true,"href":"https:\/\/yeniterter.az\/index.php?rest_route=%2Fwp%2Fv2%2Ftags&post=30709"}],"curies":[{"name":"wp","href":"https:\/\/api.w.org\/{rel}","templated":true}]}}