{"id":30660,"date":"2026-01-13T08:58:56","date_gmt":"2026-01-13T05:58:56","guid":{"rendered":"https:\/\/yeniterter.az\/?p=30660"},"modified":"2026-01-13T10:04:16","modified_gmt":"2026-01-13T07:04:16","slug":"t%c9%99rt%c9%99r-artiq-5-ild%c9%99n-coxdur-c%c9%99bh%c9%99-bolg%c9%99si-sayilmir","status":"publish","type":"post","link":"https:\/\/yeniterter.az\/?p=30660","title":{"rendered":"T\u0259rt\u0259r art\u0131q 5 ild\u0259n \u00e7oxdur c\u0259bh\u0259 b\u00f6lg\u0259si say\u0131lm\u0131r"},"content":{"rendered":"<h1 style=\"text-align: center;\"><span style=\"font-size: 18pt;\">\u0130ndi rayonun qar\u015f\u0131s\u0131nda duran v\u0259zif\u0259l\u0259r d\u0259 f\u0259rqlidir<\/span><\/h1>\n<p><img decoding=\"async\" loading=\"lazy\" class=\"wp-image-30661 alignleft\" src=\"https:\/\/yeniterter.az\/wp-content\/uploads\/15337674903318931737_1200x630jpg_1767994517-300x175.jpg\" alt=\"\" width=\"266\" height=\"155\" srcset=\"https:\/\/yeniterter.az\/wp-content\/uploads\/15337674903318931737_1200x630jpg_1767994517-300x175.jpg 300w, https:\/\/yeniterter.az\/wp-content\/uploads\/15337674903318931737_1200x630jpg_1767994517.jpg 600w\" sizes=\"(max-width: 266px) 100vw, 266px\" \/>\u00a0\u00a0\u00a0\u00a0\u00a0 Bu g\u00fcn h\u0259r birimiz azad v\u0259 m\u00fcst\u0259qil, qalib v\u0259 q\u00fcdr\u0259tli, firavan h\u0259yat v\u0259 xo\u015f g\u00fcz\u0259ran \u00fc\u00e7\u00fcn z\u0259ruri \u0259saslar\u0131n b\u0259rq\u0259rar oldu\u011fu, sabit, inki\u015faf ed\u0259n, beyn\u0259lxalq al\u0259md\u0259 s\u00f6z sahibin\u0259 \u00e7evril\u0259n Az\u0259rbaycan adl\u0131 bir d\u00f6vl\u0259tin v\u0259t\u0259nda\u015f\u0131 olma\u011f\u0131m\u0131zla q\u00fcrur duyuruq. M\u00fcst\u0259qillik tariximizin son 20 ili xalq\u0131m\u0131z\u0131n \u00dcmummilli Lideri Heyd\u0259r \u018fliyev siyasi kursunun layiqli davam\u00e7\u0131s\u0131 \u0130lham \u018fliyevin ad\u0131 il\u0259 ba\u011fl\u0131d\u0131r.<\/p>\n<p>Prezident \u0130lham \u018fliyev bu ill\u0259r \u0259rzind\u0259 d\u00f6vl\u0259tin daxili v\u0259 xarici siyas\u0259tini b\u00f6y\u00fck m\u00fcdriklik v\u0259 siyasi uzaqg\u00f6r\u0259nlikl\u0259 y\u00f6n\u0259ld\u0259r\u0259k bir zamanlar \u0259l\u00e7atmaz hesab edil\u0259n siyasi v\u0259 iqtisadi h\u0259d\u0259fl\u0259ri f\u0259th etmi\u015f, m\u00fcz\u0259ff\u0259r s\u0259rk\u0259rd\u0259 q\u00fcdr\u0259ti il\u0259 nankor qon\u015fular\u0131m\u0131z\u0131n &#8211; Erm\u0259nistan silahl\u0131 q\u00fcvv\u0259l\u0259rinin 30 il i\u015f\u011fal alt\u0131nda saxlad\u0131\u011f\u0131 Qaraba\u011f v\u0259 \u015e\u0259rqi Z\u0259ng\u0259zuru azad ed\u0259r\u0259k \u00f6z xilaskar ad\u0131n\u0131 tarix\u0259 q\u0131z\u0131l h\u0259rfl\u0259rl\u0259 yazm\u0131\u015fd\u0131r.<\/p>\n<p>D\u00f6vl\u0259t ba\u015f\u00e7\u0131s\u0131 yeni ilin ilk yaddaqalan g\u00f6r\u00fc\u015f\u00fcn\u00fc jurnalistl\u0259rl\u0259 ke\u00e7ir\u0259r\u0259k yerli televiziya kanallar\u0131na geni\u015f m\u00fcsahib\u0259 vermi\u015fdir. M\u00fcxt\u0259lif suallara verdiyi tutarl\u0131 cavablar, siyas\u0259t\u00e7i pe\u015f\u0259karl\u0131\u011f\u0131 il\u0259 apard\u0131\u011f\u0131 t\u0259hlill\u0259r, d\u00fcnyaya verdiyi mesajlar, sosial-iqtisadi inki\u015faf\u0131m\u0131z\u0131n yeni istiqam\u0259tl\u0259ri, Qaraba\u011f v\u0259 \u015e\u0259rqi Z\u0259ng\u0259zurun b\u0259rpas\u0131 v\u0259 yenid\u0259n qurulmas\u0131, u\u011furla realla\u015fan B\u00f6y\u00fck qay\u0131d\u0131\u015f\u0131n detallar\u0131 \u00f6lk\u0259 daxilind\u0259ki ictimai r\u0259yd\u0259, el\u0259c\u0259 d\u0259 beyn\u0259lxalq mediada g\u00fcnd\u0259m effekti yaratm\u0131\u015fd\u0131r. <!--more--><\/p>\n<p>M\u00fcsahib\u0259d\u0259 s\u0259sl\u0259n\u0259n fikirl\u0259r, qar\u015f\u0131ya qoyulan yeni h\u0259d\u0259fl\u0259r h\u0259r yerd\u0259 oldu\u011fu kimi, T\u0259rt\u0259rd\u0259 d\u0259 maraqla qar\u015f\u0131lanm\u0131\u015fd\u0131r. Prezident \u0130lham \u018fliyevin T\u0259rt\u0259r\u0259 v\u0259 t\u0259rt\u0259rlil\u0259r\u0259 m\u00fcnasib\u0259tinin f\u0259rqli oldu\u011funu dey\u0259 bil\u0259rik. T\u0259rt\u0259r V\u0259t\u0259n m\u00fcharib\u0259si ill\u0259rind\u0259 d\u00fc\u015fm\u0259nl\u0259 t\u0259mas x\u0259ttin\u0259 yax\u0131n bir \u0259razid\u0259 yerl\u0259\u015fdiyind\u0259n \u015fidd\u0259tli h\u00fccumlara, a\u011f\u0131r raket v\u0259 artilleriya z\u0259rb\u0259l\u0259rin\u0259, b\u00f6y\u00fck da\u011f\u0131nt\u0131lara v\u0259 itkil\u0259r\u0259 m\u0259ruz qalm\u0131\u015fd\u0131r. Prezident \u00e7\u0259tin v\u0259 a\u011fr\u0131l\u0131 g\u00fcnl\u0259rd\u0259 d\u0259f\u0259l\u0259rl\u0259 T\u0259rt\u0259r\u0259 s\u0259f\u0259r etmi\u015f, rayon \u0259halisinin yan\u0131nda olmu\u015f, t\u0259rt\u0259rlil\u0259rd\u0259n z\u0259ruri qay\u011f\u0131 v\u0259 d\u0259st\u0259yini \u0259sirg\u0259m\u0259mi\u015fdir. Ozamank\u0131 reall\u0131\u011f\u0131 d\u0259y\u0259rl\u0259ndir\u0259n d\u00f6vl\u0259t ba\u015f\u00e7\u0131s\u0131 demi\u015fdir ki, T\u0259rt\u0259r sakinl\u0259ri q\u0259hr\u0259mand\u0131rlar. Onlar burada d\u00f6y\u00fc\u015f b\u00f6lg\u0259sind\u0259, d\u00fc\u015fm\u0259nl\u0259 \u00fcz-\u00fcz\u0259 m\u00f6hk\u0259m dayan\u0131blar v\u0259 evl\u0259rin\u0259 d\u00fc\u015f\u0259n m\u0259rmil\u0259r onlar\u0131n irad\u0259sin\u0259 z\u0259rr\u0259 q\u0259d\u0259r t\u0259sir etm\u0259mi\u015fdir. D\u00f6vl\u0259t ba\u015f\u00e7\u0131s\u0131n\u0131n q\u0259hr\u0259man T\u0259rt\u0259rin f\u0259dakar \u00f6vladlar\u0131na verdiyi y\u00fcks\u0259k d\u0259y\u0259r sakinl\u0259rin yadda\u015f\u0131na \u0259b\u0259di h\u0259kk olunmu\u015fdur.<\/p>\n<p>Yeni ilin ilk g\u00fcnl\u0259ri T\u0259rt\u0259rd\u0259 xo\u015f ovqat ya\u015fan\u0131r. 2025-ci il b\u00f6y\u00fck nailiyy\u0259tl\u0259rl\u0259 ba\u015fa vurulub. Tax\u0131l, pamb\u0131q, dig\u0259r k\u0259nd t\u0259s\u0259rr\u00fcfat\u0131 m\u0259hsullar\u0131 istehsal\u0131nda \u0259vv\u0259lki ill\u0259 m\u00fcqayis\u0259d\u0259 xeyli art\u0131ma nail olunub. N\u0259z\u0259rd\u0259 tutulan sosial-iqtisadi layih\u0259l\u0259r u\u011furla realla\u015f\u0131b. Rayon sakinl\u0259rinin g\u00fcz\u0259ran\u0131, dolan\u0131\u015f\u0131\u011f\u0131 daha da yax\u015f\u0131la\u015f\u0131b. Prezident, Silahl\u0131 Q\u00fcvv\u0259l\u0259rin Ali Ba\u015f Komandan\u0131 \u0130lham \u018fliyevin tap\u015f\u0131r\u0131q v\u0259 t\u00f6vsiy\u0259l\u0259rin\u0259 uy\u011fun olaraq, rayon r\u0259hb\u0259rliyi \u015f\u0259hid ail\u0259l\u0259rin\u0259, qazil\u0259r\u0259, m\u00fcharib\u0259 veteranlar\u0131na qay\u011f\u0131n\u0131 diqq\u0259t m\u0259rk\u0259zind\u0259 saxlay\u0131r. \u015e\u0259hid ail\u0259l\u0259rind\u0259 el\u0259 m\u0259clis, el\u0259 \u0259lam\u0259tdar g\u00fcn olmur ki, rayon r\u0259hb\u0259rliyi orada i\u015ftirak etm\u0259sin.<\/p>\n<p>Yeni il T\u0259rt\u0259r\u0259 yeni \u0259hval g\u0259tirib. Niyy\u0259tl\u0259ri bolluq, firavanl\u0131q olan, qurub-yaratmaq h\u0259v\u0259sli t\u0259rt\u0259rlil\u0259rin h\u0259r s\u00f6z\u00fcn\u00fcn, h\u0259r s\u00f6hb\u0259tinin \u0259sas m\u00f6vzusu Prezidentin m\u0259lum m\u00fcsahib\u0259sind\u0259 s\u0259sl\u0259n\u0259n fikirl\u0259r, m\u00fc\u0259yy\u0259n edil\u0259n yeni f\u0259aliyy\u0259t istiqam\u0259tl\u0259ridir. Rayonda m\u00fcxt\u0259lif pe\u015f\u0259, f\u0259rqli d\u00fcnyag\u00f6r\u00fc\u015fl\u00fc sakinl\u0259rl\u0259 g\u00f6r\u00fc\u015f\u00fcb h\u0259ms\u00f6hb\u0259t olduq.<\/p>\n<p>T\u0259rt\u0259r \u015f\u0259h\u0259r sakini, \u015f\u0259hid atas\u0131 B\u0259hruz \u0130sk\u0259nd\u0259rov dedi ki, m\u00fcsahib\u0259ni q\u0259zetd\u0259n oxudum: &#8220;Prezidentin s\u0259sl\u0259ndirdiyi fikirl\u0259rin m\u0259na y\u00fck\u00fc \u00e7ox b\u00f6y\u00fckd\u00fcr. M\u0259nim \u00fc\u00e7\u00fcn \u0259n \u00e7ox diqq\u0259t \u00e7\u0259k\u0259n bir \u0259sas m\u0259qamd\u0131r. Prezident dedi ki, siyas\u0259timizin m\u0259rk\u0259zind\u0259 Az\u0259rbaycan v\u0259t\u0259nda\u015f\u0131 dayan\u0131r. Bax, bu bir c\u00fcml\u0259 m\u0259nc\u0259 m\u00fcsahib\u0259nin b\u00fct\u00fcn qay\u0259sini, m\u0259qs\u0259d v\u0259 m\u0259ram\u0131n\u0131 \u0259hat\u0259 edir. Prezident \u0130lham \u018fliyev d\u0259f\u0259l\u0259rl\u0259 v\u0259 d\u00f6n\u0259-d\u00f6n\u0259 vur\u011fulay\u0131b ki, d\u00f6vl\u0259t xalq \u00fc\u00e7\u00fcn, v\u0259t\u0259nda\u015flar\u0131n xo\u015f g\u00fcz\u0259ran\u0131, firavan h\u0259yat\u0131 \u00fc\u00e7\u00fcn \u00e7al\u0131\u015fmal\u0131d\u0131r. Bu m\u0259qs\u0259dl\u0259 d\u0259 m\u0259murlara tap\u015f\u0131r\u0131q verir ki, insanlar\u0131n aras\u0131nda olun, v\u0259t\u0259nda\u015flar\u0131n m\u00fcraci\u0259tl\u0259rin\u0259 h\u0259ssas yana\u015f\u0131n, h\u0259r k\u0259s\u0259 qay\u011f\u0131 v\u0259 diqq\u0259t g\u00f6st\u0259rin. Bir \u015f\u0259hid atas\u0131 olaraq minn\u0259tdarl\u0131qla dey\u0259 bil\u0259r\u0259m ki, m\u0259n\u0259 g\u00f6st\u0259ril\u0259n m\u00fcnasib\u0259td\u0259n raz\u0131yam&#8221;.<\/p>\n<p>T\u0259rt\u0259rd\u0259 n\u00fcfuzlu ziyal\u0131 kimi tan\u0131nan, Sar\u0131cal\u0131 k\u0259nd tam orta m\u0259kt\u0259binin direktoru V\u0259sil\u0259 Mehdiyeva m\u00fcsahib\u0259d\u0259n ald\u0131\u011f\u0131 t\u0259\u0259ss\u00fcrat\u0131 biziml\u0259 b\u00f6l\u00fc\u015f\u0259r\u0259k bildirdi ki, Prezident m\u00fcxt\u0259lif suallar\u0131 cavabland\u0131rark\u0259n bir m\u0259qama x\u00fcsusi diqq\u0259t yetirdi: &#8220;Bu, dilimizl\u0259 ba\u011fl\u0131d\u0131r. D\u00f6vl\u0259t ba\u015f\u00e7\u0131s\u0131 b\u00fct\u00fcn d\u00fcnyaya \u00fcnvanlad\u0131\u011f\u0131 mesajda qeyd etdi ki, biz b\u00f6y\u00fck xalq\u0131q, d\u00fcnyada 50 milyondan \u00e7ox az\u0259rbaycanl\u0131 ya\u015fay\u0131r. Uzun ill\u0259r boyu m\u00fcxt\u0259lif imperiyalar\u0131n t\u0259rkibind\u0259 ya\u015fasaq da, dilimizi zaman\u0131n \u00e7\u0259tin s\u0131naqlar\u0131ndan qoruyub saxlaya bilmi\u015fik&#8221;. V\u0259sil\u0259 xan\u0131m \u0259lind\u0259ki q\u0259zeti a\u00e7\u0131b d\u00f6vl\u0259t ba\u015f\u00e7\u0131s\u0131n\u0131n m\u00fcsahib\u0259sind\u0259n sitat da g\u0259tirdi: &#8220;Y\u0259ni bizim dilimiz b\u00f6y\u00fck xalq\u0131n dilidir, bunu he\u00e7 vaxt unutmamal\u0131y\u0131q v\u0259 bizim dilimiz he\u00e7 bir dilin k\u00f6lg\u0259sind\u0259 ola bilm\u0259z. Bizim dilimiz z\u0259ngindir, s\u0259n ist\u0259nil\u0259n ifad\u0259ni dey\u0259 bil\u0259rs\u0259n, ist\u0259nil\u0259n \u015feiri yaza bil\u0259rs\u0259n. \u00c7ox z\u0259ngin v\u0259 \u00e7ox metodik v\u0259 g\u00f6z\u0259ldir, t\u0259kc\u0259 ona g\u00f6r\u0259 yox ki, bu, bizim dilimizdir. M\u0259n bir \u00e7ox h\u0259mkarlar\u0131mdan, bir \u00e7ox insanlardan e\u015fitmi\u015f\u0259m ki, do\u011frudan da, \u00e7ox z\u0259ngin v\u0259 g\u00f6z\u0259l dildir. M\u0259n d\u00fc\u015f\u00fcn\u00fcr\u0259m v\u0259 \u0259min\u0259m ki, Az\u0259rbaycan xalq\u0131 bu fikirl\u0259ri tamamil\u0259 b\u00f6l\u00fc\u015f\u00fcr&#8221;.<\/p>\n<p>V\u0259sil\u0259 Mehdiyeva s\u00f6z\u00fcn\u0259 davam ed\u0259r\u0259k bildirdi ki, biz m\u00fc\u0259lliml\u0259r Prezidentin do\u011fma ana dili haqq\u0131nda s\u0259sl\u0259ndirdiyi fikirl\u0259rd\u0259n n\u0259tic\u0259 \u00e7\u0131xararaq m\u0259kt\u0259bl\u0259rimizd\u0259 Az\u0259rbaycan dilinin t\u0259drisin\u0259 diqq\u0259ti art\u0131rmal\u0131y\u0131q.<\/p>\n<p>Taleyini torpa\u011fa, halal z\u0259hm\u0259t\u0259 ba\u011flayan fermer Fazil V\u0259liyev t\u0259kc\u0259 B\u0259yimsarov k\u0259ndind\u0259 deyil, b\u00fct\u00fcn T\u0259rt\u0259rd\u0259 adl\u0131-\u015fanl\u0131 pamb\u0131q\u00e7\u0131 kimi tan\u0131n\u0131r. F\u0259dakar \u0259m\u0259yi y\u00fcks\u0259k d\u00f6vl\u0259t t\u0259ltifl\u0259ri il\u0259 qiym\u0259tl\u0259ndirilib. \u00d6t\u0259n il d\u0259 yax\u015f\u0131 n\u0259tic\u0259l\u0259r qazan\u0131b, h\u0259r hektardan orta hesabla 50 sentner\u0259 yax\u0131n pamb\u0131q g\u00f6t\u00fcr\u00fcb. Deyir ki, Z\u0259f\u0259rd\u0259n sonra \u00fcst\u00fcm\u00fcz\u0259 g\u00fcn do\u011fub: &#8220;5 ildir s\u00fclh \u015f\u0259raitind\u0259 ya\u015fay\u0131r\u0131q. N\u0259 xo\u015f ki, daha b\u00f6lg\u0259d\u0259 toplar guruldam\u0131r. \u0130ndi torpaqlar\u0131m\u0131z da rahat n\u0259f\u0259s al\u0131r. 30 illik i\u015f\u011fal d\u00f6vr\u00fcnd\u0259 S\u0259rs\u0259ng su anbar\u0131 erm\u0259ni i\u015f\u011fal\u0131nda oldu\u011fundan suya h\u0259sr\u0259t qalm\u0131\u015fd\u0131q. \u00c7ox z\u0259hm\u0259t \u00e7\u0259ks\u0259k d\u0259, al\u0131n t\u0259ri ax\u0131tsaq da, torpaqlar\u0131 suvara bilmirdik, \u0259limiz bo\u015f qal\u0131rd\u0131. M\u00fcz\u0259ff\u0259r Ali Ba\u015f Komandan \u0130lham \u018fliyevin r\u0259hb\u0259rliyi il\u0259 torpaqlar\u0131m\u0131z\u0131 erm\u0259ni i\u015f\u011fal\u0131ndan azad ed\u0259n q\u0259hr\u0259man Az\u0259rbaycan \u0259sg\u0259rin\u0259 \u00f6m\u00fcrboyu borcliyuq. Be\u015f ildir ki, bizim \u00fc\u00e7\u00fcn h\u0259yat\u0131n dad\u0131 d\u0259yi\u015fib&#8221;.<\/p>\n<p>Prezident \u0130lham \u018fliyevin yerli televiziya kanallar\u0131na m\u00fcsahib\u0259sin\u0259 m\u00fcnasib\u0259t bildir\u0259n Fazil V\u0259liyev dedi ki, torpaq namusdur, qeyr\u0259tdir: &#8220;V\u0259t\u0259n torpaqla var olur. D\u00f6vl\u0259t ba\u015f\u00e7\u0131s\u0131n\u0131n jurnalistin torpaqla ba\u011fl\u0131 verdiyi suala cavab\u0131 bir k\u0259nd adam\u0131 kimi \u00fcr\u0259yimd\u0259n x\u0259b\u0259r verdi. Q\u0259l\u0259b\u0259y\u0259 aparan yolun \u00e7\u0259tinlikl\u0259rini xat\u0131rlad\u0131m. \u015e\u0259hidl\u0259rimizin qan\u0131 t\u00f6k\u00fcl\u0259n torpa\u011f\u0131n m\u00fcq\u0259dd\u0259sliyini bir daha hiss etdim. Sual\u0131 cavabland\u0131rark\u0259n fikrini bel\u0259 yekunla\u015fd\u0131rd\u0131 ki, h\u0259r an ay\u0131q olmal\u0131y\u0131q, g\u00fccl\u00fc olmal\u0131y\u0131q, haz\u0131r olmal\u0131y\u0131q v\u0259 \u0259min\u0259m ki, bundan sonra he\u00e7 vaxt bir qar\u0131\u015f torpa\u011f\u0131m\u0131z he\u00e7 kimin tapda\u011f\u0131 alt\u0131na d\u00fc\u015fm\u0259y\u0259c\u0259k. Bunun \u00fc\u00e7\u00fcn h\u0259m g\u00fcc var, h\u0259m irad\u0259 var, xalq\u0131n birliyi var. G\u00fccl\u00fc Az\u0259rbaycan d\u00f6vl\u0259ti var&#8221;.<\/p>\n<p>D\u00f6vl\u0259t\u0259, d\u00f6vl\u0259t\u00e7iliy\u0259 ba\u011fl\u0131 olan t\u0259rt\u0259rlil\u0259r bel\u0259c\u0259 sabaha inamla bax\u0131r, yenilm\u0259z g\u00fcc\u00fcm\u00fcz\u00fcn m\u0259nb\u0259yi olan xalq-d\u00f6vl\u0259t birliyinin sars\u0131lmazl\u0131\u011f\u0131na yeni t\u00f6hf\u0259l\u0259r verm\u0259k \u00fc\u00e7\u00fcn s\u0259f\u0259rb\u0259r olduqlar\u0131n\u0131 n\u00fcmayi\u015f etdirirl\u0259r.<\/p>\n<p style=\"text-align: right;\"><strong><em>Laz\u0131m QUL\u0130YEV,<\/em><\/strong><\/p>\n<p style=\"text-align: right;\"><strong><em>&#8220;Az\u0259rbaycan&#8221;<\/em><\/strong><\/p>\n<p><img decoding=\"async\" loading=\"lazy\" class=\"alignnone wp-image-30662\" src=\"https:\/\/yeniterter.az\/wp-content\/uploads\/14695647931195657502_1200x630jpg_1767994517-300x174.jpg\" alt=\"\" width=\"219\" height=\"127\" srcset=\"https:\/\/yeniterter.az\/wp-content\/uploads\/14695647931195657502_1200x630jpg_1767994517-300x174.jpg 300w, https:\/\/yeniterter.az\/wp-content\/uploads\/14695647931195657502_1200x630jpg_1767994517.jpg 600w\" sizes=\"(max-width: 219px) 100vw, 219px\" \/> <img decoding=\"async\" loading=\"lazy\" class=\"alignnone wp-image-30663\" src=\"https:\/\/yeniterter.az\/wp-content\/uploads\/1469564793200692145_1200x630jpg_1767994517-300x171.jpg\" alt=\"\" width=\"219\" height=\"125\" srcset=\"https:\/\/yeniterter.az\/wp-content\/uploads\/1469564793200692145_1200x630jpg_1767994517-300x171.jpg 300w, https:\/\/yeniterter.az\/wp-content\/uploads\/1469564793200692145_1200x630jpg_1767994517.jpg 600w\" sizes=\"(max-width: 219px) 100vw, 219px\" \/> <img decoding=\"async\" loading=\"lazy\" class=\"alignnone wp-image-30664\" src=\"https:\/\/yeniterter.az\/wp-content\/uploads\/e83e7d1a-7c97-4df8-bc1a-995abdf14652_930jpg_1767994517-300x168.jpg\" alt=\"\" width=\"223\" height=\"125\" srcset=\"https:\/\/yeniterter.az\/wp-content\/uploads\/e83e7d1a-7c97-4df8-bc1a-995abdf14652_930jpg_1767994517-300x168.jpg 300w, https:\/\/yeniterter.az\/wp-content\/uploads\/e83e7d1a-7c97-4df8-bc1a-995abdf14652_930jpg_1767994517.jpg 600w\" sizes=\"(max-width: 223px) 100vw, 223px\" \/><\/p>\n<p style=\"text-align: right;\">\n","protected":false},"excerpt":{"rendered":"<p>\u0130ndi rayonun qar\u015f\u0131s\u0131nda duran v\u0259zif\u0259l\u0259r d\u0259 f\u0259rqlidir \u00a0\u00a0\u00a0\u00a0\u00a0 Bu g\u00fcn h\u0259r birimiz azad v\u0259 m\u00fcst\u0259qil, qalib v\u0259 q\u00fcdr\u0259tli, firavan h\u0259yat v\u0259 xo\u015f g\u00fcz\u0259ran \u00fc\u00e7\u00fcn z\u0259ruri \u0259saslar\u0131n b\u0259rq\u0259rar oldu\u011fu, sabit, inki\u015faf ed\u0259n, beyn\u0259lxalq al\u0259md\u0259 s\u00f6z sahibin\u0259 \u00e7evril\u0259n Az\u0259rbaycan adl\u0131 bir d\u00f6vl\u0259tin v\u0259t\u0259nda\u015f\u0131 olma\u011f\u0131m\u0131zla q\u00fcrur duyuruq. M\u00fcst\u0259qillik tariximizin son 20 ili xalq\u0131m\u0131z\u0131n \u00dcmummilli Lideri Heyd\u0259r \u018fliyev siyasi [&hellip;]<\/p>\n","protected":false},"author":2,"featured_media":0,"comment_status":"closed","ping_status":"closed","sticky":false,"template":"","format":"standard","meta":[],"categories":[28],"tags":[],"_links":{"self":[{"href":"https:\/\/yeniterter.az\/index.php?rest_route=\/wp\/v2\/posts\/30660"}],"collection":[{"href":"https:\/\/yeniterter.az\/index.php?rest_route=\/wp\/v2\/posts"}],"about":[{"href":"https:\/\/yeniterter.az\/index.php?rest_route=\/wp\/v2\/types\/post"}],"author":[{"embeddable":true,"href":"https:\/\/yeniterter.az\/index.php?rest_route=\/wp\/v2\/users\/2"}],"replies":[{"embeddable":true,"href":"https:\/\/yeniterter.az\/index.php?rest_route=%2Fwp%2Fv2%2Fcomments&post=30660"}],"version-history":[{"count":6,"href":"https:\/\/yeniterter.az\/index.php?rest_route=\/wp\/v2\/posts\/30660\/revisions"}],"predecessor-version":[{"id":30670,"href":"https:\/\/yeniterter.az\/index.php?rest_route=\/wp\/v2\/posts\/30660\/revisions\/30670"}],"wp:attachment":[{"href":"https:\/\/yeniterter.az\/index.php?rest_route=%2Fwp%2Fv2%2Fmedia&parent=30660"}],"wp:term":[{"taxonomy":"category","embeddable":true,"href":"https:\/\/yeniterter.az\/index.php?rest_route=%2Fwp%2Fv2%2Fcategories&post=30660"},{"taxonomy":"post_tag","embeddable":true,"href":"https:\/\/yeniterter.az\/index.php?rest_route=%2Fwp%2Fv2%2Ftags&post=30660"}],"curies":[{"name":"wp","href":"https:\/\/api.w.org\/{rel}","templated":true}]}}