{"id":30457,"date":"2025-12-10T12:55:50","date_gmt":"2025-12-10T09:55:50","guid":{"rendered":"https:\/\/yeniterter.az\/?p=30457"},"modified":"2025-12-10T12:55:50","modified_gmt":"2025-12-10T09:55:50","slug":"slovakiya-il%c9%99-mudafi%c9%99-s%c9%99nayesi-sah%c9%99sind%c9%99-%c9%99m%c9%99kdasliq-imkanlarimiz-genisdir","status":"publish","type":"post","link":"https:\/\/yeniterter.az\/?p=30457","title":{"rendered":"Slovakiya il\u0259 m\u00fcdafi\u0259 s\u0259nayesi sah\u0259sind\u0259 \u0259m\u0259kda\u015fl\u0131q imkanlar\u0131m\u0131z geni\u015fdir."},"content":{"rendered":"<p><img decoding=\"async\" loading=\"lazy\" class=\"size-medium wp-image-30458 alignleft\" src=\"https:\/\/yeniterter.az\/wp-content\/uploads\/17652108033522732003_1200x630-300x200.jpg\" alt=\"\" width=\"300\" height=\"200\" srcset=\"https:\/\/yeniterter.az\/wp-content\/uploads\/17652108033522732003_1200x630-300x200.jpg 300w, https:\/\/yeniterter.az\/wp-content\/uploads\/17652108033522732003_1200x630-768x512.jpg 768w, https:\/\/yeniterter.az\/wp-content\/uploads\/17652108033522732003_1200x630.jpg 945w\" sizes=\"(max-width: 300px) 100vw, 300px\" \/><img decoding=\"async\" loading=\"lazy\" class=\"size-medium wp-image-30459 alignright\" src=\"https:\/\/yeniterter.az\/wp-content\/uploads\/17652108035334214095_1200x630-300x200.jpg\" alt=\"\" width=\"300\" height=\"200\" srcset=\"https:\/\/yeniterter.az\/wp-content\/uploads\/17652108035334214095_1200x630-300x200.jpg 300w, https:\/\/yeniterter.az\/wp-content\/uploads\/17652108035334214095_1200x630-768x512.jpg 768w, https:\/\/yeniterter.az\/wp-content\/uploads\/17652108035334214095_1200x630.jpg 945w\" sizes=\"(max-width: 300px) 100vw, 300px\" \/>Prezident \u0130lham \u018fliyevin 8 dekabr 2025-ci il Slovakiya s\u0259f\u0259ri zaman\u0131 m\u0259tbuata b\u0259yanatla \u00e7\u0131x\u0131\u015f edib. \u00d6lk\u0259 ba\u015f\u00e7\u0131s\u0131 \u00e7\u0131x\u0131\u015f\u0131nda bildiribki, Slovakiya v\u0259 Az\u0259rbaycan, s\u00f6z\u00fcn \u0259sl m\u0259nas\u0131nda, dost \u00f6lk\u0259l\u0259rdir v\u0259 strateji t\u0259r\u0259fda\u015flard\u0131r.Ke\u00e7\u0259n il Slovakiya v\u0259 Az\u0259rbaycan Strateji T\u0259r\u0259fda\u015fl\u0131q haqq\u0131nda Birg\u0259 B\u0259yannam\u0259 imzalam\u0131\u015flar. Bu, \u0259laq\u0259l\u0259rimizi \u0259n y\u00fcks\u0259k s\u0259viyy\u0259y\u0259 qald\u0131ran bir s\u0259n\u0259ddir v\u0259 o s\u0259n\u0259din imzalanmas\u0131ndan sonra biz b\u00fct\u00fcn istiqam\u0259tl\u0259r \u00fczr\u0259 \u00e7ox f\u0259al \u0259m\u0259kda\u015fl\u0131\u011f\u0131 g\u00f6r\u00fcr\u00fck. B\u00fct\u00fcn istiqam\u0259tl\u0259r \u00fczr\u0259 bizim m\u00fc\u015ft\u0259r\u0259k komandalar\u0131m\u0131z f\u0259al i\u015fl\u0259yir. Birg\u0259 iqtisadi i\u015f\u00e7i qrup \u00f6z f\u0259aliyy\u0259tini geni\u015fl\u0259ndirir. \u018fn\u0259n\u0259vi \u0259m\u0259kda\u015fl\u0131q sah\u0259si olan energetika \u00fczr\u0259 konkret layih\u0259l\u0259r icra edilir. <!--more-->Ke\u00e7\u0259n il ilk d\u0259f\u0259 olaraq Az\u0259rbaycan qaz\u0131 Slovakiyaya t\u0259chiz edilmi\u015fdir v\u0259 Slovakiyan\u0131n ehtiyaclar\u0131 olan s\u0259viyy\u0259d\u0259, ist\u0259nil\u0259n h\u0259cmd\u0259 Az\u0259rbaycan enerji resurslar\u0131n\u0131 t\u0259min ed\u0259 bil\u0259r.Bizim z\u0259ngin qaz yataqlar\u0131m\u0131z bu g\u00fcn imkan verir ki, d\u00fcnyan\u0131n bir \u00e7ox \u00f6lk\u0259l\u0259rin\u0259 t\u0259bii qaz\u0131 ixrac ed\u0259k. Art\u0131q Az\u0259rbaycan qaz\u0131n\u0131 alm\u0131\u015f \u00f6lk\u0259l\u0259rin say\u0131 14-\u0259 \u00e7at\u0131b. Biz boru k\u0259m\u0259rl\u0259ri il\u0259 ixrac edil\u0259n qaz\u0131n t\u0259chizat\u00e7\u0131 \u00f6lk\u0259si olaraq birinci yerd\u0259yik. Yeni qaz yataqlar\u0131n\u0131n i\u015fl\u0259nm\u0259si n\u0259tic\u0259sind\u0259 \u0259lav\u0259 resurslar \u0259ld\u0259 edil\u0259c\u0259k v\u0259 t\u0259bii ki, h\u0259m Slovakiyaya, h\u0259m d\u0259 onun qon\u015fular\u0131na Az\u0259rbaycan qaz\u0131n\u0131n t\u0259chizat\u0131 daha da b\u00f6y\u00fck h\u0259cmd\u0259 m\u00fcmk\u00fcn olacaqd\u0131r.Haz\u0131rda bizim \u00fcmumi qaz ixrac\u0131m\u0131z 25 milyard kubmetr s\u0259viyy\u0259sind\u0259dir, bunun da yar\u0131s\u0131 Avropa \u00f6lk\u0259l\u0259rin\u0259 n\u0259ql edilir. Bu g\u00fcn Avropa \u0130ttifaq\u0131na \u00fczv 8 \u00f6lk\u0259 Az\u0259rbaycan qaz\u0131n\u0131 alaraq \u00f6z enerji t\u0259hl\u00fck\u0259sizliyini t\u0259min etmi\u015f olur.Slovakiya il\u0259 m\u00fcdafi\u0259 s\u0259nayesi sah\u0259sind\u0259 \u0259m\u0259kda\u015fl\u0131q imkanlar\u0131m\u0131z geni\u015fdir. Biz bu sah\u0259d\u0259 \u0259m\u0259kda\u015fl\u0131\u011f\u0131 s\u0259nayenin inki\u015faf\u0131 n\u00f6qteyi-n\u0259z\u0259rind\u0259n g\u00f6r\u00fcr\u00fck. Biz m\u00fcharib\u0259 aparmaq fikrind\u0259 deyilik. Y\u0259ni, bizim \u00fc\u00e7\u00fcn m\u00fcharib\u0259l\u0259r art\u0131q ke\u00e7mi\u015fd\u0259 qal\u0131r v\u0259 sad\u0259c\u0259 olaraq, burada bir sinergiyan\u0131n yarad\u0131lmas\u0131 \u00fc\u00e7\u00fcn Slovakiya texnologiyalar\u0131 il\u0259 Az\u0259rbaycan maliyy\u0259 imkanlar\u0131n\u0131 birl\u0259\u015fdir\u0259r\u0259k yeni m\u0259hsullar\u0131n istehsal\u0131 d\u00fcnya bazarlar\u0131 \u00fc\u00e7\u00fcn d\u0259 maraql\u0131 ola bil\u0259r. H\u0259m d\u0259 ki, bu, texnoloji inki\u015faf\u0131n da bir qolu olaraq biz\u0259 b\u00f6y\u00fck faydalar ver\u0259c\u0259kdir. Biz bu istiqam\u0259td\u0259 konkret layih\u0259l\u0259r \u00fcz\u0259rind\u0259 \u00e7al\u0131\u015f\u0131r\u0131q.D\u00fcz bir ay \u0259vv\u0259l &#8211; noyabr\u0131n 8-d\u0259 biz azadl\u0131q m\u00fcharib\u0259sind\u0259 Q\u0259l\u0259b\u0259nin be\u015finci ild\u00f6n\u00fcm\u00fcn\u00fc qeyd etmi\u015fdik v\u0259 f\u0259xri qonaqlar aras\u0131nda Slovakiyan\u0131n Ba\u015f nazirinin m\u00fcavini v\u0259 m\u00fcdafi\u0259 nazirini g\u00f6rm\u0259k x\u00fcsusi m\u0259mnunluq yaratm\u0131\u015fd\u0131r. Buna g\u00f6r\u0259 biz Slovakiya d\u00f6vl\u0259tin\u0259 v\u0259 h\u00f6kum\u0259tin\u0259 minn\u0259tdar\u0131q. Bu kimi jestl\u0259r bir daha onu g\u00f6st\u0259rir ki, biz, s\u00f6z\u00fcn \u0259sl m\u0259nas\u0131nda, dost \u00f6lk\u0259l\u0259rik. M\u00fcvafiq h\u00f6kum\u0259t n\u00fcmay\u0259nd\u0259l\u0259ri b\u00fct\u00fcn istiqam\u0259tl\u0259r \u00fczr\u0259 t\u0259limatlar\u0131 al\u0131b ki, g\u0259l\u0259c\u0259k ill\u0259rd\u0259 \u0259m\u0259kda\u015fl\u0131\u011f\u0131 daha da y\u00fcks\u0259k s\u0259viyy\u0259y\u0259 qald\u0131raq.Slovakiyan\u0131n u\u011furlu inki\u015faf\u0131 bizi \u00e7ox m\u0259mnun edir. \u00d6lk\u0259nizd\u0259 sabitlik, iqtisadi inki\u015faf h\u00f6km s\u00fcr\u00fcr. Slovakiya \u00e7ox g\u00fccl\u00fc s\u0259naye potensial\u0131na malikdir. X\u00fcsusil\u0259 Siz\u0259 r\u0259\u011fb\u0259t qazand\u0131ran odur ki, Slovakiya m\u00fcst\u0259qil xarici siyas\u0259t apar\u0131r. B\u0259zi hallarda buna g\u00f6r\u0259 m\u00fc\u0259yy\u0259n \u00e7\u0259tinlikl\u0259rl\u0259 d\u0259 \u00fczl\u0259\u015firsiniz. Ancaq bu, Sizi yolunuzdan d\u00f6nd\u0259rmir v\u0259 bizim b\u00f6lg\u0259mizd\u0259 Sizin \u00f6lk\u0259niz\u0259 v\u0259 r\u0259hb\u0259rliy\u0259 \u00e7ox b\u00f6y\u00fck h\u00f6rm\u0259t m\u00f6vcuddur.Biz, eyni zamanda, bu g\u00fcn \u015e\u0259rql\u0259 Q\u0259rb aras\u0131nda m\u00fc\u0259yy\u0259n bir k\u00f6rp\u00fc rolunu oynay\u0131r\u0131q. \u0130nfrastruktura, ba\u011flant\u0131lara, n\u0259qliyyat sektoruna qoydu\u011fumuz s\u0259rmay\u0259 bu g\u00fcn imkan verir ki, Az\u0259rbaycan \u015e\u0259rq-Q\u0259rb n\u0259qliyyat d\u0259hlizinin \u00f6n\u0259mli par\u00e7as\u0131na \u00e7evrilsin. Biz Orta D\u0259hliz layih\u0259sind\u0259 f\u0259al i\u015ftirak edirik. Orta Asiyan\u0131 Avropa il\u0259 birl\u0259\u015fdir\u0259n \u0259n etibarl\u0131 v\u0259 \u0259n t\u0259hl\u00fck\u0259siz mar\u015frut Az\u0259rbaycan \u0259razisind\u0259n ke\u00e7ir.G\u0259l\u0259c\u0259k ill\u0259rd\u0259 ba\u011flant\u0131lar v\u0259 n\u0259qliyyat sah\u0259sin\u0259 \u0259lav\u0259 v\u0259sait qoyaraq biz \u00f6z imkanlar\u0131m\u0131z\u0131 geni\u015fl\u0259ndir\u0259c\u0259yik. Hesab edir\u0259m ki, biz Slovakiya il\u0259 Az\u0259rbaycan aras\u0131ndak\u0131 \u0259laq\u0259l\u0259rin inki\u015faf\u0131nda bu sah\u0259ni d\u0259 diqq\u0259td\u0259n k\u0259narda qoymamal\u0131y\u0131q. \u00c7\u00fcnki bunun \u00e7ox b\u00f6y\u00fck potensial\u0131 vard\u0131r.Eyni zamanda, bu g\u00fcn biz informasiya texnologiyalar\u0131, data m\u0259rk\u0259zl\u0259rinin yarad\u0131lmas\u0131 haqq\u0131nda dan\u0131\u015fm\u0131\u015f\u0131q. Burada Az\u0259rbaycan\u0131n \u00fcst\u00fcnl\u00fcy\u00fc ondad\u0131r ki, bizd\u0259 kifay\u0259t q\u0259d\u0259r b\u00f6y\u00fck enerji potensial\u0131 var. Bu g\u00fcn Az\u0259rbaycanda istifad\u0259 olunmayan enerji potensial\u0131 t\u0259xmin\u0259n 2 giqavata b\u0259rab\u0259rdir v\u0259 n\u00f6vb\u0259ti be\u015f il \u0259rzind\u0259 bu, 8 giqavata \u00e7atd\u0131r\u0131lacaq. T\u0259bii ki, s\u00fcni intellekt v\u0259 data m\u0259rk\u0259zl\u0259rinin f\u0259aliyy\u0259ti \u00fc\u00e7\u00fcn enerji m\u0259nb\u0259yi \u0259sas amill\u0259rd\u0259n biridir. \u018flb\u0259tt\u0259 ki, iqlim d\u0259 burada \u00f6n\u0259mli amildir. Baxmayaraq, biz C\u0259nub \u00f6lk\u0259siyik, amma bizim \u00e7ox soyuq b\u00f6lg\u0259l\u0259rimiz d\u0259 var ki, orada ilin b\u00f6y\u00fck hiss\u0259sind\u0259 \u015faxtal\u0131 hava \u015f\u0259raiti m\u00f6vcuddur. Ona g\u00f6r\u0259 beyn\u0259lxalq data m\u0259rk\u0259zl\u0259ri hab\u0131 kimi biz \u00f6z rolumuzu g\u00f6r\u00fcr\u00fck v\u0259 Slovakiya \u015firk\u0259tl\u0259ri il\u0259 bu istiqam\u0259td\u0259 \u00e7al\u0131\u015fmaq fikrind\u0259yik.<\/p>\n<p>&nbsp;<\/p>\n<p>&nbsp;<\/p>\n<p>&nbsp;<\/p>\n<p>&nbsp;<\/p>\n<p>&nbsp;<\/p>\n<p>&nbsp;<\/p>\n","protected":false},"excerpt":{"rendered":"<p>Prezident \u0130lham \u018fliyevin 8 dekabr 2025-ci il Slovakiya s\u0259f\u0259ri zaman\u0131 m\u0259tbuata b\u0259yanatla \u00e7\u0131x\u0131\u015f edib. \u00d6lk\u0259 ba\u015f\u00e7\u0131s\u0131 \u00e7\u0131x\u0131\u015f\u0131nda bildiribki, Slovakiya v\u0259 Az\u0259rbaycan, s\u00f6z\u00fcn \u0259sl m\u0259nas\u0131nda, dost \u00f6lk\u0259l\u0259rdir v\u0259 strateji t\u0259r\u0259fda\u015flard\u0131r.Ke\u00e7\u0259n il Slovakiya v\u0259 Az\u0259rbaycan Strateji T\u0259r\u0259fda\u015fl\u0131q haqq\u0131nda Birg\u0259 B\u0259yannam\u0259 imzalam\u0131\u015flar. Bu, \u0259laq\u0259l\u0259rimizi \u0259n y\u00fcks\u0259k s\u0259viyy\u0259y\u0259 qald\u0131ran bir s\u0259n\u0259ddir v\u0259 o s\u0259n\u0259din imzalanmas\u0131ndan sonra biz b\u00fct\u00fcn istiqam\u0259tl\u0259r [&hellip;]<\/p>\n","protected":false},"author":2,"featured_media":0,"comment_status":"closed","ping_status":"closed","sticky":false,"template":"","format":"standard","meta":[],"categories":[10],"tags":[],"_links":{"self":[{"href":"https:\/\/yeniterter.az\/index.php?rest_route=\/wp\/v2\/posts\/30457"}],"collection":[{"href":"https:\/\/yeniterter.az\/index.php?rest_route=\/wp\/v2\/posts"}],"about":[{"href":"https:\/\/yeniterter.az\/index.php?rest_route=\/wp\/v2\/types\/post"}],"author":[{"embeddable":true,"href":"https:\/\/yeniterter.az\/index.php?rest_route=\/wp\/v2\/users\/2"}],"replies":[{"embeddable":true,"href":"https:\/\/yeniterter.az\/index.php?rest_route=%2Fwp%2Fv2%2Fcomments&post=30457"}],"version-history":[{"count":1,"href":"https:\/\/yeniterter.az\/index.php?rest_route=\/wp\/v2\/posts\/30457\/revisions"}],"predecessor-version":[{"id":30460,"href":"https:\/\/yeniterter.az\/index.php?rest_route=\/wp\/v2\/posts\/30457\/revisions\/30460"}],"wp:attachment":[{"href":"https:\/\/yeniterter.az\/index.php?rest_route=%2Fwp%2Fv2%2Fmedia&parent=30457"}],"wp:term":[{"taxonomy":"category","embeddable":true,"href":"https:\/\/yeniterter.az\/index.php?rest_route=%2Fwp%2Fv2%2Fcategories&post=30457"},{"taxonomy":"post_tag","embeddable":true,"href":"https:\/\/yeniterter.az\/index.php?rest_route=%2Fwp%2Fv2%2Ftags&post=30457"}],"curies":[{"name":"wp","href":"https:\/\/api.w.org\/{rel}","templated":true}]}}