{"id":30403,"date":"2025-11-19T11:24:14","date_gmt":"2025-11-19T08:24:14","guid":{"rendered":"https:\/\/yeniterter.az\/?p=30403"},"modified":"2025-11-19T11:28:37","modified_gmt":"2025-11-19T08:28:37","slug":"2025-konstitusiya-v%c9%99-suverenlik-ili","status":"publish","type":"post","link":"https:\/\/yeniterter.az\/?p=30403","title":{"rendered":"2025\u2013\u201dKONST\u0130TUS\u0130YA V\u018f SUVERENL\u0130K \u0130L\u0130\u201d"},"content":{"rendered":"<p style=\"text-align: center;\"><strong>\u201c\u00dcMUMM\u0130LL\u0130 L\u0130DER HEYD\u018fR \u018fL\u0130YEV M\u00dcST\u018fQ\u0130L AZ\u018fRBAYCAN KONST\u0130TUS\u0130YASININ M\u00dc\u018fLL\u0130F\u0130D\u0130R\u201d<\/strong><\/p>\n<p><em><strong><img decoding=\"async\" loading=\"lazy\" class=\" wp-image-30404 alignleft\" src=\"https:\/\/yeniterter.az\/wp-content\/uploads\/4b3fbbe4d1925299c430ca23411ddd3d-300x201.jpg\" alt=\"\" width=\"228\" height=\"153\" srcset=\"https:\/\/yeniterter.az\/wp-content\/uploads\/4b3fbbe4d1925299c430ca23411ddd3d-300x201.jpg 300w, https:\/\/yeniterter.az\/wp-content\/uploads\/4b3fbbe4d1925299c430ca23411ddd3d-1024x684.jpg 1024w, https:\/\/yeniterter.az\/wp-content\/uploads\/4b3fbbe4d1925299c430ca23411ddd3d-768x513.jpg 768w, https:\/\/yeniterter.az\/wp-content\/uploads\/4b3fbbe4d1925299c430ca23411ddd3d.jpg 1149w\" sizes=\"(max-width: 228px) 100vw, 228px\" \/><img decoding=\"async\" loading=\"lazy\" class=\"alignnone wp-image-30405\" src=\"https:\/\/yeniterter.az\/wp-content\/uploads\/071d3234b22fe85094962008a7d52df2-300x201.jpg\" alt=\"\" width=\"222\" height=\"149\" srcset=\"https:\/\/yeniterter.az\/wp-content\/uploads\/071d3234b22fe85094962008a7d52df2-300x201.jpg 300w, https:\/\/yeniterter.az\/wp-content\/uploads\/071d3234b22fe85094962008a7d52df2-1024x684.jpg 1024w, https:\/\/yeniterter.az\/wp-content\/uploads\/071d3234b22fe85094962008a7d52df2-768x513.jpg 768w, https:\/\/yeniterter.az\/wp-content\/uploads\/071d3234b22fe85094962008a7d52df2.jpg 1149w\" sizes=\"(max-width: 222px) 100vw, 222px\" \/><img decoding=\"async\" loading=\"lazy\" class=\"alignnone wp-image-30410\" src=\"https:\/\/yeniterter.az\/wp-content\/uploads\/61ea1e707b93d3bf8521d3aa171b78ca-300x201.jpg\" alt=\"\" width=\"243\" height=\"163\" srcset=\"https:\/\/yeniterter.az\/wp-content\/uploads\/61ea1e707b93d3bf8521d3aa171b78ca-300x201.jpg 300w, https:\/\/yeniterter.az\/wp-content\/uploads\/61ea1e707b93d3bf8521d3aa171b78ca-1024x684.jpg 1024w, https:\/\/yeniterter.az\/wp-content\/uploads\/61ea1e707b93d3bf8521d3aa171b78ca-768x513.jpg 768w, https:\/\/yeniterter.az\/wp-content\/uploads\/61ea1e707b93d3bf8521d3aa171b78ca.jpg 1149w\" sizes=\"(max-width: 243px) 100vw, 243px\" \/><\/strong><\/em><\/p>\n<p><em><strong>Bu m\u00f6vzuya h\u0259sr olunmu\u015f t\u0259dbird\u0259 T\u0259rt\u0259r Rayon \u0130cra Hakimiyy\u0259tinin ba\u015f\u00e7\u0131s\u0131 M\u00fcst\u0259qim M\u0259mm\u0259dov, h\u00fcquq m\u00fchafiz\u0259 orqanlar\u0131n\u0131n r\u0259hb\u0259rl\u0259ri, YAP rayon t\u0259\u015fkilat\u0131n\u0131n s\u0259dri Eldar \u018fs\u0259dov, idar\u0259, m\u00fc\u0259ssis\u0259, t\u0259\u015fkilat r\u0259hb\u0259rl\u0259ri, \u0130\u018fD \u00fczr\u0259 n\u00fcmay\u0259nd\u0259l\u0259r v\u0259 b\u0259l\u0259diyy\u0259 s\u0259drl\u0259ri i\u015ftirak edibl\u0259r.<\/strong><\/em><\/p>\n<p>T\u0259dbir i\u015ftirak\u00e7\u0131lar\u0131 \u0259vv\u0259lc\u0259 Ulu \u00d6nd\u0259r Heyd\u0259r \u018fliyevin m\u0259rk\u0259zi meydanda ucald\u0131lm\u0131\u015f abid\u0259sini ziyar\u0259t edib, \u00f6n\u00fcn\u0259 g\u00fcl d\u0259st\u0259l\u0259ri d\u00fcz\u00fcbl\u0259r.<br \/>\nT\u0259rt\u0259r Rayon \u0130cra Hakimiyy\u0259tinin iclas zal\u0131nda davam ed\u0259n t\u0259dbir D\u00f6vl\u0259t Himninin s\u0259sl\u0259ndirilm\u0259si il\u0259 ba\u015flay\u0131b. Sonra \u00dcmummilli lider Heyd\u0259r \u018fliyevin v\u0259 torpaqlar\u0131m\u0131z\u0131n suverenliyi u\u011frunda canlar\u0131ndan ke\u00e7mi\u015f \u015f\u0259hidl\u0259rin xatir\u0259si bir d\u0259qiq\u0259lik s\u00fckutla yad edilib.<br \/>\nT\u0259rt\u0259r Rayon \u0130cra Hakimiyy\u0259tinin ba\u015f\u00e7\u0131s\u0131 M\u00fcst\u0259qim M\u0259mm\u0259dov \u00e7\u0131x\u0131\u015f ed\u0259r\u0259k, \u0259vv\u0259lc\u0259 qarda\u015f T\u00fcrkiy\u0259nin h\u0259rbi t\u0259yyar\u0259sinin q\u0259zaya u\u011framas\u0131 n\u0259tic\u0259sind\u0259 \u015f\u0259hid olanlar\u0131n xatir\u0259sini bir d\u0259qiq\u0259lik s\u00fckutla yad edilm\u0259sini t\u0259klif edib, onlara Ulu Tanr\u0131dan r\u0259hm\u0259t dil\u0259yib.<br \/>\nRayon r\u0259hb\u0259ri qeyd edib ki, Heyd\u0259r \u018fliyevin ikinci d\u0259f\u0259 siyasi hakimiyy\u0259t\u0259 g\u0259li\u015fi n\u0259inki Az\u0259rbaycan\u0131, b\u00fct\u00f6v bir xalq\u0131 m\u0259hv olmaq t\u0259hl\u00fck\u0259sind\u0259n xilas etdi. 1993-c\u00fc ilin iyun hadis\u0259l\u0259rin\u0259 qiym\u0259t verm\u0259yi bacaran h\u0259r bir insan d\u0259rind\u0259n d\u0259rk edir ki, Ulu \u00d6nd\u0259r o d\u00f6vrd\u0259 qarda\u015f q\u0131r\u011f\u0131n\u0131n\u0131n, v\u0259t\u0259nda\u015f m\u00fcharib\u0259sinin qar\u015f\u0131s\u0131n\u0131 alma\u011fa h\u0259yat\u0131n\u0131 t\u0259hl\u00fck\u0259y\u0259 atmaqla, \u00f6l\u00fcmd\u0259n \u00e7\u0259kinm\u0259y\u0259r\u0259k nail oldu.<br \/>\nHeyd\u0259r \u018fliyev demokratik h\u00fcquqi d\u00f6vl\u0259t qurmaq, k\u00f6kl\u00fc islahatlar aparmaq \u00fc\u00e7\u00fcn ilk n\u00f6vb\u0259d\u0259 \u00f6lk\u0259d\u0259 ictimai-siyasi sabitliyi, qanun\u00e7ulu\u011fu b\u0259rq\u0259rar etdi, c\u0259miyy\u0259td\u0259 h\u00f6km s\u00fcr\u0259n h\u0259rc-m\u0259rcliy\u0259 v\u0259 \u00f6zba\u015f\u0131nal\u0131\u011fa bird\u0259f\u0259lik son qoydu.<!--more--><br \/>\nUlu \u00d6nd\u0259r Heyd\u0259r \u018fliyevin Konstitusiyan\u0131n haz\u0131rlanmas\u0131nda, q\u0259bul edilm\u0259sind\u0259 g\u0259rgin li-derlik \u0259m\u0259yi v\u0259 t\u00f6hf\u0259si dan\u0131lmaz-d\u0131r.<br \/>\nKonstitusiyan\u0131n q\u0259bulu d\u00f6vl\u0259t\u00e7iliyimizin m\u00f6hk\u0259ml\u0259ndirilm\u0259si, Az\u0259rbaycan\u0131n d\u00fcnya birliyind\u0259 n\u00fcfuzunun daha da artmas\u0131 bax\u0131-m\u0131ndan \u00e7ox m\u00fch\u00fcm ictimai-siyasi hadis\u0259 kimi qiym\u0259tl\u0259ndirilm\u0259lidir. Konstitusiyan\u0131n q\u0259bulu yaln\u0131z yeni ictimai sistemin h\u00fcquqi tan\u0131nmas\u0131n\u0131 t\u0259sdiq ed\u0259n fakt deyil, \u00f6lk\u0259mizin inki\u015faf\u0131n\u0131n prinsipc\u0259 yeni m\u0259rh\u0259l\u0259y\u0259 q\u0259d\u0259m qoymas\u0131n\u0131n g\u00f6st\u0259ricisi idi. Bu m\u0259rh\u0259l\u0259 is\u0259 ilk n\u00f6vb\u0259d\u0259 siyasi sistemin m\u0259rk\u0259zind\u0259 insan\u0131n v\u0259 v\u0259t\u0259nda\u015f\u0131n, onun h\u00fcquq v\u0259 azadl\u0131qlar\u0131n\u0131n, demokratik v\u0259 h\u00fcquqi d\u00f6vl\u0259t ideallar\u0131n\u0131n durmas\u0131 il\u0259 s\u0259ciyy\u0259l\u0259nir.<br \/>\n1995-ci ilin may\u0131nda Ulu \u00d6nd\u0259r Heyd\u0259r \u018fliyevin s\u0259drliyi il\u0259 Konstitusiya Komissiyas\u0131 formala\u015fd\u0131r\u0131ld\u0131. Komissiyan\u0131n haz\u0131rlad\u0131\u011f\u0131 bitkin, \u0259hat\u0259li Konstitusiya layih\u0259si 1995-ci ilin oktyabr\u0131nda \u00fcmumxalq m\u00fczakir\u0259sin\u0259 verildi. M\u00fcst\u0259qil Az\u0259rbaycan Respublikas\u0131n\u0131n ilk Konstitusiyas\u0131 1995-ci il noyabr\u0131n 12-d\u0259 \u00fcmumxalq s\u0259sverm\u0259sin\u0259 \u00e7\u0131xar\u0131ld\u0131. Referendumda se\u00e7icil\u0259rin 86 faizi i\u015ftirak etdi v\u0259 onlar\u0131n 91,9 faizi Konstitusiyan\u0131n q\u0259bul edilm\u0259sinin le-hin\u0259 s\u0259s verdi. \u018fsas Qanun noyabr\u0131n 27-d\u0259 h\u00fcquqi q\u00fcvv\u0259y\u0259 mindi.<br \/>\nRayon r\u0259hb\u0259ri \u00e7\u0131x\u0131\u015f\u0131nda 44 g\u00fcnl\u00fck V\u0259t\u0259n m\u00fcharib\u0259sind\u0259 qazan\u0131lan q\u0259l\u0259b\u0259d\u0259n, torpaqlar\u0131m\u0131z\u0131n suverenliyinin tam b\u0259rpa olunmas\u0131ndan, respublika Prezidentinin S\u0259r\u0259ncam\u0131 il\u0259 2025-ci ilin \u201cKonstitusiya v\u0259 Suverenlik \u0130li\u201d elan edilm\u0259sind\u0259n, m\u00fcst\u0259qil Az\u0259rbaycan\u0131n beyn\u0259lxalq al\u0259md\u0259 s\u00f6z sahibin\u0259 \u00e7evrilm\u0259sind\u0259n, i\u015f-\u011faldan azad edil\u0259n \u0259razil\u0259rd\u0259 apar\u0131lan yenid\u0259nqurma i\u015fl\u0259rind\u0259n d\u0259 dan\u0131\u015f\u0131b.<br \/>\nSonra rayon M\u0259hk\u0259m\u0259sinin s\u0259dri Tahir Qubadov, YAP rayon t\u0259\u015fkilat\u0131n\u0131n s\u0259dri Eldar \u018fs\u0259dov, rayon prokurorunun k\u00f6m\u0259k\u00e7isi, 3-c\u00fc d\u0259r\u0259c\u0259li h\u00fcquq\u015f\u00fcnas Az\u0259r C\u0259f\u0259rov, \u015f\u0259h\u0259r 5 sayl\u0131 tam orta m\u0259kt\u0259bin tarix m\u00fc\u0259llimi Nigar V\u0259liyeva \u00e7\u0131x\u0131\u015f edibl\u0259r. \u00c7\u0131x\u0131\u015flarda bir fikir vur\u011fulan\u0131b: \u201c\u00dcmummilli Lider Heyd\u0259r \u018fliyev m\u00fcst\u0259qil Az\u0259rbaycan Konstitusiyas\u0131n\u0131n m\u00fc\u0259llifidir\u201d.<\/p>\n<p>&nbsp;<\/p>\n","protected":false},"excerpt":{"rendered":"<p>\u201c\u00dcMUMM\u0130LL\u0130 L\u0130DER HEYD\u018fR \u018fL\u0130YEV M\u00dcST\u018fQ\u0130L AZ\u018fRBAYCAN KONST\u0130TUS\u0130YASININ M\u00dc\u018fLL\u0130F\u0130D\u0130R\u201d Bu m\u00f6vzuya h\u0259sr olunmu\u015f t\u0259dbird\u0259 T\u0259rt\u0259r Rayon \u0130cra Hakimiyy\u0259tinin ba\u015f\u00e7\u0131s\u0131 M\u00fcst\u0259qim M\u0259mm\u0259dov, h\u00fcquq m\u00fchafiz\u0259 orqanlar\u0131n\u0131n r\u0259hb\u0259rl\u0259ri, YAP rayon t\u0259\u015fkilat\u0131n\u0131n s\u0259dri Eldar \u018fs\u0259dov, idar\u0259, m\u00fc\u0259ssis\u0259, t\u0259\u015fkilat r\u0259hb\u0259rl\u0259ri, \u0130\u018fD \u00fczr\u0259 n\u00fcmay\u0259nd\u0259l\u0259r v\u0259 b\u0259l\u0259diyy\u0259 s\u0259drl\u0259ri i\u015ftirak edibl\u0259r. T\u0259dbir i\u015ftirak\u00e7\u0131lar\u0131 \u0259vv\u0259lc\u0259 Ulu \u00d6nd\u0259r Heyd\u0259r \u018fliyevin m\u0259rk\u0259zi meydanda ucald\u0131lm\u0131\u015f abid\u0259sini ziyar\u0259t edib, [&hellip;]<\/p>\n","protected":false},"author":2,"featured_media":0,"comment_status":"closed","ping_status":"closed","sticky":false,"template":"","format":"standard","meta":[],"categories":[30],"tags":[],"_links":{"self":[{"href":"https:\/\/yeniterter.az\/index.php?rest_route=\/wp\/v2\/posts\/30403"}],"collection":[{"href":"https:\/\/yeniterter.az\/index.php?rest_route=\/wp\/v2\/posts"}],"about":[{"href":"https:\/\/yeniterter.az\/index.php?rest_route=\/wp\/v2\/types\/post"}],"author":[{"embeddable":true,"href":"https:\/\/yeniterter.az\/index.php?rest_route=\/wp\/v2\/users\/2"}],"replies":[{"embeddable":true,"href":"https:\/\/yeniterter.az\/index.php?rest_route=%2Fwp%2Fv2%2Fcomments&post=30403"}],"version-history":[{"count":5,"href":"https:\/\/yeniterter.az\/index.php?rest_route=\/wp\/v2\/posts\/30403\/revisions"}],"predecessor-version":[{"id":30412,"href":"https:\/\/yeniterter.az\/index.php?rest_route=\/wp\/v2\/posts\/30403\/revisions\/30412"}],"wp:attachment":[{"href":"https:\/\/yeniterter.az\/index.php?rest_route=%2Fwp%2Fv2%2Fmedia&parent=30403"}],"wp:term":[{"taxonomy":"category","embeddable":true,"href":"https:\/\/yeniterter.az\/index.php?rest_route=%2Fwp%2Fv2%2Fcategories&post=30403"},{"taxonomy":"post_tag","embeddable":true,"href":"https:\/\/yeniterter.az\/index.php?rest_route=%2Fwp%2Fv2%2Ftags&post=30403"}],"curies":[{"name":"wp","href":"https:\/\/api.w.org\/{rel}","templated":true}]}}