{"id":30278,"date":"2025-10-20T09:56:02","date_gmt":"2025-10-20T06:56:02","guid":{"rendered":"https:\/\/yeniterter.az\/?p=30278"},"modified":"2025-10-20T09:56:02","modified_gmt":"2025-10-20T06:56:02","slug":"ail%c9%99-v%c9%99-m%c9%99kt%c9%99b-%c9%99m%c9%99kdasliginin-rolu-milli-d%c9%99y%c9%99rl%c9%99rin-qorunmasi-v%c9%99-ail%c9%99m-h%c9%99yat-m%c9%99kt%c9%99bim-m%c9%99kt","status":"publish","type":"post","link":"https:\/\/yeniterter.az\/?p=30278","title":{"rendered":"\u201cAil\u0259 v\u0259 m\u0259kt\u0259b \u0259m\u0259kda\u015fl\u0131\u011f\u0131n\u0131n rolu: milli d\u0259y\u0259rl\u0259rin qorunmas\u0131\u201d v\u0259 \u201cAil\u0259m-h\u0259yat  m\u0259kt\u0259bim&#8230; M\u0259kt\u0259bim\u2013do\u011fma ail\u0259m\u201d m\u00f6vzular\u0131nda t\u0259dbir ke\u00e7irilib"},"content":{"rendered":"<p><img decoding=\"async\" loading=\"lazy\" class=\" wp-image-30279 alignright\" src=\"https:\/\/yeniterter.az\/wp-content\/uploads\/729d3c7317c37a03101e05594a8b1281-300x199.jpg\" alt=\"\" width=\"213\" height=\"141\" srcset=\"https:\/\/yeniterter.az\/wp-content\/uploads\/729d3c7317c37a03101e05594a8b1281-300x199.jpg 300w, https:\/\/yeniterter.az\/wp-content\/uploads\/729d3c7317c37a03101e05594a8b1281-1024x681.jpg 1024w, https:\/\/yeniterter.az\/wp-content\/uploads\/729d3c7317c37a03101e05594a8b1281-768x511.jpg 768w, https:\/\/yeniterter.az\/wp-content\/uploads\/729d3c7317c37a03101e05594a8b1281.jpg 1280w\" sizes=\"(max-width: 213px) 100vw, 213px\" \/>T\u0259rt\u0259r \u015f\u0259h\u0259r \u0130smay\u0131l M\u0259mm\u0259dov ad\u0131na 2 n\u00f6mr\u0259li m\u0259kt\u0259b-liseyd\u0259 v\u0259 Rafiq Nuriyev ad\u0131na 6 n\u00f6mr\u0259li tam orta m\u0259kt\u0259bl\u0259rd\u0259 ke\u00e7iril\u0259n t\u0259dbirl\u0259rd\u0259 T\u0259rt\u0259r Rayon \u0130cra Hakimiyy\u0259ti Ba\u015f\u00e7\u0131s\u0131 aparat\u0131nda Yetkinlik ya\u015f\u0131na \u00e7atmayanlar\u0131n i\u015fl\u0259ri v\u0259 h\u00fcquqlar\u0131n\u0131n m\u00fcdafi\u0259si \u00fczr\u0259 komissiyan\u0131n m\u0259sul katibi R\u0259van H\u0259s\u0259nov, \u201cU\u015faqlar\u0131n G\u0259l\u0259c\u0259yi Namin\u0259\u201d \u0130B-nin s\u0259dri K\u00f6n\u00fcl Quliyeva, Milli M\u0259d\u0259niyy\u0259tin T\u0259bli\u011fi \u0130Bnin s\u0259dri Jal\u0259 C\u0259f\u0259rova, 2 n\u00f6mr\u0259li m\u0259kt\u0259b-liseyin direktoru G\u00fclar\u0259 \u018fl\u0259kb\u0259rova v\u0259 6 n\u00f6mr\u0259li tam orta m\u0259kt\u0259bin direktoru R\u00fcf\u0259t \u0130smay\u0131lov, m\u00fc\u0259llim kollektivi, \u015fagirdl\u0259r v\u0259 valideynl\u0259r i\u015ftirak edibl\u0259r.<br \/>\n\u201cMilli-m\u0259n\u0259vi d\u0259y\u0259rl\u0259rin ara\u015fd\u0131r\u0131lmas\u0131nda m\u0259kt\u0259b v\u0259 ail\u0259nin rolu\u201d layih\u0259si haqq\u0131nda m\u0259lumatlar, h\u0259m\u00e7inin t\u0259dbirin m\u0259qs\u0259dind\u0259n, milli-m\u0259n\u0259vi d\u0259y\u0259rl\u0259rin qo-runmas\u0131nda u\u015faqlar\u0131m\u0131z\u0131n, yeniyetm\u0259l\u0259rimizin v\u0259 g\u0259ncl\u0259rimizin milli ruhda t\u0259rbiy\u0259 olunmas\u0131n\u0131n rolundan, m\u0259kt\u0259b-ail\u0259 m\u00fcnasib\u0259tinin g\u00fccl\u0259ndirilm\u0259sind\u0259n\u00a0 dan\u0131\u015f\u0131l\u0131b. M\u00f6vzu \u0259traf\u0131nda m\u00fczakir\u0259l\u0259r apar\u0131l\u0131b.<br \/>\nT\u0259dbirin sonunda i\u015ftirak\u00e7\u0131lar\u0131 maraqland\u0131ran suallar cavabland\u0131r\u0131l\u0131b.<\/p>\n","protected":false},"excerpt":{"rendered":"<p>T\u0259rt\u0259r \u015f\u0259h\u0259r \u0130smay\u0131l M\u0259mm\u0259dov ad\u0131na 2 n\u00f6mr\u0259li m\u0259kt\u0259b-liseyd\u0259 v\u0259 Rafiq Nuriyev ad\u0131na 6 n\u00f6mr\u0259li tam orta m\u0259kt\u0259bl\u0259rd\u0259 ke\u00e7iril\u0259n t\u0259dbirl\u0259rd\u0259 T\u0259rt\u0259r Rayon \u0130cra Hakimiyy\u0259ti Ba\u015f\u00e7\u0131s\u0131 aparat\u0131nda Yetkinlik ya\u015f\u0131na \u00e7atmayanlar\u0131n i\u015fl\u0259ri v\u0259 h\u00fcquqlar\u0131n\u0131n m\u00fcdafi\u0259si \u00fczr\u0259 komissiyan\u0131n m\u0259sul katibi R\u0259van H\u0259s\u0259nov, \u201cU\u015faqlar\u0131n G\u0259l\u0259c\u0259yi Namin\u0259\u201d \u0130B-nin s\u0259dri K\u00f6n\u00fcl Quliyeva, Milli M\u0259d\u0259niyy\u0259tin T\u0259bli\u011fi \u0130Bnin s\u0259dri Jal\u0259 C\u0259f\u0259rova, 2 n\u00f6mr\u0259li m\u0259kt\u0259b-liseyin [&hellip;]<\/p>\n","protected":false},"author":2,"featured_media":0,"comment_status":"closed","ping_status":"closed","sticky":false,"template":"","format":"standard","meta":[],"categories":[30],"tags":[],"_links":{"self":[{"href":"https:\/\/yeniterter.az\/index.php?rest_route=\/wp\/v2\/posts\/30278"}],"collection":[{"href":"https:\/\/yeniterter.az\/index.php?rest_route=\/wp\/v2\/posts"}],"about":[{"href":"https:\/\/yeniterter.az\/index.php?rest_route=\/wp\/v2\/types\/post"}],"author":[{"embeddable":true,"href":"https:\/\/yeniterter.az\/index.php?rest_route=\/wp\/v2\/users\/2"}],"replies":[{"embeddable":true,"href":"https:\/\/yeniterter.az\/index.php?rest_route=%2Fwp%2Fv2%2Fcomments&post=30278"}],"version-history":[{"count":1,"href":"https:\/\/yeniterter.az\/index.php?rest_route=\/wp\/v2\/posts\/30278\/revisions"}],"predecessor-version":[{"id":30280,"href":"https:\/\/yeniterter.az\/index.php?rest_route=\/wp\/v2\/posts\/30278\/revisions\/30280"}],"wp:attachment":[{"href":"https:\/\/yeniterter.az\/index.php?rest_route=%2Fwp%2Fv2%2Fmedia&parent=30278"}],"wp:term":[{"taxonomy":"category","embeddable":true,"href":"https:\/\/yeniterter.az\/index.php?rest_route=%2Fwp%2Fv2%2Fcategories&post=30278"},{"taxonomy":"post_tag","embeddable":true,"href":"https:\/\/yeniterter.az\/index.php?rest_route=%2Fwp%2Fv2%2Ftags&post=30278"}],"curies":[{"name":"wp","href":"https:\/\/api.w.org\/{rel}","templated":true}]}}