{"id":30109,"date":"2025-08-28T13:13:39","date_gmt":"2025-08-28T10:13:39","guid":{"rendered":"https:\/\/yeniterter.az\/?p=30109"},"modified":"2025-08-28T13:13:39","modified_gmt":"2025-08-28T10:13:39","slug":"az%c9%99rbaycan-butun-bolg%c9%99-olk%c9%99l%c9%99ri-arasinda-regional-%c9%99m%c9%99kdasligi-gucl%c9%99ndirm%c9%99k-ucun-h%c9%99r-seyi-ed%c9%99c%c9%99k","status":"publish","type":"post","link":"https:\/\/yeniterter.az\/?p=30109","title":{"rendered":"Az\u0259rbaycan b\u00fct\u00fcn b\u00f6lg\u0259 \u00f6lk\u0259l\u0259ri aras\u0131nda regional \u0259m\u0259kda\u015fl\u0131\u011f\u0131 g\u00fccl\u0259ndirm\u0259k \u00fc\u00e7\u00fcn h\u0259r \u015feyi ed\u0259c\u0259k"},"content":{"rendered":"<p><img decoding=\"async\" loading=\"lazy\" class=\" wp-image-30110 alignright\" src=\"https:\/\/yeniterter.az\/wp-content\/uploads\/540619762_632616509902813_5080373992598031812_n-300x197.jpg\" alt=\"\" width=\"335\" height=\"220\" srcset=\"https:\/\/yeniterter.az\/wp-content\/uploads\/540619762_632616509902813_5080373992598031812_n-300x197.jpg 300w, https:\/\/yeniterter.az\/wp-content\/uploads\/540619762_632616509902813_5080373992598031812_n-768x503.jpg 768w, https:\/\/yeniterter.az\/wp-content\/uploads\/540619762_632616509902813_5080373992598031812_n.jpg 824w\" sizes=\"(max-width: 335px) 100vw, 335px\" \/>Prezident \u0130lham \u018fliyev \u201c\u018fl-\u018fr\u0259biyy\u0259\u201d telekanal\u0131na m\u00fcsahib\u0259 verib.D\u00f6vl\u0259t ba\u015f\u00e7\u0131s\u0131 bildirib ki, avqustun 8-d\u0259 Va\u015finqtonda ba\u015f ver\u0259n hadis\u0259l\u0259r qar\u015f\u0131durman\u0131n v\u0259 g\u0259rginliyin sonu dem\u0259kdir.<\/p>\n<p>44 g\u00fcnl\u00fck V\u0259t\u0259n m\u00fcharib\u0259si n\u0259tic\u0259sind\u0259 Az\u0259rbaycan \u0259dal\u0259ti, beyn\u0259lxalq h\u00fcququ v\u0259 \u00f6z l\u0259yaq\u0259tini b\u0259rpa etdi, torpaqlar\u0131n\u0131 geri qaytard\u0131.<\/p>\n<p>Bundan sonra prosesd\u0259 m\u00fc\u0259yy\u0259n bir bo\u015fluq yarand\u0131, \u00e7\u00fcnki o zaman vasit\u0259\u00e7il\u0259r art\u0131q hans\u0131 add\u0131m\u0131 atmal\u0131 olduqlar\u0131n\u0131 bilmirdil\u0259r v\u0259 m\u0259hz Az\u0259rbaycan Erm\u0259nistanla s\u00fclh prosesin\u0259 ba\u015flama\u011f\u0131 t\u0259klif etdi. Yen\u0259 d\u0259 m\u0259hz biz dan\u0131\u015f\u0131qlar format\u0131n\u0131n t\u0259\u015f\u0259bb\u00fcskar\u0131 olduq. Biz s\u00fclh sazi\u015finin layih\u0259sini t\u0259qdim etdik. \u018fslind\u0259, avqustun 8-d\u0259 Va\u015finqtonda paraflanm\u0131\u015f s\u0259n\u0259d Erm\u0259nistan\u2013Az\u0259rbaycan m\u00fcnasib\u0259tl\u0259rinin d\u00f6vl\u0259tl\u0259raras\u0131 \u00e7\u0259r\u00e7iv\u0259d\u0259 nec\u0259 qurulmal\u0131 oldu\u011fu bar\u0259d\u0259 Az\u0259rbaycan\u0131n bax\u0131\u015f\u0131na \u0259saslan\u0131r.<\/p>\n<p>Dan\u0131\u015f\u0131qlar bir ne\u00e7\u0259 il davam etdi v\u0259 n\u0259hay\u0259t Va\u015finqtonda Prezident Tramp\u0131n v\u0259 onun komandas\u0131n\u0131n b\u00f6y\u00fck d\u0259st\u0259yi il\u0259 ba\u015fa \u00e7atd\u0131. Bu, m\u00fcnaqi\u015f\u0259nin, m\u00fcharib\u0259nin sonudur. Formal olaraq s\u00fclh sazi\u015finin imzalanmamas\u0131n\u0131n bir x\u00fcsusi s\u0259b\u0259bi var &#8211; Erm\u0259nistan konstitusiyas\u0131nda Az\u0259rbaycan\u0131n \u0259razi b\u00fct\u00f6vl\u00fcy\u00fcn\u00fc h\u0259l\u0259 d\u0259 \u015f\u00fcbh\u0259 alt\u0131na alan m\u00fcdd\u0259a m\u00f6vcuddur.<\/p>\n<p>Bildiyimiz q\u0259d\u0259r, onlar h\u0259min m\u00fcdd\u0259aya d\u0259yi\u015fiklik ed\u0259c\u0259kl\u0259r. El\u0259 ki, bu d\u0259yi\u015fiklik olundu, y\u0259ni, Az\u0259rbaycan\u0131n \u0259razi b\u00fct\u00f6vl\u00fcy\u00fcn\u0259 qar\u015f\u0131 iddialar onlar\u0131n konstitusiyas\u0131ndan \u00e7\u0131xar\u0131ld\u0131, formal olaraq s\u00fclh sazi\u015fi d\u0259 imzalanacaq.<\/p>\n<p>Lakin fakt budur ki, Az\u0259rbaycan v\u0259 Erm\u0259nistan\u0131n A\u011f Evd\u0259 Prezident Tramp\u0131n i\u015ftirak\u0131 il\u0259 bu s\u0259n\u0259di paraflamas\u0131 m\u00fcharib\u0259nin ba\u015fa \u00e7atd\u0131\u011f\u0131n\u0131 g\u00f6st\u0259rir. Bu, m\u0259rh\u0259l\u0259l\u0259rl\u0259 30 ild\u0259n art\u0131q davam ed\u0259n m\u00fcharib\u0259nin sonudur v\u0259 h\u0259m C\u0259nubi Qafqaz regionu, h\u0259m d\u0259 daha geni\u015f m\u0259nada M\u0259rk\u0259zi Asiya v\u0259 Yax\u0131n \u015e\u0259rq \u00fc\u00e7\u00fcn tamamil\u0259 yeni imkanlar a\u00e7\u0131r.<\/p>\n<p>\u00dcmid edir\u0259m ki, proses\u0259 he\u00e7 bir m\u00fcdaxil\u0259 olmayacaq. Lakin yen\u0259 d\u0259 m\u0259nd\u0259 y\u00fcz faiz z\u0259man\u0259t yoxdur, \u00e7\u00fcnki Erm\u0259nistan\u0131n daxili siyas\u0259ti bar\u0259d\u0259 tam m\u0259lumatl\u0131 deyil\u0259m. Bilirik ki, g\u0259l\u0259n yay Erm\u0259nistanda parlament se\u00e7kil\u0259ri ke\u00e7iril\u0259c\u0259k. H\u0259m\u00e7inin bilirik ki, onlar yeni konstitusiya layih\u0259si \u00fcz\u0259rind\u0259 i\u015fl\u0259yirl\u0259r. Lakin g\u00fccl\u00fc xarici m\u00fcdaxil\u0259 olarsa, b\u0259li, bu, raz\u0131la\u015fmalar\u0131 poza bil\u0259r. Amma bu, Erm\u0259nistan\u0131n \u00f6z\u00fc \u00fc\u00e7\u00fcn \u00e7ox z\u0259r\u0259rli olar, \u00e7\u00fcnki Va\u015finqtonda s\u0259n\u0259dl\u0259rin kim t\u0259r\u0259find\u0259n imzalanmas\u0131ndan as\u0131l\u0131 olmayaraq, onlar Erm\u0259nistan\u0131n ad\u0131ndan Erm\u0259nistan lideri t\u0259r\u0259find\u0259n imzalan\u0131b. \u018fg\u0259r orada h\u0259r hans\u0131 d\u0259yi\u015fiklik ba\u015f ver\u0259rs\u0259 v\u0259 imzalanm\u0131\u015f s\u0259n\u0259dd\u0259n geri add\u0131m at\u0131larsa, bu, Erm\u0259nistan il\u0259 AB\u015e aras\u0131ndak\u0131 m\u00fcnasib\u0259tl\u0259ri ciddi \u015f\u0259kild\u0259 pisl\u0259\u015fdir\u0259r. Bu, yaln\u0131z AB\u015e-a aid deyil, beyn\u0259lxalq ictimaiyy\u0259t, Avropa \u0130ttifaq\u0131, T\u00fcrkiy\u0259 v\u0259 \u0259r\u0259b \u00f6lk\u0259l\u0259rind\u0259ki dostlar\u0131m\u0131z da bu prosesi d\u0259st\u0259kl\u0259dil\u0259r.<!--more--><\/p>\n<p>Bel\u0259likl\u0259, b\u00fct\u00fcn beyn\u0259lxalq ictimaiyy\u0259t bu hadis\u0259ni m\u00fcsb\u0259t qar\u015f\u0131lad\u0131 v\u0259 raz\u0131la\u015fman\u0131 pozmaq b\u00fct\u00fcn d\u00fcnyaya qar\u015f\u0131 \u00e7\u0131xmaq dem\u0259kdir. Onlar bundan n\u0259 qazanacaqlar? Va\u015finqtonda imzalanan s\u0259n\u0259d Erm\u0259nistan \u00fc\u00e7\u00fcn s\u00fclh\u0259 v\u0259 sabit inki\u015fafa z\u0259man\u0259tdir.<\/p>\n<p>Prezident bildirib ki, regiondak\u0131 g\u00fcc balans\u0131 h\u0259r bax\u0131mdan tamamil\u0259 bizim xeyrimiz\u0259dir. D\u00fc\u015f\u00fcn\u00fcr\u0259m ki, bu, h\u0259r k\u0259s\u0259 ayd\u0131nd\u0131r. \u018fg\u0259r Erm\u0259nistan bir daha bizim \u0259razi b\u00fct\u00f6vl\u00fcy\u00fcm\u00fcz\u00fc \u015f\u00fcbh\u0259 alt\u0131na qoysa, biz d\u0259 adekvat cavab ver\u0259c\u0259yik.<\/p>\n<p>Va\u015finqtonda imzalanan s\u0259n\u0259din \u0259h\u0259miyy\u0259ti ondan ibar\u0259tdir ki, h\u0259r iki t\u0259r\u0259f bir-birinin \u0259razi b\u00fct\u00f6vl\u00fcy\u00fcn\u00fc tan\u0131y\u0131r v\u0259 g\u0259l\u0259c\u0259k t\u0259maslar\u0131n\u0131 beyn\u0259lxalq h\u00fcququn bu fundamental tezisi \u0259sas\u0131nda planla\u015fd\u0131racaq.<\/p>\n<p>\u018fg\u0259r onlar bizim \u0259razi b\u00fct\u00f6vl\u00fcy\u00fcm\u00fcz\u00fc tan\u0131maqdan imtina ets\u0259l\u0259r, biz d\u0259 onlar\u0131n \u0259razi b\u00fct\u00f6vl\u00fcy\u00fcn\u00fc tan\u0131maqdan imtina ed\u0259c\u0259yik. Burada kim qazanacaq, kim uduzacaq? M\u0259nc\u0259, bu, ritorik suald\u0131r. Ona g\u00f6r\u0259 hesab edir\u0259m ki, Erm\u0259nistan\u0131n ist\u0259nil\u0259n g\u0259l\u0259c\u0259k h\u00f6kum\u0259tind\u0259 kifay\u0259t q\u0259d\u0259r m\u00fcdriklik, a\u011flabatan yana\u015fma olacaq ki, Va\u015finqtonda raz\u0131la\u015fd\u0131\u011f\u0131m\u0131z\u0131 \u015f\u00fcbh\u0259 alt\u0131na almas\u0131n. Bir daha qeyd edir\u0259m ki, bu, iki d\u00f6vl\u0259t aras\u0131nda raz\u0131la\u015fmad\u0131r. Bu, Pa\u015finyan il\u0259 m\u0259nim raz\u0131la\u015fmam\u0131z deyil.<\/p>\n<p>Diqq\u0259t\u0259 \u00e7atd\u0131r\u0131l\u0131b ki, Minsk qrupunun l\u0259\u011fvi Az\u0259rbaycan t\u0259r\u0259find\u0259n dan\u0131\u015f\u0131qlar\u0131n ilkin m\u0259rh\u0259l\u0259l\u0259rind\u0259 ir\u0259li s\u00fcr\u00fclm\u00fc\u015f \u015f\u0259rtl\u0259rd\u0259n biri idi.<\/p>\n<p>Bizim m\u0259ntiqimiz bundan ibar\u0259t idi ki, Minsk qrupu 1992-ci ild\u0259 AT\u018fM t\u0259r\u0259find\u0259n Qaraba\u011f m\u00fcnaqi\u015f\u0259sinin h\u0259lli \u00fc\u00e7\u00fcn yarad\u0131lm\u0131\u015fd\u0131. Erm\u0259nistan r\u0259smi \u015f\u0259kild\u0259 Qaraba\u011f\u0131 Az\u0259rbaycan\u0131n hiss\u0259si kimi tan\u0131d\u0131\u011f\u0131n\u0131 v\u0259 m\u00fcnaqi\u015f\u0259nin ba\u015fa \u00e7atd\u0131\u011f\u0131n\u0131 bildirdiyi halda, Minsk qrupunun h\u00fcquqi m\u00f6vcudlu\u011fu absurddur. \u018fg\u0259r onu saxlamaqda israrl\u0131 olsalar, bu, onlar\u0131n Qaraba\u011fla ba\u011fl\u0131 h\u0259l\u0259 d\u0259 \u0259razi iddialar\u0131n\u0131n oldu\u011funu g\u00f6st\u0259rir. Bu, m\u00f6vqeyimizin \u0259sas\u0131nda dayanan m\u0259ntiq idi. Erm\u0259nistana anlatmaq \u00fc\u00e7\u00fcn \u00e7ox vaxt v\u0259 s\u0259y s\u0259rf etdik ki, h\u0259r iki t\u0259r\u0259f Minsk qrupunun l\u0259\u011fvi il\u0259 ba\u011fl\u0131 AT\u018fT-\u0259 m\u0259ktub yazs\u0131n v\u0259 bu, Prezident Tramp\u0131n i\u015ftirak\u0131 il\u0259 ba\u015f verdi. Haz\u0131rda proses art\u0131q ba\u015flay\u0131b v\u0259 bu, Minsk qrupunun h\u00fcquqi s\u00fcqutunu ifad\u0259 ed\u0259c\u0259k, \u00e7\u00fcnki o, art\u0131q be\u015f ild\u0259n \u00e7oxdur ki, f\u0259aliyy\u0259tsizdir.<\/p>\n<p>Qeyd olunub ki, m\u0259cburi k\u00f6\u00e7k\u00fcnl\u0259r\u0259 g\u0259linc\u0259, Birinci Qaraba\u011f m\u00fcharib\u0259si zaman\u0131 erm\u0259ni m\u0259cburi k\u00f6\u00e7k\u00fcn\u00fc olmay\u0131b, \u00e7\u00fcnki Az\u0259rbaycan Erm\u0259nistan\u0131n \u0259razisini i\u015f\u011fal etm\u0259yib, onlar bizim \u0259razimizi i\u015f\u011fal etmi\u015fdil\u0259r. Buna g\u00f6r\u0259 d\u0259 bu ill\u0259r \u0259rzind\u0259 \u00e7\u0259tin \u015f\u0259raitd\u0259 ya\u015fayan \u00e7ox sayda qa\u00e7q\u0131n v\u0259 m\u0259cburi k\u00f6\u00e7k\u00fcnl\u0259rimiz oldu. Biz h\u0259tta i\u015f\u011fal d\u00f6vr\u00fcnd\u0259 d\u0259 k\u00f6\u00e7\u00fcr\u00fclm\u0259 proqram\u0131n\u0131 h\u0259yata ke\u00e7irdik, \u00e7\u00fcnki onlar\u0131n tam \u0259ks\u0259riyy\u0259ti on ild\u0259n art\u0131q m\u00fcdd\u0259td\u0259 \u00e7ad\u0131r d\u00fc\u015f\u0259rg\u0259l\u0259rind\u0259 ya\u015fay\u0131rd\u0131. Prezident se\u00e7ildiyim andan \u00e7ad\u0131r d\u00fc\u015f\u0259rg\u0259l\u0259rinin l\u0259\u011fvi prosesin\u0259 ba\u015flad\u0131q v\u0259 bu i\u015fi 2007-ci ild\u0259 tamamil\u0259 yekunla\u015fd\u0131rd\u0131q. Buna baxmayaraq, minl\u0259rl\u0259, on minl\u0259rl\u0259 soyda\u015f\u0131m\u0131z uzun ill\u0259r \u00e7ox a\u011f\u0131r \u015f\u0259raitd\u0259 ya\u015famaqda davam edirdi. Haz\u0131rda is\u0259 \u201cB\u00f6y\u00fck Qay\u0131d\u0131\u015f\u201d Proqram\u0131 \u00e7\u0259r\u00e7iv\u0259sind\u0259 onlar\u0131n do\u011fma yurdlar\u0131na qay\u0131d\u0131\u015f\u0131 prosesin\u0259 start verilib. Biz art\u0131q 50 mind\u0259n \u00e7ox insan\u0131 azad olunmu\u015f \u0259razil\u0259rd\u0259 m\u0259skunla\u015fd\u0131rm\u0131\u015f\u0131q v\u0259 bu proses davam edir.<\/p>\n<p>Lakin iki \u0259sas mane\u0259 var. Birincisi, mina t\u0259hl\u00fck\u0259sidir. Erm\u0259nil\u0259r i\u015f\u011fal d\u00f6vr\u00fcnd\u0259 h\u0259min \u0259razil\u0259rd\u0259 bir milyondan \u00e7ox mina basd\u0131rm\u0131\u015fd\u0131lar. 2020-ci ilin noyabr\u0131nda \u0130kinci Qaraba\u011f m\u00fcharib\u0259si ba\u015fa \u00e7atd\u0131qdan bu g\u00fcn\u0259d\u0259k t\u0259xmin\u0259n 400 n\u0259f\u0259r mina qurban\u0131 olub. Minalar n\u0259tic\u0259sind\u0259 70-d\u0259n \u00e7ox insan h\u0259lak olub, qalanlar\u0131 is\u0259 a\u011f\u0131r yaralan\u0131b. Bu s\u0259b\u0259bd\u0259n biz geni\u015fmiqyasl\u0131 b\u0259rpa i\u015fl\u0259rin\u0259 ba\u015flaya bilmirik, \u00e7\u00fcnki, ilk n\u00f6vb\u0259d\u0259, t\u0259hl\u00fck\u0259sizlik t\u0259min edilm\u0259lidir.<\/p>\n<p>\u0130kincisi, Qaraba\u011fda infrastrukturun tamamil\u0259 m\u0259hv edilm\u0259sidir. \u015e\u0259h\u0259r v\u0259 k\u0259ndl\u0259rimiz yerl\u0259-yeksan olunmu\u015fdur. Kanalizasiya, su t\u0259chizat\u0131, elektrik x\u0259tl\u0259ri, d\u0259mir yollar\u0131, magistral yollar \u2013 ham\u0131s\u0131 tamamil\u0259 da\u011f\u0131d\u0131lm\u0131\u015fd\u0131r. Buna g\u00f6r\u0259 d\u0259 b\u0259rpan\u0131n ilk ill\u0259rind\u0259 v\u0259saitimizin b\u00f6y\u00fck hiss\u0259sini m\u0259hz infrastrukturun qurulmas\u0131na s\u0259rf etdik. Paralel olaraq k\u0259ndl\u0259rin v\u0259 \u015f\u0259h\u0259rl\u0259rin tikintisin\u0259 d\u0259 ba\u015flad\u0131q. Haz\u0131rda infrastrukturun inki\u015faf\u0131 \u00fczr\u0259 art\u0131q yekun m\u0259rh\u0259l\u0259y\u0259 yax\u0131nla\u015fm\u0131\u015f\u0131q. D\u00fc\u015f\u00fcn\u00fcr\u0259m ki, b\u00fct\u00fcn infrastruktur layih\u0259l\u0259ri b\u0259lk\u0259 d\u0259 iki-\u00fc\u00e7 il \u0259rzind\u0259 tam haz\u0131r olacaq.<\/p>\n<p>Haz\u0131rda v\u0259saitl\u0259rimizi daha \u00e7ox ya\u015fay\u0131\u015f layih\u0259l\u0259rin\u0259 y\u00f6n\u0259ldirik.<\/p>\n<p>D\u00f6vl\u0259t ba\u015f\u00e7\u0131s\u0131 deyib ki, \u201cTramp mar\u015frutu\u201d Az\u0259rbaycana hans\u0131 m\u0259rh\u0259l\u0259l\u0259ri v\u0259d edir sual\u0131na cavab verm\u0259k \u00fc\u00e7\u00fcn bir q\u0259d\u0259r tarix\u0259 n\u0259z\u0259r salmal\u0131yam v\u0259 izah etm\u0259liy\u0259m ki, nec\u0259 oldu Az\u0259rbaycan iki yer\u0259 b\u00f6l\u00fcnd\u00fc. Bu, Az\u0259rbaycan\u0131n sovetl\u0259\u015fm\u0259sinin ilk aylar\u0131nda ba\u015f verdi. 1917-ci ild\u0259 Rusiya imperiyas\u0131 s\u00fcqut etdikd\u0259n sonra Az\u0259rbaycan Xalq C\u00fcmhuriyy\u0259ti yarad\u0131ld\u0131. Bu, 1918-ci ilin may\u0131nda qurulan, m\u00fcs\u0259lman d\u00fcnyas\u0131nda ilk demokratik respublika idi. Biz \u00f6z d\u00f6vl\u0259timizi qurduq, amma bol\u015fevikl\u0259r bu d\u00f6vl\u0259ti \u0259limizd\u0259n ald\u0131lar. 1920-ci ilin aprelind\u0259 rus ordusu Az\u0259rbaycana daxil olub onu i\u015f\u011fal etdi. C\u0259mi bir ne\u00e7\u0259 ay sonra &#8211; h\u0259min ilin noyabr\u0131nda sovet Rusiyas\u0131 h\u00f6kum\u0259ti q\u0259rar q\u0259bul etdi ki, Z\u0259ng\u0259zuru \u2013 bizim \u201cQ\u0259rbi Z\u0259ng\u0259zur\u201d adland\u0131rd\u0131\u011f\u0131m\u0131z \u0259razini Az\u0259rbaycandan al\u0131b Erm\u0259nistana versin. Bununla da Az\u0259rbaycan iki yer\u0259 b\u00f6l\u00fcnd\u00fc: \u0259sas hiss\u0259 v\u0259 Nax\u00e7\u0131van. Q\u0259rbi Z\u0259ng\u0259zur is\u0259 onlar\u0131n aras\u0131nda qald\u0131.<\/p>\n<p>Sovet d\u00f6vr\u00fcnd\u0259 bu, problem deyildi, \u00e7\u00fcnki s\u0259rh\u0259dl\u0259r yox idi, m\u00fcharib\u0259 d\u0259 yox idi. \u0130nsanlar avtomobill\u0259 v\u0259 ya d\u0259mir yolu il\u0259 Az\u0259rbaycan\u0131n \u0259sas hiss\u0259sind\u0259n Nax\u00e7\u0131vana s\u0259rb\u0259st \u015f\u0259kild\u0259 ged\u0259 bilirdil\u0259r. Amma Erm\u0259nistan Az\u0259rbaycana qar\u015f\u0131 t\u0259cav\u00fcz\u0259 ba\u015flayandan sonra bu \u0259laq\u0259 x\u0259ttini k\u0259sdi. Erm\u0259nil\u0259r d\u0259hlizi ba\u011flad\u0131lar.<\/p>\n<p>\u0130kinci Qaraba\u011f m\u00fcharib\u0259si bizim Q\u0259l\u0259b\u0259mizl\u0259 ba\u015fa \u00e7atd\u0131qdan sonra bu yolu zorla \u0259l\u0259 ke\u00e7ir\u0259 bil\u0259rdik.<\/p>\n<p>Biz 2020-ci il noyabr\u0131n 10-da, sad\u0259c\u0259, s\u0259rh\u0259dimizd\u0259 dayand\u0131q, bu yolu zorla \u0259l\u0259 ke\u00e7irm\u0259dik, amma Erm\u0259nistana bildirdik ki, onlar Nax\u00e7\u0131vanla \u0259laq\u0259mizi k\u0259s\u0259 bilm\u0259zl\u0259r. T\u0259xmin\u0259n be\u015f il \u0259rzind\u0259 bu \u0259laq\u0259 x\u0259tl\u0259ri il\u0259 ba\u011fl\u0131 onlarla dan\u0131\u015f\u0131qlar apard\u0131q. Bu m\u00fcdd\u0259t \u0259rzind\u0259 Nax\u00e7\u0131vanla birl\u0259\u015fm\u0259k \u00fc\u00e7\u00fcn Erm\u0259nistan s\u0259rh\u0259din\u0259d\u0259k d\u0259mir yolu tikm\u0259y\u0259 v\u0259 magistral yollar salma\u011fa ba\u015flad\u0131q. Magistral yol layih\u0259l\u0259rinin, el\u0259c\u0259 d\u0259 d\u0259mir yolunun ola bilsin g\u0259l\u0259n il haz\u0131r olaca\u011f\u0131n\u0131 g\u00f6zl\u0259yirik.<\/p>\n<p>Z\u0259ng\u0259zur d\u0259hlizi f\u0259aliyy\u0259t\u0259 ba\u015flamal\u0131 v\u0259 t\u0259hl\u00fck\u0259siz olmal\u0131d\u0131r.<\/p>\n<p>Amma t\u0259xmin\u0259n be\u015f il \u0259rzind\u0259 Erm\u0259nistan bizim t\u0259l\u0259bl\u0259rimiz v\u0259 qanuni ist\u0259kl\u0259rimiz qar\u015f\u0131s\u0131nda konstruktiv m\u00f6vqe n\u00fcmayi\u015f etdirmirdi. Bu s\u0259b\u0259bd\u0259n Prezident Tramp v\u0259 onun komandas\u0131 proses\u0259 c\u0259lb olunduqda, vasit\u0259\u00e7ilik etm\u0259k ist\u0259y\u0259nd\u0259 biz onlara bel\u0259 mesaj verdik: Z\u0259ng\u0259zur d\u0259hlizi f\u0259aliyy\u0259t\u0259 ba\u015flamal\u0131 v\u0259 t\u0259hl\u00fck\u0259siz olmal\u0131d\u0131r, y\u0259ni, Az\u0259rbaycan v\u0259t\u0259nda\u015flar\u0131 bu 40 kilometrd\u0259n \u00e7ox m\u0259saf\u0259ni t\u0259hl\u00fck\u0259siz ke\u00e7\u0259 bilm\u0259lidirl\u0259r, g\u00fccl\u00fc t\u0259hl\u00fck\u0259sizlik z\u0259man\u0259tl\u0259ri olmal\u0131d\u0131r. Beyn\u0259lxalq t\u0259hl\u00fck\u0259sizlik z\u0259man\u0259tl\u0259ri t\u0259min edilm\u0259lidir. Yaln\u0131z Erm\u0259nistan\u0131n verdiyi z\u0259man\u0259tl\u0259r kifay\u0259t deyil. Tramp administrasiyas\u0131 bu qanuni narahatl\u0131\u011f\u0131 do\u011fru \u015f\u0259kild\u0259 q\u0259bul etdi v\u0259 bunun n\u0259tic\u0259sind\u0259 TRIPP (\u201cTramp\u0131n Beyn\u0259lxalq S\u00fclh v\u0259 Rifah Mar\u015frutu\u201d) meydana g\u0259ldi. Prezident Tramp Z\u0259ng\u0259zur d\u0259hlizin\u0259 \u00f6z ad\u0131n\u0131 verdikd\u0259n sonra \u0259min\u0259m ki, bu layih\u0259 \u00e7ox yax\u0131n zamanda realla\u015facaq. Fiziki infrastrukturun, y\u0259ni, d\u0259mir yolunun tikintisi uzun vaxt t\u0259l\u0259b etm\u0259m\u0259lidir, \u00e7\u00fcnki m\u0259saf\u0259 c\u0259mi 42 kilometrdir. \u018fg\u0259r biz tikm\u0259li olsaq, bir il \u0259rzind\u0259 tamamlayard\u0131q. Erm\u0259nistan \u00fc\u00e7\u00fcn is\u0259 b\u0259lk\u0259 d\u0259 daha bir ne\u00e7\u0259 il laz\u0131m olacaq, \u00e7\u00fcnki d\u0259mir yolu tikintisi sah\u0259sind\u0259 bizim t\u0259cr\u00fcb\u0259miz daha \u00e7oxdur.<\/p>\n<p>Bizim \u00fc\u00e7\u00fcn \u0259sas odur ki, yol tikilsin v\u0259 beyn\u0259lxalq t\u0259hl\u00fck\u0259sizlik z\u0259man\u0259tl\u0259ri olsun.<\/p>\n<p>Bildirilib ki, biz \u0130ran prezidenti il\u0259 \u00e7ox yax\u015f\u0131 i\u015fg\u00fczar m\u00fcnasib\u0259tl\u0259r qurmu\u015fuq.<\/p>\n<p>Prezidentin m\u00f6vqeyi tamamil\u0259 m\u0259ntiqlidir v\u0259 ona \u0259saslan\u0131r ki, Z\u0259ng\u0259zur d\u0259hlizi he\u00e7 bir halda \u0130ran \u00fc\u00e7\u00fcn t\u0259hl\u00fck\u0259 deyil. B\u0259zi media orqanlar\u0131nda, b\u0259zi internet saytlar\u0131nda Az\u0259rbaycan\u0131n Z\u0259ng\u0259zuru i\u015f\u011fal ed\u0259c\u0259yin\u0259, \u0130ranla Erm\u0259nistan s\u0259rh\u0259dini k\u0259s\u0259c\u0259yin\u0259 dair planlar bar\u0259d\u0259 \u00e7oxlu \u015fayi\u0259l\u0259r yay\u0131lm\u0131\u015fd\u0131r. Bu, tamamil\u0259 yaland\u0131r. Bizim bel\u0259 bir niyy\u0259timiz yoxdur.<\/p>\n<p>Z\u0259ng\u0259zur d\u0259hlizi \u0130randa m\u00f6vcud olan \u015eimal d\u0259hlizin\u0259 sad\u0259c\u0259, d\u0259st\u0259k olacaq.<\/p>\n<p>D\u00f6vl\u0259t ba\u015f\u00e7\u0131s\u0131 deyib ki, Az\u0259rbaycan\u0131n m\u00fclki t\u0259yyar\u0259sinin Rusiya t\u0259r\u0259find\u0259n vurulmas\u0131 v\u0259 Rusiya r\u0259smil\u0259rinin buna reaksiyas\u0131 \u00f6lk\u0259mizd\u0259 \u00e7ox b\u00f6y\u00fck m\u0259yusluq v\u0259 t\u0259\u0259ss\u00fcf do\u011furdu.<\/p>\n<p>M\u00fcharib\u0259nin sonuncu g\u00fcn\u00fcnd\u0259 &#8211; noyabr ay\u0131n\u0131n 9-da Az\u0259rbaycan \u00f6z s\u0259rh\u0259din\u0259 yax\u0131nla\u015fan rus helikopterini t\u0259sad\u00fcf\u0259n vurdu, halbuki o, orada olmal\u0131 deyildi. \u00c7\u00fcnki otuz il \u0259rzind\u0259 rus helikopterl\u0259ri Erm\u0259nistan \u0259razisind\u0259n Az\u0259rbaycan s\u0259rh\u0259din\u0259 he\u00e7 vaxt yax\u0131nla\u015fmam\u0131\u015fd\u0131. O, Erm\u0259nistandan u\u00e7araq g\u0259lirdi. Helikopteri vuranlar \u00fc\u00e7\u00fcn a\u00e7\u0131q-ayd\u0131n idi ki, Erm\u0259nistan helikopteri \u0259razimiz\u0259 daxil olur, ona g\u00f6r\u0259 d\u0259 onlar onu vurdular. H\u0259min g\u00fcn m\u0259n d\u0259rhal Rusiya Prezidentin\u0259 z\u0259ng etdim v\u0259 \u00fczrxahl\u0131\u011f\u0131m\u0131 bildirdim. Biz h\u0259lak olan pilotlar\u0131n ail\u0259l\u0259rin\u0259 v\u0259 M\u00fcdafi\u0259 Nazirliyin\u0259 d\u0259rhal t\u0259zminat \u00f6d\u0259dik. Biz istintaq ba\u015flatd\u0131q v\u0259 bu faci\u0259li s\u0259hv\u0259 yol ver\u0259nl\u0259r m\u0259suliyy\u0259t\u0259 c\u0259lb olundular. Lakin Rusiya t\u0259r\u0259find\u0259n bel\u0259 add\u0131mlar\u0131n at\u0131ld\u0131\u011f\u0131n\u0131 g\u00f6rm\u0259dik. Bel\u0259likl\u0259, noyabr\u0131n 9-da ba\u015f ver\u0259n bu faci\u0259li hadis\u0259 v\u0259 davran\u0131\u015f\u0131m\u0131z bizi Az\u0259rbaycana qar\u015f\u0131 eyni m\u00fcnasib\u0259tin s\u0259rgil\u0259nm\u0259sin\u0259 haz\u0131r etdi, \u00e7\u00fcnki iki \u00f6lk\u0259 bir-birini dost adland\u0131r\u0131r. Lakin bu, \u00e7ox t\u0259\u0259cc\u00fcbl\u00fc idi. Bu vaxtad\u0259k onlar n\u0259yin ba\u015f verdiyini demirl\u0259r. Bel\u0259likl\u0259, bu, \u0259lb\u0259tt\u0259 ki, bizim ikit\u0259r\u0259fli m\u00fcnasib\u0259tl\u0259rimizd\u0259 ciddi m\u0259s\u0259l\u0259dir, lakin biz \u0259laq\u0259l\u0259ri g\u0259rginl\u0259\u015fdirm\u0259k ist\u0259mirdik. B\u0259li, bu, xalq\u0131m\u0131z\u0131 m\u0259yus edib, q\u0259z\u0259bl\u0259ndirib v\u0259 q\u0259mginliy\u0259 sal\u0131b. Biz g\u00f6zl\u0259yirik, gec v\u0259 ya tez istintaq ba\u015fa \u00e7atacaq. Lakin sonra Rusiyada az\u0259rbaycanl\u0131lara qar\u015f\u0131 s\u0259b\u0259bsiz h\u00fccumlar ba\u015flad\u0131. \u0130ki insan q\u0259tl\u0259 yetirilmi\u015fdir v\u0259 i\u015fg\u0259nc\u0259l\u0259r\u0259 m\u0259ruz qalm\u0131\u015flar. Sonra da r\u0259smi m\u0259lumata g\u00f6r\u0259, onlar\u0131n \u00fcr\u0259k tutmas\u0131ndan \u00f6ld\u00fcy\u00fc bildirildi. H\u0259tta onlar deyil\u0259nl\u0259r\u0259 g\u00f6r\u0259, 20 il bundan \u0259vv\u0259l cinay\u0259t t\u00f6r\u0259dibl\u0259rs\u0259, onlar insand\u0131rlar, onlarla bel\u0259 davran\u0131lmamal\u0131d\u0131r. Bu, n\u0259 m\u00fcnasib\u0259tdir? Onlar\u0131n s\u0131ras\u0131nda Az\u0259rbaycan v\u0259t\u0259nda\u015flar\u0131, Az\u0259rbaycan m\u0259n\u015f\u0259li Rusiya v\u0259t\u0259nda\u015flar\u0131 da var idi. Bu, bizim xalq\u0131m\u0131za qar\u015f\u0131 misli g\u00f6r\u00fcnm\u0259mi\u015f h\u0259r\u0259k\u0259t idi. M\u00fcnasib\u0259tl\u0259rin korlanmas\u0131na g\u00f6r\u0259 m\u0259suliyy\u0259t bizim \u00fcz\u0259rimiz\u0259 d\u00fc\u015fm\u00fcr. Biz yaln\u0131z konstruktiv v\u0259 h\u00fcquqi \u015f\u0259kild\u0259 cavab veririk, lakin he\u00e7 vaxt biz\u0259 qar\u015f\u0131 t\u0259cav\u00fcz \u0259lam\u0259tl\u0259rin\u0259 v\u0259 t\u0259zah\u00fcrl\u0259rin\u0259, yaxud h\u00f6rm\u0259tsizliy\u0259 d\u00f6zm\u0259y\u0259c\u0259yik.<\/p>\n<p>Rusiyan\u0131n Erm\u0259nistanda h\u0259rbi bazas\u0131 v\u0259 bir ne\u00e7\u0259 min n\u0259f\u0259rd\u0259n ibar\u0259t h\u0259rbi hey\u0259ti var. Eyni zamanda, Erm\u0259nistan\u0131n \u0130ran v\u0259 T\u00fcrkiy\u0259 il\u0259 s\u0259rh\u0259di Rusiya s\u0259rh\u0259d\u00e7il\u0259ri t\u0259r\u0259find\u0259n qorunur. Az\u0259rbaycan torpa\u011f\u0131nda bir n\u0259f\u0259r d\u0259 rus \u0259sg\u0259ri yoxdur. Bel\u0259likl\u0259, Erm\u0259nistanda n\u0259 ba\u015f ver\u0259 bil\u0259r, m\u0259n bunu bilmir\u0259m. Lakin m\u0259n bu m\u0259nfi ssenari haqq\u0131nda d\u00fc\u015f\u00fcnm\u0259k ist\u0259mir\u0259m.<\/p>\n<p>Diqq\u0259t\u0259 \u00e7atd\u0131r\u0131l\u0131b ki, \u0130srail il\u0259 Suriya aras\u0131nda m\u00fcnasib\u0259tl\u0259rin normalla\u015fmas\u0131 \u00fc\u00e7\u00fcn imkanlar var.<\/p>\n<p>Suriya il\u0259 \u0130srail r\u0259smil\u0259ri aras\u0131nda dan\u0131\u015f\u0131qlar bizim vasit\u0259\u00e7iliyimizl\u0259 ba\u015f tutdu. \u018flb\u0259tt\u0259 ki, Suriyan\u0131n birliyi v\u0259 \u0259razi b\u00fct\u00f6vl\u00fcy\u00fc h\u0259r hans\u0131 m\u00fcnasib\u0259tl\u0259r \u00fc\u00e7\u00fcn bir n\u00f6mr\u0259li ilkin \u015f\u0259rtdir.<\/p>\n<p>\u0130srail Suriyan\u0131n b\u00fct\u00f6vl\u00fcy\u00fcn\u0259 h\u00f6rm\u0259t ed\u0259r\u0259k, bu normalla\u015fmaya raz\u0131 olub sual\u0131na g\u0259linc\u0259, b\u0259li, s\u00f6zs\u00fcz. Az\u0259rbaycan \u0259razi b\u00fct\u00f6vl\u00fcy\u00fcn\u00fcn pozulmas\u0131ndan \u0259ziyy\u0259t \u00e7\u0259k\u0259n bir \u00f6lk\u0259 olaraq b\u00fct\u00fcn \u00f6lk\u0259l\u0259rin \u0259razi b\u00fct\u00f6vl\u00fcy\u00fcn\u00fc d\u0259st\u0259kl\u0259yir. Bizim bununla ba\u011fl\u0131 m\u00f6vqeyimiz birm\u0259nal\u0131d\u0131r. Yen\u0259 d\u0259 Az\u0259rbaycan-Rusiya m\u00fcnasib\u0259tl\u0259ri il\u0259 ba\u011fl\u0131 m\u00fczakir\u0259 etdikl\u0259rimiz\u0259 qay\u0131daraq deyim ki, biz Rusiyan\u0131n Ukraynaya m\u00fcdaxil\u0259sinin ilk g\u00fcnl\u0259rind\u0259n Ukraynan\u0131n \u0259razi b\u00fct\u00f6vl\u00fcy\u00fcn\u00fc d\u0259st\u0259kl\u0259dik v\u0259 d\u0259st\u0259kl\u0259m\u0259y\u0259 davam edirik. \u018flb\u0259tt\u0259 ki, Suriyan\u0131n birliyi v\u0259 \u0259razi b\u00fct\u00f6vl\u00fcy\u00fc h\u0259r hans\u0131 m\u00fcnasib\u0259tl\u0259r \u00fc\u00e7\u00fcn bir n\u00f6mr\u0259li ilkin \u015f\u0259rtdir. S\u00f6hb\u0259t t\u0259kc\u0259 h\u00fcquqi bax\u0131mdan b\u00fct\u00f6vl\u00fckd\u0259n v\u0259 s\u0259rh\u0259dl\u0259r\u0259 n\u0259zar\u0259td\u0259n getmir, s\u00f6hb\u0259t fiziki birlikd\u0259n gedir. \u00d6lk\u0259nin m\u0259rk\u0259zl\u0259\u015fdirilmi\u015f sistemi, yaxud \u0259n az\u0131ndan siyasi t\u0259sisatlarla ba\u011fl\u0131 f\u0259aliyy\u0259t g\u00f6st\u0259r\u0259n bir sistemi olmal\u0131d\u0131r. Biz separatizmin ist\u0259nil\u0259n t\u0259zah\u00fcrl\u0259rin\u0259 qar\u015f\u0131y\u0131q &#8211; ist\u0259r Qaraba\u011fda, ist\u0259r Suriyada, ist\u0259rs\u0259 d\u0259 d\u00fcnyan\u0131n h\u0259r hans\u0131 bir dig\u0259r yerind\u0259 olsun.<\/p>\n<p>Biz normalla\u015fma \u00fc\u00e7\u00fcn imkan yarand\u0131\u011f\u0131n\u0131 g\u00f6r\u0259nd\u0259 yard\u0131m\u00e7\u0131 olma\u011fa \u00e7al\u0131\u015f\u0131r\u0131q. T\u00fcrkiy\u0259 il\u0259 \u0130srail aras\u0131nda normalla\u015fman\u0131n birinci m\u0259rh\u0259l\u0259sind\u0259 Az\u0259rbaycan\u0131n rolu h\u0259r iki \u00f6lk\u0259 t\u0259r\u0259find\u0259n qiym\u0259tl\u0259ndirilib.<\/p>\n<p>Bizim \u015fax\u0259l\u0259ndirilmi\u015f xarici siyas\u0259t istiqam\u0259tl\u0259rimiz d\u0259 Az\u0259rbaycana hadis\u0259l\u0259rin m\u0259rk\u0259zind\u0259 olma\u011fa imkan verir. Lakin \u0259lb\u0259tt\u0259 ki, biz he\u00e7 k\u0259s\u0259 \u00f6z\u00fcm\u00fcz\u00fc m\u0259cburi t\u0259qdim etmirik. Sad\u0259c\u0259, bizd\u0259n xahi\u015f edil\u0259nd\u0259 z\u0259ruri olan\u0131 edirik.<\/p>\n<p>Biz 10 Avropa \u00f6lk\u0259sini qazla t\u0259min edirik. Onlar\u0131n 8-i Avropa \u0130ttifaq\u0131n\u0131n \u00fczv\u00fcd\u00fcr.<\/p>\n<p>T\u0259bii ehtiyatlar\u0131m\u0131zla Yax\u0131n \u015e\u0259rq\u0259 daxil olmaq bizim \u00fc\u00e7\u00fcn ilk t\u0259cr\u00fcb\u0259dir.<\/p>\n<p>Bizim b\u0259rpaolunan enerji potensial\u0131m\u0131z a\u015fa\u011f\u0131 qiym\u0259tl\u0259ndirilm\u0259m\u0259lidir.<\/p>\n<p>Qeyd olunub ki, Az\u0259rbaycan c\u0259miyy\u0259tind\u0259 b\u00fct\u00fcn t\u0259riq\u0259tl\u0259rd\u0259n olan m\u00fcs\u0259lmanlar bir ail\u0259 kimi ya\u015fay\u0131rlar.<\/p>\n<p>\u0130slam\u0131n m\u00fcxt\u0259lif qollar\u0131 aras\u0131nda he\u00e7 bir ayr\u0131-se\u00e7kilik olmay\u0131b. Bu, bizim t\u0259cr\u00fcb\u0259miz\u0259 \u0259saslan\u0131r, t\u0259kc\u0259 \u015f\u00fcarlara, b\u0259yanatlara \u0259saslanm\u0131r. \u00c7\u00fcnki \u00e7oxlu b\u0259yanatlar veril\u0259 bil\u0259r, lakin siz m\u0259s\u0259l\u0259nin m\u0259\u011fzin\u0259, Az\u0259rbaycanda bu m\u0259s\u0259l\u0259l\u0259rin nec\u0259 h\u0259ll olundu\u011funa baxmal\u0131s\u0131n\u0131z. Bizim \u00fc\u00e7\u00fcn, ilk n\u00f6vb\u0259d\u0259, milli, etnik kimlik g\u0259lir. \u0130kincisi, v\u0259t\u0259nda\u015fl\u0131qd\u0131r. Yaxud ola bil\u0259r ki, v\u0259t\u0259nda\u015fl\u0131q birinci, etnik kimlikl\u0259 yana\u015f\u0131d\u0131r. Az\u0259rbaycanl\u0131lar\u0131n m\u00fctl\u0259q \u0259ks\u0259riyy\u0259ti \u00fc\u00e7\u00fcn t\u0259riq\u0259t m\u0259s\u0259l\u0259sinin \u00fcmumiyy\u0259tl\u0259 yeri yoxdur, he\u00e7 100-c\u00fc yerd\u0259 d\u0259 deyil. Az\u0259rbaycanl\u0131lar etnik qrup kimi \u0130slam\u0131n m\u00fcxt\u0259lif qollar\u0131ndan olan n\u00fcmay\u0259nd\u0259l\u0259rd\u0259n ibar\u0259tdir.<\/p>\n<p>Biz ham\u0131m\u0131z etnikliyimizl\u0259, dilimizl\u0259 v\u0259 d\u00f6vl\u0259timizl\u0259 birl\u0259\u015fmi\u015fik. T\u0259kc\u0259 m\u00fcs\u0259lmanlar deyil, Az\u0259rbaycanda dig\u0259r dinl\u0259rin n\u00fcmay\u0259nd\u0259l\u0259ri d\u0259 \u00f6zl\u0259rini eyni c\u00fcr hiss edirl\u0259r.<\/p>\n<p>M\u00fcst\u0259qillik d\u00f6vr\u00fcnd\u0259 bu sah\u0259d\u0259 g\u00f6rd\u00fcy\u00fcm\u00fcz i\u015fl\u0259r h\u0259min m\u00fcsb\u0259t tendensiyalar\u0131 g\u00fccl\u0259ndirm\u0259kd\u0259n ibar\u0259t olub. Az\u0259rbaycan \u015fi\u0259 v\u0259 s\u00fcnni m\u00fcs\u0259lmanlar\u0131n eyni vaxtda eyni m\u0259scidd\u0259 ibad\u0259t etdikl\u0259ri az sayda \u00f6lk\u0259l\u0259rd\u0259n biridir. Biz f\u0259rq qoymuruq. Biz d\u00fc\u015f\u00fcn\u00fcr\u00fck ki, m\u00fcs\u0259lman d\u00fcnyas\u0131 \u00fc\u00e7\u00fcn \u0259n b\u00f6y\u00fck t\u0259hl\u00fck\u0259 t\u0259riq\u0259tl\u0259r\u0259 ayr\u0131lmaqd\u0131r. M\u00fcs\u0259lman d\u00fcnyas\u0131na \u0259n b\u00f6y\u00fck ziyan\u0131 t\u0259riq\u0259t ayr\u0131l\u0131\u011f\u0131n\u0131 t\u0259bli\u011f ed\u0259n insanlar vururlar. Biz bir olmal\u0131y\u0131q. Biz m\u00fcs\u0259lman\u0131q v\u0259 bizim \u00fc\u00e7\u00fcn bir n\u00f6mr\u0259li m\u0259s\u0259l\u0259 budur. \u0130st\u0259nil\u0259n xarici m\u00fcdaxil\u0259d\u0259n tamamil\u0259 azad\u0131q. \u00c7\u00fcnki biz t\u0259kc\u0259 d\u0259y\u0259rl\u0259rimizi t\u0259bli\u011f etmirdik, biz, h\u0259m\u00e7inin ideoloji c\u0259h\u0259td\u0259n \u00f6z\u00fcm\u00fcz\u00fc ist\u0259nil\u0259n n\u00f6v m\u00fcdaxil\u0259d\u0259n, m\u00fcs\u0259lmanlar aras\u0131nda nifr\u0259t toxumu s\u0259pm\u0259k c\u0259hdl\u0259rind\u0259n qorumal\u0131 idik. Bu, m\u00fcs\u0259lman d\u00fcnyas\u0131nda y\u00fcks\u0259k qiym\u0259tl\u0259ndirilir.<\/p>\n<p>M\u0259nim m\u00fcs\u0259lman d\u00f6vl\u0259tl\u0259rinin apar\u0131c\u0131 dini r\u0259hb\u0259rl\u0259ri il\u0259 ke\u00e7irdiyim \u00e7oxsayl\u0131 g\u00f6r\u00fc\u015fl\u0259r onu g\u00f6st\u0259rir ki, \u0130slam d\u00fcnyas\u0131nda ist\u0259r siyasi olsun, ist\u0259r dini sah\u0259d\u0259 bizim rolumuz y\u00fcks\u0259k qiym\u0259tl\u0259ndirilir. Biz g\u00f6st\u0259ririk ki, bu m\u00fcmk\u00fcnd\u00fcr v\u0259 biz u\u011fur hekay\u0259sini n\u00fcmayi\u015f etdiririk. Biz g\u00f6st\u0259ririk ki, burada s\u00fclh, sabitlik v\u0259 rahatl\u0131q m\u00f6vcuddur. \u0130nsanlar\u0131n m\u0259hz buna ehtiyac\u0131 var. \u0130nsanlar\u0131n s\u00fclh i\u00e7\u0259risind\u0259, xo\u015fb\u0259xt ya\u015fama\u011fa, \u00f6z \u00f6vladlar\u0131n\u0131 b\u00f6y\u00fctm\u0259y\u0259 v\u0259 i\u015fl\u0259m\u0259y\u0259, ba\u015flar\u0131na bomba d\u00fc\u015f\u0259c\u0259k, yaxud kims\u0259 ya\u015fad\u0131\u011f\u0131 yer\u0259 bomba qoyacaq dey\u0259 qorxular\u0131n\u0131n olmamas\u0131na ehtiyaclar\u0131 var.<\/p>\n<p>Biz m\u0259d\u0259niyy\u0259tl\u0259raras\u0131 dialoq sah\u0259sind\u0259 d\u0259 bir \u00e7ox i\u015fl\u0259r g\u00f6r\u00fcr\u00fck.<\/p>\n<p>Prezident \u0130lham \u018fliyev deyib ki, erm\u0259ni h\u0259mkar\u0131mla birlikd\u0259 Prezident Tramp\u0131n Nobel S\u00fclh M\u00fckafat\u0131na namiz\u0259dliyini ir\u0259li s\u00fcrd\u00fck. O, h\u0259qiq\u0259t\u0259n buna layiqdir.<\/p>\n<p>\u018fmin\u0259m ki, o, n\u0259inki Amerikan\u0131 yenid\u0259n q\u00fcdr\u0259tli ed\u0259c\u0259k bir insand\u0131r, o, Amerikan\u0131n rifah, azadl\u0131q v\u0259 inki\u015faf\u0131n r\u0259mzi oldu\u011fu b\u00fct\u00fcn d\u00f6vrl\u0259rd\u0259ki kimi, \u00f6lk\u0259ni yenid\u0259n insanlar\u0131n heyran oldu\u011fu yer\u0259 \u00e7evir\u0259c\u0259k.<\/p>\n<p>Bildirilib ki, T\u00fcrk D\u00f6vl\u0259tl\u0259ri T\u0259\u015fkilat\u0131 haz\u0131rda b\u00f6y\u00fck potensiala malikdir. Az\u0259rbaycan daim bu qurumu g\u00fccl\u0259ndirm\u0259y\u0259 sadiq olub.<\/p>\n<p>Bu, bir n\u00f6v m\u0259\u015fv\u0259r\u0259t\u00e7i qrup, \u015fura, \u00f6lk\u0259l\u0259r qrupu kimi f\u0259aliyy\u0259t\u0259 ba\u015flay\u0131b, sonra is\u0259 transformasiya edib. O, b\u00f6y\u00fck potensiala malikdir. T\u00fcrkiy\u0259 il\u0259 bizim \u00e7ox s\u0131x m\u00fcnasib\u0259tl\u0259rimiz var v\u0259 bu m\u00fcnasib\u0259tl\u0259r haz\u0131rda 2021-ci ild\u0259 \u015eu\u015fada Prezident \u018frdo\u011fanla imzalad\u0131\u011f\u0131m\u0131z, bizi h\u0259rbi v\u0259 siyasi m\u00fctt\u0259fiql\u0259r ed\u0259n B\u0259yannam\u0259y\u0259 \u0259saslan\u0131r. Bu, h\u00fcquqi c\u0259h\u0259td\u0259n t\u0259kc\u0259 h\u0259r iki \u00f6lk\u0259 \u00fc\u00e7\u00fcn deyil, b\u00fct\u00fcn T\u00fcrk d\u00fcnyas\u0131 \u00fc\u00e7\u00fcn m\u00fch\u00fcm amildir. Ke\u00e7\u0259n il biz \u00d6zb\u0259kistanla m\u00fctt\u0259fiqlik m\u00fcnasib\u0259tl\u0259ri haqq\u0131nda M\u00fcqavil\u0259 imzalad\u0131q. H\u0259m\u00e7inin T\u00fcrk D\u00f6vl\u0259tl\u0259ri T\u0259\u015fkilat\u0131n\u0131n dig\u0259r \u00fczvl\u0259ri il\u0259 bizim strateji t\u0259r\u0259fda\u015fl\u0131q m\u00fcqavil\u0259l\u0259rimiz v\u0259 ya b\u0259yannam\u0259l\u0259rimiz var. Bel\u0259likl\u0259, bu, b\u00f6y\u00fck potensiald\u0131r.<\/p>\n<p>Bizi k\u00f6kl\u0259rimiz birl\u0259\u015fdirir v\u0259 bu, t\u0259\u015fkilat\u0131 nadir edir.<\/p>\n<p>Bizim geni\u015f co\u011frafiyam\u0131z var. T\u00fcrkiy\u0259 qlobal miqyasda apar\u0131c\u0131 h\u0259rbi g\u00fccd\u00fcr v\u0259 T\u00fcrkiy\u0259 ordusu NATO daxilind\u0259 AB\u015e-dan sonra ikinci yerd\u0259dir.<\/p>\n<p>Az\u0259rbaycan Ordusu da \u00f6z\u00fcn\u00fc paradlarda deyil, d\u00f6y\u00fc\u015f meydan\u0131nda n\u00fcmayi\u015f etdirdi. H\u0259m\u00e7inin logistika. Bu g\u00fcn d\u0259hlizl\u0259rd\u0259n dan\u0131\u015fanda bizd\u0259n yan ke\u00e7\u0259 bilm\u0259zsiniz. Siz bizim \u0259razimizd\u0259n, obyektl\u0259rimizd\u0259n istifad\u0259 ed\u0259 bil\u0259rsiniz. H\u0259m d\u0259 vacib olan odur ki, t\u0259\u015fkilat\u0131n b\u00fct\u00fcn \u00fczvl\u0259rind\u0259 siyasi sabitlik, bir-biri v\u0259 ham\u0131s\u0131 aras\u0131nda dost m\u00fcnasib\u0259tl\u0259r m\u00f6vcuddur. Bu, t\u0259\u015fkilat\u0131 h\u0259qiq\u0259t\u0259n nadir edir. Ona g\u00f6r\u0259 d\u0259 biz onu konkret layih\u0259l\u0259rl\u0259, investisiyalarla, enerji, da\u015f\u0131malar, m\u0259d\u0259niyy\u0259t layih\u0259l\u0259ri il\u0259 m\u00f6hk\u0259ml\u0259ndirm\u0259liyik. Ona g\u00f6r\u0259 d\u0259 m\u0259n g\u0259l\u0259c\u0259kd\u0259 bu t\u0259\u015fkilat\u0131 m\u00fch\u00fcm qlobal i\u015ftirak\u00e7\u0131lardan biri kimi g\u00f6r\u00fcr\u0259m. Bel\u0259likl\u0259, bizim fikrimiz beyn\u0259lxalq arenada rol oynaya bil\u0259n, t\u0259kc\u0259 daxili m\u0259s\u0259l\u0259l\u0259rl\u0259 m\u0259\u015f\u011ful olmayan qlobal oyun\u00e7uya \u00e7evrilm\u0259kd\u0259n ibar\u0259tdir ki, h\u0259m d\u0259 beyn\u0259lxalq arenada sabitl\u0259\u015fdirici, m\u00fcsb\u0259t rol oynas\u0131n v\u0259 qon\u015fular \u00fc\u00e7\u00fcn imkanlar yarats\u0131n. Bununla da biz bel\u0259 bir n\u0259h\u0259ng co\u011frafiyada he\u00e7 kim\u0259 t\u0259hl\u00fck\u0259 t\u00f6r\u0259tm\u0259y\u0259n, lakin \u00e7oxlar\u0131 \u00fc\u00e7\u00fcn f\u00fcrs\u0259t hesab edil\u0259n g\u00fccl\u00fc birlik qura bil\u0259c\u0259yimizi n\u00fcmayi\u015f etdir\u0259k.<\/p>\n<p>&nbsp;<\/p>\n","protected":false},"excerpt":{"rendered":"<p>Prezident \u0130lham \u018fliyev \u201c\u018fl-\u018fr\u0259biyy\u0259\u201d telekanal\u0131na m\u00fcsahib\u0259 verib.D\u00f6vl\u0259t ba\u015f\u00e7\u0131s\u0131 bildirib ki, avqustun 8-d\u0259 Va\u015finqtonda ba\u015f ver\u0259n hadis\u0259l\u0259r qar\u015f\u0131durman\u0131n v\u0259 g\u0259rginliyin sonu dem\u0259kdir. 44 g\u00fcnl\u00fck V\u0259t\u0259n m\u00fcharib\u0259si n\u0259tic\u0259sind\u0259 Az\u0259rbaycan \u0259dal\u0259ti, beyn\u0259lxalq h\u00fcququ v\u0259 \u00f6z l\u0259yaq\u0259tini b\u0259rpa etdi, torpaqlar\u0131n\u0131 geri qaytard\u0131. Bundan sonra prosesd\u0259 m\u00fc\u0259yy\u0259n bir bo\u015fluq yarand\u0131, \u00e7\u00fcnki o zaman vasit\u0259\u00e7il\u0259r art\u0131q hans\u0131 add\u0131m\u0131 atmal\u0131 olduqlar\u0131n\u0131 bilmirdil\u0259r [&hellip;]<\/p>\n","protected":false},"author":2,"featured_media":0,"comment_status":"closed","ping_status":"closed","sticky":false,"template":"","format":"standard","meta":[],"categories":[10],"tags":[],"_links":{"self":[{"href":"https:\/\/yeniterter.az\/index.php?rest_route=\/wp\/v2\/posts\/30109"}],"collection":[{"href":"https:\/\/yeniterter.az\/index.php?rest_route=\/wp\/v2\/posts"}],"about":[{"href":"https:\/\/yeniterter.az\/index.php?rest_route=\/wp\/v2\/types\/post"}],"author":[{"embeddable":true,"href":"https:\/\/yeniterter.az\/index.php?rest_route=\/wp\/v2\/users\/2"}],"replies":[{"embeddable":true,"href":"https:\/\/yeniterter.az\/index.php?rest_route=%2Fwp%2Fv2%2Fcomments&post=30109"}],"version-history":[{"count":1,"href":"https:\/\/yeniterter.az\/index.php?rest_route=\/wp\/v2\/posts\/30109\/revisions"}],"predecessor-version":[{"id":30111,"href":"https:\/\/yeniterter.az\/index.php?rest_route=\/wp\/v2\/posts\/30109\/revisions\/30111"}],"wp:attachment":[{"href":"https:\/\/yeniterter.az\/index.php?rest_route=%2Fwp%2Fv2%2Fmedia&parent=30109"}],"wp:term":[{"taxonomy":"category","embeddable":true,"href":"https:\/\/yeniterter.az\/index.php?rest_route=%2Fwp%2Fv2%2Fcategories&post=30109"},{"taxonomy":"post_tag","embeddable":true,"href":"https:\/\/yeniterter.az\/index.php?rest_route=%2Fwp%2Fv2%2Ftags&post=30109"}],"curies":[{"name":"wp","href":"https:\/\/api.w.org\/{rel}","templated":true}]}}