{"id":30104,"date":"2025-08-28T09:33:23","date_gmt":"2025-08-28T06:33:23","guid":{"rendered":"https:\/\/yeniterter.az\/?p=30104"},"modified":"2025-08-28T09:34:35","modified_gmt":"2025-08-28T06:34:35","slug":"davamli-inkisaf-qarsiliqli-etimad","status":"publish","type":"post","link":"https:\/\/yeniterter.az\/?p=30104","title":{"rendered":"Davaml\u0131 inki\u015faf, qar\u015f\u0131l\u0131ql\u0131 etimad"},"content":{"rendered":"<p><img decoding=\"async\" loading=\"lazy\" class=\"wp-image-30105 alignleft\" src=\"https:\/\/yeniterter.az\/wp-content\/uploads\/690e7f06-6d38-454c-ae10-29d726db9070-300x199.jpg\" alt=\"\" width=\"207\" height=\"137\" srcset=\"https:\/\/yeniterter.az\/wp-content\/uploads\/690e7f06-6d38-454c-ae10-29d726db9070-300x199.jpg 300w, https:\/\/yeniterter.az\/wp-content\/uploads\/690e7f06-6d38-454c-ae10-29d726db9070-1024x678.jpg 1024w, https:\/\/yeniterter.az\/wp-content\/uploads\/690e7f06-6d38-454c-ae10-29d726db9070-768x508.jpg 768w, https:\/\/yeniterter.az\/wp-content\/uploads\/690e7f06-6d38-454c-ae10-29d726db9070.jpg 1070w\" sizes=\"(max-width: 207px) 100vw, 207px\" \/>Prezident \u0130lham \u018fliyevin T\u00fcrkm\u0259nistana s\u0259f\u0259ri zaman\u0131 Az\u0259rbaycan, T\u00fcrkm\u0259nistan v\u0259 \u00d6zb\u0259kistan liderl\u0259rinin i\u015ftirak\u0131 il\u0259 ke\u00e7iril\u0259n \u00fc\u00e7t\u0259r\u0259fli g\u00f6r\u00fc\u015f h\u0259m siyasi, h\u0259m iqtisadi, h\u0259m d\u0259 m\u0259n\u0259vi bax\u0131mdan T\u00fcrk d\u00fcnyas\u0131n\u0131n birliyin\u0259 tarixi t\u00f6hf\u0259dir.<\/p>\n<p>Cari ilin avqust ay\u0131nda Az\u0259rbaycan Respublikas\u0131n\u0131n Prezidenti \u0130lham \u018fliyevin T\u00fcrkm\u0259nistana r\u0259smi s\u0259f\u0259ri sad\u0259c\u0259 diplomatik v\u0259 strateji g\u00fcnd\u0259ml\u0259 m\u0259hdudla\u015fmad\u0131. Bu s\u0259f\u0259r, h\u0259m\u00e7inin t\u00fcrkdilli d\u00f6vl\u0259tl\u0259rin ortaq tarixi, m\u0259d\u0259ni v\u0259 m\u0259n\u0259vi k\u00f6kl\u0259r \u00fcz\u0259rind\u0259 qurulmu\u015f birliyinin daha da d\u0259rinl\u0259\u015fdiyinin n\u00f6vb\u0259ti bariz n\u00fcmun\u0259si oldu.<\/p>\n<p>\u00dc\u00e7 \u00f6lk\u0259nin r\u0259hb\u0259rl\u0259ri aras\u0131nd ba\u015f tutan \u00fc\u00e7t\u0259r\u0259fli g\u00f6r\u00fc\u015f \u00e7\u0259r\u00e7iv\u0259sind\u0259 bir s\u0131ra m\u00fch\u00fcm s\u0259n\u0259dl\u0259r imzaland\u0131. Bu s\u0259n\u0259dl\u0259r aras\u0131nda Transx\u0259z\u0259r N\u0259qliyyat D\u0259hlizi \u00fczr\u0259 \u0259m\u0259kda\u015fl\u0131q memorandumu, enerji sah\u0259sind\u0259 informasiya v\u0259 texnologiya m\u00fcbadil\u0259si, k\u0259nd t\u0259s\u0259rr\u00fcfat\u0131 v\u0259 qida t\u0259hl\u00fck\u0259sizliyi sah\u0259sind\u0259 sazi\u015fl\u0259r x\u00fcsusi \u0259h\u0259miyy\u0259t k\u0259sb edir.<\/p>\n<p>\u018fld\u0259 olunan raz\u0131la\u015fmalar t\u00fcrk d\u00fcnyas\u0131n\u0131n iqtisadi v\u0259 logistik g\u00fcc\u00fcn\u00fcn birl\u0259\u015fdirilm\u0259si, regionda alternativ enerji v\u0259 davaml\u0131 inki\u015faf prinsipl\u0259rinin t\u0259\u015fviqi, \u0259rzaq t\u0259hl\u00fck\u0259sizliyi v\u0259 ticar\u0259t \u0259laq\u0259l\u0259rinin geni\u015fl\u0259ndirilm\u0259si bax\u0131m\u0131ndan \u0259h\u0259miyy\u0259tlidir.<\/p>\n<p>Az\u0259rbaycan\u0131n t\u0259\u015f\u0259bb\u00fcsl\u0259ri il\u0259 M\u0259rk\u0259zi Asiya il\u0259 Qafqaz\u0131 birl\u0259\u015fdir\u0259n layih\u0259l\u0259r t\u00fcrk d\u00f6vl\u0259tl\u0259ri aras\u0131nda qar\u015f\u0131l\u0131ql\u0131 as\u0131l\u0131l\u0131\u011f\u0131 g\u00fccl\u0259ndirm\u0259kl\u0259 yana\u015f\u0131 regional sabitliy\u0259 d\u0259 b\u00f6y\u00fck t\u00f6hf\u0259 verir.<!--more--><\/p>\n<p>Az\u0259rbaycan, T\u00fcrkm\u0259nistan v\u0259 \u00d6zb\u0259kistan xalqlar\u0131n\u0131n \u0259srl\u0259r boyu eyni k\u00f6kd\u0259n, eyni inamdan, eyni dild\u0259n v\u0259 eyni m\u0259d\u0259niyy\u0259t m\u00fchitind\u0259n qidalan\u0131d\u0131qlar\u0131n\u0131 n\u0259z\u0259r\u0259 alaraq bu g\u00fcn r\u0259smi s\u0259n\u0259dl\u0259r\u0259 imza at\u0131l\u0131r. Biz ortaq yadda\u015f \u00fcz\u0259rind\u0259 formala\u015fan v\u0259 yaln\u0131z zaman\u0131n yaratd\u0131\u011f\u0131 f\u00fcrs\u0259tl\u0259ri vaxt\u0131nda d\u0259y\u0259rl\u0259ndir\u0259n strateji t\u0259r\u0259fda\u015f deyil h\u0259m d\u0259 bir-birin\u0259 q\u0131r\u0131lmaz tell\u0259rl\u0259 ba\u011fl\u0131 b\u00f6y\u00fck bir ail\u0259yik.<\/p>\n<p>Prezident \u0130lham \u018fliyevin \u00e7\u0131x\u0131\u015f\u0131nda vur\u011fulad\u0131\u011f\u0131 kimi, \u201cT\u00fcrk d\u00fcnyas\u0131 h\u0259m m\u0259n\u0259vi g\u00fcc m\u0259rk\u0259zidir, h\u0259m d\u0259 beyn\u0259lxalq m\u00fcnasib\u0259tl\u0259rd\u0259 ciddi t\u0259sir\u0259 malik bir q\u00fcvv\u0259dir.\u201d Bu g\u00fcn qarda\u015f \u00f6lk\u0259l\u0259rin liderl\u0259rinin \u0259l-\u0259l\u0259 ver\u0259r\u0259k, ortaq m\u0259qs\u0259dl\u0259r namin\u0259 bir araya g\u0259lm\u0259si, siyasi m\u0259d\u0259ni v\u0259 tarixi bax\u0131mdan m\u00fcnasib\u0259tl\u0259rimizi yeni bir m\u00fcst\u0259viy\u0259 da\u015f\u0131y\u0131r.<\/p>\n<p>\u0130mzalanan s\u0259n\u0259dl\u0259r v\u0259 at\u0131lan add\u0131mlar, g\u0259l\u0259c\u0259k n\u0259sill\u0259r\u0259 daha s\u0131x ba\u011flarla birl\u0259\u015fmi\u015f bir T\u00fcrk d\u00fcnyas\u0131 miras qoymaq \u00fc\u00e7\u00fcnd\u00fcr. Bu birlik h\u0259m bizim g\u00fcc\u00fcm\u00fczd\u00fcr, h\u0259m d\u0259 m\u0259suliyy\u0259timiz.<\/p>\n<p>Az\u0259rbaycan, T\u00fcrkm\u0259nistan v\u0259 \u00d6zb\u0259kistan aras\u0131nda qurulan bu \u00fc\u00e7t\u0259r\u0259fli \u0259m\u0259kda\u015fl\u0131q platformas\u0131, T\u00fcrk D\u00f6vl\u0259tl\u0259ri T\u0259\u015fkilat\u0131n\u0131n m\u0259qs\u0259d v\u0259 m\u0259ram\u0131na uy\u011fun olaraq yaln\u0131z bug\u00fcn\u00fcn probleml\u0259rini h\u0259ll etm\u0259y\u0259 deyil, h\u0259m\u00e7inin sabah\u0131n daha g\u00fccl\u00fc, daha firavan v\u0259 daha q\u00fcdr\u0259tli T\u00fcrk d\u00fcnyas\u0131n\u0131n qurulmas\u0131na xidm\u0259t edir. \u018fminlikl\u0259 dey\u0259 bil\u0259rik ki, bu t\u0259m\u0259l \u00fcz\u0259rind\u0259 qurulan tarixi birliyimiz u\u011furlu g\u0259l\u0259c\u0259yimizin \u0259n etibarl\u0131 z\u0259man\u0259tidir.<\/p>\n<p style=\"text-align: right;\">Eldar \u018fs\u0259dov,<\/p>\n<p style=\"text-align: right;\">YAP T\u0259rt\u0259r rayon t\u0259\u015fkilat\u0131n\u0131n s\u0259dri<\/p>\n","protected":false},"excerpt":{"rendered":"<p>Prezident \u0130lham \u018fliyevin T\u00fcrkm\u0259nistana s\u0259f\u0259ri zaman\u0131 Az\u0259rbaycan, T\u00fcrkm\u0259nistan v\u0259 \u00d6zb\u0259kistan liderl\u0259rinin i\u015ftirak\u0131 il\u0259 ke\u00e7iril\u0259n \u00fc\u00e7t\u0259r\u0259fli g\u00f6r\u00fc\u015f h\u0259m siyasi, h\u0259m iqtisadi, h\u0259m d\u0259 m\u0259n\u0259vi bax\u0131mdan T\u00fcrk d\u00fcnyas\u0131n\u0131n birliyin\u0259 tarixi t\u00f6hf\u0259dir. Cari ilin avqust ay\u0131nda Az\u0259rbaycan Respublikas\u0131n\u0131n Prezidenti \u0130lham \u018fliyevin T\u00fcrkm\u0259nistana r\u0259smi s\u0259f\u0259ri sad\u0259c\u0259 diplomatik v\u0259 strateji g\u00fcnd\u0259ml\u0259 m\u0259hdudla\u015fmad\u0131. Bu s\u0259f\u0259r, h\u0259m\u00e7inin t\u00fcrkdilli d\u00f6vl\u0259tl\u0259rin ortaq tarixi, m\u0259d\u0259ni [&hellip;]<\/p>\n","protected":false},"author":2,"featured_media":0,"comment_status":"closed","ping_status":"closed","sticky":false,"template":"","format":"standard","meta":[],"categories":[10],"tags":[],"_links":{"self":[{"href":"https:\/\/yeniterter.az\/index.php?rest_route=\/wp\/v2\/posts\/30104"}],"collection":[{"href":"https:\/\/yeniterter.az\/index.php?rest_route=\/wp\/v2\/posts"}],"about":[{"href":"https:\/\/yeniterter.az\/index.php?rest_route=\/wp\/v2\/types\/post"}],"author":[{"embeddable":true,"href":"https:\/\/yeniterter.az\/index.php?rest_route=\/wp\/v2\/users\/2"}],"replies":[{"embeddable":true,"href":"https:\/\/yeniterter.az\/index.php?rest_route=%2Fwp%2Fv2%2Fcomments&post=30104"}],"version-history":[{"count":3,"href":"https:\/\/yeniterter.az\/index.php?rest_route=\/wp\/v2\/posts\/30104\/revisions"}],"predecessor-version":[{"id":30108,"href":"https:\/\/yeniterter.az\/index.php?rest_route=\/wp\/v2\/posts\/30104\/revisions\/30108"}],"wp:attachment":[{"href":"https:\/\/yeniterter.az\/index.php?rest_route=%2Fwp%2Fv2%2Fmedia&parent=30104"}],"wp:term":[{"taxonomy":"category","embeddable":true,"href":"https:\/\/yeniterter.az\/index.php?rest_route=%2Fwp%2Fv2%2Fcategories&post=30104"},{"taxonomy":"post_tag","embeddable":true,"href":"https:\/\/yeniterter.az\/index.php?rest_route=%2Fwp%2Fv2%2Ftags&post=30104"}],"curies":[{"name":"wp","href":"https:\/\/api.w.org\/{rel}","templated":true}]}}