{"id":30101,"date":"2025-08-27T08:27:07","date_gmt":"2025-08-27T05:27:07","guid":{"rendered":"https:\/\/yeniterter.az\/?p=30101"},"modified":"2025-08-27T08:27:07","modified_gmt":"2025-08-27T05:27:07","slug":"26-avqust-lacin-s%c9%99h%c9%99ri-gunudur-2","status":"publish","type":"post","link":"https:\/\/yeniterter.az\/?p=30101","title":{"rendered":"26 avqust La\u00e7\u0131n \u015f\u0259h\u0259ri g\u00fcn\u00fcd\u00fcr"},"content":{"rendered":"<p style=\"text-align: center;\"><strong>La\u00e7\u0131n rayonunun yeni inki\u015faf d\u00f6vr\u00fc ba\u015flay\u0131b<\/strong><\/p>\n<p><img decoding=\"async\" loading=\"lazy\" class=\" wp-image-30102 alignright\" src=\"https:\/\/yeniterter.az\/wp-content\/uploads\/538392491_631082406722890_5004173881014200797_n-300x163.jpg\" alt=\"\" width=\"394\" height=\"214\" srcset=\"https:\/\/yeniterter.az\/wp-content\/uploads\/538392491_631082406722890_5004173881014200797_n-300x163.jpg 300w, https:\/\/yeniterter.az\/wp-content\/uploads\/538392491_631082406722890_5004173881014200797_n-768x417.jpg 768w, https:\/\/yeniterter.az\/wp-content\/uploads\/538392491_631082406722890_5004173881014200797_n.jpg 960w\" sizes=\"(max-width: 394px) 100vw, 394px\" \/>1923-c\u00fc ild\u0259 Abdallar k\u0259nd ya\u015fay\u0131\u015f m\u0259nt\u0259q\u0259si La\u00e7\u0131n adland\u0131r\u0131l\u0131b v\u0259 \u015f\u0259h\u0259r statusu al\u0131b, La\u00e7\u0131n rayonu is\u0259 1930-cu ild\u0259 inzibati \u0259razi vahidi statusu al\u0131b.<\/p>\n<p>B\u00f6y\u00fck strateji \u0259h\u0259miyy\u0259t\u0259 malik La\u00e7\u0131n rayonu 1992-ci il may\u0131n 18-d\u0259 Erm\u0259nistan silahl\u0131 q\u00fcvv\u0259l\u0259ri t\u0259r\u0259find\u0259n i\u015f\u011fal olunmu\u015fdu.<\/p>\n<p>\u0130\u015f\u011fal n\u0259tic\u0259sind\u0259 rayonun \u0259halisi etnik t\u0259mizl\u0259m\u0259y\u0259 m\u0259ruz qal\u0131b, 300-d\u0259n art\u0131q h\u0259rbi v\u0259 m\u00fclki \u015f\u0259xs h\u0259lak olub v\u0259 itkin d\u00fc\u015f\u00fcb.<\/p>\n<p>La\u00e7\u0131n\u0131n erm\u0259nil\u0259r\u0259 t\u0259hvil verilm\u0259sinin arxas\u0131nda m\u0259krli siyasi niyy\u0259tl\u0259r dayanm\u0131\u015fd\u0131.<\/p>\n<p>AXC-M\u00fcsavat c\u00fctl\u00fcy\u00fc hakimiyy\u0259t\u0259 can at\u0131rd\u0131. Hakimiyy\u0259ti ist\u0259nil\u0259n yollarla \u0259l\u0259 ke\u00e7irm\u0259k \u00fc\u00e7\u00fcn \u0259n \u00e7irkin \u0259m\u0259ll\u0259r\u0259 d\u0259 \u0259l atd\u0131, \u015eu\u015fan\u0131, La\u00e7\u0131n\u0131 dem\u0259k olar ki, d\u00fc\u015fm\u0259n\u0259 t\u0259hvil verdi. H\u0259r bir k\u0259ndin, \u015f\u0259h\u0259rin i\u015f\u011fala m\u0259ruz qalmas\u0131 b\u00f6y\u00fck faci\u0259 idi, amma La\u00e7\u0131n\u0131n i\u015f\u011fal\u0131 strateji n\u00f6qteyi-n\u0259z\u0259rind\u0259n b\u00f6y\u00fck bir s\u0131naq idi, b\u00f6y\u00fck bir f\u0259lak\u0259t idi. \u00c7\u00fcnki Erm\u0259nistanla ke\u00e7mi\u015f Da\u011fl\u0131q Qaraba\u011f Muxtar Vilay\u0259ti aras\u0131nda co\u011frafi \u0259laq\u0259 yarad\u0131l\u0131rd\u0131 v\u0259 bizim sonrak\u0131 itkil\u0259rimizin ba\u015flan\u011f\u0131c\u0131 m\u0259hz \u015eu\u015fa v\u0259 La\u00e7\u0131n\u0131n itirilm\u0259si idi.<\/p>\n<p>Erm\u0259nistan i\u015f\u011fal\u00e7\u0131 t\u0259r\u0259f olaraq Cenevr\u0259 konvensiyalar\u0131 il\u0259 \u00fcz\u0259rin\u0259 d\u00fc\u015f\u0259n \u00f6hd\u0259likl\u0259rini kobud \u015f\u0259kild\u0259 pozaraq, La\u00e7\u0131n rayonunda co\u011frafi adlar\u0131n d\u0259yi\u015fdirilm\u0259si, rayonun t\u0259bii resurslar\u0131n\u0131n talan edilm\u0259si v\u0259 qazanc m\u0259nb\u0259yin\u0259 \u00e7evrilm\u0259si, \u0259sas\u0259n, Suriyadan olan erm\u0259ni \u0259silli qa\u00e7q\u0131nlar olmaqla m\u0259qs\u0259dy\u00f6nl\u00fc m\u0259skunla\u015fma siyas\u0259tini apararaq demoqrafik t\u0259rkibin d\u0259yi\u015fdirilm\u0259si kimi qeyri-qanuni \u0259m\u0259ll\u0259r il\u0259 m\u0259\u015f\u011ful olub.<!--more--><\/p>\n<p>V\u0259t\u0259n m\u00fcharib\u0259sind\u0259 \u0259ld\u0259 etdiyimiz q\u0259l\u0259b\u0259 n\u0259tic\u0259sind\u0259 imzalanm\u0131\u015f \u00fc\u00e7t\u0259r\u0259fli b\u0259yanata \u0259sas\u0259n 2020-ci ilin 1 dekabr tarixind\u0259 La\u00e7\u0131n rayonu Az\u0259rbaycana t\u0259hvil verildi. 2022-ci ilin avqustun 26-da is\u0259 La\u00e7\u0131n \u015f\u0259h\u0259ri, Zabux v\u0259 Sus k\u0259ndl\u0259ri n\u0259zar\u0259t\u0259 g\u00f6t\u00fcr\u00fcld\u00fc.<\/p>\n<p>M\u00fcz\u0259ff\u0259r Ali Ba\u015f Komandan, Prezident \u0130lham \u018fliyevin s\u0259r\u0259ncamlar\u0131 il\u0259 La\u00e7\u0131n rayonunun i\u015f\u011faldan azad edilm\u0259si u\u011frunda apar\u0131lm\u0131\u015f d\u00f6y\u00fc\u015f \u0259m\u0259liyyatlar\u0131nda i\u015ftirak ed\u0259r\u0259k \u015f\u0259xsi igidlik v\u0259 \u015f\u00fcca\u0259t n\u00fcmayi\u015f etdirmi\u015f Az\u0259rbaycan Respublikas\u0131 Silahl\u0131 Q\u00fcvv\u0259l\u0259rinin 8418 h\u0259rbi qulluq\u00e7usu \u201cLa\u00e7\u0131n\u0131n azad olunmas\u0131na g\u00f6r\u0259\u201d medal\u0131 il\u0259 t\u0259ltif olunmu\u015fdur.<\/p>\n<p>Haz\u0131rda La\u00e7\u0131n rayonunun yeni inki\u015faf d\u00f6vr\u00fc ba\u015flay\u0131b.<\/p>\n<p>Prezident \u0130lham \u018fliyevin 31 iyul 2023-c\u00fc il tarixli S\u0259r\u0259ncam\u0131 il\u0259 Az\u0259rbaycan Respublikas\u0131n\u0131n i\u015f\u011faldan azad edilmi\u015f \u0259razil\u0259ri \u00fczr\u0259 \u015f\u0259h\u0259r g\u00fcnl\u0259ri t\u0259sis edilmi\u015fdir. S\u00f6z\u00fcged\u0259n S\u0259r\u0259ncama \u0259sas\u0259n 26 avqust La\u00e7\u0131n \u015f\u0259h\u0259ri g\u00fcn\u00fc kimi m\u00fc\u0259yy\u0259n olub.<\/p>\n<p>La\u00e7\u0131n rayonu g\u00fccl\u00fc enerji potensial\u0131na malikdir.<\/p>\n<p>Rayonun yol-n\u0259qliyyat infrastrukturu yenil\u0259nir v\u0259 geni\u015fl\u0259ndirilir.<\/p>\n<p>Prezident \u0130lham \u018fliyevin s\u0259r\u0259ncam\u0131na \u0259sas\u0259n tikil\u0259n K\u0259lb\u0259c\u0259r-La\u00e7\u0131n avtomobil yolunun uzunlu\u011fu 75,8 kilometrdir v\u0259 m\u00f6vcud yoldan 32,2 kilometr q\u0131sa olacaq. I v\u0259 II texniki d\u0259r\u0259c\u0259li bu yol iki, \u00fc\u00e7 v\u0259 d\u00f6rd h\u0259r\u0259k\u0259t zolaql\u0131 olacaq. Yeni yolun \u00fcz\u0259rind\u0259 17 tunelin in\u015fas\u0131 n\u0259z\u0259rd\u0259 tutulur. Tunell\u0259rin \u00fcmumi uzunlu\u011fu 13,3 kilometrdir. Bundan ba\u015fqa, yol \u00fcz\u0259rind\u0259 \u00fcmumi uzunlu\u011fu 4163 metr olan 23 k\u00f6rp\u00fc d\u0259 in\u015fa edilir.<\/p>\n<p>\u0130\u015f\u011faldan azad olunmu\u015f \u0259razil\u0259rd\u0259, o c\u00fcml\u0259d\u0259n La\u00e7\u0131nda hava liman\u0131n\u0131n in\u015fas\u0131 b\u00f6lg\u0259nin beyn\u0259lxalq statusunu art\u0131racaqd\u0131r. La\u00e7\u0131n hava liman\u0131n\u0131n in\u015fas\u0131 h\u0259m d\u0259 i\u015f\u011faldan azad edilmi\u015f tarixi torpaqlar\u0131m\u0131zda apar\u0131lan abadl\u0131q-quruculuq i\u015fl\u0259rinin miqyas\u0131n\u0131 g\u00f6st\u0259rir. T\u0259m\u0259li 2021-ci ild\u0259 qoyulan La\u00e7\u0131n Beyn\u0259lxalq Hava Liman\u0131 28 may 2025-ci ild\u0259 istifad\u0259y\u0259 verilmi\u015fdir. La\u00e7\u0131n rayonunun Qor\u00e7u k\u0259ndind\u0259 d\u0259niz s\u0259viyy\u0259sind\u0259n 1700 metr h\u00fcnd\u00fcrl\u00fckd\u0259 yerl\u0259\u015f\u0259n hava liman\u0131n\u0131n \u00fcmumi \u0259razisi 130 hektardan \u00e7oxdur. Bu hava liman\u0131 Az\u0259rbaycan\u0131n d\u0259niz s\u0259viyy\u0259sind\u0259n \u0259n h\u00fcnd\u00fcrd\u0259 yerl\u0259\u015f\u0259n aeroportudur. Hava liman\u0131nda ist\u0259nil\u0259n tip hava g\u0259misinin q\u0259buluna imkan ver\u0259n, uzunlu\u011fu 3 min, eni is\u0259 60 metr olan u\u00e7u\u015f-enm\u0259 zola\u011f\u0131 in\u015fa edilib. Be\u015f min kvadratmetrlik terminal binas\u0131 saatda \u0259n az\u0131 200 s\u0259rni\u015fin\u0259 xidm\u0259t g\u00f6st\u0259rm\u0259k imkan\u0131na malikdir. Hava liman\u0131 La\u00e7\u0131n \u015f\u0259h\u0259rin\u0259 30, \u015eu\u015faya 70, K\u0259lb\u0259c\u0259r\u0259 60 kilometrlik m\u0259saf\u0259d\u0259 yerl\u0259\u015fir. Bu hava liman\u0131 strateji t\u0259yinat\u0131 il\u0259 yana\u015f\u0131, g\u0259l\u0259c\u0259kd\u0259 regionun turizm potensial\u0131n\u0131n inki\u015faf\u0131na da imkan ver\u0259c\u0259k.<\/p>\n<p>La\u00e7\u0131nda h\u0259yata ke\u00e7iril\u0259n geni\u015fmiqyasl\u0131 quruculuq i\u015fl\u0259ri y\u00fcks\u0259k z\u00f6vq v\u0259 keyfiyy\u0259tl\u0259 apar\u0131l\u0131r. Ba\u015f plan layih\u0259sind\u0259 t\u0259bii ya\u015f\u0131ll\u0131qlarla \u0259hat\u0259l\u0259nmi\u015f \u015f\u0259h\u0259rin tarix\u0259n m\u00f6vcud olmu\u015f t\u0259xmin\u0259n 258 hektar m\u0259skunla\u015fma \u0259razisind\u0259 h\u0259y\u0259tyan\u0131 sah\u0259si olan f\u0259rdi evl\u0259r\u0259 \u00fcst\u00fcnl\u00fck verilib. Bununla yana\u015f\u0131, \u00e7oxfunksiyal\u0131 zonalarda v\u0259 dig\u0259r ya\u015fay\u0131\u015f \u0259razil\u0259rind\u0259 \u00e7oxm\u0259nzilli binalar\u0131n tikilm\u0259si t\u0259klif edilir. \u015e\u0259h\u0259rd\u0259 x\u0259st\u0259xana, \u0130\u015f\u011fal v\u0259 Z\u0259f\u0259r muzeyl\u0259rinin yerl\u0259\u015f\u0259c\u0259yi Memorial Park, m\u0259kt\u0259b\u0259q\u0259d\u0259r v\u0259 tam orta t\u0259hsil m\u00fc\u0259ssis\u0259l\u0259ri, pe\u015f\u0259 m\u0259kt\u0259bi, h\u0259m\u00e7inin m\u0259d\u0259niyy\u0259t v\u0259 turizm obyektl\u0259ri d\u0259 yarad\u0131lacaq. Planla\u015fd\u0131rmada t\u0259tbiq edilmi\u015f \u201c15 d\u0259qiq\u0259lik \u015f\u0259h\u0259r\u201d prinsipi is\u0259 ya\u015fay\u0131\u015f m\u0259h\u0259ll\u0259l\u0259rinin, g\u00fcnd\u0259lik t\u0259l\u0259bat obyektl\u0259rinin yax\u0131n m\u0259saf\u0259d\u0259 olmas\u0131n\u0131 v\u0259 a\u015fa\u011f\u0131 s\u00fcr\u0259tli yol infrastrukturunun t\u0259\u015fkilini n\u0259z\u0259rd\u0259 tutaraq sakinl\u0259rin v\u0259 qonaqlar\u0131n \u015f\u0259h\u0259r daxilind\u0259 rahat h\u0259r\u0259k\u0259tini t\u0259min ed\u0259c\u0259k.<\/p>\n<p>B\u00fct\u00f6vl\u00fckd\u0259 La\u00e7\u0131nda 1000-d\u0259n \u00e7ox ya\u015fay\u0131\u015f evi tikilib v\u0259 b\u0259rpa edilib. La\u00e7\u0131n \u015f\u0259h\u0259rind\u0259 626 f\u0259rdi ev, \u00e7oxm\u0259nzilli binada 138 m\u0259nzil, 87 qeyri-ya\u015fay\u0131\u015f sah\u0259si istifad\u0259y\u0259 verilib. Haz\u0131rda \u015f\u0259h\u0259rd\u0259 89 f\u0259rdi ev, 28 \u00e7oxm\u0259nzilli bina, 26 qeyri-ya\u015fay\u0131\u015f sah\u0259sinin tikinti v\u0259 b\u0259rpas\u0131 davam edir. Eyni zamanda 237 f\u0259rdi ev v\u0259 29 \u00e7oxm\u0259nzilli binan\u0131n (436 m\u0259nzil) tikintisi planla\u015fd\u0131r\u0131l\u0131r.<\/p>\n<p>La\u00e7\u0131n rayon 2 n\u00f6mr\u0259li tam orta m\u0259kt\u0259binin 510 \u015fagird yeri var, m\u0259kt\u0259bin \u00fc\u00e7m\u0259rt\u0259b\u0259li binas\u0131n\u0131n sah\u0259si 4550 kvadratmetrdir. Binada 24 yerlik doqquz, 18 yerlik be\u015f v\u0259 12 yerlik d\u00f6rd sinif ota\u011f\u0131, 1 informatika, 1 texnologiya kabineti, 3 laboratoriya, 18 yerlik m\u0259kt\u0259b\u0259haz\u0131rl\u0131q ota\u011f\u0131 v\u0259 24 yerlik h\u0259rbi haz\u0131rl\u0131q kabineti var. 2023-c\u00fc ild\u0259 La\u00e7\u0131n rayonunun 176 \u015fagird yerlik Zabux k\u0259nd tam orta m\u0259kt\u0259bi f\u0259aliyy\u0259t\u0259 ba\u015flay\u0131b.<\/p>\n<p>La\u00e7\u0131n\u0131n b\u0259rpas\u0131 konsepsiyas\u0131nda \u015f\u0259h\u0259rin turizm potensial\u0131 da n\u0259z\u0259r\u0259 al\u0131naraq ona uy\u011fun infrastruktur yarad\u0131l\u0131r. 2025-ci ild\u0259 La\u00e7\u0131n rayonunun Zerti k\u0259ndind\u0259 \u201cLa\u00e7\u0131n\u201d \u0130stirah\u0259t Kompleksinin a\u00e7\u0131l\u0131\u015f\u0131 olub. \u018frazisi 11,2 hektar v\u0259 \u00fcmumi sah\u0259si 42 min kvadratmetr olan \u201cLa\u00e7\u0131n\u201d \u0130stirah\u0259t Kompleksi m\u00fcxt\u0259lif kateqoriyal\u0131 120 otaql\u0131 hotel binas\u0131ndan, 8 kottecd\u0259n ibar\u0259t olmaqla, \u00fcmumilikd\u0259 324 n\u0259f\u0259r qonaq q\u0259bul ed\u0259 bil\u0259c\u0259k. \u0130stirah\u0259t kompleksind\u0259 i\u015fg\u00fczar g\u00f6r\u00fc\u015fl\u0259rin, konfranslar\u0131n v\u0259 dig\u0259r t\u0259dbirl\u0259rin ke\u00e7irilm\u0259si \u00fc\u00e7\u00fcn m\u00fcasir avadanl\u0131qlarla t\u0259chiz edilmi\u015f 500 n\u0259f\u0259rlik t\u0259dbir v\u0259 340 n\u0259f\u0259rlik ziyaf\u0259t zallar\u0131, 100 n\u0259f\u0259rlik konfrans zal\u0131 v\u0259 toplant\u0131 ota\u011f\u0131 yarad\u0131l\u0131b. Bu istirah\u0259t m\u0259kan\u0131nda 174 n\u0259f\u0259r i\u015fl\u0259 t\u0259min olunub ki, onlardan da 122-si La\u00e7\u0131n, K\u0259lb\u0259c\u0259r v\u0259 i\u015f\u011faldan azad olunmu\u015f dig\u0259r \u0259razil\u0259rin sakinl\u0259ridir.<\/p>\n<p>2023-c\u00fc ilin avqustun 25-d\u0259 La\u00e7\u0131n rayonunda \u201cHo\u00e7azfilm\u201d yarad\u0131c\u0131l\u0131q studiyas\u0131n\u0131n \u00e7\u0259kili\u015f pavilyonunun a\u00e7\u0131l\u0131\u015f\u0131 olub.<\/p>\n<p>La\u00e7\u0131nda b\u0259rpa v\u0259 quruculuq i\u015fl\u0259ri istehsal m\u00fc\u0259ssis\u0259l\u0259rinin yarad\u0131lmas\u0131 il\u0259 paralel \u015f\u0259kild\u0259 davam etdirilir. Bu i\u015fl\u0259rd\u0259n biri d\u0259 La\u00e7\u0131n rayonunun s\u0259naye zonas\u0131nda yarad\u0131lan mebel fabrikidir. M\u00fc\u0259ssis\u0259d\u0259 yataq v\u0259 qonaq otaqlar\u0131 d\u0259stl\u0259rinin, qap\u0131lar\u0131n v\u0259 dig\u0259r mebel m\u0259hsullar\u0131n\u0131n istehsal\u0131 n\u0259z\u0259rd\u0259 tutulub.<\/p>\n<p>La\u00e7\u0131n \u015f\u0259h\u0259rind\u0259 yarad\u0131lan \u201cLa\u00e7\u0131n Aqro-S\u0259naye Park\u0131\u201dnda \u00fcmumilikd\u0259 46 m\u00fc\u0259ssis\u0259 f\u0259aliyy\u0259t g\u00f6st\u0259r\u0259c\u0259k. Burada mebel fabrikl\u0259ri, bal\u0131q t\u0259s\u0259rr\u00fcfat\u0131, yeyinti s\u0259nayesi, y\u00fcng\u00fcl s\u0259naye, ekoloji c\u0259h\u0259td\u0259n t\u0259miz emal m\u00fc\u0259ssis\u0259l\u0259ri, ki\u00e7ikbuynuzlu heyvanlar \u00fczr\u0259 elmi-t\u0259cr\u00fcb\u0259 m\u0259rk\u0259zi v\u0259 dig\u0259r m\u00fc\u0259ssis\u0259l\u0259r yarad\u0131lacaq. \u201cLa\u00e7\u0131n Aqro-S\u0259naye Park\u0131\u201dnda i\u015f\u0259 ba\u015flayan m\u00fc\u0259ssis\u0259l\u0259rd\u0259n biri d\u0259 \u201cPIRSHAGHI\u201d ayaqqab\u0131 fabrikinin La\u00e7\u0131n filial\u0131d\u0131r. \u00dcmumi d\u0259y\u0259ri 367,9 min manat olan m\u00fc\u0259ssis\u0259d\u0259 \u0259sas\u0259n La\u00e7\u0131n sakinl\u0259ri olmaqla 15 n\u0259f\u0259r i\u015fl\u0259 t\u0259min edil\u0259c\u0259k. M\u00fc\u0259ssis\u0259 ki\u015fi, qad\u0131n v\u0259 u\u015faqlar \u00fc\u00e7\u00fcn ayda 1500 c\u00fct ayaqqab\u0131 istehsal etm\u0259k g\u00fcc\u00fcnd\u0259dir. M\u00fcasir avadanl\u0131qlarla t\u0259chiz olunmu\u015f fabrikd\u0259 idman v\u0259 klassik \u00fcslubda ayaqqab\u0131lar istehsal edil\u0259c\u0259k.<\/p>\n<p>La\u00e7\u0131n rayonunda heyvandarl\u0131\u011f\u0131n inki\u015faf\u0131 \u00fc\u00e7\u00fcn b\u00f6y\u00fck imkanlar var. La\u00e7\u0131n rayonunda y\u00fczl\u0259rl\u0259 ar\u0131\u00e7\u0131 \u00f6z t\u0259s\u0259rr\u00fcfat\u0131n\u0131 qurub v\u0259 bol m\u0259hsul g\u00f6t\u00fcr\u00fcr. 2023-c\u00fc ilin avqustun 25-d\u0259 \u201cH\u0259k\u0259ri Bal\u0131q T\u0259s\u0259rr\u00fcfat\u0131\u201d f\u0259aliyy\u0259t\u0259 ba\u015flay\u0131b. Qaraba\u011f zonas\u0131nda ilk n\u0259r\u0259yeti\u015fdirm\u0259 t\u0259s\u0259rr\u00fcfat\u0131 olan bu m\u00fc\u0259ssis\u0259d\u0259 il \u0259rzind\u0259 35 ton K\u00fcr n\u0259r\u0259si, 1,5 ton \u00e7\u00f6k\u0259 v\u0259 5 ton forel yeti\u015fdiril\u0259c\u0259k. G\u0259l\u0259c\u0259kd\u0259 m\u00fc\u0259ssis\u0259nin f\u0259aliyy\u0259tinin geni\u015fl\u0259ndirilm\u0259si planla\u015fd\u0131r\u0131l\u0131r. Bel\u0259 ki, n\u0259r\u0259 \u0259ti istehsal\u0131n\u0131n ild\u0259 70 tona, k\u00fcr\u00fcn\u00fcn 3 tona, forel \u0259tinin is\u0259 10 tona \u00e7atd\u0131r\u0131lmas\u0131 n\u0259z\u0259rd\u0259 tutulur.<\/p>\n<p>La\u00e7\u0131n \u015f\u0259h\u0259rind\u0259 \u0259halinin istirah\u0259tinin s\u0259m\u0259r\u0259li t\u0259\u015fkili istiqam\u0259tind\u0259 d\u0259 t\u0259dbirl\u0259r h\u0259yata ke\u00e7irilir. \u015e\u0259h\u0259rin giri\u015f hiss\u0259sind\u0259ki k\u00f6rp\u00fcn\u00fcn sol istiqam\u0259tind\u0259 sal\u0131nan \u00e7ayk\u0259nar\u0131 bulvar La\u00e7\u0131n sakinl\u0259rinin v\u0259 bura g\u0259l\u0259n qonaqlar\u0131n sevimli istirah\u0259t m\u0259kanlar\u0131ndan olacaq. Art\u0131q H\u0259k\u0259ri \u00e7ay\u0131nda astana v\u0259 g\u00f6l yarad\u0131l\u0131b. G\u00f6l\u00fcn \u00fcz\u0259rind\u0259 asma k\u00f6rp\u00fc in\u015fa edilib, \u0259traf\u0131nda ya\u015f\u0131ll\u0131qlar sal\u0131n\u0131b, kottecl\u0259r tikilib. Burada \u00e7im\u0259rlik d\u0259 f\u0259aliyy\u0259t g\u00f6st\u0259r\u0259c\u0259k. \u0130nsanlar\u0131n rahat istirah\u0259t etm\u0259si \u00fc\u00e7\u00fcn \u00e7im\u0259rliyin \u0259traf\u0131nda \u0259yl\u0259nc\u0259 m\u0259rk\u0259zinin yarad\u0131lmas\u0131 n\u0259z\u0259rd\u0259 tutulub. T\u0259m\u0259li 2025-ci ild\u0259 qoyulan La\u00e7\u0131n kanat yolu \u015f\u0259h\u0259rin Bulvar \u0259razisind\u0259 yerl\u0259\u015f\u0259c\u0259k v\u0259 iki hiss\u0259d\u0259n ibar\u0259t olacaq. Kanat yolunun h\u00fcnd\u00fcrl\u00fcy\u00fc 300 metr, x\u0259ttinin uzunlu\u011fu is\u0259 1720 metr olacaq, h\u0259r\u0259k\u0259t m\u00fcdd\u0259ti 6 d\u0259qiq\u0259 t\u0259\u015fkil ed\u0259c\u0259k. \u00dcmumilikd\u0259 17 kabin\u0259d\u0259n ibar\u0259t kanat yolu saatda 800 s\u0259rni\u015fin\u0259 xidm\u0259t ed\u0259 bil\u0259c\u0259k.<\/p>\n<p>2023-c\u00fc ilin 28 may tarixind\u0259n ba\u015flayaraq la\u00e7\u0131nl\u0131lar\u0131n do\u011fma yurda qay\u0131d\u0131\u015f\u0131na start verilib.<\/p>\n<p>\u00dcmumi sah\u0259si 81 hektar olan Zabux k\u0259ndin\u0259 245 ail\u0259nin k\u00f6\u00e7\u00fcr\u00fclm\u0259si n\u0259z\u0259rd\u0259 tutulur. \u0130lkin m\u0259rh\u0259l\u0259d\u0259 k\u0259nd\u0259 223 ail\u0259 k\u00f6\u00e7\u00fcr\u00fcl\u0259c\u0259k. Eyni zamanda, k\u0259nd sakinl\u0259rinin rahatl\u0131\u011f\u0131 v\u0259 m\u0259\u015f\u011fullu\u011fu n\u0259z\u0259r\u0259 al\u0131naraq bir s\u0131ra infrastruktur binalar\u0131n\u0131n da in\u015fas\u0131 h\u0259yata ke\u00e7irilib. K\u0259ndd\u0259 50 yerlik u\u015faq ba\u011f\u00e7as\u0131, inzibati bina, tibb m\u0259nt\u0259q\u0259si d\u0259 in\u015fa edilib. Zabuxda evl\u0259rin, sosial obyektl\u0259rin v\u0259 k\u00fc\u00e7\u0259l\u0259rin i\u015f\u0131qland\u0131r\u0131lmas\u0131nda \u201cya\u015f\u0131l enerji\u201dd\u0259n istifad\u0259 edilir.<\/p>\n<p>Tamamil\u0259 yenid\u0259n tikil\u0259r\u0259k istifad\u0259y\u0259 veril\u0259n v\u0259 25 hektar \u0259razini \u0259hat\u0259 ed\u0259n Sus k\u0259ndind\u0259 13 ikiotaql\u0131, 28 \u00fc\u00e7otaql\u0131, 14 d\u00f6rdotaql\u0131 v\u0259 4 be\u015fotaql\u0131 f\u0259rdi ev tikilib. K\u0259ndd\u0259 132 yerlik orta m\u0259kt\u0259b, 50 yerlik u\u015faq ba\u011f\u00e7as\u0131 da in\u015fa olunub. Sakinl\u0259rin asud\u0259 vaxtlar\u0131n\u0131n s\u0259m\u0259r\u0259li t\u0259\u015fkili \u00fc\u00e7\u00fcn istirah\u0259t park\u0131 v\u0259 m\u00fcxt\u0259lif u\u015faq meydan\u00e7alar\u0131 yarad\u0131l\u0131b.<\/p>\n<p>B\u0259ylik k\u0259ndind\u0259 geni\u015fmiqyasl\u0131 quruculuq i\u015fl\u0259ri apar\u0131l\u0131r.<\/p>\n<p>\u018frazisi 29,6 hektar olan k\u0259ndd\u0259 91 f\u0259rdi ev in\u015fa olunub. Evl\u0259rd\u0259n 13-\u00fc iki, 50-si \u00fc\u00e7, 15-i d\u00f6rd, 13-\u00fc is\u0259 be\u015fotaql\u0131d\u0131r. B\u0259ylik k\u0259ndind\u0259 \u0259halinin m\u0259\u015f\u011fullu\u011funun t\u0259min edilm\u0259si \u00fc\u00e7\u00fcn h\u0259r c\u00fcr \u015f\u0259rait yarad\u0131l\u0131b, iqtisadi, sosial v\u0259 m\u0259i\u015f\u0259t t\u0259yinatl\u0131 m\u00fcxt\u0259lif m\u00fc\u0259ssis\u0259l\u0259r tikilib, k\u0259nddaxili yollar, elektrik, rabit\u0259, su x\u0259tl\u0259ri \u00e7\u0259kilib, qaz t\u0259chizat\u0131 t\u0259min olunub.<\/p>\n<p>MDB Humanitar \u018fm\u0259kda\u015fl\u0131q \u015euras\u0131n\u0131n 2024-c\u00fc ilin 8 oktyabr tarixli q\u0259rar\u0131na \u0259sas\u0259n, La\u00e7\u0131n \u015f\u0259h\u0259ri 2025-ci ild\u0259 \u201cMDB-nin m\u0259d\u0259niyy\u0259t paytaxt\u0131\u201d elan olunmu\u015fdur. 2025-ci ilin iyunun 3-d\u0259 La\u00e7\u0131n \u015f\u0259h\u0259rind\u0259 \u201cMDB-nin m\u0259d\u0259niyy\u0259t paytaxt\u0131 \u2013 2025\u201d ilinin r\u0259smi a\u00e7\u0131l\u0131\u015f m\u0259rasimi ke\u00e7irilmi\u015fdir.<\/p>\n<p>Prezident \u0130lham \u018fliyev azad olunmu\u015f La\u00e7\u0131na 8 d\u0259f\u0259 s\u0259f\u0259r edib.<\/p>\n<p>\u0130lk s\u0259f\u0259ri zaman\u0131 Perezident G\u00fcl\u0259bird k\u0259ndind\u0259 Az\u0259rbaycan bayra\u011f\u0131n\u0131 ucald\u0131b.<\/p>\n<p>Sonrak\u0131 s\u0259f\u0259rl\u0259r t\u0259m\u0259lqoyma m\u0259rasiml\u0259ri, i\u015fl\u0259rin gedi\u015fi il\u0259 tan\u0131\u015fl\u0131q v\u0259 a\u00e7\u0131l\u0131\u015f m\u0259rasiml\u0259ri il\u0259 yadda qal\u0131b.<\/p>\n<p>La\u00e7\u0131nda Az\u0259rbaycan Prezidentinin T\u00fcrkiy\u0259 Prezidenti il\u0259 t\u0259kb\u0259t\u0259k g\u00f6r\u00fc\u015f\u00fc,<\/p>\n<p>Az\u0259rbaycan Prezidentinin, T\u00fcrkiy\u0259 Prezidentinin v\u0259 Pakistan\u0131n Ba\u015f nazirinin Zirv\u0259 g\u00f6r\u00fc\u015f\u00fc olub.<\/p>\n<p>La\u00e7\u0131nda 28 May &#8211; M\u00fcst\u0259qillik G\u00fcn\u00fcn\u0259 h\u0259sr olunmu\u015f konsert olub.<\/p>\n<p>Az\u0259rbaycan v\u0259 T\u00fcrkiy\u0259 prezidentl\u0259ri, Pakistan\u0131n Ba\u015f naziri La\u00e7\u0131n \u015f\u0259h\u0259rind\u0259 seyr\u0259ngahda olublar.<\/p>\n<p>&nbsp;<\/p>\n","protected":false},"excerpt":{"rendered":"<p>La\u00e7\u0131n rayonunun yeni inki\u015faf d\u00f6vr\u00fc ba\u015flay\u0131b 1923-c\u00fc ild\u0259 Abdallar k\u0259nd ya\u015fay\u0131\u015f m\u0259nt\u0259q\u0259si La\u00e7\u0131n adland\u0131r\u0131l\u0131b v\u0259 \u015f\u0259h\u0259r statusu al\u0131b, La\u00e7\u0131n rayonu is\u0259 1930-cu ild\u0259 inzibati \u0259razi vahidi statusu al\u0131b. B\u00f6y\u00fck strateji \u0259h\u0259miyy\u0259t\u0259 malik La\u00e7\u0131n rayonu 1992-ci il may\u0131n 18-d\u0259 Erm\u0259nistan silahl\u0131 q\u00fcvv\u0259l\u0259ri t\u0259r\u0259find\u0259n i\u015f\u011fal olunmu\u015fdu. \u0130\u015f\u011fal n\u0259tic\u0259sind\u0259 rayonun \u0259halisi etnik t\u0259mizl\u0259m\u0259y\u0259 m\u0259ruz qal\u0131b, 300-d\u0259n art\u0131q h\u0259rbi [&hellip;]<\/p>\n","protected":false},"author":2,"featured_media":0,"comment_status":"closed","ping_status":"closed","sticky":false,"template":"","format":"standard","meta":[],"categories":[10],"tags":[],"_links":{"self":[{"href":"https:\/\/yeniterter.az\/index.php?rest_route=\/wp\/v2\/posts\/30101"}],"collection":[{"href":"https:\/\/yeniterter.az\/index.php?rest_route=\/wp\/v2\/posts"}],"about":[{"href":"https:\/\/yeniterter.az\/index.php?rest_route=\/wp\/v2\/types\/post"}],"author":[{"embeddable":true,"href":"https:\/\/yeniterter.az\/index.php?rest_route=\/wp\/v2\/users\/2"}],"replies":[{"embeddable":true,"href":"https:\/\/yeniterter.az\/index.php?rest_route=%2Fwp%2Fv2%2Fcomments&post=30101"}],"version-history":[{"count":1,"href":"https:\/\/yeniterter.az\/index.php?rest_route=\/wp\/v2\/posts\/30101\/revisions"}],"predecessor-version":[{"id":30103,"href":"https:\/\/yeniterter.az\/index.php?rest_route=\/wp\/v2\/posts\/30101\/revisions\/30103"}],"wp:attachment":[{"href":"https:\/\/yeniterter.az\/index.php?rest_route=%2Fwp%2Fv2%2Fmedia&parent=30101"}],"wp:term":[{"taxonomy":"category","embeddable":true,"href":"https:\/\/yeniterter.az\/index.php?rest_route=%2Fwp%2Fv2%2Fcategories&post=30101"},{"taxonomy":"post_tag","embeddable":true,"href":"https:\/\/yeniterter.az\/index.php?rest_route=%2Fwp%2Fv2%2Ftags&post=30101"}],"curies":[{"name":"wp","href":"https:\/\/api.w.org\/{rel}","templated":true}]}}