{"id":30096,"date":"2025-08-26T12:59:37","date_gmt":"2025-08-26T09:59:37","guid":{"rendered":"https:\/\/yeniterter.az\/?p=30096"},"modified":"2025-08-26T12:59:37","modified_gmt":"2025-08-26T09:59:37","slug":"bizim-bolg%c9%99mizd%c9%99-yeni-cox-perspektivli-sulh%c9%99-v%c9%99-t%c9%99r%c9%99fdasliga-yon%c9%99lmis-%c9%99m%c9%99kdasliq-formati-yaradilir","status":"publish","type":"post","link":"https:\/\/yeniterter.az\/?p=30096","title":{"rendered":"Bizim b\u00f6lg\u0259mizd\u0259 yeni, \u00e7ox perspektivli s\u00fclh\u0259 v\u0259 t\u0259r\u0259fda\u015fl\u0131\u011fa y\u00f6n\u0259lmi\u015f \u0259m\u0259kda\u015fl\u0131q format\u0131 yarad\u0131l\u0131r"},"content":{"rendered":"<p><img decoding=\"async\" loading=\"lazy\" class=\" wp-image-30097 alignleft\" src=\"https:\/\/yeniterter.az\/wp-content\/uploads\/539425678_630991080065356_1721494059806181785_n-300x152.jpg\" alt=\"\" width=\"268\" height=\"136\" srcset=\"https:\/\/yeniterter.az\/wp-content\/uploads\/539425678_630991080065356_1721494059806181785_n-300x152.jpg 300w, https:\/\/yeniterter.az\/wp-content\/uploads\/539425678_630991080065356_1721494059806181785_n.jpg 584w\" sizes=\"(max-width: 268px) 100vw, 268px\" \/><img decoding=\"async\" loading=\"lazy\" class=\"wp-image-30098 alignright\" src=\"https:\/\/yeniterter.az\/wp-content\/uploads\/538894155_630991026732028_938247533428666887_n-300x200.jpg\" alt=\"\" width=\"206\" height=\"137\" srcset=\"https:\/\/yeniterter.az\/wp-content\/uploads\/538894155_630991026732028_938247533428666887_n-300x200.jpg 300w, https:\/\/yeniterter.az\/wp-content\/uploads\/538894155_630991026732028_938247533428666887_n.jpg 593w\" sizes=\"(max-width: 206px) 100vw, 206px\" \/>Az\u0259rbaycan Prezidenti \u0130lham \u018fliyev T\u00fcrkm\u0259nistan Respublikas\u0131, Az\u0259rbaycan Respublikas\u0131 v\u0259 \u00d6zb\u0259kistan Respublikas\u0131 aras\u0131nda y\u00fcks\u0259ks\u0259viyy\u0259li g\u00f6r\u00fc\u015f\u00fcn yekunlar\u0131na dair 2025-ci il 22 avqust tarixind\u0259 b\u0259yanat verib.<\/p>\n<p>B\u0259yanatda deyilir ki, T\u00fcrkm\u0259nistan \u0259min \u0259ll\u0259rd\u0259dir. T\u00fcrkm\u0259n v\u0259 Az\u0259rbaycan xalqlar\u0131 \u0259srl\u0259r boyu bir ail\u0259 kimi, qarda\u015flar kimi ya\u015fay\u0131b-yaratm\u0131\u015flar. Bu g\u00fcn iki m\u00fcst\u0259qil d\u00f6vl\u0259t bu \u0259n\u0259n\u0259l\u0259r\u0259 sadiqdir, bu \u0259n\u0259n\u0259l\u0259ri ya\u015fad\u0131r v\u0259 yeni \u00fcf\u00fcql\u0259r\u0259 do\u011fru birg\u0259 add\u0131mlay\u0131r.<\/p>\n<p>Prezident \u0130lham \u018fliyev bildirib ki, T\u00fcrkm\u0259nistan v\u0259 Az\u0259rbaycan iki qarda\u015f \u00f6lk\u0259 kimi bundan sonra da \u00e7iyin-\u00e7iyin\u0259 ir\u0259liy\u0259 ged\u0259c\u0259k, b\u00fct\u00fcn m\u0259s\u0259l\u0259l\u0259ri dostluq, qarda\u015fl\u0131q \u015f\u0259raitind\u0259 h\u0259ll ed\u0259c\u0259k v\u0259 n\u0259inki ikit\u0259r\u0259fli, \u00e7oxt\u0259r\u0259fli \u0259m\u0259kda\u015fl\u0131q imkanlar\u0131n\u0131 da geni\u015fl\u0259ndir\u0259c\u0259k.<\/p>\n<p><img decoding=\"async\" loading=\"lazy\" class=\" wp-image-30099 alignleft\" src=\"https:\/\/yeniterter.az\/wp-content\/uploads\/539146492_630991050065359_4964601686898877793_n-300x219.jpg\" alt=\"\" width=\"222\" height=\"162\" srcset=\"https:\/\/yeniterter.az\/wp-content\/uploads\/539146492_630991050065359_4964601686898877793_n-300x219.jpg 300w, https:\/\/yeniterter.az\/wp-content\/uploads\/539146492_630991050065359_4964601686898877793_n.jpg 600w\" sizes=\"(max-width: 222px) 100vw, 222px\" \/>Qeyd olunub ki, T\u00fcrkm\u0259nistan Qaraba\u011fda m\u0259scid in\u015fa ed\u0259c\u0259k. Art\u0131q m\u0259scidin memarl\u0131q t\u0259sviri haz\u0131rd\u0131r v\u0259 yax\u0131n g\u0259l\u0259c\u0259kd\u0259 t\u0259m\u0259li d\u0259 qoyulacaqd\u0131r. Bu, t\u00fcrkm\u0259n xalq\u0131n\u0131n, T\u00fcrkm\u0259nistan Liderinin Az\u0259rbaycan xalq\u0131na, Az\u0259rbaycana olan d\u0259st\u0259yinin n\u00fcmun\u0259sidir, bizim qarda\u015fl\u0131\u011f\u0131m\u0131z\u0131n t\u0259c\u0259ss\u00fcm\u00fcd\u00fcr.<\/p>\n<p>\u00d6zb\u0259kistan\u0131n in\u015fa etdiyi tiki\u015f fabriki Xank\u0259ndind\u0259 f\u0259aliyy\u0259t g\u00f6st\u0259rir. Bu, Az\u0259rbaycana, dir\u00e7\u0259l\u0259n Qaraba\u011f b\u00f6lg\u0259sin\u0259 qarda\u015f \u00f6zb\u0259k xalq\u0131ndan \u00e7ox b\u00f6y\u00fck h\u0259diyy\u0259dir. Birinci h\u0259diyy\u0259ni is\u0259 biz Qaraba\u011f\u0131n dir\u00e7\u0259ldilm\u0259si istiqam\u0259tind\u0259 at\u0131lm\u0131\u015f add\u0131mlar aras\u0131nda yen\u0259 d\u0259 \u015eavkat Miromonovi\u00e7in t\u0259\u015f\u0259bb\u00fcs\u00fc il\u0259 F\u00fczulid\u0259 dahi \u00f6zb\u0259k m\u00fct\u0259f\u0259kkiri Mirz\u0259 Uluqb\u0259yin ad\u0131n\u0131 da\u015f\u0131yan 960 \u015fagird yerlik orta m\u0259kt\u0259bin timsal\u0131nda g\u00f6rd\u00fck. O m\u0259kt\u0259b bizim i\u015ftirak\u0131m\u0131zla a\u00e7\u0131lm\u0131\u015fd\u0131r v\u0259 art\u0131q orada y\u00fczl\u0259rl\u0259 g\u0259nc qaraba\u011fl\u0131 oxuyur, h\u0259r d\u0259f\u0259 o m\u0259kt\u0259bin yan\u0131ndan ke\u00e7\u0259nd\u0259 h\u0259m qarda\u015f \u00f6zb\u0259k xalq\u0131na, h\u0259m d\u0259 onun lideri \u015eavkat Miromonovi\u00e7\u0259 minn\u0259tdarl\u0131q hissl\u0259rini ifad\u0259 edir.<!--more--><\/p>\n<p>D\u00f6vl\u0259t ba\u015f\u00e7\u0131s\u0131 deyib ki, \u00d6zb\u0259kistanla s\u00f6zd\u0259 yox, \u0259m\u0259ld\u0259 dostuq, qarda\u015f\u0131q. Bizim \u00fc\u00e7\u00fcn \u0259n vacib, \u0259n \u00e7\u0259tin m\u0259s\u0259l\u0259l\u0259rd\u0259 h\u0259mi\u015f\u0259 qarda\u015flar\u0131m\u0131z yan\u0131m\u0131zda olub. Bu g\u00fcn d\u0259 bu bel\u0259dir. Bu g\u00fcn art\u0131q burada s\u0259sl\u0259ndi, bu, tarixi g\u00f6r\u00fc\u015fd\u00fcr, tarixi sammitdir, tarixi Zirv\u0259 g\u00f6r\u00fc\u015f\u00fcd\u00fcr.<\/p>\n<p>Bu, tarixi bir g\u00fcnd\u00fcr. Bizim b\u00f6lg\u0259mizd\u0259 yeni, \u00e7ox perspektivli, s\u00fclh\u0259 v\u0259 t\u0259r\u0259fda\u015fl\u0131\u011fa y\u00f6n\u0259lmi\u015f \u0259m\u0259kda\u015fl\u0131q format\u0131 yarad\u0131l\u0131r. Nec\u0259 dey\u0259rl\u0259r, xeyirli, u\u011furlu olsun.<\/p>\n<p>&nbsp;<\/p>\n","protected":false},"excerpt":{"rendered":"<p>Az\u0259rbaycan Prezidenti \u0130lham \u018fliyev T\u00fcrkm\u0259nistan Respublikas\u0131, Az\u0259rbaycan Respublikas\u0131 v\u0259 \u00d6zb\u0259kistan Respublikas\u0131 aras\u0131nda y\u00fcks\u0259ks\u0259viyy\u0259li g\u00f6r\u00fc\u015f\u00fcn yekunlar\u0131na dair 2025-ci il 22 avqust tarixind\u0259 b\u0259yanat verib. B\u0259yanatda deyilir ki, T\u00fcrkm\u0259nistan \u0259min \u0259ll\u0259rd\u0259dir. T\u00fcrkm\u0259n v\u0259 Az\u0259rbaycan xalqlar\u0131 \u0259srl\u0259r boyu bir ail\u0259 kimi, qarda\u015flar kimi ya\u015fay\u0131b-yaratm\u0131\u015flar. Bu g\u00fcn iki m\u00fcst\u0259qil d\u00f6vl\u0259t bu \u0259n\u0259n\u0259l\u0259r\u0259 sadiqdir, bu \u0259n\u0259n\u0259l\u0259ri ya\u015fad\u0131r v\u0259 yeni \u00fcf\u00fcql\u0259r\u0259 [&hellip;]<\/p>\n","protected":false},"author":2,"featured_media":0,"comment_status":"closed","ping_status":"closed","sticky":false,"template":"","format":"standard","meta":[],"categories":[10],"tags":[],"_links":{"self":[{"href":"https:\/\/yeniterter.az\/index.php?rest_route=\/wp\/v2\/posts\/30096"}],"collection":[{"href":"https:\/\/yeniterter.az\/index.php?rest_route=\/wp\/v2\/posts"}],"about":[{"href":"https:\/\/yeniterter.az\/index.php?rest_route=\/wp\/v2\/types\/post"}],"author":[{"embeddable":true,"href":"https:\/\/yeniterter.az\/index.php?rest_route=\/wp\/v2\/users\/2"}],"replies":[{"embeddable":true,"href":"https:\/\/yeniterter.az\/index.php?rest_route=%2Fwp%2Fv2%2Fcomments&post=30096"}],"version-history":[{"count":1,"href":"https:\/\/yeniterter.az\/index.php?rest_route=\/wp\/v2\/posts\/30096\/revisions"}],"predecessor-version":[{"id":30100,"href":"https:\/\/yeniterter.az\/index.php?rest_route=\/wp\/v2\/posts\/30096\/revisions\/30100"}],"wp:attachment":[{"href":"https:\/\/yeniterter.az\/index.php?rest_route=%2Fwp%2Fv2%2Fmedia&parent=30096"}],"wp:term":[{"taxonomy":"category","embeddable":true,"href":"https:\/\/yeniterter.az\/index.php?rest_route=%2Fwp%2Fv2%2Fcategories&post=30096"},{"taxonomy":"post_tag","embeddable":true,"href":"https:\/\/yeniterter.az\/index.php?rest_route=%2Fwp%2Fv2%2Ftags&post=30096"}],"curies":[{"name":"wp","href":"https:\/\/api.w.org\/{rel}","templated":true}]}}