{"id":30043,"date":"2025-08-15T10:31:31","date_gmt":"2025-08-15T07:31:31","guid":{"rendered":"https:\/\/yeniterter.az\/?p=30043"},"modified":"2025-08-15T10:36:02","modified_gmt":"2025-08-15T07:36:02","slug":"qarabagda-tikinti-v%c9%99-quruculuq-isl%c9%99ri-yeni-vus%c9%99tl%c9%99-davam-edir","status":"publish","type":"post","link":"https:\/\/yeniterter.az\/?p=30043","title":{"rendered":"Qaraba\u011fda tikinti v\u0259 quruculuq i\u015fl\u0259ri yeni v\u00fcs\u0259tl\u0259 davam edir"},"content":{"rendered":"<p><img decoding=\"async\" loading=\"lazy\" class=\"wp-image-30044 alignright\" src=\"https:\/\/yeniterter.az\/wp-content\/uploads\/7080-300x200.jpg\" alt=\"\" width=\"177\" height=\"118\" srcset=\"https:\/\/yeniterter.az\/wp-content\/uploads\/7080-300x200.jpg 300w, https:\/\/yeniterter.az\/wp-content\/uploads\/7080.jpg 375w\" sizes=\"(max-width: 177px) 100vw, 177px\" \/><img decoding=\"async\" loading=\"lazy\" class=\"wp-image-30047 alignright\" src=\"https:\/\/yeniterter.az\/wp-content\/uploads\/645803-300x248.jpg\" alt=\"\" width=\"143\" height=\"118\" srcset=\"https:\/\/yeniterter.az\/wp-content\/uploads\/645803-300x248.jpg 300w, https:\/\/yeniterter.az\/wp-content\/uploads\/645803-768x636.jpg 768w, https:\/\/yeniterter.az\/wp-content\/uploads\/645803.jpg 928w\" sizes=\"(max-width: 143px) 100vw, 143px\" \/><img decoding=\"async\" loading=\"lazy\" class=\"wp-image-30049 alignright\" src=\"https:\/\/yeniterter.az\/wp-content\/uploads\/4800-300x200.jpg\" alt=\"\" width=\"177\" height=\"118\" srcset=\"https:\/\/yeniterter.az\/wp-content\/uploads\/4800-300x200.jpg 300w, https:\/\/yeniterter.az\/wp-content\/uploads\/4800.jpg 375w\" sizes=\"(max-width: 177px) 100vw, 177px\" \/>Az\u0259rbaycan Respublikas\u0131n\u0131n D\u00f6vl\u0259t \u015e\u0259h\u0259rsalma v\u0259 Arxitektura Komit\u0259si yan\u0131nda Qaraba\u011f Regional Memarl\u0131q v\u0259 \u015e\u0259h\u0259rsalma Ba\u015f idar\u0259sinin v\u0259 T\u0259rt\u0259r Rayon \u0130cra Hakimiyy\u0259tinin birg\u0259 t\u0259\u015fkilat\u00e7\u0131l\u0131\u011f\u0131 il\u0259 Qaraba\u011f Regional Memarl\u0131q v\u0259 \u015e\u0259h\u0259rsalma Ba\u015f \u0130dar\u0259si yarad\u0131lmas\u0131n\u0131n d\u00f6rd\u00fcnc\u00fc ili m\u00fcnasib\u0259ti il\u0259 t\u0259dbir ke\u00e7irilib.<br \/>\nT\u0259dbird\u0259 T\u0259rt\u0259r Rayon \u0130cra Hakimiyy\u0259tinin ba\u015f\u00e7\u0131s\u0131 M\u00fcst\u0259qim M\u0259mm\u0259dov, Qaraba\u011f Regional Memarl\u0131q v\u0259 \u015e\u0259h\u0259rsalma Ba\u015f \u0130dar\u0259sinin r\u0259isi Q\u0259dir Babayev, T\u0259rt\u0259r Rayon Polis \u015e\u00f6b\u0259sinin r\u0259isi, polis polkovniki El\u00e7in Qas\u0131mov, T\u0259rt\u0259r Rayon M\u0259hk\u0259m\u0259sinin s\u0259dri Tahir Qubadov, T\u0259rt\u0259r H\u0259rbi prokuroru Emin V\u0259liyev, Qaraba\u011f Regional Memarl\u0131q v\u0259 \u015e\u0259h\u0259rsalma Ba\u015f \u0130dar\u0259sinin, A\u011fdam, A\u011fcab\u0259di, B\u0259rd\u0259, F\u00fczuli v\u0259 T\u0259rt\u0259r rayon \u0130cra Hakimiyy\u0259tl\u0259rinin \u0259m\u0259kda\u015flar\u0131, \u0130\u018fD \u00fczr\u0259 n\u00fcmay\u0259nd\u0259l\u0259r, b\u0259l\u0259diyy\u0259 s\u0259drl\u0259ri i\u015ftirak edibl\u0259r.<br \/>\nT\u0259dbir i\u015ftirak\u00e7\u0131lar\u0131 \u00f6nc\u0259 Ulu \u00d6nd\u0259r Heyd\u0259r \u018fliyevin M\u0259rk\u0259zi meydanda ucald\u0131lm\u0131\u015f abid\u0259sini ziyr\u0259t edib, \u00f6n\u00fcn\u0259 g\u00fcl d\u0259st\u0259l\u0259ri d\u00fcz\u00fcbl\u0259r.<br \/>\nT\u0259rt\u0259r Rayon \u0130cra Hakimiyy\u0259tinin iclas zal\u0131nda davam etdiril\u0259n t\u0259dbird\u0259 \u0259vv\u0259lc\u0259 \u00dcmummilli Lider Heyd\u0259r \u018fliyevin v\u0259 torpaqlar\u0131m\u0131z\u0131n \u0259razi b\u00fct\u00f6vl\u00fcy\u00fc u\u011frunda canlar\u0131n\u0131 f\u0259da etmi\u015f \u015f\u0259hidl\u0259rin \u0259ziz xatir\u0259si bir d\u0259qiq\u0259lik s\u00fckutla yad edilib, D\u00f6vl\u0259t Himni s\u0259sl\u0259ndirilib.<br \/>\nSonra T\u0259rt\u0259r Rayon \u0130cra Hakimiyy\u0259tinin ba\u015f\u00e7\u0131s\u0131 M\u00fcst\u0259qim M\u0259mm\u0259dov t\u0259dbiri a\u00e7araq qonaqlar\u0131 salamlay\u0131b, bildirib ki, Az\u0259rbaycan Respublikas\u0131 D\u00f6vl\u0259t \u015e\u0259h\u0259rsalma v\u0259 Arxitektura Komit\u0259sinin yan\u0131nda Qaraba\u011f Regional Memarl\u0131q v\u0259 \u015e\u0259h\u0259rsalma Ba\u015f \u0130dar\u0259sinin yarad\u0131lmas\u0131n\u0131n d\u00f6rd\u00fcnc\u00fc ilinin tamam olmas\u0131n\u0131 b\u00f6y\u00fck q\u00fcrur hissi il\u0259 qeyd edirik. Bu \u0259lam\u0259tdar g\u00fcn yaln\u0131z bir idar\u0259nin yaranma tarixi deyil, eyni zamanda d\u00f6vl\u0259timizin i\u015f\u011faldan azad olunmu\u015f torpaqlarda h\u0259yata ke\u00e7irdiyi irimiqyasl\u0131 b\u0259rpa v\u0259 yenid\u0259nqurma siyas\u0259tinin m\u00fch\u00fcm m\u0259rh\u0259l\u0259sidir.<!--more--><br \/>\nQaraba\u011f Regional Memarl\u0131q v\u0259 \u015e\u0259h\u0259rsalma Ba\u015f \u0130dar\u0259sinin r\u0259isi Q\u0259dir Babayev \u00e7\u0131x\u0131\u015f ed\u0259r\u0259k D\u00f6vl\u0259t \u015e\u0259h\u0259rsalma v\u0259 Arxitektura Komit\u0259sinin Az\u0259rbaycan Respublikas\u0131 Prezidentinin \u00f6lk\u0259mizd\u0259 d\u00f6vl\u0259t idar\u0259etm\u0259 strukturunu t\u0259kmill\u0259\u015fdirm\u0259k m\u0259qs\u0259di il\u0259 imzalad\u0131\u011f\u0131 28 fevral 2006-ci il tarixli s\u0259r\u0259ncam\u0131na \u0259sas\u0259n 1993-c\u00fc ild\u0259n f\u0259aliyy\u0259t g\u00f6st\u0259r\u0259n D\u00f6vl\u0259t Tikinti v\u0259 Arxitektura \u0130\u015fl\u0259ri Komit\u0259sinin bazas\u0131nda yarad\u0131ld\u0131\u011f\u0131n\u0131 bildirib.<br \/>\nAz\u0259rbaycan Respublikas\u0131 Prezidentinin 2007-ci il 9 noyabr tarixli F\u0259rman\u0131 il\u0259 t\u0259sdiq edilmi\u015f Az\u0259rbaycan Respublikas\u0131 D\u00f6vl\u0259t \u015e\u0259h\u0259rsalma v\u0259 Arxitektura Komit\u0259si haqq\u0131nda \u0259sasnam\u0259y\u0259 uy\u011fun olaraq Komit\u0259 \u015f\u0259h\u0259rsalma, \u0259razi planla\u015fd\u0131r\u0131lmas\u0131, arxitektura v\u0259 bununla ba\u011fl\u0131 layih\u0259l\u0259ndirm\u0259 sah\u0259l\u0259rind\u0259 d\u00f6vl\u0259t siyas\u0259tini v\u0259 t\u0259nziml\u0259m\u0259sini h\u0259yata ke\u00e7ir\u0259n m\u0259rk\u0259zi icra hakimiyy\u0259ti orqan\u0131d\u0131r.<br \/>\nQaraba\u011f Regional Memarl\u0131q v\u0259 \u015e\u0259h\u0259rsalma Ba\u015f \u0130dar\u0259si 12 avqust 2021-ci il tarixind\u0259 Az\u0259rbaycan Respublikas\u0131n\u0131n Prezidenti c\u0259nab \u0130lham \u018fliyevin F\u0259rman\u0131 il\u0259 t\u0259sis olunmu\u015fdur. Bu q\u0259rar, d\u00f6vl\u0259timizin Qaraba\u011f v\u0259 \u0259traf regionlarda m\u00fcasir \u015f\u0259h\u0259rsalma siyas\u0259tini sistemli \u015f\u0259kild\u0259 h\u0259yata ke\u00e7irm\u0259k, memarl\u0131q irsini qorumaq, yeni ya\u015fay\u0131\u015f m\u0259nt\u0259q\u0259l\u0259ri v\u0259 sosial infrastruktur yaratmaq istiqam\u0259tind\u0259 atd\u0131\u011f\u0131 strateji add\u0131mlardan biri olmu\u015fdur.<br \/>\nC\u0259nab Prezident \u0130lham \u018fliyevin t\u0259\u015f\u0259bb\u00fcs\u00fc v\u0259 t\u00f6vsiy\u0259si il\u0259 Qaraba\u011f v\u0259 \u015e\u0259rqi Z\u0259ng\u0259zurda azad iqtisadi zonalar yarad\u0131l\u0131r. Bu zonalar yerli v\u0259 xarici investorlar \u00fc\u00e7\u00fcn \u0259lveri\u015fli imkanlar a\u00e7\u0131r, yeni s\u0259naye v\u0259 k\u0259nd t\u0259s\u0259rr\u00fcfat\u0131 m\u00fc\u0259ssis\u0259l\u0259rinin yarad\u0131lmas\u0131na \u015f\u0259rait yarad\u0131r. \u0130ndiy\u0259d\u0259k onlarla investor b\u00f6lg\u0259y\u0259 c\u0259lb olunmu\u015f, m\u00fcxt\u0259lif sah\u0259l\u0259r \u00fczr\u0259 layih\u0259l\u0259r icra edilm\u0259y\u0259 ba\u015flanm\u0131\u015fd\u0131r. Bu, minl\u0259rl\u0259 yeni i\u015f yerinin a\u00e7\u0131lmas\u0131na, Qaraba\u011fa qay\u0131dan soyda\u015flar\u0131m\u0131z\u0131n m\u0259\u015f\u011fullu\u011funun t\u0259-min edilm\u0259sin\u0259 xidm\u0259t edir v\u0259 bu istiqam\u0259td\u0259 i\u015fl\u0259r qar\u015f\u0131dak\u0131 ill\u0259rd\u0259 daha geni\u015f miqyasda davam etdiril\u0259c\u0259kdir.<br \/>\nBizim \u0259sas missiyam\u0131z Qaraba\u011f\u0131n h\u0259r qar\u0131\u015f\u0131n\u0131 dir\u00e7\u0259ltm\u0259k, m\u00fcasir \u015f\u0259h\u0259rsalma standartlar\u0131na uy\u011fun, eyni zamanda milli-m\u0259d\u0259ni d\u0259y\u0259rl\u0259ri qoruyan ya\u015fay\u0131\u015f m\u00fchitini b\u0259rpa etm\u0259kdir. Qar\u015f\u0131m\u0131zda h\u0259l\u0259 b\u00f6y\u00fck h\u0259d\u0259fl\u0259r var, lakin \u0259minik ki, d\u00f6vl\u0259timizin r\u0259hb\u0259rliyi, xalq\u0131m\u0131z\u0131n d\u0259st\u0259yi v\u0259 sizin \u0259zmkarl\u0131\u011f\u0131n\u0131zla b\u00fct\u00fcn m\u0259qs\u0259dl\u0259rimiz\u0259 \u00e7ataca\u011f\u0131q.<br \/>\nT\u0259rt\u0259r Rayon Polis \u015e\u00f6b\u0259sinin r\u0259isi, polis polkovniki El\u00e7in Qas\u0131mov, T\u0259rt\u0259r Rayon M\u0259hk\u0259m\u0259sinin s\u0259dri Tahir Qubadov \u00e7\u0131x\u0131\u015f ed\u0259r\u0259k Qaraba\u011f Regional Memarl\u0131q v\u0259 \u015e\u0259h\u0259rsalma Ba\u015f \u0130dar\u0259sinin f\u0259aliyy\u0259tinin d\u00f6rd ilinin tamam olmas\u0131 m\u00fcnasib\u0259ti il\u0259 kollektivin h\u0259r bir \u0259m\u0259kda\u015f\u0131n\u0131 t\u0259brik edib, m\u00f6hk\u0259m sa\u011flaml\u0131q, i\u015fl\u0259rind\u0259 u\u011furlar v\u0259 yeni nailiyy\u0259tl\u0259r arzulay\u0131blar.<br \/>\nSonda D\u00f6vl\u0259t \u015e\u0259h\u0259rsalma v\u0259 Arxitektura Komit\u0259si yan\u0131nda Qaraba\u011f Regional Memarl\u0131q v\u0259 \u015e\u0259h\u0259rsalma Ba\u015f \u0130dar\u0259si v\u0259 T\u0259rt\u0259r Rayon \u0130cra Hakimiyy\u0259ti t\u0259r\u0259find\u0259n idar\u0259nin bir qrup \u0259m\u0259kda\u015f\u0131na f\u0259xri f\u0259rmanlar t\u0259qdim edilib, Qaraba\u011fda apar\u0131lan yenid\u0259nqurma i\u015fl\u0259rin\u0259 aid film n\u00fcmayi\u015f olunub.<\/p>\n<p>&nbsp;<\/p>\n","protected":false},"excerpt":{"rendered":"<p>Az\u0259rbaycan Respublikas\u0131n\u0131n D\u00f6vl\u0259t \u015e\u0259h\u0259rsalma v\u0259 Arxitektura Komit\u0259si yan\u0131nda Qaraba\u011f Regional Memarl\u0131q v\u0259 \u015e\u0259h\u0259rsalma Ba\u015f idar\u0259sinin v\u0259 T\u0259rt\u0259r Rayon \u0130cra Hakimiyy\u0259tinin birg\u0259 t\u0259\u015fkilat\u00e7\u0131l\u0131\u011f\u0131 il\u0259 Qaraba\u011f Regional Memarl\u0131q v\u0259 \u015e\u0259h\u0259rsalma Ba\u015f \u0130dar\u0259si yarad\u0131lmas\u0131n\u0131n d\u00f6rd\u00fcnc\u00fc ili m\u00fcnasib\u0259ti il\u0259 t\u0259dbir ke\u00e7irilib. T\u0259dbird\u0259 T\u0259rt\u0259r Rayon \u0130cra Hakimiyy\u0259tinin ba\u015f\u00e7\u0131s\u0131 M\u00fcst\u0259qim M\u0259mm\u0259dov, Qaraba\u011f Regional Memarl\u0131q v\u0259 \u015e\u0259h\u0259rsalma Ba\u015f \u0130dar\u0259sinin r\u0259isi Q\u0259dir Babayev, [&hellip;]<\/p>\n","protected":false},"author":2,"featured_media":0,"comment_status":"closed","ping_status":"closed","sticky":false,"template":"","format":"standard","meta":[],"categories":[1],"tags":[],"_links":{"self":[{"href":"https:\/\/yeniterter.az\/index.php?rest_route=\/wp\/v2\/posts\/30043"}],"collection":[{"href":"https:\/\/yeniterter.az\/index.php?rest_route=\/wp\/v2\/posts"}],"about":[{"href":"https:\/\/yeniterter.az\/index.php?rest_route=\/wp\/v2\/types\/post"}],"author":[{"embeddable":true,"href":"https:\/\/yeniterter.az\/index.php?rest_route=\/wp\/v2\/users\/2"}],"replies":[{"embeddable":true,"href":"https:\/\/yeniterter.az\/index.php?rest_route=%2Fwp%2Fv2%2Fcomments&post=30043"}],"version-history":[{"count":4,"href":"https:\/\/yeniterter.az\/index.php?rest_route=\/wp\/v2\/posts\/30043\/revisions"}],"predecessor-version":[{"id":30053,"href":"https:\/\/yeniterter.az\/index.php?rest_route=\/wp\/v2\/posts\/30043\/revisions\/30053"}],"wp:attachment":[{"href":"https:\/\/yeniterter.az\/index.php?rest_route=%2Fwp%2Fv2%2Fmedia&parent=30043"}],"wp:term":[{"taxonomy":"category","embeddable":true,"href":"https:\/\/yeniterter.az\/index.php?rest_route=%2Fwp%2Fv2%2Fcategories&post=30043"},{"taxonomy":"post_tag","embeddable":true,"href":"https:\/\/yeniterter.az\/index.php?rest_route=%2Fwp%2Fv2%2Ftags&post=30043"}],"curies":[{"name":"wp","href":"https:\/\/api.w.org\/{rel}","templated":true}]}}