{"id":29959,"date":"2025-07-31T10:44:22","date_gmt":"2025-07-31T07:44:22","guid":{"rendered":"https:\/\/yeniterter.az\/?p=29959"},"modified":"2025-07-31T10:44:22","modified_gmt":"2025-07-31T07:44:22","slug":"q%c9%99rbi-az%c9%99rbaycan-irsi-kitabinin-i-cildinin-t%c9%99qdimat-m%c9%99rasimi","status":"publish","type":"post","link":"https:\/\/yeniterter.az\/?p=29959","title":{"rendered":"\u201cQ\u0259rbi Az\u0259rbaycan \u0130rsi\u201d kitab\u0131n\u0131n  I cildinin t\u0259qdimat m\u0259rasimi"},"content":{"rendered":"<p><img decoding=\"async\" loading=\"lazy\" class=\"wp-image-29961 alignright\" src=\"https:\/\/yeniterter.az\/wp-content\/uploads\/8888-200x300.jpg\" alt=\"\" width=\"99\" height=\"149\" srcset=\"https:\/\/yeniterter.az\/wp-content\/uploads\/8888-200x300.jpg 200w, https:\/\/yeniterter.az\/wp-content\/uploads\/8888.jpg 220w\" sizes=\"(max-width: 99px) 100vw, 99px\" \/><img decoding=\"async\" loading=\"lazy\" class=\"wp-image-29963 alignleft\" src=\"https:\/\/yeniterter.az\/wp-content\/uploads\/4444-3-300x199.jpg\" alt=\"\" width=\"224\" height=\"148\" srcset=\"https:\/\/yeniterter.az\/wp-content\/uploads\/4444-3-300x199.jpg 300w, https:\/\/yeniterter.az\/wp-content\/uploads\/4444-3-1024x681.jpg 1024w, https:\/\/yeniterter.az\/wp-content\/uploads\/4444-3-768x511.jpg 768w, https:\/\/yeniterter.az\/wp-content\/uploads\/4444-3.jpg 1155w\" sizes=\"(max-width: 224px) 100vw, 224px\" \/>T\u0259dbird\u0259 T\u0259rt\u0259r Rayon \u0130cra Hakimiyy\u0259tinin ba\u015f\u00e7\u0131s\u0131 M\u00fcst\u0259qim M\u0259mm\u0259dov, Milli M\u0259clisin deputat\u0131, Q\u0259rbi Az\u0259rbaycan \u0130cmas\u0131 \u0130dar\u0259 Hey\u0259tinin \u00fczv\u00fc \u0130lham M\u0259mm\u0259dov, Q\u0259rbi Az\u0259rbaycan \u0130cmas\u0131n\u0131n B\u0259rd\u0259 rayonu \u00fczr\u0259 s\u0259dri F\u0259zair Piriyev, YAP rayon t\u0259\u015fkilat\u0131n\u0131n s\u0259dri Eldar \u018fs\u0259dov, h\u00fcquq m\u00fchafiz\u0259 orqanlar\u0131n\u0131n r\u0259hb\u0259rl\u0259ri, Q\u0259rbi Az\u0259rbaycandan m\u00fcxt\u0259lif vaxtlarda deportasiya olunmu\u015f v\u0259t\u0259nda\u015flar, rayonun ziyal\u0131lar\u0131 v\u0259 ictimaiyy\u0259t n\u00fcmay\u0259nd\u0259l\u0259ri i\u015ftirak edibl\u0259r.<br \/>\nT\u0259dbir i\u015ftirak\u00e7\u0131lar\u0131 \u0259vv\u0259lc\u0259 \u00dcmummilli Lider Heyd\u0259r \u018fliyevin M\u0259rk\u0259zi Meydanda ucald\u0131lm\u0131\u015f abid\u0259sini ziyar\u0259t edib, \u00f6n\u00fcn\u0259 g\u00fcl d\u0259st\u0259l\u0259ri d\u00fcz\u0259r\u0259k xatir\u0259sini ehtiramla an\u0131blar.<br \/>\nSonra t\u0259qdimata g\u0259l\u0259nl\u0259r M\u0259d\u0259niyy\u0259t M\u0259rk\u0259zinin foyesind\u0259 Q\u0259rbi Az\u0259rbaycana h\u0259sr olunmu\u015f kitab v\u0259 fotos\u0259rgiy\u0259 bax\u0131b, Q\u0259rbi Az\u0259rbaycan m\u0259tb\u0259xi il\u0259 tan\u0131\u015f olublar.<br \/>\nT\u0259dbird\u0259n \u00f6nc\u0259 \u00dcmummilli Lider Heyd\u0259r \u018fliyevin v\u0259 torpaqlar\u0131m\u0131z\u0131n suverenliyi u\u011frunda canlar\u0131ndan ke\u00e7mi\u015f \u015f\u0259hidl\u0259rin xatir\u0259si bir <img decoding=\"async\" loading=\"lazy\" class=\"wp-image-29965 alignright\" src=\"https:\/\/yeniterter.az\/wp-content\/uploads\/222-16-300x199.jpg\" alt=\"\" width=\"219\" height=\"145\" srcset=\"https:\/\/yeniterter.az\/wp-content\/uploads\/222-16-300x199.jpg 300w, https:\/\/yeniterter.az\/wp-content\/uploads\/222-16-1024x681.jpg 1024w, https:\/\/yeniterter.az\/wp-content\/uploads\/222-16-768x511.jpg 768w, https:\/\/yeniterter.az\/wp-content\/uploads\/222-16.jpg 1155w\" sizes=\"(max-width: 219px) 100vw, 219px\" \/>d\u0259qiq\u0259lik s\u00fckutla yad edilib v\u0259 D\u00f6vl\u0259t Himni s\u0259sl\u0259ndirilib.<img decoding=\"async\" loading=\"lazy\" class=\" wp-image-29964 alignleft\" src=\"https:\/\/yeniterter.az\/wp-content\/uploads\/999-3-300x225.jpg\" alt=\"\" width=\"200\" height=\"150\" srcset=\"https:\/\/yeniterter.az\/wp-content\/uploads\/999-3-300x225.jpg 300w, https:\/\/yeniterter.az\/wp-content\/uploads\/999-3-768x576.jpg 768w, https:\/\/yeniterter.az\/wp-content\/uploads\/999-3.jpg 1000w\" sizes=\"(max-width: 200px) 100vw, 200px\" \/><br \/>\nSonra \u201cQ\u0259rbi Az\u0259rbaycan TV\u201d-nin haz\u0131rlad\u0131\u011f\u0131 &#8220;Q\u0259rbi Az\u0259rbaycan \u0130rsi&#8221; silsil\u0259 n\u0259\u015fri il\u0259 ba\u011fl\u0131 haz\u0131rlanm\u0131\u015f video\u00e7arx n\u00fcmayi\u015f olunub.<br \/>\nT\u0259dbiri a\u00e7an T\u0259rt\u0259r Rayon \u0130cra Hakimiyy\u0259tinin ba\u015f\u00e7\u0131s\u0131 M\u00fcst\u0259qim M\u0259mm\u0259dov \u00e7\u0131x\u0131\u015f ed\u0259r\u0259k n\u0259\u015frin m\u00f6vzusunun \u0259h\u0259miyy\u0259ti, m\u0259qs\u0259di v\u0259 aktuall\u0131\u011f\u0131 bar\u0259d\u0259 dan\u0131\u015f\u0131b. Bildirib ki, Az\u0259rbaycan Respublika-s\u0131n\u0131n Prezidenti \u0130lham \u018fli-yevin t\u00f6vsiy\u0259si il\u0259 Q\u0259rbi Az\u0259rbaycan \u0259razisind\u0259 az\u0259rbaycanl\u0131lar\u0131n tarix\u0259n yaratd\u0131\u011f\u0131 d\u00f6vl\u0259t\u00e7ilik \u0259n\u0259n\u0259l\u0259ri, maddi v\u0259 qeyri-maddi m\u0259d\u0259ni irsi, m\u0259ruz qald\u0131qlar\u0131 tarixi \u0259dal\u0259tsizlikl\u0259r v\u0259 cinay\u0259tl\u0259r, itirdikl\u0259ri maddi-m\u0259n\u0259vi s\u0259rv\u0259tl\u0259r haqq\u0131nda davaml\u0131 t\u0259dqiqatlar apar\u0131lmaqdad\u0131r. Bu istiqam\u0259td\u0259 m\u00fcasir elmi yana\u015fmalara uy\u011fun yeni fundamental ara\u015fd\u0131rma \u2013 \u201cQ\u0259rbi Az\u0259rbaycan \u0130rsi\u201d t\u0259dqiqatlar seriyas\u0131 n\u0259\u015fr edilm\u0259y\u0259 ba\u015flan\u0131l\u0131b. \u201cQ\u0259rbi Az\u0259rbaycan \u0130rsi: Erm\u0259nistanda az\u0259rbaycanl\u0131lar\u0131n mad-di-m\u0259d\u0259ni irsinin \u2013 q\u0259biristanl\u0131qlar\u0131n sistemli qaydada da\u011f\u0131d\u0131lmas\u0131n\u0131n n\u0259tic\u0259l\u0259ri v\u0259 beyn\u0259lxalq h\u00fcquqi m\u0259suliyy\u0259t\u0259 dair hesabat v\u0259 materiallar\u201d kitab\u0131n\u0131n I cildi seriyan\u0131n ilk n\u0259\u015fridir v\u0259 Az\u0259rbaycan, ingilis, rus dill\u0259rind\u0259 n\u0259fis t\u0259rtibatla \u00e7ap edilib.<!--more--><br \/>\nSeriyan\u0131n 5 hesabatdan ibar\u0259t olmas\u0131 n\u0259z\u0259rd\u0259 tutulub. I, II, III hesabatlarda Q\u0259rbi Az\u0259rbaycanda Erm\u0259nistan d\u00f6vl\u0259ti t\u0259r\u0259find\u0259n m\u0259qs\u0259dli \u015f\u0259kild\u0259 da\u011f\u0131d\u0131lan az\u0259rbaycanl\u0131lara m\u0259xsus q\u0259biristanl\u0131qlar, IV hesabatda m\u0259scidl\u0259r, V hesabatda is\u0259 pirl\u0259r v\u0259 t\u00fcrb\u0259l\u0259r \u00f6z \u0259ksini tapacaq.<br \/>\nKitab\u0131n I cildind\u0259 1991-ci il\u0259 q\u0259d\u0259r Q\u0259rbi Az\u0259rbaycan \u2013 indiki Erm\u0259nistan \u0259razisind\u0259 m\u00f6vcud olmu\u015f, indi is\u0259 yaln\u0131z xarabal\u0131qlar\u0131 qalm\u0131\u015f 700-d\u0259n \u00e7ox az\u0259rbaycanl\u0131 q\u0259biristanl\u0131\u011f\u0131n\u0131n 201-nin \u0259vv\u0259lki v\u0259 indiki v\u0259ziyy\u0259tind\u0259n b\u0259hs edilir.<br \/>\n\u0130ki hiss\u0259d\u0259n ibar\u0259t olan kitab\u0131n birinci hiss\u0259sind\u0259 hesabat\u0131n m\u0259qs\u0259di v\u0259 t\u0259dqiqat\u0131n predmeti m\u00fc\u0259yy\u0259n edilir, t\u0259dqiqat\u0131n metodologiyas\u0131ndan b\u0259hs olunur. \u0130kinci hiss\u0259d\u0259 is\u0259 Q\u0259rbi Az\u0259rbaycan\u0131n h\u0259r bir rayonu \u00fczr\u0259 qrupla\u015fd\u0131r\u0131lm\u0131\u015f q\u0259biristanl\u0131qlar\u0131n yerl\u0259\u015fdiyi k\u0259ndl\u0259rin tarixi inki\u015faf\u0131, demoqrafik g\u00f6st\u0259ricil\u0259ri, k\u0259ndl\u0259 ba\u011fl\u0131 toponimik v\u0259 inzibati d\u0259yi\u015fiklikl\u0259r, \u0259halinin k\u00f6\u00e7 v\u0259 deportasiya prosesi, q\u0259biristanl\u0131q v\u0259 dig\u0259r m\u0259d\u0259ni irs obyektl\u0259rinin m\u00f6vcud v\u0259ziyy\u0259ti sistemli \u015f\u0259kild\u0259 t\u0259qdim edilir.<br \/>\nQeyd olunub ki, Erm\u0259nistan \u0259razisind\u0259n zorla \u00e7\u0131xar\u0131lm\u0131\u015f soyda\u015flar\u0131m\u0131z\u0131n beyn\u0259lxalq proses \u00e7\u0259r\u00e7iv\u0259sind\u0259 t\u0259hl\u00fck\u0259siz v\u0259 l\u0259yaq\u0259tli \u015f\u0259kild\u0259 \u00f6z do\u011fma torpaqlar\u0131na geriy\u0259 qay\u0131tmalar\u0131, onlar\u0131n fundamental h\u00fcquqlar\u0131n\u0131n b\u0259rpa v\u0259 t\u0259min edilm\u0259si \u00f6lk\u0259mizin prioritetl\u0259ri aras\u0131ndad\u0131r. M\u00fcxt\u0259lif d\u00f6vrl\u0259rd\u0259 soyda\u015flar\u0131m\u0131za qar\u015f\u0131 h\u0259yata ke\u00e7iril\u0259n deportasiya n\u0259tic\u0259sind\u0259 onlara m\u0259xsus m\u0259scidl\u0259r v\u0259 q\u0259biristanl\u0131qlar k\u00fctl\u0259vi \u015f\u0259kild\u0259 da\u011f\u0131d\u0131l\u0131b, yer adlar\u0131 d\u0259yi\u015fdirilib. Qeyd edil\u0259n deportasiya siyas\u0259tinin son dal\u011fas\u0131 n\u0259tic\u0259sind\u0259 300 min\u0259 yax\u0131n insan \u00f6z d\u0259d\u0259-baba torpaqlar\u0131ndan m\u0259cburi \u015f\u0259kild\u0259 \u00e7\u0131xar\u0131l\u0131b. N\u0259tic\u0259d\u0259 Erm\u0259nistan regionda monoetnik d\u00f6vl\u0259t\u0259 \u00e7evrilib.<br \/>\nSonra Milli M\u0259clisin deputat\u0131, Q\u0259rbi Az\u0259rbaycan \u0130cmas\u0131 idar\u0259 hey\u0259tinin \u00fczv\u00fc \u0130l-ham M\u0259mm\u0259dov \u00e7\u0131x\u0131\u015f edib. Bildirib ki, Q\u0259rbi Az\u0259rbaycandak\u0131 soyda\u015flar\u0131m\u0131za qar\u015f\u0131 beyn\u0259lxalq h\u00fcquqa zidd \u0259m\u0259ll\u0259rin c\u0259zas\u0131z qalmas\u0131ndan ilhamlanan Erm\u0259nistan 30 ild\u0259n \u00e7ox m\u00fcdd\u0259t\u0259 Az\u0259rbaycan torpaqlar\u0131n\u0131 i\u015f\u011fal alt\u0131nda saxlay\u0131b. Erm\u0259nil\u0259r t\u0259r\u0259find\u0259n az\u0259rbaycanl\u0131lara qar\u015f\u0131 yaln\u0131z etnik t\u0259mizl\u0259m\u0259 siyas\u0259ti h\u0259yata ke\u00e7irilm\u0259yib, eyni zamanda, soyda\u015flar\u0131m\u0131za m\u0259xsus maddi-m\u0259d\u0259ni irsin yer \u00fcz\u00fcnd\u0259n tamamil\u0259 silinm\u0259sin\u0259 y\u00f6n\u0259lik vandalizm aktlar\u0131 t\u00f6r\u0259dilib.<br \/>\nBildirilib ki, q\u0259biristanl\u0131qlar bir xalq\u0131n ke\u00e7mi\u015fi, inanc\u0131 v\u0259 kollektiv yadda\u015f\u0131d\u0131r. Ona g\u00f6r\u0259 d\u0259 q\u0259biristanl\u0131qlar\u0131 da\u011f\u0131tmaq h\u0259min xalq\u0131n izl\u0259rini co\u011frafiyadan silm\u0259k c\u0259hdidir. Bu, h\u0259m d\u0259 h\u0259r k\u0259sin bildiyi kimi beyn\u0259lxalq humanitar h\u00fcququn v\u0259 insan h\u00fcquqlar\u0131n\u0131n ciddi \u015f\u0259kild\u0259 pozulmas\u0131d\u0131r.<br \/>\nT\u0259dqiqat zaman\u0131 1890-1991-ci ill\u0259rd\u0259 Rusiya imperiyas\u0131 v\u0259 daha sonra Sovet \u0130ttifaq\u0131n\u0131n Ba\u015f Q\u0259rargah\u0131 t\u0259r\u0259find\u0259n t\u0259rtib v\u0259 n\u0259\u015fr edil\u0259n, uzun m\u00fcdd\u0259t m\u0259xfilik statusunda saxlan\u0131lan m\u00fcxt\u0259lif \u00f6l\u00e7\u00fcl\u00fc 250-d\u0259n \u00e7ox topoqrafik x\u0259rit\u0259d\u0259n, \u00f6t\u0259n \u0259sr\u0259 v\u0259 m\u00fcasir d\u00f6vr\u0259 aid Amerika Birl\u0259\u015fmi\u015f \u015etatlar\u0131n\u0131n k\u0259\u015ffiyyat peykl\u0259rinin t\u0259svirl\u0259rind\u0259n, Rusiya, T\u00fcrkiy\u0259, G\u00fcrc\u00fcstan v\u0259 Az\u0259rbaycan arxivl\u0259rind\u0259 saxlan\u0131lan s\u0259n\u0259dl\u0259rd\u0259n, Almaniya, AB\u015e, Rusiya kitabxanalar\u0131ndak\u0131 m\u0259nb\u0259l\u0259rd\u0259n, fotovideo materiallardan, Erm\u0259nistandan deportasiya edilmi\u015f az\u0259rbaycanl\u0131lar\u0131n xatir\u0259l\u0259rind\u0259n istifad\u0259 edilib.<br \/>\nAra\u015fd\u0131rmada istinad edil\u0259n x\u0259rit\u0259 kolleksiyalar\u0131 Berlin Humboldt Universitetinin Co\u011frafiya Departamentind\u0259n, Greifsvald Universitetinin Co\u011frafiya v\u0259 Geologiya \u0130nstitutundan, \u0130ndiana Universitetinin Elmi Kitabxana Fondundan, AB\u015e Milli Konqres Kitabxanas\u0131ndan, Rusiya Co\u011frafiya C\u0259miyy\u0259tinin Tarixi kartoqrafiya b\u00f6lm\u0259sind\u0259n toplan\u0131l\u0131b.<br \/>\nElmi \u0259s\u0259rl\u0259rin yaz\u0131lmas\u0131 \u00fc\u00e7\u00fcn d\u00fcnyada tan\u0131nan \u201c\u00c7ikaqo 17 n\u0259\u015fr \u00fcslubu\u201dnda haz\u0131rlanm\u0131\u015f t\u0259dqiqat i\u015find\u0259 multispektral t\u0259hlil metodlar\u0131 m\u00fch\u00fcm yer tutur. Kitabda AB\u015e Geoloji Xidm\u0259tinin EROS m\u0259rk\u0259zind\u0259n \u0259ld\u0259 edil\u0259n \u201cLandsat-4\u201d v\u0259 \u201cLandsat-5\u201d peykl\u0259rinin 3-c\u00fc v\u0259 4-c\u00fc sensorlar\u0131ndan al\u0131nm\u0131\u015f multispektral t\u0259svirl\u0259r \u0259sas\u0131nda land\u015faft transformasiyalar\u0131 v\u0259 bitki \u00f6rt\u00fcy\u00fc dinamikas\u0131 t\u0259hlil olunub. \u0130nfraq\u0131rm\u0131z\u0131 v\u0259 q\u0131rm\u0131z\u0131 spektral diapazonlarda apar\u0131lan analizl\u0259r torpaq \u00f6rt\u00fcy\u00fcnd\u0259 v\u0259 torpaq istifad\u0259sind\u0259ki d\u0259yi\u015fiklikl\u0259rin, el\u0259c\u0259 d\u0259 q\u0259biristanl\u0131qlar\u0131n land\u015faft m\u00fchitinin d\u0259yi\u015fm\u0259sinin a\u015fkarlanmas\u0131na imkan verib.<br \/>\n\u0130ki hiss\u0259d\u0259n ibar\u0259t olan kitab\u0131n birinci hiss\u0259sind\u0259 hesabat\u0131n m\u0259qs\u0259di v\u0259 t\u0259dqiqat\u0131n predmeti m\u00fc\u0259yy\u0259n edilir, t\u0259dqiqat\u0131n metodologiyas\u0131ndan b\u0259hs olunur. \u0130kinci hiss\u0259d\u0259 is\u0259 Q\u0259rbi Az\u0259rbaycan\u0131n h\u0259r bir rayonu \u00fczr\u0259 qrupla\u015fd\u0131r\u0131lm\u0131\u015f q\u0259biristanl\u0131qlar\u0131n yerl\u0259\u015fdiyi k\u0259ndl\u0259rin tarixi inki\u015faf\u0131, demoqrafik g\u00f6st\u0259ricil\u0259ri, k\u0259ndl\u0259 ba\u011fl\u0131 toponimik v\u0259 inzibati d\u0259yi\u015fiklikl\u0259r, \u0259halinin k\u00f6\u00e7 v\u0259 deportasiya prosesi, q\u0259biristanl\u0131q v\u0259 dig\u0259r m\u0259d\u0259ni irs obyektl\u0259rinin m\u00f6vcud v\u0259ziyy\u0259ti sistemli \u015f\u0259kild\u0259 t\u0259qdim edilir.<br \/>\nT\u0259qdimat m\u0259rasimind\u0259 YAP rayon t\u0259\u015fkilat\u0131n\u0131n s\u0259dri Eldar \u018fs\u0259dov, Q\u0259rbi Az\u0259rbaycan \u0130cmas\u0131n\u0131n B\u0259rd\u0259 rayonu \u00fczr\u0259 s\u0259dri F\u0259zair Piriyev, rayon A\u011fsaqqallar \u015euras\u0131n\u0131n s\u0259dri Faiq M\u0259mm\u0259dov, \u201cYeni T\u0259rt\u0259r\u201d q\u0259zetinin redaktoru Svetlana Ba\u011f\u0131rova, Q\u0259rbi Az\u0259rbaycandan m\u00fcxt\u0259lif vaxtlarda deportasiya olunmu\u015f Qafar M\u0259mm\u0259dov, Qabil B\u0259yl\u0259rov, Arif N\u0259sirov \u00e7\u0131x\u0131\u015f edibl\u0259r. Qeyd olunub ki, Erm\u0259nistan d\u00fcnyada nadir monoetnik v\u0259 monokonfessional bir c\u0259miyy\u0259t strukturuna malik d\u00f6vl\u0259tdir. Bu da t\u0259bii olaraq orada ba\u015fqa m\u0259d\u0259niyy\u0259t\u0259 nifr\u0259t hissini alovland\u0131r\u0131b v\u0259 h\u0259tta d\u00f6vl\u0259t t\u0259bli\u011fat\u0131n\u0131n bir formas\u0131na \u00e7evi-rib. Bu \u0259m\u0259ll\u0259r t\u0259kc\u0259 tarixi \u0259dal\u0259tin deyil, beyn\u0259lxalq h\u00fcququn, o c\u00fcml\u0259d\u0259n 1949-cu il Cenevr\u0259 konvensiyalar\u0131n\u0131n, UNESCO konvensi-yalar\u0131n\u0131n v\u0259 dig\u0259r m\u00fch\u00fcm s\u0259n\u0259dl\u0259rin d\u0259 kobud \u015f\u0259kild\u0259 pozulmas\u0131d\u0131r.<br \/>\nQeyd olunub ki, Az\u0259rbaycan Respublikas\u0131n\u0131n Prezidenti \u0130lham \u018fliyevin t\u00f6vsiy\u0259si il\u0259 Q\u0259rbi Az\u0259rbaycan \u0259razisind\u0259 az\u0259rbaycanl\u0131lar\u0131n tarix\u0259n yaratd\u0131\u011f\u0131 d\u00f6vl\u0259t\u00e7ilik \u0259n\u0259n\u0259l\u0259ri, maddi v\u0259 qeyri-maddi m\u0259d\u0259ni irsi, m\u0259ruz qald\u0131qlar\u0131 tarixi \u0259dal\u0259tsizlikl\u0259r v\u0259 cinay\u0259tl\u0259r, itirdikl\u0259ri maddi-m\u0259n\u0259vi s\u0259rv\u0259tl\u0259r haqq\u0131nda davaml\u0131 t\u0259dqiqatlar apar\u0131l\u0131r.<\/p>\n<p>&nbsp;<\/p>\n","protected":false},"excerpt":{"rendered":"<p>T\u0259dbird\u0259 T\u0259rt\u0259r Rayon \u0130cra Hakimiyy\u0259tinin ba\u015f\u00e7\u0131s\u0131 M\u00fcst\u0259qim M\u0259mm\u0259dov, Milli M\u0259clisin deputat\u0131, Q\u0259rbi Az\u0259rbaycan \u0130cmas\u0131 \u0130dar\u0259 Hey\u0259tinin \u00fczv\u00fc \u0130lham M\u0259mm\u0259dov, Q\u0259rbi Az\u0259rbaycan \u0130cmas\u0131n\u0131n B\u0259rd\u0259 rayonu \u00fczr\u0259 s\u0259dri F\u0259zair Piriyev, YAP rayon t\u0259\u015fkilat\u0131n\u0131n s\u0259dri Eldar \u018fs\u0259dov, h\u00fcquq m\u00fchafiz\u0259 orqanlar\u0131n\u0131n r\u0259hb\u0259rl\u0259ri, Q\u0259rbi Az\u0259rbaycandan m\u00fcxt\u0259lif vaxtlarda deportasiya olunmu\u015f v\u0259t\u0259nda\u015flar, rayonun ziyal\u0131lar\u0131 v\u0259 ictimaiyy\u0259t n\u00fcmay\u0259nd\u0259l\u0259ri i\u015ftirak edibl\u0259r. T\u0259dbir i\u015ftirak\u00e7\u0131lar\u0131 \u0259vv\u0259lc\u0259 [&hellip;]<\/p>\n","protected":false},"author":2,"featured_media":0,"comment_status":"closed","ping_status":"closed","sticky":false,"template":"","format":"standard","meta":[],"categories":[10],"tags":[],"_links":{"self":[{"href":"https:\/\/yeniterter.az\/index.php?rest_route=\/wp\/v2\/posts\/29959"}],"collection":[{"href":"https:\/\/yeniterter.az\/index.php?rest_route=\/wp\/v2\/posts"}],"about":[{"href":"https:\/\/yeniterter.az\/index.php?rest_route=\/wp\/v2\/types\/post"}],"author":[{"embeddable":true,"href":"https:\/\/yeniterter.az\/index.php?rest_route=\/wp\/v2\/users\/2"}],"replies":[{"embeddable":true,"href":"https:\/\/yeniterter.az\/index.php?rest_route=%2Fwp%2Fv2%2Fcomments&post=29959"}],"version-history":[{"count":1,"href":"https:\/\/yeniterter.az\/index.php?rest_route=\/wp\/v2\/posts\/29959\/revisions"}],"predecessor-version":[{"id":29966,"href":"https:\/\/yeniterter.az\/index.php?rest_route=\/wp\/v2\/posts\/29959\/revisions\/29966"}],"wp:attachment":[{"href":"https:\/\/yeniterter.az\/index.php?rest_route=%2Fwp%2Fv2%2Fmedia&parent=29959"}],"wp:term":[{"taxonomy":"category","embeddable":true,"href":"https:\/\/yeniterter.az\/index.php?rest_route=%2Fwp%2Fv2%2Fcategories&post=29959"},{"taxonomy":"post_tag","embeddable":true,"href":"https:\/\/yeniterter.az\/index.php?rest_route=%2Fwp%2Fv2%2Ftags&post=29959"}],"curies":[{"name":"wp","href":"https:\/\/api.w.org\/{rel}","templated":true}]}}