{"id":29909,"date":"2025-07-18T14:52:47","date_gmt":"2025-07-18T11:52:47","guid":{"rendered":"https:\/\/yeniterter.az\/?p=29909"},"modified":"2025-07-18T14:53:34","modified_gmt":"2025-07-18T11:53:34","slug":"22-iyul-milli-m%c9%99tbuat-gunudur-3","status":"publish","type":"post","link":"https:\/\/yeniterter.az\/?p=29909","title":{"rendered":"22 \u0130yul Milli M\u0259tbuat G\u00fcn\u00fcd\u00fcr"},"content":{"rendered":"<p style=\"text-align: center;\"><strong>D\u00f6vl\u0259t maraqlar\u0131n\u0131 h\u0259mi\u015f\u0259 uca tutan Az\u0259rbaycan medias\u0131<\/strong><\/p>\n<p><img decoding=\"async\" loading=\"lazy\" class=\" wp-image-29910 alignleft\" src=\"https:\/\/yeniterter.az\/wp-content\/uploads\/520233915_599862353178229_7438737504854874053_n-300x223.jpg\" alt=\"\" width=\"250\" height=\"186\" srcset=\"https:\/\/yeniterter.az\/wp-content\/uploads\/520233915_599862353178229_7438737504854874053_n-300x223.jpg 300w, https:\/\/yeniterter.az\/wp-content\/uploads\/520233915_599862353178229_7438737504854874053_n.jpg 620w\" sizes=\"(max-width: 250px) 100vw, 250px\" \/>Ulu \u00d6nd\u0259r Heyd\u0259r \u018fliyev deyib: \u201cMilli m\u0259tbuat\u0131m\u0131z\u0131n inki\u015faf m\u0259rh\u0259l\u0259l\u0259ri Az\u0259rbaycan xalq\u0131n\u0131n azadl\u0131q, m\u00fcst\u0259qillik u\u011frunda m\u00fcbariz\u0259 tarixinin t\u0259rkib hiss\u0259sidir. \u201c\u018fkin\u00e7i\u201dd\u0259n \u00fcz\u00fc b\u0259ri azadl\u0131q, demokratiya, m\u00fcst\u0259qillik u\u011frunda m\u00fccadil\u0259 d\u0259rsl\u0259rini biz milli m\u0259tbuat\u0131m\u0131z\u0131n s\u0259hif\u0259l\u0259rind\u0259n \u00f6yr\u0259nmi\u015fik.\u201d<\/p>\n<p>Prezident \u0130lham \u018fliyevin qeyd etdiyi kimi, Az\u0259rbaycan m\u0259tbuat\u0131 1875-ci il iyulun 22-d\u0259 g\u00f6rk\u0259mli ziyal\u0131, publisist, t\u0259bi\u0259t\u015f\u00fcnas alim H\u0259s\u0259n b\u0259y Z\u0259rdabi t\u0259r\u0259find\u0259n Az\u0259rbaycan dilind\u0259 n\u0259\u015fr olunma\u011fa ba\u015flam\u0131\u015f \u201c\u018fkin\u00e7i\u201d q\u0259zetinin b\u0259yan etdiyi prinsipl\u0259ri r\u0259hb\u0259r tutaraq b\u00f6y\u00fck inki\u015faf yolu ke\u00e7mi\u015fdir.<\/p>\n<p>\u201c\u018fkin\u00e7i\u201dnin 1875-ci il iyulun 22-d\u0259n 1877-ci ilin sentyabr\u0131nad\u0259k c\u0259mi 56 say\u0131 i\u015f\u0131q \u00fcz\u00fc g\u00f6rs\u0259 d\u0259, onun Az\u0259rbaycan milli m\u0259tbuat\u0131n\u0131n t\u0259\u015f\u0259kk\u00fcl tapmas\u0131nda, inki\u015faf\u0131nda \u0259v\u0259zsiz rolu olub.<\/p>\n<p>\u018fsas\u0259n maarif\u00e7ilik missiyas\u0131n\u0131 \u00fcz\u0259rin\u0259 g\u00f6t\u00fcrm\u00fc\u015f \u201c\u018fkin\u00e7i\u201d q\u0131sa m\u00fcdd\u0259td\u0259 h\u0259m ziyal\u0131 t\u0259b\u0259q\u0259, h\u0259m d\u0259 sad\u0259 insanlar aras\u0131nda \u00e7ox m\u0259\u015fhurla\u015f\u0131b.<\/p>\n<p>1875-ci ild\u0259n sonra \u00e7oxsayl\u0131 n\u0259\u015frl\u0259rl\u0259 z\u0259nginl\u0259\u015f\u0259n milli m\u0259tbuat\u0131m\u0131z Az\u0259rbaycan \u0259d\u0259bi dilinin v\u0259 maarif\u00e7ilik h\u0259r\u0259kat\u0131n\u0131n inki\u015faf\u0131na \u0259h\u0259miyy\u0259tli t\u00f6hf\u0259l\u0259r vermi\u015f, milli \u00f6z\u00fcn\u00fcd\u0259rk v\u0259 istiqlal m\u0259fkur\u0259sinin formala\u015fmas\u0131nda, qabaqc\u0131l ideyalar\u0131n t\u0259bli\u011find\u0259 b\u00f6y\u00fck xidm\u0259tl\u0259r g\u00f6st\u0259rmi\u015fdir.<\/p>\n<p>\u201cZiya\u201d, \u201cZiyayi-Qafqaziyy\u0259\u201d, \u201cK\u0259\u015fk\u00fcl\u201d, \u201c\u015e\u0259rqi-Rus\u201d, \u201cH\u0259yat\u201d, \u201cF\u00fcyuzat\u201d, \u201cD\u0259bistan\u201d, \u201c\u0130r\u015fad\u201d, \u201cTaz\u0259 h\u0259yat\u201d, \u201cMolla N\u0259sr\u0259ddin\u201d, \u201cT\u0259r\u0259qqi\u201d, \u201cH\u0259qiq\u0259t\u201d, \u201cM\u0259kt\u0259b\u201d, \u201cA\u00e7\u0131q s\u00f6z\u201d kimi onlarla q\u0259zet v\u0259 jurnal \u00f6t\u0259n \u0259srin \u0259vv\u0259ll\u0259rind\u0259 anadilli m\u0259tbuat\u0131m\u0131z\u0131n sonrak\u0131 tarixini yaratd\u0131lar. 1896-c\u0131 ild\u0259n H\u0259s\u0259n b\u0259yin f\u0259al i\u015ftirak\u0131 v\u0259 k\u00fcr\u0259k\u0259ni \u018flim\u0259rdan b\u0259y Top\u00e7uba\u015fovun redaktorlu\u011fu il\u0259 n\u0259\u015fr olunan rusdilli \u201cKaspi\u201d q\u0259zeti d\u0259 m\u00f6vzu v\u0259 m\u0259fkur\u0259 bax\u0131m\u0131ndan Z\u0259rdabi ist\u0259kl\u0259rinin da\u015f\u0131y\u0131c\u0131s\u0131na \u00e7evrildi.<!--more--><\/p>\n<p>Az\u0259rbaycanda m\u00fcasir k\u00fctl\u0259vi informasiya vasit\u0259l\u0259rinin formala\u015fmas\u0131 v\u0259 inki\u015faf\u0131 \u00fc\u00e7\u00fcn geni\u015f imkanlar yaranm\u0131\u015fd\u0131r. 1993-c\u00fc ild\u0259n ba\u015flayaraq \u00dcmummilli Lider Heyd\u0259r \u018fliyevin r\u0259hb\u0259rliyi il\u0259 h\u0259yata ke\u00e7iril\u0259n v\u0259 c\u0259miyy\u0259t h\u0259yat\u0131n\u0131n b\u00fct\u00fcn sah\u0259l\u0259rini \u0259hat\u0259 ed\u0259n k\u00f6kl\u00fc islahatlar n\u0259tic\u0259sind\u0259 \u00f6lk\u0259d\u0259 senzura, s\u00f6z v\u0259 m\u0259lumat azadl\u0131\u011f\u0131n\u0131 m\u0259hdudla\u015fd\u0131ran dig\u0259r s\u00fcni mane\u0259l\u0259r aradan qald\u0131r\u0131lm\u0131\u015f, median\u0131n f\u0259aliyy\u0259tini t\u0259nziml\u0259y\u0259n m\u00fct\u0259r\u0259qqi qanunvericilik bazas\u0131 yarad\u0131lm\u0131\u015f, onun probleml\u0259rinin h\u0259lli, iqtisadi m\u00fcst\u0259qilliyinin g\u00fccl\u0259ndirilm\u0259si, v\u0259t\u0259nda\u015f c\u0259miyy\u0259ti quruculu\u011funda rolunun y\u00fcks\u0259ldilm\u0259si m\u0259qs\u0259dil\u0259 ard\u0131c\u0131l t\u0259dbirl\u0259r g\u00f6r\u00fclm\u00fc\u015fd\u00fcr.<\/p>\n<p>1993-c\u00fc ild\u0259n etibar\u0259n demokratik K\u0130V-in inki\u015faf\u0131nda \u0259ld\u0259 olunmu\u015f nailiyy\u0259tl\u0259r \u00dcmummilli Liderin bu sah\u0259y\u0259 m\u00fcst\u0259sna diqq\u0259t v\u0259 qay\u011f\u0131s\u0131 n\u0259tic\u0259sind\u0259 art\u0131b \u00e7oxalm\u0131\u015fd\u0131r. Jurnalistl\u0259rin dostu ad\u0131n\u0131 qazanm\u0131\u015f Ulu \u00d6nd\u0259r \u00f6lk\u0259miz m\u00fcharib\u0259 \u015f\u0259raitind\u0259 ya\u015fasa da b\u00f6y\u00fck c\u0259sar\u0259tl\u0259 \u0259vv\u0259lc\u0259 h\u0259rbi senzuran\u0131, 1998-ci ilin avqustunda is\u0259 b\u00fct\u00f6vl\u00fckd\u0259 K\u0130V \u00fcz\u0259rind\u0259 d\u00f6vl\u0259t senzuras\u0131n\u0131 l\u0259\u011fv etdi.<\/p>\n<p>G\u00f6st\u0259ril\u0259n ali siyasi irad\u0259 n\u0259tic\u0259sind\u0259 \u00f6lk\u0259mizd\u0259 m\u0259tbuat azadl\u0131\u011f\u0131 prinsipl\u0259ri b\u0259rq\u0259rar olmu\u015f, habel\u0259 q\u0259zet v\u0259 jurnal bollu\u011fu yaranm\u0131\u015fd\u0131r. Prezident \u0130lham \u018fliyevin bilavasit\u0259 r\u0259hb\u0259rliyi il\u0259 \u201cAz\u0259rbaycan Respublikas\u0131nda k\u00fctl\u0259vi informasiya vasit\u0259l\u0259rinin inki\u015faf\u0131na d\u00f6vl\u0259t d\u0259st\u0259yi Konsepsiyas\u0131\u201d haz\u0131rlanm\u0131\u015f v\u0259 q\u0259bul olunmu\u015fdur.<\/p>\n<p>Respublikam\u0131z\u0131n tarixi inki\u015faf\u0131nda \u0259ld\u0259 olunmu\u015f y\u00fcks\u0259k s\u0259viyy\u0259 milli mediam\u0131z qar\u015f\u0131s\u0131nda da yeni v\u0259zif\u0259l\u0259r qoyur. Prezident \u0130lham \u018fliyev deyib: \u201cBu g\u00fcn Az\u0259rbaycan m\u0259tbuat\u0131 m\u00fcasir informasiya c\u0259miyy\u0259ti quruculu\u011funda, sosial \u0259dal\u0259t v\u0259 \u015f\u0259ffafl\u0131\u011f\u0131n t\u0259min edilm\u0259sind\u0259, milli h\u0259mr\u0259yliyin v\u0259 tolerantl\u0131\u011f\u0131n m\u00f6hk\u0259ml\u0259ndirilm\u0259sind\u0259, demokratik \u00f6z\u00fcn\u00fcd\u0259rkin, siyasi m\u0259d\u0259niyy\u0259tin inki\u015faf\u0131nda, milli-m\u0259n\u0259vi v\u0259 \u00fcmumb\u0259\u015f\u0259ri d\u0259y\u0259rl\u0259rin qorunub saxlan\u0131lmas\u0131 v\u0259 t\u0259bli\u011find\u0259 m\u00fch\u00fcm rol oynamal\u0131, t\u0259dris v\u0259 maarifl\u0259ndirm\u0259 sah\u0259sind\u0259 f\u0259aliyy\u0259tini g\u00fccl\u0259ndirm\u0259lidir. Az\u0259rbaycan jurnalistikas\u0131 pe\u015f\u0259karl\u0131q, obyektivlik, q\u0259r\u0259zsizlik, y\u00fcks\u0259k milli \u015f\u00fcur v\u0259 v\u0259t\u0259np\u0259rv\u0259rlik prinsipl\u0259rin\u0259 d\u00f6nm\u0259d\u0259n \u0259m\u0259l etm\u0259li, s\u00f6z v\u0259 m\u0259lumat azadl\u0131\u011f\u0131ndan sui-istifad\u0259nin qar\u015f\u0131s\u0131 q\u0259tiyy\u0259tl\u0259 al\u0131nmal\u0131d\u0131r&#8221;.<\/p>\n<p>T\u0259sad\u00fcfi deyil ki, haz\u0131rda respublikada \u00e7oxlu sayda m\u00fcxt\u0259lif q\u0259zet v\u0259 jurnallar n\u0259\u015fr olunur, internet q\u0259zet\u00e7ilik inki\u015faf edir. M\u00fcasir d\u00f6vrd\u0259 informasiya texnologiyalar\u0131n\u0131n inki\u015faf\u0131 Az\u0259rbaycan m\u0259tbuat\u0131n\u0131 qlobal informasiya \u015f\u0259b\u0259k\u0259sinin bir hiss\u0259sin\u0259 \u00e7evirib.<\/p>\n<p>\u00dcmummilli Lider Heyd\u0259r \u018fliyev, Prezident \u0130lham \u018fliyevin m\u00fcvafiq s\u0259r\u0259ncamlar\u0131 il\u0259 milli m\u0259tbuat\u0131m\u0131z\u0131n 125, 130, 135, 140 v\u0259 145 illik yubileyl\u0259ri \u00f6lk\u0259 miqyas\u0131nda geni\u015f qeyd olunmu\u015fdur. Bu yubileyl\u0259r milli jurnalistikam\u0131z\u0131n tarixin\u0259 \u0259dal\u0259tli qiym\u0259t verilm\u0259sini v\u0259 n\u0259sill\u0259rin varisliyini q\u0259bul etm\u0259kl\u0259, mediam\u0131z\u0131n sabahk\u0131 h\u00fcdudlar\u0131na ayd\u0131n bax\u0131\u015f\u0131 t\u0259min etdi.<\/p>\n<p>Yeni d\u00f6vr milli m\u0259tbuat\u0131m\u0131z\u0131n inki\u015faf\u0131 il\u0259 ba\u011fl\u0131 qanunvericilik bazas\u0131n\u0131n t\u0259kmill\u0259\u015fdirilm\u0259sini z\u0259rur\u0259t\u0259 \u00e7evirir. Haz\u0131rda media m\u0259kan\u0131nda s\u00fcr\u0259tli qloballa\u015fma prosesi gedir. Bu bax\u0131mdan m\u00f6vcud qanunvericiliyin t\u0259kmill\u0259\u015fdirilm\u0259si zaman\u0131n t\u0259l\u0259bi idi. Bununla \u0259laq\u0259dar, Prezident \u0130lham \u018fliyevin tap\u015f\u0131r\u0131\u011f\u0131 il\u0259 media haqq\u0131nda qanunvericiliyin t\u0259kmill\u0259\u015fdirilm\u0259si istiqam\u0259tind\u0259 m\u0259qs\u0259dy\u00f6nl\u00fc i\u015f apar\u0131l\u0131r. D\u00f6vl\u0259timizin ba\u015f\u00e7\u0131s\u0131 \u0130lham \u018fliyevin 2021-ci il 12 yanvar tarixli \u201cAz\u0259rbaycan Respublikas\u0131nda media sah\u0259sind\u0259 islahatlar\u0131n d\u0259rinl\u0259\u015fdirilm\u0259si haqq\u0131nda\u201d F\u0259rman\u0131 il\u0259 K\u00fctl\u0259vi \u0130nformasiya Vasit\u0259l\u0259rinin \u0130nki\u015faf\u0131na D\u00f6vl\u0259t D\u0259st\u0259yi Fondunun \u0259sas\u0131nda \u201cAz\u0259rbaycan Respublikas\u0131n\u0131n Median\u0131n \u0130nki\u015faf\u0131 Agentliyi\u201d publik h\u00fcquqi \u015f\u0259xs yarad\u0131ld\u0131. MED\u0130A Agentliyi \u00f6lk\u0259mizd\u0259 \u00e7ap v\u0259 onlayn median\u0131n inki\u015faf\u0131, media orqanlar\u0131n\u0131n maliyy\u0259 m\u00fcst\u0259qilliyinin g\u00fccl\u0259ndirilm\u0259si, f\u0259aliyy\u0259tinin t\u0259kmill\u0259\u015fdirilm\u0259si, m\u00fct\u0259r\u0259qqi layih\u0259l\u0259rin davaml\u0131 d\u0259st\u0259kl\u0259nm\u0259si m\u0259qs\u0259dil\u0259 m\u00fcxt\u0259lif t\u0259dbirl\u0259r h\u0259yata ke\u00e7irir.<\/p>\n<p>30 dekabr 2021-ci ild\u0259 q\u0259bul olunmu\u015f Qanun media sah\u0259sind\u0259 f\u0259aliyy\u0259tin t\u0259\u015fkilati, h\u00fcquqi v\u0259 iqtisadi \u0259saslar\u0131n\u0131, h\u0259m\u00e7inin k\u00fctl\u0259vi informasiyan\u0131n \u0259ld\u0259 edilm\u0259si, haz\u0131rlanmas\u0131, \u00f6t\u00fcr\u00fclm\u0259si, istehsal\u0131 v\u0259 yay\u0131m\u0131n\u0131n \u00fcmumi qaydalar\u0131n\u0131 m\u00fc\u0259yy\u0259n edir. Qanunun m\u0259qs\u0259di \u00f6lk\u0259mizin informasiya m\u0259kan\u0131n\u0131n t\u0259hl\u00fck\u0259sizliyinin t\u0259min edilm\u0259si, yerli median\u0131n inki\u015faf\u0131na t\u0259kan verilm\u0259si, informasiya m\u00fchitinin sa\u011flamla\u015fd\u0131r\u0131lmas\u0131 v\u0259 r\u0259qab\u0259t qabiliyy\u0259tinin art\u0131r\u0131lmas\u0131, habel\u0259 jurnalistika pe\u015f\u0259sinin n\u00fcfuzunun y\u00fcks\u0259ldilm\u0259sin\u0259 \u015f\u0259rait yarad\u0131lmas\u0131d\u0131r. \u201cMedia haqq\u0131nda\u201d AR Qanununun q\u0259bul edilm\u0259si media f\u0259aliyy\u0259tinin r\u0259q\u0259msal d\u00f6vr\u00fcn \u00e7a\u011f\u0131r\u0131\u015flar\u0131na uy\u011funla\u015fd\u0131r\u0131lmas\u0131n\u0131 v\u0259 \u00f6lk\u0259mizin informasiya m\u00fchitinin sa\u011flamla\u015fd\u0131r\u0131lmas\u0131n\u0131 h\u0259d\u0259fl\u0259mi\u015fdir.<\/p>\n<p>Az\u0259rbaycan Respublikas\u0131n\u0131n Prezidenti \u0130lham \u018fliyevin t\u0259\u015f\u0259bb\u00fcs\u00fc il\u0259 2025-ci il 3 fevral tarixind\u0259 \u201cAz\u0259rbaycan milli m\u0259tbuat\u0131n\u0131n 150 illiyi (1875\u20132025)\u201d Az\u0259rbaycan Respublikas\u0131n\u0131n yubiley medal\u0131 t\u0259sis olunmu\u015fdur H\u0259m\u00e7inin, 2025-ci il 25 aprel tarixind\u0259 Prezident \u0130lham \u018fliyev \u201cAz\u0259rbaycan milli m\u0259tbuat\u0131n\u0131n 150 illik yubileyinin ke\u00e7irilm\u0259si haqq\u0131nda\u201d S\u0259r\u0259ncam imzalam\u0131\u015fd\u0131r.<\/p>\n<p>M\u00fcasir d\u00f6vrd\u0259 informasiya texnologiyalar\u0131n\u0131n inki\u015faf\u0131 Az\u0259rbaycan m\u0259tbuat\u0131n\u0131 qlobal informasiya \u015f\u0259b\u0259k\u0259sinin bir hiss\u0259sin\u0259 \u00e7evirib. B\u00fct\u00fcn d\u00fcnyada ged\u0259n qloballa\u015fma prosesi m\u0259tbuatdan da yan \u00f6tm\u0259yib. Bu g\u00fcn y\u00fczl\u0259rl\u0259 jurnalist beyn\u0259lxalq t\u0259\u015fkilatlar\u0131n d\u0259st\u0259yi il\u0259 t\u0259\u015fkil olunan pe\u015f\u0259 art\u0131m\u0131 kurslar\u0131nda treninq v\u0259 t\u0259kmill\u0259\u015fm\u0259 kurslar\u0131 ke\u00e7irl\u0259r.<\/p>\n<p>Az\u0259rbaycan Konstitusiyas\u0131nda s\u00f6z v\u0259 m\u0259tbuat azadl\u0131\u011f\u0131n\u0131n t\u0259m\u0259l prinsip olaraq \u0259ksini tapmas\u0131 \u00f6lk\u0259d\u0259 median\u0131n azad v\u0259 g\u00fccl\u00fc bir c\u0259miyy\u0259t institutu kimi formala\u015fmas\u0131na t\u0259kan verib.<\/p>\n<p>Az\u0259rbaycanda k\u00fctl\u0259vi informasiya vasit\u0259l\u0259rinin inki\u015faf\u0131, jurnalistl\u0259rin sosial \u015f\u0259raitinin yax\u015f\u0131la\u015fd\u0131r\u0131lmas\u0131 h\u0259mi\u015f\u0259 d\u00f6vl\u0259ti ba\u015f\u00e7\u0131s\u0131n\u0131n diqq\u0259t m\u0259rk\u0259zind\u0259 oldu\u011funa g\u00f6r\u0259, K\u0130V-l\u0259r\u0259 bird\u0259f\u0259lik yard\u0131mlar g\u00f6st\u0259rilmi\u015f, m\u0259tbuat i\u015f\u00e7il\u0259rinin sosial m\u00fcdafi\u0259sinin g\u00fccl\u0259ndirilm\u0259si t\u0259dbirl\u0259ri h\u0259yata ke\u00e7irilmi\u015fdir. H\u0259m\u00e7inin milli m\u0259tbuat\u0131n inki\u015faf\u0131ndak\u0131 xidm\u0259tl\u0259rin\u0259 g\u00f6r\u0259 jurnalistl\u0259rin f\u0259xri adlarla t\u0259ltif edilm\u0259si haqq\u0131nda s\u0259r\u0259ncamlar m\u0259tbuata v\u0259 m\u0259tbuat i\u015f\u00e7il\u0259rin\u0259 d\u00f6vl\u0259tin qay\u011f\u0131s\u0131 kimi d\u0259y\u0259rl\u0259ndirilm\u0259lidir. 2022-ci ild\u0259 \u201cAz\u0259rbaycan Respublikas\u0131 \u0130poteka v\u0259 Kredit Z\u0259man\u0259t Fondunun v\u0259saiti hesab\u0131na ipoteka kreditinin, o c\u00fcml\u0259d\u0259n g\u00fcz\u0259\u015ftli ipoteka kreditinin verilm\u0259si Qaydas\u0131\u201dnda edilmi\u015f d\u0259yi\u015fiklikliy\u0259 \u0259sas\u0259n Media Reyestrin\u0259 daxil edilmi\u015f \u0259n az\u0131 5 il jurnalist i\u015fl\u0259y\u0259n v\u0259 g\u0259nc ail\u0259nin \u00fczv\u00fc olan \u015f\u0259xs, h\u0259m\u00e7inin \u0259n az\u0131 15 il jurnalist i\u015fl\u0259y\u0259n \u015f\u0259xs g\u00fcz\u0259\u015ftli ipoteka kreditind\u0259n istifad\u0259 etm\u0259k h\u00fcququna malikdir.<\/p>\n<p>\u201cAz\u0259rbaycan Respublikas\u0131n\u0131n Vergi M\u0259c\u0259ll\u0259sind\u0259 d\u0259yi\u015fiklik edilm\u0259si haqq\u0131nda\u201d 7 mart 2023-c\u00fc il tarixli Qanunla 2023-c\u00fc il yanvar\u0131n 1-d\u0259n media subyektl\u0259rinin m\u0259hz media il\u0259 ba\u011fl\u0131 f\u0259aliyy\u0259td\u0259n \u0259ld\u0259 etdikl\u0259ri g\u0259lirl\u0259ri, o c\u00fcml\u0259d\u0259n reklam g\u0259lirl\u0259ri, habel\u0259 media subyektl\u0259rin\u0259 MED\u0130A Agentliyi t\u0259r\u0259find\u0259n veril\u0259n maddi yard\u0131mlar g\u0259lir (m\u0259nf\u0259\u0259t) v\u0259 sad\u0259l\u0259\u015fdirilmi\u015f vergil\u0259rd\u0259n 3 il m\u00fcdd\u0259tin\u0259 azad edilib. H\u0259m\u00e7inin, r\u0259qab\u0259t\u0259 davaml\u0131 milli media m\u0259hsullar\u0131n\u0131n istehsal\u0131n\u0131n stimulla\u015fd\u0131r\u0131lmas\u0131 m\u0259qs\u0259dil\u0259 media subyektl\u0259ri t\u0259r\u0259find\u0259n istehsal olunan media m\u0259hsullar\u0131n\u0131n t\u0259qdim edilm\u0259si d\u0259 h\u0259min tarixd\u0259n 3 il m\u00fcdd\u0259tin\u0259 \u0259lav\u0259 d\u0259y\u0259r vergisind\u0259n azad edilib. Habel\u0259, Az\u0259rbaycan Respublikas\u0131nda daimi n\u00fcmay\u0259nd\u0259lik yaratmayan qeyri-rezident \u015f\u0259xsl\u0259r t\u0259r\u0259find\u0259n media subyektl\u0259rin\u0259 media f\u0259aliyy\u0259ti il\u0259 bilavasit\u0259 ba\u011fl\u0131 olan i\u015fl\u0259rin g\u00f6r\u00fclm\u0259si v\u0259 xidm\u0259tl\u0259rin g\u00f6st\u0259rilm\u0259si d\u0259 2023-c\u00fc ilin 1 yanvar tarixind\u0259n 3 il m\u00fcdd\u0259tin\u0259 \u0259lav\u0259 d\u0259y\u0259r vergisind\u0259n azad edilib.<\/p>\n<p>Az\u0259rbaycan Prezidentl\u0259rin\u0259 t\u0259qdim olunan \u201cJurnalistl\u0259rin dostu\u201d m\u00fckafatlar\u0131 Az\u0259rbaycan iqtidar\u0131n\u0131n m\u0259tbuata a\u00e7\u0131q olmas\u0131n\u0131n, el\u0259c\u0259 d\u0259 sah\u0259nin inki\u015faf\u0131na ayr\u0131lan y\u00fcks\u0259k diqq\u0259tin t\u0259c\u0259ss\u00fcm\u00fc dem\u0259kdir. H\u0259m Ulu \u00d6nd\u0259r Heyd\u0259r \u018fliyev v\u0259 h\u0259m d\u0259 Prezident \u0130lham \u018fliyev b\u00fct\u00fcn d\u00f6vrl\u0259rd\u0259 m\u0259tbuat\u0131n inki\u015faf\u0131na prinsipial diqq\u0259t ay\u0131rm\u0131\u015flar v\u0259 m\u0259tbuat i\u015f\u00e7il\u0259ri il\u0259 m\u00fct\u0259madi t\u0259\u015fkil olunan g\u00f6r\u00fc\u015fl\u0259r m\u0259tbuat\u0131n davaml\u0131 inki\u015faf\u0131na s\u0259b\u0259b olmu\u015fdur. Milli m\u0259tbuat\u0131n inki\u015faf\u0131na g\u00f6st\u0259ril\u0259n d\u0259st\u0259y\u0259 g\u00f6r\u0259 Ulu \u00d6nd\u0259r Heyd\u0259r \u018fliyev 2002-ci ild\u0259, Prezident \u0130lham \u018fliyev 2010, 2013, 2017 v\u0259 2018-ci ill\u0259rd\u0259 \u201cRuh\u201d Az\u0259rbaycan Jurnalistl\u0259ri M\u00fcdafi\u0259 Komit\u0259si t\u0259r\u0259find\u0259n t\u0259sis olunmu\u015f \u201cJurnalistl\u0259rin dostu\u201d m\u00fckafat\u0131na layiq g\u00f6r\u00fclm\u00fc\u015fl\u0259r.<\/p>\n<p>Kommunikasiya vasit\u0259l\u0259rinin transformasiya m\u0259rh\u0259l\u0259sini ya\u015fad\u0131\u011f\u0131, r\u0259q\u0259msal platformalar\u0131n v\u0259 sosial media al\u0259tl\u0259rinin \u00f6z \u0259hat\u0259 dair\u0259sini geni\u015fl\u0259ndirdiyi haz\u0131rk\u0131 d\u00f6vrd\u0259 milli informasiya resurslar\u0131m\u0131z\u0131n potensial\u0131n\u0131n v\u0259 qlobal informasiya \u015f\u0259b\u0259k\u0259sind\u0259 m\u00f6vqel\u0259rinin g\u00fccl\u0259ndirilm\u0259si ba\u015fl\u0131ca v\u0259zif\u0259l\u0259rd\u0259n biridir. Son ill\u0259r h\u0259yata ke\u00e7irilmi\u015f islahatlar media f\u0259aliyy\u0259tinin qanunvericilik bazas\u0131n\u0131n t\u0259kmill\u0259\u015fdirilm\u0259si, iqtisadi \u0259saslar\u0131n\u0131n m\u00f6hk\u0259ml\u0259ndirilm\u0259si, jurnalistl\u0259rin sosial t\u0259minat\u0131n\u0131n yax\u015f\u0131la\u015fd\u0131r\u0131lmas\u0131, d\u00f6vl\u0259tin kommunikasiya siyas\u0259tinin m\u00fcasir d\u00f6vr\u00fcn t\u0259l\u0259bl\u0259rin\u0259 uy\u011fun h\u0259yata ke\u00e7irilm\u0259si, jurnalistika sah\u0259sind\u0259 \u00e7evikliyin, pe\u015f\u0259karl\u0131\u011f\u0131n y\u00fcks\u0259ldilm\u0259si, c\u0259miyy\u0259timizi narahat ed\u0259n m\u0259nfi t\u0259zah\u00fcrl\u0259rin aradan qald\u0131r\u0131lmas\u0131, median\u0131n beyn\u0259lxalq \u0259laq\u0259l\u0259rinin geni\u015fl\u0259ndirilm\u0259si v\u0259 dost \u00f6lk\u0259l\u0259rl\u0259 birg\u0259 platformalar\u0131n yarad\u0131lmas\u0131 m\u0259qs\u0259di da\u015f\u0131m\u0131\u015f, bu sah\u0259d\u0259 n\u0259z\u0259r\u0259\u00e7arpacaq ir\u0259lil\u0259yi\u015f \u0259ld\u0259 edilmi\u015fdir.<\/p>\n<p>V\u0259t\u0259np\u0259rv\u0259rlik, y\u00fcks\u0259k milli \u015f\u00fcur, ali m\u0259qs\u0259dl\u0259r u\u011frunda c\u0259miyy\u0259timizin s\u0259f\u0259rb\u0259r olunmas\u0131na layiqli t\u00f6hf\u0259l\u0259r vermi\u015f Az\u0259rbaycan jurnalistl\u0259ri h\u0259r zaman prinsipiall\u0131q n\u00fcmayi\u015f etdirm\u0259li, saxta v\u0259 yalan m\u0259lumatlara s\u00f6yk\u0259n\u0259n kampaniyalar\u0131n qlobal s\u0259viyy\u0259d\u0259 v\u00fcs\u0259t ald\u0131\u011f\u0131 bir \u015f\u0259raitd\u0259 Az\u0259rbaycan\u0131n d\u00f6vl\u0259t\u00e7ilik maraqlar\u0131n\u0131 uca tutmal\u0131, v\u0259t\u0259nda\u015flar\u0131m\u0131z\u0131n dol\u011fun v\u0259 d\u00fczg\u00fcn m\u0259lumat \u0259ld\u0259 etm\u0259k h\u00fcquqlar\u0131n\u0131 t\u0259min etm\u0259li, c\u0259miyy\u0259timizin t\u0259r\u0259qqisi namin\u0259 var g\u00fccl\u0259ri il\u0259 \u00e7al\u0131\u015fmal\u0131d\u0131rlar.<\/p>\n<p>Azad s\u00f6z\u00fcn c\u0259miyy\u0259td\u0259 a\u015fkarl\u0131q v\u0259 pl\u00fcralizm prinsipl\u0259rinin b\u0259rq\u0259rar edilm\u0259sind\u0259, el\u0259c\u0259 d\u0259 demokratik inki\u015faf prosesind\u0259 \u0259sas meyarlardan biri oldu\u011funu n\u0259z\u0259r\u0259 alan Az\u0259rbaycan hakimiyy\u0259ti m\u0259tbuat\u0131n inki\u015faf\u0131 \u00fc\u00e7\u00fcn he\u00e7 zaman qay\u011f\u0131s\u0131n\u0131 \u0259sirg\u0259mir. Bu g\u00fcn Az\u0259rbaycanda \u0259n m\u00fcasir t\u0259l\u0259bl\u0259r\u0259 v\u0259 standartlara cavab ver\u0259n median\u0131n m\u00f6vcudlu\u011fu v\u0259 qazan\u0131lan u\u011furlar m\u0259hz bu reall\u0131\u011f\u0131n n\u0259tic\u0259sidir.<\/p>\n<p>M\u0259tbuat\u0131m\u0131z\u0131n qabaqc\u0131l v\u0259 m\u00fct\u0259r\u0259qqi \u0259n\u0259n\u0259l\u0259r\u0259 \u0259saslanmaqla, xalq\u0131m\u0131z\u0131n tarixi-milli x\u00fcsusiyy\u0259tl\u0259rini qorumaqla inki\u015faf etm\u0259sini vacib sayan Prezident \u0130lham \u018fliyev s\u00f6z v\u0259 m\u0259tbuat azadl\u0131\u011f\u0131n\u0131 demokratiyan\u0131n fundamental \u015f\u0259rti hesab edir: \u201cAz\u0259rbaycanda apar\u0131lan siyasi islahatlar\u0131n \u0259sas m\u0259nas\u0131, m\u0259qs\u0259di ondan ibar\u0259tdir ki, \u00f6lk\u0259miz h\u0259rt\u0259r\u0259fli inki\u015faf etsin, \u00f6lk\u0259d\u0259 ya\u015fayan h\u0259r bir v\u0259t\u0259nda\u015f b\u00fct\u00fcn azadl\u0131qlardan istifad\u0259 etsin. Az\u0259rbaycanda o c\u00fcml\u0259d\u0259n m\u0259tbuat azadl\u0131\u011f\u0131 da m\u00f6vcuddur. Biz bu m\u0259s\u0259l\u0259d\u0259 \u00e7ox ciddi add\u0131mlar at\u0131r\u0131q. S\u00f6z azadl\u0131\u011f\u0131n\u0131n, m\u0259tbuat azadl\u0131\u011f\u0131n\u0131n t\u0259min olunmas\u0131 bizim prioritet m\u0259s\u0259l\u0259mizdir v\u0259 dey\u0259 bil\u0259r\u0259m ki, Az\u0259rbaycan bu sah\u0259d\u0259 b\u00f6y\u00fck u\u011furlara nail olmu\u015fdur\u201d.<\/p>\n<p>M\u00fcharib\u0259 d\u00f6vr\u00fcnd\u0259 mediam\u0131z \u0259sl v\u0259t\u0259np\u0259rv\u0259rlik, h\u0259mr\u0259ylik n\u00fcmun\u0259si ortaya qoymu\u015f, haqq s\u0259simizin d\u00fcnya ictimaiyy\u0259tin\u0259 \u00e7atd\u0131r\u0131lmas\u0131, d\u00fc\u015fm\u0259nin v\u0259 onun havadarlar\u0131n\u0131n saxta m\u0259lumatlar\u0131n\u0131n if\u015fas\u0131 \u00fc\u00e7\u00fcn x\u00fcsusi s\u0259y g\u00f6st\u0259rmi\u015f, Milli Ordumuzun, \u0259sg\u0259r v\u0259 zabitl\u0259rimizin r\u0259\u015fad\u0259ti, q\u0259hr\u0259manl\u0131\u011f\u0131 il\u0259 ba\u011fl\u0131 z\u0259ngin salnam\u0259 yaratm\u0131\u015fd\u0131r.<\/p>\n<p>Az\u0259rbaycan medias\u0131 h\u0259m Birinci, h\u0259m d\u0259 \u0130kinci Qaraba\u011f m\u00fcharib\u0259l\u0259rind\u0259 \u00fcz\u0259rin\u0259 d\u00fc\u015f\u0259n v\u0259zif\u0259ni layiqinc\u0259 yerin\u0259 yetirib, Az\u0259rbaycan\u0131n b\u00f6y\u00fck Z\u0259f\u0259rinin m\u00fcjd\u0259\u00e7isi olub. H\u0259r zaman Az\u0259rbaycan h\u0259qiq\u0259tl\u0259rinin t\u0259bli\u011fi missiyas\u0131n\u0131 u\u011furla h\u0259yata ke\u00e7ir\u0259n m\u0259tbuat\u0131m\u0131z\u0131n 44 g\u00fcnl\u00fck V\u0259t\u0259n m\u00fcharib\u0259sinin gedi\u015find\u0259 \u00f6lk\u0259mizin d\u00fc\u015fm\u0259n t\u0259bli\u011fat\u0131na qar\u015f\u0131 informasiya m\u00fcbariz\u0259sin\u0259 t\u00f6hf\u0259l\u0259rini verdiyi kimi, postm\u00fcharib\u0259 d\u00f6vr\u00fcnd\u0259 d\u0259 bu i\u015fi davam etdirm\u0259kd\u0259dir. Az\u0259rbaycan medias\u0131 bu g\u00fcn d\u0259 d\u00f6vl\u0259timizin ba\u015f\u00e7\u0131s\u0131, Silahl\u0131 Q\u00fcvv\u0259l\u0259rin M\u00fcz\u0259ff\u0259r Ali Ba\u015f Komandan\u0131 \u0130lham \u018fliyevin art\u0131q tarix\u0259 qovu\u015fmu\u015f Qaraba\u011f m\u00fcnaqi\u015f\u0259si il\u0259 ba\u011fl\u0131 s\u0259sl\u0259ndirdiyi h\u0259r bir fikrin, h\u0259r bir b\u0259yanat\u0131n, i\u015f\u011faldan azad edilmi\u015f \u0259razil\u0259rimizd\u0259ki v\u0259ziyy\u0259t bar\u0259d\u0259 h\u0259qiq\u0259tl\u0259rin \u00f6lk\u0259 v\u0259 d\u00fcnya ictimaiyy\u0259tin\u0259 \u00e7atd\u0131r\u0131lmas\u0131nda f\u0259al rol oynay\u0131r.<\/p>\n<p>Bu g\u00fcn\u0259 q\u0259d\u0259r fasil\u0259siz davam ed\u0259n informasiya m\u00fcharib\u0259sind\u0259 m\u0259tbuat i\u015f\u00e7il\u0259ri \u00f6z pe\u015f\u0259karl\u0131\u011f\u0131 v\u0259 v\u0259t\u0259np\u0259rv\u0259rliyi il\u0259 daim f\u0259rql\u0259nibl\u0259r. Jurnalistl\u0259r 44 g\u00fcnl\u00fck V\u0259t\u0259n m\u00fcharib\u0259sind\u0259 c\u0259bh\u0259 x\u0259ttind\u0259 h\u0259m x\u0259b\u0259r istehsal\u00e7\u0131s\u0131, h\u0259m d\u0259 s\u0259f\u0259rb\u0259rlik proqram\u0131 \u00e7\u0259r\u00e7iv\u0259sind\u0259 \u0259m\u0259liyyatlara c\u0259lb olunublar. Qaraba\u011f u\u011frunda d\u00f6y\u00fc\u015fl\u0259rd\u0259 f\u0259rql\u0259n\u0259n v\u0259 m\u00fcxt\u0259lif medallarla t\u0259ltif edil\u0259nl\u0259r aras\u0131nda jurnalistl\u0259rin d\u0259 olmas\u0131 \u00f6lk\u0259mizd\u0259 bu sah\u0259d\u0259 \u00e7al\u0131\u015fanlara g\u00f6st\u0259ril\u0259n b\u00f6y\u00fck etimad\u0131n v\u0259 diqq\u0259tin t\u0259zah\u00fcr\u00fcd\u00fcr.<\/p>\n<p>\u201cAz\u0259rbaycan Respublikas\u0131 il\u0259 T\u00fcrkiy\u0259 Respublikas\u0131 aras\u0131nda media sah\u0259sind\u0259 strateji \u0259m\u0259kda\u015fl\u0131q haqq\u0131nda\u201d 2020-ci il dekabr\u0131n 10-da Bak\u0131 \u015f\u0259h\u0259rind\u0259 imzalanm\u0131\u015f Anla\u015fma Memorandumu 2021-ci il fevral\u0131n 1-d\u0259 Milli M\u0259clis t\u0259r\u0259find\u0259n t\u0259sdiq edilmi\u015fdir. Raz\u0131la\u015fmaya \u0259sas\u0259n iki \u00f6lk\u0259nin medias\u0131n\u0131n \u0259laq\u0259li \u015f\u0259kild\u0259 h\u0259r\u0259k\u0259ti bax\u0131m\u0131ndan s\u0259m\u0259r\u0259li f\u0259aliyy\u0259t g\u00f6st\u0259rm\u0259si m\u0259qs\u0259dil\u0259 Birg\u0259 Media Platformas\u0131 yarad\u0131lmas\u0131 \u00e7\u0259r\u00e7iv\u0259sind\u0259 t\u0259r\u0259fl\u0259r aras\u0131nda \u0259m\u0259kda\u015fl\u0131q apar\u0131lacaq sah\u0259l\u0259r m\u00fc\u0259yy\u0259n edilmi\u015fdir (media sah\u0259sind\u0259 bilik, t\u0259cr\u00fcb\u0259 v\u0259 m\u0259nb\u0259l\u0259rin payla\u015f\u0131lmas\u0131, iki \u00f6lk\u0259nin media sah\u0259sind\u0259 f\u0259aliyy\u0259t g\u00f6st\u0259r\u0259n r\u0259smi qurumlar\u0131 il\u0259 birg\u0259 i\u015fl\u0259rin apar\u0131lmas\u0131, beyn\u0259lxalq arenada rast g\u0259lin\u0259n dezinformasiyaya qar\u015f\u0131 birg\u0259 m\u00fcbariz\u0259 apar\u0131lmas\u0131 v\u0259 d\u00fcnya ictimaiyy\u0259tinin d\u00fczg\u00fcn m\u0259lumatland\u0131r\u0131lmas\u0131, televiziya v\u0259 kino sah\u0259sind\u0259 ortaq i\u015fl\u0259rin h\u0259yata ke\u00e7irilm\u0259si, m\u00fcxt\u0259lif media v\u0259 sektor t\u0259msil\u00e7il\u0259ri il\u0259 t\u0259r\u0259fda\u015fl\u0131\u011f\u0131n qurulmas\u0131, pe\u015f\u0259 t\u0259hsili v\u0259 m\u00fcbadil\u0259 proqramlar\u0131n\u0131n t\u0259\u015fkil edilm\u0259si, iki \u00f6lk\u0259nin fikir \u00f6nd\u0259rl\u0259ri aras\u0131nda rabit\u0259 k\u00f6rp\u00fcs\u00fcn\u00fcn qurulmas\u0131).<\/p>\n<p>\u015eu\u015fada 2023-c\u00fc il 21-23 iyul tarixl\u0259rind\u0259 \u201c4-c\u00fc S\u0259naye \u0130nqilab\u0131 d\u00f6vr\u00fcnd\u0259 Yeni Media\u201d m\u00f6vzusunda v\u0259 2024-c\u00fc il 20-22 iyul tarixl\u0259rind\u0259 \u201cYalan M\u0259lumatlar\u0131n \u0130f\u015fas\u0131: Dezinformasiyaya qar\u015f\u0131 m\u00fcbariz\u0259\u201d m\u00f6vzusunda Qlobal Media Forumlar ke\u00e7irilmi\u015fdir.<\/p>\n<p>Bu g\u00fcn mediam\u0131z Az\u0259rbaycan\u0131n t\u0259r\u0259qqisinin v\u0259 m\u00fcasir c\u0259miyy\u0259t quruculu\u011fu prosesinin f\u0259al i\u015ftirak\u00e7\u0131s\u0131 olaraq, beyn\u0259lxalq \u0259laq\u0259l\u0259rini v\u0259 qlobal informasiya m\u0259kan\u0131nda t\u0259sir imkanlar\u0131n\u0131 geni\u015fl\u0259ndirmi\u015f, r\u0259qab\u0259t qabiliyy\u0259tini art\u0131rm\u0131\u015fd\u0131r.<\/p>\n<p>Lakin d\u00fcnya nizam\u0131n\u0131n d\u0259yi\u015fiklikl\u0259r\u0259 m\u0259ruz qald\u0131\u011f\u0131, siyasi prosesl\u0259rin intensivl\u0259\u015fdiyi, habel\u0259 yeni f\u0259aliyy\u0259t prinsipl\u0259rinin b\u0259rq\u0259rar oldu\u011fu m\u00fcasir d\u00f6vr Az\u0259rbaycan medias\u0131 qar\u015f\u0131s\u0131nda da yeni v\u0259zif\u0259l\u0259r m\u00fc\u0259yy\u0259nl\u0259\u015fdirir. Qabaqc\u0131l texnologiyalar\u0131n t\u0259tbiqi, sosial media platformalar\u0131nda f\u0259all\u0131\u011f\u0131n art\u0131r\u0131lmas\u0131, r\u0259q\u0259msalla\u015fma, s\u00fcni intellekt, media savadl\u0131l\u0131\u011f\u0131n\u0131n y\u00fcks\u0259ldilm\u0259si, dezinformasiya v\u0259 saxta x\u0259b\u0259rl\u0259rl\u0259 m\u00fcbariz\u0259, effektiv kommunikasiyan\u0131n h\u0259yata ke\u00e7irilm\u0259sind\u0259 yax\u0131ndan i\u015ftirak v\u0259 s. mediam\u0131z\u0131n inki\u015faf perspektivini v\u0259 qar\u015f\u0131dan g\u0259l\u0259n d\u00f6vrd\u0259 qlobal informasiya m\u0259kan\u0131nda yerini m\u00fc\u0259yy\u0259nl\u0259\u015fdir\u0259c\u0259k m\u0259s\u0259l\u0259l\u0259rdir. Eyni zamanda, media m\u00fcasir tendensiyalar\u0131 n\u0259z\u0259r\u0259 almaqla Az\u0259rbaycan\u0131n d\u00f6vl\u0259t maraqlar\u0131n\u0131 h\u0259mi\u015f\u0259 uca tutmal\u0131, \u00f6lk\u0259mizin m\u00fcasir beyn\u0259lxalq m\u00fcnasib\u0259tl\u0259r sistemind\u0259 yeri v\u0259 rolu, h\u0259yat\u0131m\u0131zda ba\u015f ver\u0259n pozitiv d\u0259yi\u015fiklikl\u0259r il\u0259 ba\u011fl\u0131 ictimaiyy\u0259timizin m\u0259lumatland\u0131r\u0131lmas\u0131 sah\u0259sind\u0259 daha f\u0259al olmal\u0131d\u0131r.<\/p>\n<p>&nbsp;<\/p>\n","protected":false},"excerpt":{"rendered":"<p>D\u00f6vl\u0259t maraqlar\u0131n\u0131 h\u0259mi\u015f\u0259 uca tutan Az\u0259rbaycan medias\u0131 Ulu \u00d6nd\u0259r Heyd\u0259r \u018fliyev deyib: \u201cMilli m\u0259tbuat\u0131m\u0131z\u0131n inki\u015faf m\u0259rh\u0259l\u0259l\u0259ri Az\u0259rbaycan xalq\u0131n\u0131n azadl\u0131q, m\u00fcst\u0259qillik u\u011frunda m\u00fcbariz\u0259 tarixinin t\u0259rkib hiss\u0259sidir. \u201c\u018fkin\u00e7i\u201dd\u0259n \u00fcz\u00fc b\u0259ri azadl\u0131q, demokratiya, m\u00fcst\u0259qillik u\u011frunda m\u00fccadil\u0259 d\u0259rsl\u0259rini biz milli m\u0259tbuat\u0131m\u0131z\u0131n s\u0259hif\u0259l\u0259rind\u0259n \u00f6yr\u0259nmi\u015fik.\u201d Prezident \u0130lham \u018fliyevin qeyd etdiyi kimi, Az\u0259rbaycan m\u0259tbuat\u0131 1875-ci il iyulun 22-d\u0259 g\u00f6rk\u0259mli ziyal\u0131, publisist, t\u0259bi\u0259t\u015f\u00fcnas [&hellip;]<\/p>\n","protected":false},"author":2,"featured_media":0,"comment_status":"closed","ping_status":"closed","sticky":false,"template":"","format":"standard","meta":[],"categories":[30],"tags":[],"_links":{"self":[{"href":"https:\/\/yeniterter.az\/index.php?rest_route=\/wp\/v2\/posts\/29909"}],"collection":[{"href":"https:\/\/yeniterter.az\/index.php?rest_route=\/wp\/v2\/posts"}],"about":[{"href":"https:\/\/yeniterter.az\/index.php?rest_route=\/wp\/v2\/types\/post"}],"author":[{"embeddable":true,"href":"https:\/\/yeniterter.az\/index.php?rest_route=\/wp\/v2\/users\/2"}],"replies":[{"embeddable":true,"href":"https:\/\/yeniterter.az\/index.php?rest_route=%2Fwp%2Fv2%2Fcomments&post=29909"}],"version-history":[{"count":2,"href":"https:\/\/yeniterter.az\/index.php?rest_route=\/wp\/v2\/posts\/29909\/revisions"}],"predecessor-version":[{"id":29912,"href":"https:\/\/yeniterter.az\/index.php?rest_route=\/wp\/v2\/posts\/29909\/revisions\/29912"}],"wp:attachment":[{"href":"https:\/\/yeniterter.az\/index.php?rest_route=%2Fwp%2Fv2%2Fmedia&parent=29909"}],"wp:term":[{"taxonomy":"category","embeddable":true,"href":"https:\/\/yeniterter.az\/index.php?rest_route=%2Fwp%2Fv2%2Fcategories&post=29909"},{"taxonomy":"post_tag","embeddable":true,"href":"https:\/\/yeniterter.az\/index.php?rest_route=%2Fwp%2Fv2%2Ftags&post=29909"}],"curies":[{"name":"wp","href":"https:\/\/api.w.org\/{rel}","templated":true}]}}