{"id":29855,"date":"2025-07-07T08:37:28","date_gmt":"2025-07-07T05:37:28","guid":{"rendered":"https:\/\/yeniterter.az\/?p=29855"},"modified":"2025-07-07T08:40:55","modified_gmt":"2025-07-07T05:40:55","slug":"artiq-isgaldan-azad-edilmis-butun-qarabag-v%c9%99-s%c9%99rqi-z%c9%99ng%c9%99zurda-hazirda-genismiqyasli-b%c9%99rpa-quruculuq-isl%c9%99ri-aparilir","status":"publish","type":"post","link":"https:\/\/yeniterter.az\/?p=29855","title":{"rendered":"Art\u0131q i\u015f\u011faldan azad edilmi\u015f b\u00fct\u00fcn Qaraba\u011f v\u0259 \u015e\u0259rqi Z\u0259ng\u0259zurda haz\u0131rda geni\u015fmiqyasl\u0131 b\u0259rpa-quruculuq i\u015fl\u0259ri apar\u0131l\u0131r"},"content":{"rendered":"<p><img decoding=\"async\" loading=\"lazy\" class=\" wp-image-29857 alignleft\" src=\"https:\/\/yeniterter.az\/wp-content\/uploads\/516251678_589841754180289_9052147610985800068_n-300x192.jpg\" alt=\"\" width=\"242\" height=\"155\" srcset=\"https:\/\/yeniterter.az\/wp-content\/uploads\/516251678_589841754180289_9052147610985800068_n-300x192.jpg 300w, https:\/\/yeniterter.az\/wp-content\/uploads\/516251678_589841754180289_9052147610985800068_n.jpg 600w\" sizes=\"(max-width: 242px) 100vw, 242px\" \/><img decoding=\"async\" loading=\"lazy\" class=\"wp-image-29858 alignright\" src=\"https:\/\/yeniterter.az\/wp-content\/uploads\/515880877_589841770846954_5049161189940436500_n-300x152.jpg\" alt=\"\" width=\"310\" height=\"157\" srcset=\"https:\/\/yeniterter.az\/wp-content\/uploads\/515880877_589841770846954_5049161189940436500_n-300x152.jpg 300w, https:\/\/yeniterter.az\/wp-content\/uploads\/515880877_589841770846954_5049161189940436500_n.jpg 584w\" sizes=\"(max-width: 310px) 100vw, 310px\" \/>Prezident \u0130lham \u018fliyevin 2025-ci il iyulun 4-d\u0259 Xank\u0259ndi \u015f\u0259h\u0259rind\u0259 ke\u00e7iril\u0259n \u0130qtisadi \u018fm\u0259kda\u015fl\u0131q T\u0259\u015fkilat\u0131n\u0131n 17-ci Zirv\u0259 g\u00f6r\u00fc\u015f\u00fcnd\u0259 \u00e7\u0131x\u0131\u015f edib.<\/p>\n<p>\u00d6lk\u0259 ba\u015f\u00e7\u0131s\u0131 \u00e7\u0131x\u0131\u015f\u0131ndan \u00f6nc\u0259 \u0130qtisadi \u018fm\u0259kda\u015fl\u0131q T\u0259\u015fkilat\u0131n\u0131n (ECO) 17-ci Zirv\u0259 g\u00f6r\u00fc\u015f\u00fcnd\u0259 i\u015ftirak etm\u0259k \u00fc\u00e7\u00fcn q\u0259dim Az\u0259rbaycan torpa\u011f\u0131 olan Qaraba\u011fa, Xank\u0259ndiy\u0259 g\u0259l\u0259n r\u0259smi qonaqlara xo\u015f g\u0259lmisiniz deyib. Qazax\u0131stana ECO-ya u\u011furlu s\u0259drliyi m\u00fcnasib\u0259til\u0259 t\u0259\u015f\u0259kk\u00fcr\u00fcn\u00fc bildirib. Az\u0259rbaycan art\u0131q \u00fc\u00e7\u00fcnc\u00fc d\u0259f\u0259dir ki, ECO-nun Zirv\u0259 g\u00f6r\u00fc\u015f\u00fcn\u0259 ev sahibliyi etdiyini, \u0259vv\u0259lki iki Zirv\u0259 g\u00f6r\u00fc\u015f\u00fcn\u00fcn 2006-c\u0131 v\u0259 2012-ci ill\u0259rd\u0259 paytaxt Bak\u0131da ke\u00e7irildiyini qeyd edib.<\/p>\n<p>Bildirib ki, bug\u00fcnk\u00fc Zirv\u0259 g\u00f6r\u00fc\u015f\u00fcn\u00fcn Qaraba\u011fda, Xank\u0259ndid\u0259 t\u0259\u015fkil edilm\u0259sinin x\u00fcsusi m\u0259nas\u0131 var. Erm\u0259nistan\u0131n i\u015f\u011fal\u0131ndan azad edilmi\u015f torpaqlar\u0131m\u0131zda art\u0131q bir ne\u00e7\u0259 m\u00fch\u00fcm beyn\u0259lxalq t\u0259dbir ke\u00e7irilmi\u015fdir. \u015eu\u015fada 2023-c\u00fc ild\u0259 ECO-nun Nazirl\u0259r \u015euras\u0131n\u0131, 2024-c\u00fc ild\u0259 T\u00fcrk D\u00f6vl\u0259tl\u0259ri T\u0259\u015fkilat\u0131n\u0131n ilk qeyri-r\u0259smi Zirv\u0259 g\u00f6r\u00fc\u015f\u00fcn\u00fc v\u0259 bu ilin may ay\u0131nda La\u00e7\u0131nda Az\u0259rbaycan, T\u00fcrkiy\u0259 v\u0259 Pakistan r\u0259hb\u0259rl\u0259rinin \u00fc\u00e7t\u0259r\u0259fli Zirv\u0259 g\u00f6r\u00fc\u015f\u00fcn\u00fc qeyd etm\u0259k ist\u0259rdim. Bu g\u00fcn is\u0259 ECO-nun Zirv\u0259 g\u00f6r\u00fc\u015f\u00fc Xank\u0259ndid\u0259, yeni in\u015fa edilmi\u015f Konqres M\u0259rk\u0259zind\u0259 ke\u00e7irilir.<\/p>\n<p><img decoding=\"async\" loading=\"lazy\" class=\" wp-image-29860 alignleft\" src=\"https:\/\/yeniterter.az\/wp-content\/uploads\/516738935_589841737513624_6299412745423373052_n-300x199.jpg\" alt=\"\" width=\"215\" height=\"143\" srcset=\"https:\/\/yeniterter.az\/wp-content\/uploads\/516738935_589841737513624_6299412745423373052_n-300x199.jpg 300w, https:\/\/yeniterter.az\/wp-content\/uploads\/516738935_589841737513624_6299412745423373052_n.jpg 595w\" sizes=\"(max-width: 215px) 100vw, 215px\" \/><img decoding=\"async\" loading=\"lazy\" class=\"wp-image-29863 alignright\" src=\"https:\/\/yeniterter.az\/wp-content\/uploads\/87-3-300x162.jpg\" alt=\"\" width=\"265\" height=\"143\" srcset=\"https:\/\/yeniterter.az\/wp-content\/uploads\/87-3-300x162.jpg 300w, https:\/\/yeniterter.az\/wp-content\/uploads\/87-3.jpg 585w\" sizes=\"(max-width: 265px) 100vw, 265px\" \/>Erm\u0259nistan Az\u0259rbaycan \u0259razil\u0259rinin t\u0259xmin\u0259n 20 faizini 30 il\u0259 yax\u0131n i\u015f\u011fal alt\u0131nda saxlam\u0131\u015f, etnik t\u0259mizl\u0259m\u0259 h\u0259yata ke\u00e7irmi\u015f, bir milyondan art\u0131q soyda\u015f\u0131m\u0131z\u0131 \u00f6z d\u0259d\u0259-baba torpa\u011f\u0131ndan did\u0259rgin salm\u0131\u015fd\u0131r. Buna baxmayaraq Az\u0259rbaycan xalq\u0131 v\u0259 d\u00f6vl\u0259ti he\u00e7 vaxt i\u015f\u011falla bar\u0131\u015fmam\u0131\u015fd\u0131r. D\u0259f\u0259l\u0259rl\u0259 Erm\u0259nistana v\u0259 onun arxas\u0131nda duran d\u00f6vl\u0259tl\u0259r\u0259 bildirirdik ki, \u0259g\u0259r Erm\u0259nistan i\u015f\u011fal edilmi\u015f torpaqlardan \u00f6z xo\u015fu il\u0259 \u00e7\u0131xmasa, biz \u00f6z \u0259razi b\u00fct\u00f6vl\u00fcy\u00fcm\u00fcz\u00fc h\u0259rbi yolla b\u0259rpa ed\u0259c\u0259yik. \u018ffsuslar olsun ki, Erm\u0259nistan v\u0259 onun havadarlar\u0131 bizim bu x\u0259b\u0259rdarl\u0131\u011f\u0131m\u0131z\u0131 ciddi q\u0259bul etm\u0259yibl\u0259r. N\u0259tic\u0259d\u0259 pe\u015fman olublar.<\/p>\n<p>2020-ci ild\u0259 44 g\u00fcnl\u00fck V\u0259t\u0259n m\u00fcharib\u0259si zaman\u0131 Az\u0259rbaycan Erm\u0259nistan\u0131 d\u00f6y\u00fc\u015f meydan\u0131nda darmada\u011f\u0131n ed\u0259r\u0259k 300-d\u0259n \u00e7ox \u015f\u0259h\u0259r v\u0259 k\u0259ndi azad etdi. Erm\u0259nistan 2020-ci il noyabr\u0131n 10-da kapitulyasiya akt\u0131 imzalama\u011fa m\u0259cbur oldu.<\/p>\n<p>\u0130\u015f\u011fal d\u00f6vr\u00fcnd\u0259 Erm\u0259nistan \u015f\u0259h\u0259r v\u0259 k\u0259ndl\u0259rimizi, m\u0259d\u0259ni v\u0259 dini abid\u0259l\u0259rimizi yer \u00fcz\u00fcnd\u0259n silmi\u015fdir. 67 m\u0259scidd\u0259n 65-i Erm\u0259nistan t\u0259r\u0259find\u0259n yerl\u0259-yeksan edilib, qalan ikisi is\u0259 ciddi z\u0259r\u0259r g\u00f6r\u00fcb, donuz v\u0259 in\u0259k t\u00f6vl\u0259si kimi istifad\u0259 olunub. Bu, \u0130slam dinin\u0259 v\u0259 d\u00fcnya m\u00fcs\u0259lmanlar\u0131na qar\u015f\u0131 h\u00f6rm\u0259tsizlik v\u0259 t\u0259hqir idi.<!--more--><\/p>\n<p>Q\u0259biristanl\u0131qlar da vandalizm\u0259 m\u0259ruz qal\u0131b, da\u011f\u0131d\u0131l\u0131b, q\u0259bir da\u015flar\u0131 talanaraq Erm\u0259nistana apar\u0131l\u0131b.<\/p>\n<p>D\u00f6vl\u0259t qurumlar\u0131ndan ibar\u0259t komissiya \u00f6z i\u015fin\u0259 xarici ekspertl\u0259ri c\u0259lb ed\u0259r\u0259k, beyn\u0259lxalq t\u0259cr\u00fcb\u0259d\u0259n yararlanmaqla i\u015f\u011fal n\u0259tic\u0259sind\u0259 Az\u0259rbaycana vurulmu\u015f z\u0259r\u0259ri t\u0259xmin\u0259n 150 milyard AB\u015e dollar\u0131 m\u0259bl\u0259\u011find\u0259 qiym\u0259tl\u0259ndirmi\u015fdir.<\/p>\n<p>H\u0259m\u00e7inin Erm\u0259nistan i\u015f\u011fal d\u00f6vr\u00fcnd\u0259 torpaqlar\u0131m\u0131zda bir milyondan \u00e7ox mina basd\u0131r\u0131b. V\u0259t\u0259n m\u00fcharib\u0259sind\u0259n bu g\u00fcn\u0259 q\u0259d\u0259r 400-\u0259 yax\u0131n soyda\u015f\u0131m\u0131z mina partlamas\u0131 n\u0259tic\u0259sind\u0259 h\u0259lak olub v\u0259 ya a\u011f\u0131r yaralan\u0131b.<\/p>\n<p>\u0130ndi Az\u0259rbaycan Erm\u0259nistan\u0131n xarabazara \u00e7evirdiyi torpaqlarda yeni \u015f\u0259h\u0259rl\u0259r v\u0259 k\u0259ndl\u0259r in\u015fa edir. \u201cB\u00f6y\u00fck Qay\u0131d\u0131\u015f\u201d proqram\u0131 icra edilir. Bu g\u00fcn\u0259 q\u0259d\u0259r 16 \u015f\u0259h\u0259r v\u0259 k\u0259nd\u0259 ke\u00e7mi\u015f m\u0259cburi k\u00f6\u00e7k\u00fcnl\u0259rin qay\u0131d\u0131\u015f\u0131n\u0131 t\u0259min etmi\u015fik. Haz\u0131rda azad edilmi\u015f \u0259razil\u0259rd\u0259 50 mind\u0259n \u00e7ox insan ya\u015fay\u0131r, \u00e7al\u0131\u015f\u0131r v\u0259 t\u0259hsil al\u0131r.<\/p>\n<p>\u00d6lk\u0259 ba\u015f\u00e7\u0131s\u0131 \u00e7\u0131x\u0131\u015f\u0131nda vur\u011fulay\u0131b ki, Erm\u0259nistandan deportasiya olunmu\u015f Q\u0259rbi az\u0259rbaycanl\u0131lar\u0131n h\u00fcquqlar\u0131n\u0131n t\u0259min olunmas\u0131 da b\u00f6y\u00fck \u0259h\u0259miyy\u0259t k\u0259sb edir. Ke\u00e7\u0259n ay \u0130slam \u018fm\u0259kda\u015fl\u0131q T\u0259\u015fkilat\u0131n\u0131n \u0130stanbulda ke\u00e7irilmi\u015f Nazirl\u0259r \u015euras\u0131nda Erm\u0259nistandan zorla did\u0259rgin sal\u0131nm\u0131\u015f az\u0259rbaycanl\u0131lar\u0131n qay\u0131d\u0131\u015f h\u00fcququna d\u0259st\u0259k ifad\u0259 ed\u0259n q\u0259tnam\u0259nin b\u00fct\u00fcn 57 \u00fczv \u00f6lk\u0259nin yekdil q\u0259rar\u0131 il\u0259 q\u0259bul olunmas\u0131n\u0131 y\u00fcks\u0259k qiym\u0259tl\u0259ndiririk.<\/p>\n<p>Bu q\u0259tnam\u0259 il\u0259 yana\u015f\u0131, Nazirl\u0259r \u015euras\u0131n\u0131n yekunlar\u0131na dair \u201c\u0130stanbul B\u0259yannam\u0259si\u201dnd\u0259 indiki Erm\u0259nistan \u0259razisind\u0259n zorla qovulmu\u015f az\u0259rbaycanl\u0131lar\u0131n geri qay\u0131d\u0131\u015f h\u00fcququ t\u0259sdiql\u0259nir v\u0259 Erm\u0259nistan\u0131n Q\u0259rbi Az\u0259rbaycan \u0130cmas\u0131 il\u0259 dialoqu r\u0259dd etm\u0259si q\u0131nan\u0131l\u0131r.<\/p>\n<p>Q\u0259rbi az\u0259rbaycanl\u0131lar\u0131n Erm\u0259nistandak\u0131 \u00f6z d\u0259d\u0259-baba torpa\u011f\u0131na s\u00fclh yolu il\u0259 qay\u0131d\u0131\u015f\u0131n\u0131n t\u0259min edilm\u0259si sah\u0259sind\u0259 s\u0259yl\u0259r bundan sonra da davam etdiril\u0259c\u0259k.<\/p>\n<p>C\u0259nab prezident bildirib ki, Az\u0259rbaycan ECO-nun i\u015find\u0259 h\u0259mi\u015f\u0259 f\u0259al i\u015ftirak etmi\u015fdir. ECO-ya \u00fczv \u00f6lk\u0259l\u0259rl\u0259 \u0259laq\u0259l\u0259rimiz u\u011furla inki\u015faf edir. Ke\u00e7\u0259n il tarixd\u0259 ilk d\u0259f\u0259 olaraq ECO m\u0259kan\u0131nda COP29 konfrans\u0131 ke\u00e7irilmi\u015fdir. Bu konfransda 197 \u00f6lk\u0259, 70 d\u00f6vl\u0259t v\u0259 h\u00f6kum\u0259t ba\u015f\u00e7\u0131s\u0131 i\u015ftirak etmi\u015f, 77 min \u015f\u0259xs qeydiyyatdan ke\u00e7mi\u015fdir.<\/p>\n<p>Konfransda \u0259ld\u0259 edilmi\u015f \u0259sas nailiyy\u0259tl\u0259r inki\u015faf etm\u0259kd\u0259 olan \u00f6lk\u0259l\u0259r\u0259 maliyy\u0259 yard\u0131m\u0131n\u0131n 100 milyarddan 300 milyard AB\u015e dollar\u0131na q\u0259d\u0259r art\u0131r\u0131lmas\u0131, \u0130tki v\u0259 Z\u0259r\u0259r Fondunun i\u015fl\u0259k v\u0259ziyy\u0259t\u0259 g\u0259tirilm\u0259si v\u0259 karbon bazarlar\u0131 bar\u0259d\u0259 raz\u0131la\u015fmalardan ibar\u0259t olmu\u015fdur.<\/p>\n<p>Az\u0259rbaycan\u0131n t\u0259\u015f\u0259bb\u00fcs\u00fc il\u0259 bu il ilk d\u0259f\u0259 ECO H\u0259ft\u0259si ke\u00e7irilir. \u015eu\u015fada ECO-nun Biznes Forumu, A\u011fdamda G\u0259ncl\u0259r Forumu, La\u00e7\u0131nda is\u0259 Qad\u0131nlar Forumu t\u0259\u015fkil edilmi\u015fdir. Forumda i\u015ftirak etmi\u015f n\u00fcmay\u0259nd\u0259l\u0259r bu g\u00fcn burada g\u00f6r\u00fclm\u00fc\u015f i\u015fl\u0259rl\u0259 ba\u011fl\u0131 m\u0259ruz\u0259l\u0259r t\u0259qdim ed\u0259c\u0259kl\u0259r.<\/p>\n<p>ECO-nun Az\u0259rbaycanda yerl\u0259\u015f\u0259c\u0259k T\u0259dqiqat M\u0259rk\u0259zinin v\u0259 T\u0259miz Enerji M\u0259rk\u0259zinin f\u0259aliyy\u0259t\u0259 ba\u015flamas\u0131n\u0131n t\u0259min olunmas\u0131 istiqam\u0259tind\u0259 i\u015fl\u0259r davam edir.<\/p>\n<p>2026-c\u0131 ilin \u015eu\u015fa \u015f\u0259h\u0259rinin \u201cECO-nun Turizm paytaxt\u0131\u201d elan edilm\u0259sin\u0259 g\u00f6r\u0259 t\u0259\u015f\u0259kk\u00fcr\u00fcm\u00fc bildirir\u0259m.<\/p>\n<p>\u0130qtisadi sah\u0259d\u0259 \u0259m\u0259kda\u015fl\u0131\u011f\u0131 d\u0259rinl\u0259\u015fdirm\u0259k \u00fc\u00e7\u00fcn bu g\u00fcn m\u00fczakir\u0259 edil\u0259c\u0259k m\u0259s\u0259l\u0259l\u0259r x\u00fcsusi \u0259h\u0259miyy\u0259t k\u0259sb edir.<\/p>\n<p>Az\u0259rbaycana g\u0259ldikd\u0259, bizim \u00f6lk\u0259mizd\u0259 \u00e7ox m\u00fcsb\u0259t s\u0259rmay\u0259 iqlimi vard\u0131r. Son 20 il \u0259rzind\u0259 Az\u0259rbaycan iqtisadiyyat\u0131na 350 milyard AB\u015e dollar\u0131na yax\u0131n s\u0259rmay\u0259 qoyulmu\u015fdur ki, bunun da yar\u0131s\u0131 xarici s\u0259rmay\u0259dir.<\/p>\n<p>Bu g\u00fcn Az\u0259rbaycan bir \u00e7ox \u00f6lk\u0259l\u0259rin enerji t\u0259hl\u00fck\u0259sizliyini t\u0259min edir v\u0259 m\u00fcxt\u0259lif qaz boru k\u0259m\u0259rl\u0259ri vasit\u0259sil\u0259 12 \u00f6lk\u0259y\u0259 t\u0259bii qaz ixrac edir. Bu g\u00f6st\u0259riciy\u0259 g\u00f6r\u0259 biz d\u00fcnyada \u00f6n s\u0131ralarday\u0131q.<\/p>\n<p>\u015e\u0259rq-Q\u0259rb v\u0259 \u015eimal-C\u0259nub n\u0259qliyyat d\u0259hlizl\u0259ri Az\u0259rbaycan \u0259razisind\u0259n ke\u00e7ir v\u0259 ECO-ya \u00fczv \u00f6lk\u0259l\u0259rin \u0259ks\u0259riyy\u0259ti bu d\u0259hlizl\u0259rd\u0259n istifad\u0259 edir.<\/p>\n<p>&nbsp;<\/p>\n","protected":false},"excerpt":{"rendered":"<p>Prezident \u0130lham \u018fliyevin 2025-ci il iyulun 4-d\u0259 Xank\u0259ndi \u015f\u0259h\u0259rind\u0259 ke\u00e7iril\u0259n \u0130qtisadi \u018fm\u0259kda\u015fl\u0131q T\u0259\u015fkilat\u0131n\u0131n 17-ci Zirv\u0259 g\u00f6r\u00fc\u015f\u00fcnd\u0259 \u00e7\u0131x\u0131\u015f edib. \u00d6lk\u0259 ba\u015f\u00e7\u0131s\u0131 \u00e7\u0131x\u0131\u015f\u0131ndan \u00f6nc\u0259 \u0130qtisadi \u018fm\u0259kda\u015fl\u0131q T\u0259\u015fkilat\u0131n\u0131n (ECO) 17-ci Zirv\u0259 g\u00f6r\u00fc\u015f\u00fcnd\u0259 i\u015ftirak etm\u0259k \u00fc\u00e7\u00fcn q\u0259dim Az\u0259rbaycan torpa\u011f\u0131 olan Qaraba\u011fa, Xank\u0259ndiy\u0259 g\u0259l\u0259n r\u0259smi qonaqlara xo\u015f g\u0259lmisiniz deyib. Qazax\u0131stana ECO-ya u\u011furlu s\u0259drliyi m\u00fcnasib\u0259til\u0259 t\u0259\u015f\u0259kk\u00fcr\u00fcn\u00fc bildirib. Az\u0259rbaycan art\u0131q \u00fc\u00e7\u00fcnc\u00fc d\u0259f\u0259dir [&hellip;]<\/p>\n","protected":false},"author":2,"featured_media":0,"comment_status":"closed","ping_status":"closed","sticky":false,"template":"","format":"standard","meta":[],"categories":[10],"tags":[],"_links":{"self":[{"href":"https:\/\/yeniterter.az\/index.php?rest_route=\/wp\/v2\/posts\/29855"}],"collection":[{"href":"https:\/\/yeniterter.az\/index.php?rest_route=\/wp\/v2\/posts"}],"about":[{"href":"https:\/\/yeniterter.az\/index.php?rest_route=\/wp\/v2\/types\/post"}],"author":[{"embeddable":true,"href":"https:\/\/yeniterter.az\/index.php?rest_route=\/wp\/v2\/users\/2"}],"replies":[{"embeddable":true,"href":"https:\/\/yeniterter.az\/index.php?rest_route=%2Fwp%2Fv2%2Fcomments&post=29855"}],"version-history":[{"count":3,"href":"https:\/\/yeniterter.az\/index.php?rest_route=\/wp\/v2\/posts\/29855\/revisions"}],"predecessor-version":[{"id":29864,"href":"https:\/\/yeniterter.az\/index.php?rest_route=\/wp\/v2\/posts\/29855\/revisions\/29864"}],"wp:attachment":[{"href":"https:\/\/yeniterter.az\/index.php?rest_route=%2Fwp%2Fv2%2Fmedia&parent=29855"}],"wp:term":[{"taxonomy":"category","embeddable":true,"href":"https:\/\/yeniterter.az\/index.php?rest_route=%2Fwp%2Fv2%2Fcategories&post=29855"},{"taxonomy":"post_tag","embeddable":true,"href":"https:\/\/yeniterter.az\/index.php?rest_route=%2Fwp%2Fv2%2Ftags&post=29855"}],"curies":[{"name":"wp","href":"https:\/\/api.w.org\/{rel}","templated":true}]}}