{"id":29852,"date":"2025-07-04T08:04:10","date_gmt":"2025-07-04T05:04:10","guid":{"rendered":"https:\/\/yeniterter.az\/?p=29852"},"modified":"2025-07-04T08:04:10","modified_gmt":"2025-07-04T05:04:10","slug":"ozb%c9%99kistan-v%c9%99-az%c9%99rbaycan-arasinda-ikit%c9%99r%c9%99fli-qarsiliqli-f%c9%99aliyy%c9%99t-m%c9%99s%c9%99l%c9%99l%c9%99ri-muzakir%c9%99-edilib","status":"publish","type":"post","link":"https:\/\/yeniterter.az\/?p=29852","title":{"rendered":"\u00d6zb\u0259kistan v\u0259 Az\u0259rbaycan aras\u0131nda ikit\u0259r\u0259fli qar\u015f\u0131l\u0131ql\u0131 f\u0259aliyy\u0259t  m\u0259s\u0259l\u0259l\u0259ri m\u00fczakir\u0259 edilib"},"content":{"rendered":"<p><img decoding=\"async\" loading=\"lazy\" class=\" wp-image-29853 alignleft\" src=\"https:\/\/yeniterter.az\/wp-content\/uploads\/516212578_588270894337375_8209306138972371550_n-300x152.jpg\" alt=\"\" width=\"391\" height=\"198\" srcset=\"https:\/\/yeniterter.az\/wp-content\/uploads\/516212578_588270894337375_8209306138972371550_n-300x152.jpg 300w, https:\/\/yeniterter.az\/wp-content\/uploads\/516212578_588270894337375_8209306138972371550_n-1024x519.jpg 1024w, https:\/\/yeniterter.az\/wp-content\/uploads\/516212578_588270894337375_8209306138972371550_n-768x389.jpg 768w, https:\/\/yeniterter.az\/wp-content\/uploads\/516212578_588270894337375_8209306138972371550_n.jpg 1065w\" sizes=\"(max-width: 391px) 100vw, 391px\" \/>Prezident \u0130lham \u018fliyev 2025-ci il iyulun 2-d\u0259 \u00d6zb\u0259kistan Prezidenti \u015eavkat<\/p>\n<p>Mirziyoyevin Az\u0259rbaycana s\u0259f\u0259ri zaman\u0131 m\u0259tbuata b\u0259yanat verib.<\/p>\n<p>D\u00f6vl\u0259t ba\u015f\u00e7\u0131s\u0131 deyib:<\/p>\n<p>Bu g\u00fcn \u00d6zb\u0259kistan v\u0259 Az\u0259rbaycan m\u00fcnasib\u0259tl\u0259rinin tarixind\u0259 \u0259lam\u0259tdar g\u00fcnd\u00fcr. \u00d6zb\u0259kistan Prezidentinin d\u00f6vl\u0259t s\u0259f\u0259ri layiqinc\u0259, qarda\u015fl\u0131q v\u0259 qar\u015f\u0131l\u0131ql\u0131 anla\u015fma ab-havas\u0131nda ke\u00e7ir. Bu g\u00fcn biz h\u0259m ikit\u0259r\u0259fli g\u00f6r\u00fc\u015f, h\u0259m d\u0259 D\u00f6vl\u0259tl\u0259raras\u0131 \u015euran\u0131n iclas\u0131 \u00e7\u0259r\u00e7iv\u0259sind\u0259 ikit\u0259r\u0259fli qar\u015f\u0131l\u0131ql\u0131 f\u0259aliyy\u0259t m\u0259s\u0259l\u0259l\u0259rinin geni\u015f spektrini m\u00fczakir\u0259 etdik, m\u00fcnasib\u0259tl\u0259rimizin strateji, m\u00fctt\u0259fiqlik xarakterini bir daha t\u0259sdiql\u0259dik. Ke\u00e7\u0259n il Da\u015fk\u0259ndd\u0259 M\u00fctt\u0259fiqlik m\u00fcnasib\u0259tl\u0259ri haqq\u0131nda M\u00fcqavil\u0259 imzalad\u0131q. Bu, ist\u0259nil\u0259n \u00f6lk\u0259l\u0259rin m\u00fcnasib\u0259tl\u0259rind\u0259 \u0259n y\u00fcks\u0259k v\u0259 \u0259h\u0259miyy\u0259tli s\u0259n\u0259ddir. Biz art\u0131q iki ildir ki, r\u0259smi m\u00fctt\u0259fiqik v\u0259 bunu beyn\u0259lxalq arenada f\u0259al qar\u015f\u0131l\u0131ql\u0131 f\u0259aliyy\u0259tl\u0259, qar\u015f\u0131l\u0131ql\u0131 d\u0259st\u0259kl\u0259, h\u0259m\u00e7inin bir \u00e7ox sah\u0259d\u0259 h\u0259yata ke\u00e7irdiyimiz konkret plan v\u0259 layih\u0259l\u0259rl\u0259 n\u00fcmayi\u015f etdiririk.<\/p>\n<p>Prezident \u0130lham \u018fliyev \u015eavkat Miromonovi\u00e7i \u00f6z ad\u0131ndan v\u0259 b\u00fct\u00fcn Az\u0259rbaycan xalq\u0131 ad\u0131ndan tarixi nailiyy\u0259t \u2013 futbol \u00fczr\u0259 \u00d6zb\u0259kistan y\u0131\u011fmas\u0131n\u0131n d\u00fcnya \u00e7empionat\u0131n\u0131n final m\u0259rh\u0259l\u0259sin\u0259 \u00e7\u0131xmas\u0131 m\u00fcnasib\u0259til\u0259 t\u0259brik edib.<\/p>\n<p>Qeyd olunub ki, \u00d6zb\u0259kistan\u0131n beyn\u0259lxalq arenada imicinin ild\u0259n-il\u0259 artmas\u0131na, iqtisadi potensial\u0131n\u0131n g\u00fccl\u0259nm\u0259sin\u0259, sosial h\u0259yat\u0131n bir \u00e7ox m\u0259s\u0259l\u0259sinin h\u0259ll olunmas\u0131na \u015fad\u0131q. B\u00fct\u00fcn bunlar Prezidentin, \u00d6zb\u0259kistan r\u0259hb\u0259rliyinin d\u00fc\u015f\u00fcn\u00fclm\u00fc\u015f siyas\u0259tinin n\u0259tic\u0259sidir. Bunlar\u0131n ham\u0131s\u0131 konkret proqramlarda da \u00f6z \u0259ksini tap\u0131r. Dost v\u0259 qarda\u015flar olaraq, biz buna \u00fcr\u0259kd\u0259n sevinirik.<\/p>\n<p>Bir m\u00fcdd\u0259t \u0259vv\u0259l yarad\u0131lm\u0131\u015f birg\u0259 \u0130nvestisiya Fondu art\u0131q praktiki olaraq layih\u0259l\u0259rl\u0259 t\u0259min edilib.<!--more--><\/p>\n<p>D\u00f6vl\u0259t ba\u015f\u00e7\u0131s\u0131 deyib:<\/p>\n<p>&#8211; Biz bug\u00fcnk\u00fc imkanlar\u0131 n\u0259z\u0259r\u0259 alaraq, h\u0259m\u00e7inin g\u0259l\u0259c\u0259k layih\u0259l\u0259r bax\u0131m\u0131ndan X\u0259z\u0259rd\u0259n Az\u0259rbaycana, oradan is\u0259 Q\u0259rb istiqam\u0259tin\u0259 \u00e7\u0131x\u0131\u015f\u0131 olan M\u0259rk\u0259zi Asiya regionunda daha geni\u015f v\u0259 \u015fax\u0259l\u0259ndirilmi\u015f n\u0259qliyyat infrastrukturunun yarad\u0131lmas\u0131na g\u0259tirib \u00e7\u0131xaracaq n\u0259qliyyat-logistika sah\u0259sini \u0259trafl\u0131 n\u0259z\u0259rd\u0259n ke\u00e7irdik. Biz infrastrukturumuzun b\u00f6y\u00fck h\u0259cmd\u0259 y\u00fckl\u0259ri q\u0259bul etm\u0259y\u0259 haz\u0131r olmas\u0131 bax\u0131m\u0131ndan layih\u0259l\u0259rimizi ikit\u0259r\u0259fli formatda \u0259laq\u0259l\u0259ndirm\u0259yi davam etdirm\u0259kl\u0259 yana\u015f\u0131, h\u0259m d\u0259 qon\u015fu \u00f6lk\u0259l\u0259rl\u0259 \u00e7oxt\u0259r\u0259fli formatda n\u0259qliyyat siyas\u0259tinin \u0259laq\u0259l\u0259ndirilm\u0259si \u00fczr\u0259 m\u00fcnt\u0259z\u0259m dialoq v\u0259 i\u015f aparma\u011fa raz\u0131la\u015fd\u0131q. \u00c7\u00fcnki Orta D\u0259hliz layih\u0259si ya istismar, ya haz\u0131rl\u0131q, ya da tikinti m\u0259rh\u0259l\u0259sind\u0259 olan bir ne\u00e7\u0259 qola malikdir. T\u0259bii ki, M\u0259rk\u0259zi Asiya m\u0259kan\u0131nda Orta D\u0259hlizin b\u00fct\u00fcn \u015fax\u0259l\u0259ndirilmi\u015f mar\u015frutlar\u0131 \u00fczr\u0259 son n\u0259tic\u0259d\u0259 y\u00fckl\u0259ri q\u0259bul ed\u0259c\u0259k n\u0259qliyyat infrastrukturu, &#8211; m\u0259n Az\u0259rbaycan\u0131n n\u0259qliyyat infrastrukturunu n\u0259z\u0259rd\u0259 tuturam, &#8211; xeyli b\u00f6y\u00fck h\u0259cmd\u0259 y\u00fck q\u0259bul etm\u0259y\u0259 haz\u0131r olmal\u0131d\u0131r.<\/p>\n<p>Bildirilib ki,biz \u00f6zb\u0259k dostlar\u0131m\u0131za m\u0259sl\u0259h\u0259t yard\u0131mlar\u0131na v\u0259 k\u0259nd t\u0259s\u0259rr\u00fcfat\u0131, ilk n\u00f6vb\u0259d\u0259, pamb\u0131q\u00e7\u0131l\u0131q v\u0259 ip\u0259k\u00e7ilikl\u0259 ba\u011fl\u0131 layih\u0259l\u0259r\u0259 s\u0259rmay\u0259 qoyduqlar\u0131na g\u00f6r\u0259 minn\u0259tdar\u0131q.<\/p>\n<p>Qaraba\u011f\u0131n b\u0259rpas\u0131na g\u00f6st\u0259rdiyi k\u00f6m\u0259y\u0259 g\u00f6r\u0259 x\u00fcsusi minn\u0259tdarl\u0131\u011f\u0131m\u0131z\u0131 ifad\u0259 edirik.<\/p>\n<p>&#8211; Erm\u0259ni i\u015f\u011fal\u0131ndan azad edilmi\u015f \u0259razil\u0259rd\u0259 ikinci m\u00fch\u00fcm layih\u0259 is\u0259 Xank\u0259ndi \u015f\u0259h\u0259rind\u0259ki tiki\u015f fabrikidir.<\/p>\n<p>Yen\u0259 d\u0259 \u00f6zb\u0259k qarda\u015flar\u0131m\u0131z\u0131n s\u0259rmay\u0259l\u0259ri v\u0259 texnologiyalar\u0131 say\u0259sind\u0259 bu g\u00fcn 200-d\u0259n \u00e7ox insan\u0131n \u00e7al\u0131\u015fd\u0131\u011f\u0131 m\u00fc\u0259ssis\u0259 yarad\u0131l\u0131b v\u0259 g\u0259l\u0259c\u0259kd\u0259 orada \u00e7al\u0131\u015fanlar\u0131n say\u0131 d\u0259f\u0259l\u0259rl\u0259 artacaq. Y\u0259ni bu, sosial infrastruktura, s\u0259naye istehsal\u0131n\u0131n yarad\u0131lmas\u0131na yard\u0131m g\u00f6st\u0259rilm\u0259si, eyni zamanda, \u0259halinin m\u0259\u015f\u011fullu\u011funun t\u0259min edilm\u0259sidir. Biz buna g\u00f6r\u0259 \u00e7ox minn\u0259tdar\u0131q v\u0259 bunu \u00e7ox y\u00fcks\u0259k qiym\u0259tl\u0259ndiririk.<\/p>\n<p>Prezident deyib ki, bu g\u00fcn biz \u00d6zb\u0259kistan\u0131n Az\u0259rbaycandak\u0131 s\u0259firliyinin yeni binas\u0131n\u0131 birlikd\u0259 a\u00e7aca\u011f\u0131q.<\/p>\n<p>Yen\u0259 d\u0259 \u015eavkat Miromonovi\u00e7\u0259 h\u0259min binan\u0131 tikm\u0259k q\u0259rar\u0131na g\u00f6r\u0259 minn\u0259tdarl\u0131\u011f\u0131m\u0131 bildirm\u0259k ist\u0259yir\u0259m. Bu yerin tarixi art\u0131q kifay\u0259t q\u0259d\u0259r q\u0259dimdir. Bu yer Heyd\u0259r \u018flirza o\u011flu t\u0259r\u0259find\u0259n ayr\u0131l\u0131b, \u015f\u0259h\u0259rin m\u0259rk\u0259zind\u0259, b\u00f6y\u00fck d\u00f6vl\u0259tl\u0259rin s\u0259firlikl\u0259rinin yerl\u0259\u015fdiyi \u0259razid\u0259, eyni zonada.<\/p>\n<p>Bak\u0131n\u0131n \u0259n g\u00f6z\u0259l yerind\u0259 \u00d6zb\u0259kistan park\u0131 a\u00e7\u0131lacaq.<\/p>\n<p>Amma bu, indi t\u0259kc\u0259 \u00d6zb\u0259kistan torpa\u011f\u0131n\u0131n bir hiss\u0259si olmayacaq, h\u0259m d\u0259 bu g\u00fcn Bak\u0131 \u015f\u0259h\u0259rinin m\u0259rk\u0259zi yerl\u0259rind\u0259n birind\u0259 t\u0259m\u0259li qoyulacaq \u201c\u00d6zb\u0259kistan\u201d park\u0131n\u0131n, \u0259n perspektivli, m\u00fcasir urbanizm layih\u0259si olan \u201cA\u011f \u015f\u0259h\u0259r\u201dd\u0259, bu layih\u0259nin tam m\u0259rk\u0259zind\u0259, dem\u0259k olar ki, 5 hektara yax\u0131n \u0259razid\u0259 \u201c\u00d6zb\u0259kistan\u201d park\u0131 yarad\u0131lacaq. Bu layih\u0259nin t\u0259qdimat\u0131 ke\u00e7\u0259n il m\u0259nim d\u00f6vl\u0259t s\u0259f\u0259rim zaman\u0131 olmu\u015fdu. Bu m\u00fcdd\u0259t \u0259rzind\u0259 layih\u0259nin raz\u0131la\u015fd\u0131r\u0131lmas\u0131, torpaq sah\u0259l\u0259rinin ayr\u0131lmas\u0131, infrastrukturun yarad\u0131lmas\u0131 istiqam\u0259tind\u0259 i\u015fl\u0259r g\u00f6r\u00fcl\u00fcb, \u0259razi art\u0131q k\u00f6hn\u0259lmi\u015f tikilil\u0259rd\u0259n t\u0259mizl\u0259nib. \u018fmin\u0259m ki, q\u0131sa m\u00fcdd\u0259td\u0259 Bak\u0131 \u015f\u0259h\u0259rind\u0259 \u00d6zb\u0259kistan\u0131n g\u00f6z\u0259l gu\u015f\u0259si yarad\u0131lacaq. Bu, h\u0259m d\u0259 v\u0259t\u0259nda\u015flar\u0131m\u0131z\u0131n, xarici turistl\u0259rin m\u0259mnuniyy\u0259tl\u0259 g\u0259l\u0259c\u0259yi bir yer olacaq. Bu, bir daha bizim qarda\u015fl\u0131q m\u00fcnasib\u0259tl\u0259rimizin t\u0259zah\u00fcr\u00fcd\u00fcr. \u018fmin\u0259m ki, bel\u0259 layih\u0259l\u0259r \u00e7ox olacaq. \u00d6zb\u0259kistanda daha \u00e7ox turizm infrastrukturu layih\u0259si h\u0259yata ke\u00e7iril\u0259c\u0259k. Bu g\u00fcn h\u0259l\u0259 \u00e7ox i\u015fimiz var.<\/p>\n<p>\u0130ki \u00f6lk\u0259 aras\u0131nda m\u00fcvafiq s\u0259n\u0259dl\u0259r imzalan\u0131b.<\/p>\n<p>&nbsp;<\/p>\n","protected":false},"excerpt":{"rendered":"<p>Prezident \u0130lham \u018fliyev 2025-ci il iyulun 2-d\u0259 \u00d6zb\u0259kistan Prezidenti \u015eavkat Mirziyoyevin Az\u0259rbaycana s\u0259f\u0259ri zaman\u0131 m\u0259tbuata b\u0259yanat verib. D\u00f6vl\u0259t ba\u015f\u00e7\u0131s\u0131 deyib: Bu g\u00fcn \u00d6zb\u0259kistan v\u0259 Az\u0259rbaycan m\u00fcnasib\u0259tl\u0259rinin tarixind\u0259 \u0259lam\u0259tdar g\u00fcnd\u00fcr. \u00d6zb\u0259kistan Prezidentinin d\u00f6vl\u0259t s\u0259f\u0259ri layiqinc\u0259, qarda\u015fl\u0131q v\u0259 qar\u015f\u0131l\u0131ql\u0131 anla\u015fma ab-havas\u0131nda ke\u00e7ir. Bu g\u00fcn biz h\u0259m ikit\u0259r\u0259fli g\u00f6r\u00fc\u015f, h\u0259m d\u0259 D\u00f6vl\u0259tl\u0259raras\u0131 \u015euran\u0131n iclas\u0131 \u00e7\u0259r\u00e7iv\u0259sind\u0259 ikit\u0259r\u0259fli qar\u015f\u0131l\u0131ql\u0131 f\u0259aliyy\u0259t [&hellip;]<\/p>\n","protected":false},"author":2,"featured_media":0,"comment_status":"closed","ping_status":"closed","sticky":false,"template":"","format":"standard","meta":[],"categories":[10],"tags":[],"_links":{"self":[{"href":"https:\/\/yeniterter.az\/index.php?rest_route=\/wp\/v2\/posts\/29852"}],"collection":[{"href":"https:\/\/yeniterter.az\/index.php?rest_route=\/wp\/v2\/posts"}],"about":[{"href":"https:\/\/yeniterter.az\/index.php?rest_route=\/wp\/v2\/types\/post"}],"author":[{"embeddable":true,"href":"https:\/\/yeniterter.az\/index.php?rest_route=\/wp\/v2\/users\/2"}],"replies":[{"embeddable":true,"href":"https:\/\/yeniterter.az\/index.php?rest_route=%2Fwp%2Fv2%2Fcomments&post=29852"}],"version-history":[{"count":1,"href":"https:\/\/yeniterter.az\/index.php?rest_route=\/wp\/v2\/posts\/29852\/revisions"}],"predecessor-version":[{"id":29854,"href":"https:\/\/yeniterter.az\/index.php?rest_route=\/wp\/v2\/posts\/29852\/revisions\/29854"}],"wp:attachment":[{"href":"https:\/\/yeniterter.az\/index.php?rest_route=%2Fwp%2Fv2%2Fmedia&parent=29852"}],"wp:term":[{"taxonomy":"category","embeddable":true,"href":"https:\/\/yeniterter.az\/index.php?rest_route=%2Fwp%2Fv2%2Fcategories&post=29852"},{"taxonomy":"post_tag","embeddable":true,"href":"https:\/\/yeniterter.az\/index.php?rest_route=%2Fwp%2Fv2%2Ftags&post=29852"}],"curies":[{"name":"wp","href":"https:\/\/api.w.org\/{rel}","templated":true}]}}