{"id":29724,"date":"2025-06-04T11:25:56","date_gmt":"2025-06-04T08:25:56","guid":{"rendered":"https:\/\/yeniterter.az\/?p=29724"},"modified":"2025-06-04T11:26:09","modified_gmt":"2025-06-04T08:26:09","slug":"az%c9%99rbaycanin-enerji-sah%c9%99sind%c9%99-qazandigi-ugur-diplomatik-ugurdur","status":"publish","type":"post","link":"https:\/\/yeniterter.az\/?p=29724","title":{"rendered":"Az\u0259rbaycan\u0131n enerji sah\u0259sind\u0259 qazand\u0131\u011f\u0131 u\u011fur\u00a0 diplomatik u\u011furdur"},"content":{"rendered":"<p><img decoding=\"async\" loading=\"lazy\" class=\" wp-image-29725 alignleft\" src=\"https:\/\/yeniterter.az\/wp-content\/uploads\/fc30ac26-213a-42b8-b2ee-bee6138b1b77-300x225.jpg\" alt=\"\" width=\"173\" height=\"130\" srcset=\"https:\/\/yeniterter.az\/wp-content\/uploads\/fc30ac26-213a-42b8-b2ee-bee6138b1b77-300x225.jpg 300w, https:\/\/yeniterter.az\/wp-content\/uploads\/fc30ac26-213a-42b8-b2ee-bee6138b1b77-1024x768.jpg 1024w, https:\/\/yeniterter.az\/wp-content\/uploads\/fc30ac26-213a-42b8-b2ee-bee6138b1b77-768x576.jpg 768w, https:\/\/yeniterter.az\/wp-content\/uploads\/fc30ac26-213a-42b8-b2ee-bee6138b1b77.jpg 1080w\" sizes=\"(max-width: 173px) 100vw, 173px\" \/>Enerji t\u0259hl\u00fck\u0259sizliyinin t\u0259min olunmas\u0131 sah\u0259sind\u0259 at\u0131lan add\u0131mlar,neft v\u0259 qaz sektoruna maraq,alternativ enerji resurslar\u0131 il\u0259 ba\u011fl\u0131 yeni layih\u0259l\u0259rin haz\u0131rlanmas\u0131 m\u0259s\u0259l\u0259l\u0259ri m\u00fcasir d\u00fcnyada diqq\u0259t m\u0259rk\u0259zind\u0259 qalmaqda davam edir.Bu bax\u0131mdan \u00f6lk\u0259mizd\u0259 son ill\u0259rd\u0259 ke\u00e7iril\u0259n beyn\u0259lxalq t\u0259dbirl\u0259r,s\u0259rgil\u0259r,layih\u0259l\u0259r \u00f6z aktuall\u0131\u011f\u0131n\u0131 qorumaqla yana\u015f\u0131 bu sah\u0259y\u0259 mara\u011f\u0131n art\u0131r\u0131lmas\u0131nda x\u00fcsusi \u0259h\u0259miyy\u0259t da\u015f\u0131y\u0131r. 2 iyun 2025 ci il tarixind\u0259 Bak\u0131 Ekspo M\u0259rk\u0259zind\u0259 \u00f6z i\u015fin\u0259 ba\u015flayan v\u0259 4 iyunad\u0259k davam ed\u0259c\u0259k Bak\u0131 Enerji H\u0259ft\u0259si \u00e7\u0259r\u00e7iv\u0259sind\u0259 ke\u00e7iril\u0259n 30-cu Yubiley Beyn\u0259lxalq X\u0259z\u0259r Neft v\u0259 Qaz S\u0259rgisi \u201cCaspian Oil and Gas\u201d, 13-c\u00fc X\u0259z\u0259r Beyn\u0259lxalq Energetika v\u0259 Ya\u015f\u0131l Enerji S\u0259rgisi \u201cCaspian Power\u201d v\u0259 30-cu \u201cBaku Energy Forum\u201d art\u0131q ikinci g\u00fcnd\u00fcr ki, d\u00fcnya \u00f6lk\u0259l\u0259rinin diqq\u0259t m\u0259rk\u0259zind\u0259dir. T\u0259dbirin r\u0259smi a\u00e7\u0131l\u0131\u015f m\u0259rasimind\u0259 \u00e7\u0131x\u0131\u015f ed\u0259n Az\u0259rbaycan Respublikas\u0131n\u0131n Prezidenti \u0130lham \u018fliyev yaln\u0131z enerji sah\u0259sind\u0259 \u0259ld\u0259 edil\u0259n nailiyy\u0259tl\u0259r\u0259 n\u0259z\u0259r salmaqla kifay\u0259tl\u0259nm\u0259yib, h\u0259m d\u0259 Az\u0259rbaycan\u0131n qlobal enerji t\u0259hl\u00fck\u0259sizliyind\u0259 v\u0259 ya\u015f\u0131l ke\u00e7id prosesind\u0259 oynad\u0131\u011f\u0131 strateji rolu d\u0259rin siyasi v\u0259 iqtisadi bax\u0131\u015f buca\u011f\u0131ndan \u015f\u0259rh edib.<\/p>\n<p>Qeyd etm\u0259k laz\u0131md\u0131r ki, 1994-c\u00fc ild\u0259 t\u0259\u015fkil edil\u0259n ilk X\u0259z\u0259r Neft v\u0259 Qaz S\u0259rgisind\u0259 Az\u0259rbaycan\u0131n enerji strategiyas\u0131n\u0131n t\u0259m\u0259li qoyulmu\u015fdur.\u00a0 H\u0259min ilin sentyabr\u0131nda imzalanan \u201c\u018fsrin m\u00fcqavil\u0259si\u201d yaln\u0131z neft sah\u0259sind\u0259 kommersiya raz\u0131la\u015fmas\u0131 deyil, h\u0259m d\u0259 Az\u0259rbaycan d\u00f6vl\u0259t\u00e7iliyinin suverenlik yolundak\u0131 d\u00f6n\u00fc\u015f n\u00f6qt\u0259si olmu\u015fdur. B\u00fct\u00fcn bunlar Ulu \u00d6nd\u0259r Heyd\u0259r \u018fliyevin uzaqg\u00f6r\u0259n siyas\u0259ti n\u0259tic\u0259sind\u0259 olmu\u015fdur.<\/p>\n<p>M\u00f6ht\u0259r\u0259m Prezidentimiz\u00a0 \u00e7\u0131x\u0131\u015f\u0131nda Az\u0259rbaycan\u0131n beyn\u0259lxalq enerji x\u0259rit\u0259sind\u0259ki yerini t\u0259svir ed\u0259rk\u0259n sad\u0259c\u0259 fiziki resurslara deyil, h\u0259m d\u0259 \u00f6lk\u0259nin geosiyasi r\u0131\u00e7aqlar\u0131na toxundu. \u00d6lk\u0259mizin a\u00e7\u0131q d\u0259nizl\u0259r\u0259 \u00e7\u0131x\u0131\u015f\u0131n\u0131n olmamas\u0131na baxmayaraq, uzaq Avropaya\u00a0 q\u0259d\u0259r uzanan C\u0259nub Qaz D\u0259hlizi kimi n\u0259h\u0259ng layih\u0259l\u0259r\u0259 liderliklik etm\u0259si qlobal enerji t\u0259hl\u00fck\u0259sizliyind\u0259 Az\u0259rbaycan\u0131n strateji rolunu s\u00fcbut edir.<!--more--><\/p>\n<p>X\u0259z\u0259r d\u0259nizind\u0259n Aral\u0131q d\u0259nizi sahill\u0259rin\u0259 q\u0259d\u0259r gedib \u00e7atan 3500 km-lik infrastruktur x\u0259tti, Avroasiyan\u0131n enerji x\u0259rit\u0259sini yenid\u0259n t\u0259rtib etm\u0259kl\u0259 yana\u015f\u0131 h\u0259m d\u0259 siyas\u0259t v\u0259 diplomatiya yoludur Bak\u0131 Enerji H\u0259ft\u0259si \u00e7\u0259r\u00e7iv\u0259sind\u0259 \u201cCaspian Power\u201d s\u0259rgisinin ke\u00e7irilm\u0259si bu strategiyan\u0131n bariz n\u00fcmun\u0259sidir.Prezident \u0130lham \u018fliyev \u00e7\u0131x\u0131\u015f\u0131nda Az\u0259rbaycan\u0131n enerji ixrac\u0131 co\u011frafiyas\u0131n\u0131n geni\u015fl\u0259ndirilm\u0259si istiqam\u0259tind\u0259 atd\u0131\u011f\u0131 add\u0131mlardan v\u0259 bu sah\u0259d\u0259 apar\u0131lan dan\u0131\u015f\u0131qlardan da b\u0259hs etdi. Bu, Az\u0259rbaycan\u0131n art\u0131q yaln\u0131z regional deyil, h\u0259m d\u0259, qlobal enerji t\u0259chizat\u0131 z\u0259ncirind\u0259 \u0259sas oyun\u00e7uya \u00e7evrildiyini s\u00fcbut edir.Burada diqq\u0259t\u00e7\u0259k\u0259n \u0259sas m\u0259qam, C\u0259nab Prezidentin balansl\u0131 \u0259m\u0259kda\u015fl\u0131q modelin\u0259 vur\u011fu etm\u0259sidir: istehsal\u00e7\u0131lar, tranzit \u00f6lk\u0259l\u0259r v\u0259 istehlak\u00e7\u0131lar aras\u0131nda maraqlar\u0131n harmoniyas\u0131 d\u00fczg\u00fcn qurulmu\u015f t\u0259r\u0259fda\u015fl\u0131\u011f\u0131n bariz g\u00f6st\u0259ricisidir. Bu model, t\u0259kc\u0259 iqtisadi m\u0259nf\u0259\u0259t deyil, h\u0259m d\u0259 uzunm\u00fcdd\u0259tli sabitlik v\u0259 etibarl\u0131 partnyorluq dem\u0259kdir.<\/p>\n<p>Az\u0259rbaycan\u0131n enerji sah\u0259sind\u0259 qazand\u0131\u011f\u0131 u\u011furlar\u0131n yaln\u0131z iqtisadi deyil, h\u0259m d\u0259 siyasi v\u0259 diplomatik u\u011furdur. H\u0259r bir sazi\u015f, s\u0259rmay\u0259, ixrac m\u00fcqavil\u0259si \u2013 Az\u0259rbaycan\u0131n suverenliyini, regional liderliyini v\u0259 qlobal etimad\u0131n\u0131 g\u00fccl\u0259ndir\u0259n add\u0131mlard\u0131r.Bu bax\u0131mdan, Az\u0259rbaycan\u0131n enerji siyas\u0259ti haz\u0131rda regional sabitlik yaradan, t\u0259r\u0259fda\u015fl\u0131\u011f\u0131 d\u0259rinl\u0259\u015fdir\u0259n v\u0259 b\u0259\u015f\u0259riyy\u0259tin enerji ke\u00e7idini rasional \u0259saslarla d\u0259st\u0259kl\u0259y\u0259n bir strateji model\u0259 \u00e7evrilib.Prezident \u0130lham \u018fliyevin \u00e7\u0131x\u0131\u015f\u0131 g\u00f6st\u0259rdi ki, Az\u0259rbaycan\u0131n enerji siyas\u0259ti yaln\u0131z iqtisadi strategiya deyil, d\u00f6vl\u0259t\u00e7ilik f\u0259ls\u0259f\u0259sidir. Bu f\u0259ls\u0259f\u0259 m\u00fcst\u0259qilliyin qorunmas\u0131, sosial rifah\u0131n t\u0259min edilm\u0259si, qlobal miqyasda s\u00f6z sahibi olmaq v\u0259 regional sabitliy\u0259 t\u00f6hf\u0259 verm\u0259k \u00fcz\u0259rind\u0259 qurulub.Az\u0259rbaycan bu g\u00fcn n\u0259inki enerji ixrac ed\u0259n bir \u00f6lk\u0259dir, o, enerji il\u0259 qlobal sabitliyin v\u0259 \u0259m\u0259kda\u015fl\u0131\u011f\u0131n memarlar\u0131ndan birin\u0259 \u00e7evrilmi\u015fdir. Enerji sah\u0259sind\u0259 ba\u015flanm\u0131\u015f yol M\u00f6ht\u0259r\u0259m Prezidentimizin uzaqg\u00f6r\u0259n siyas\u0259ti n\u0259tic\u0259sind\u0259 Az\u0259rbaycan\u0131 n\u0259inki iqtisadi, h\u0259m d\u0259 diplomatik bax\u0131mdan yeni zirv\u0259l\u0259r\u0259 aparmaqdad\u0131r.<\/p>\n<p>&nbsp;<\/p>\n<p style=\"text-align: right;\"><strong><em>Eldar \u018fs\u0259dov<\/em><\/strong><strong><em>,<\/em><\/strong><\/p>\n<p style=\"text-align: right;\"><strong><em>YAP T\u0259rt\u0259r rayon t\u0259\u015fkilan\u0131n s\u0259dri<\/em><\/strong><\/p>\n","protected":false},"excerpt":{"rendered":"<p>Enerji t\u0259hl\u00fck\u0259sizliyinin t\u0259min olunmas\u0131 sah\u0259sind\u0259 at\u0131lan add\u0131mlar,neft v\u0259 qaz sektoruna maraq,alternativ enerji resurslar\u0131 il\u0259 ba\u011fl\u0131 yeni layih\u0259l\u0259rin haz\u0131rlanmas\u0131 m\u0259s\u0259l\u0259l\u0259ri m\u00fcasir d\u00fcnyada diqq\u0259t m\u0259rk\u0259zind\u0259 qalmaqda davam edir.Bu bax\u0131mdan \u00f6lk\u0259mizd\u0259 son ill\u0259rd\u0259 ke\u00e7iril\u0259n beyn\u0259lxalq t\u0259dbirl\u0259r,s\u0259rgil\u0259r,layih\u0259l\u0259r \u00f6z aktuall\u0131\u011f\u0131n\u0131 qorumaqla yana\u015f\u0131 bu sah\u0259y\u0259 mara\u011f\u0131n art\u0131r\u0131lmas\u0131nda x\u00fcsusi \u0259h\u0259miyy\u0259t da\u015f\u0131y\u0131r. 2 iyun 2025 ci il tarixind\u0259 Bak\u0131 Ekspo M\u0259rk\u0259zind\u0259 \u00f6z i\u015fin\u0259 [&hellip;]<\/p>\n","protected":false},"author":2,"featured_media":0,"comment_status":"closed","ping_status":"closed","sticky":false,"template":"","format":"standard","meta":[],"categories":[10],"tags":[],"_links":{"self":[{"href":"https:\/\/yeniterter.az\/index.php?rest_route=\/wp\/v2\/posts\/29724"}],"collection":[{"href":"https:\/\/yeniterter.az\/index.php?rest_route=\/wp\/v2\/posts"}],"about":[{"href":"https:\/\/yeniterter.az\/index.php?rest_route=\/wp\/v2\/types\/post"}],"author":[{"embeddable":true,"href":"https:\/\/yeniterter.az\/index.php?rest_route=\/wp\/v2\/users\/2"}],"replies":[{"embeddable":true,"href":"https:\/\/yeniterter.az\/index.php?rest_route=%2Fwp%2Fv2%2Fcomments&post=29724"}],"version-history":[{"count":2,"href":"https:\/\/yeniterter.az\/index.php?rest_route=\/wp\/v2\/posts\/29724\/revisions"}],"predecessor-version":[{"id":29727,"href":"https:\/\/yeniterter.az\/index.php?rest_route=\/wp\/v2\/posts\/29724\/revisions\/29727"}],"wp:attachment":[{"href":"https:\/\/yeniterter.az\/index.php?rest_route=%2Fwp%2Fv2%2Fmedia&parent=29724"}],"wp:term":[{"taxonomy":"category","embeddable":true,"href":"https:\/\/yeniterter.az\/index.php?rest_route=%2Fwp%2Fv2%2Fcategories&post=29724"},{"taxonomy":"post_tag","embeddable":true,"href":"https:\/\/yeniterter.az\/index.php?rest_route=%2Fwp%2Fv2%2Ftags&post=29724"}],"curies":[{"name":"wp","href":"https:\/\/api.w.org\/{rel}","templated":true}]}}