{"id":29356,"date":"2025-04-08T08:39:54","date_gmt":"2025-04-08T05:39:54","guid":{"rendered":"https:\/\/yeniterter.az\/?p=29356"},"modified":"2025-04-08T08:39:54","modified_gmt":"2025-04-08T05:39:54","slug":"m%c9%99qs%c9%99d-%c9%99m%c9%99kdasligi-gucl%c9%99ndirm%c9%99k-v%c9%99-ozl%c9%99ri-oz-qonsulari-v%c9%99-t%c9%99r%c9%99fdaslari-ucun-enerji-t%c9%99hluk%c9%99sizliyini-t%c9%99min-etm%c9%99kdir","status":"publish","type":"post","link":"https:\/\/yeniterter.az\/?p=29356","title":{"rendered":"M\u0259qs\u0259d \u0259m\u0259kda\u015fl\u0131\u011f\u0131 g\u00fccl\u0259ndirm\u0259k v\u0259 \u00f6zl\u0259ri, \u00f6z qon\u015fular\u0131 v\u0259 t\u0259r\u0259fda\u015flar\u0131 \u00fc\u00e7\u00fcn enerji t\u0259hl\u00fck\u0259sizliyini t\u0259min etm\u0259kdir"},"content":{"rendered":"<p><img decoding=\"async\" loading=\"lazy\" class=\" wp-image-29357 alignright\" src=\"https:\/\/yeniterter.az\/wp-content\/uploads\/489380055_522905780873887_981893488554848688_n-300x152.jpg\" alt=\"\" width=\"359\" height=\"182\" srcset=\"https:\/\/yeniterter.az\/wp-content\/uploads\/489380055_522905780873887_981893488554848688_n-300x152.jpg 300w, https:\/\/yeniterter.az\/wp-content\/uploads\/489380055_522905780873887_981893488554848688_n-1024x519.jpg 1024w, https:\/\/yeniterter.az\/wp-content\/uploads\/489380055_522905780873887_981893488554848688_n-768x389.jpg 768w, https:\/\/yeniterter.az\/wp-content\/uploads\/489380055_522905780873887_981893488554848688_n.jpg 1065w\" sizes=\"(max-width: 359px) 100vw, 359px\" \/>Az\u0259rbaycan Prezidenti \u0130lham \u018fliyev C\u0259nub Qaz D\u0259hlizi M\u0259\u015fv\u0259r\u0259t \u015euras\u0131 \u00e7\u0259r\u00e7iv\u0259sind\u0259 nazirl\u0259rin 11-ci v\u0259 Ya\u015f\u0131l Enerji M\u0259\u015fv\u0259r\u0259t \u015euras\u0131 \u00e7\u0259r\u00e7iv\u0259sind\u0259 nazirl\u0259rin 3-c\u00fc iclas\u0131nda \u00e7\u0131x\u0131\u015f edib.<\/p>\n<p>D\u00f6vl\u0259t ba\u015f\u00e7\u0131s\u0131 bildirib ki, C\u0259nub Qaz D\u0259hlizi M\u0259\u015fv\u0259r\u0259t \u015euras\u0131 11-ci d\u0259f\u0259dir Bak\u0131da topla\u015f\u0131r.<\/p>\n<p>Az\u0259rbaycan t\u0259r\u0259find\u0259n ba\u015flanm\u0131\u015f v\u0259 Avropa Komissiyas\u0131 t\u0259r\u0259find\u0259n d\u0259st\u0259kl\u0259nmi\u015f bu vacib toplant\u0131 enerji t\u0259hl\u00fck\u0259sizliyi sah\u0259sind\u0259 yana\u015fmalar\u0131n formala\u015fd\u0131r\u0131lmas\u0131nda, h\u0259min m\u0259s\u0259l\u0259l\u0259rin h\u0259llind\u0259 v\u0259 birg\u0259 s\u0259yl\u0259rimizin \u0259laq\u0259l\u0259ndirilm\u0259sind\u0259 m\u00fch\u00fcm rol oynam\u0131\u015fd\u0131r.<\/p>\n<p>Birinci m\u0259qs\u0259d \u0259m\u0259kda\u015fl\u0131\u011f\u0131n g\u00fccl\u0259ndirilm\u0259sidir, \u00e7\u00fcnki \u0259m\u0259kda\u015fl\u0131q olmadan enerji t\u0259hl\u00fck\u0259sizliyi layih\u0259l\u0259rinin he\u00e7 biri m\u00fcmk\u00fcn olmazd\u0131.<\/p>\n<p>\u0130kinci m\u0259qs\u0259d \u00f6zl\u0259ri, \u00f6z qon\u015fular\u0131 v\u0259 t\u0259r\u0259fda\u015flar\u0131 \u00fc\u00e7\u00fcn enerji t\u0259hl\u00fck\u0259sizliyini t\u0259min etm\u0259kdir. Bu g\u00fcn he\u00e7 vaxt g\u00f6r\u00fcnm\u0259diyi kimi ayd\u0131nd\u0131r ki, enerji t\u0259hl\u00fck\u0259sizliyi \u00f6lk\u0259l\u0259rin milli t\u0259hl\u00fck\u0259sizliyinin ayr\u0131lmaz hiss\u0259sidir.<\/p>\n<p>Prezident \u0130lham \u018fliyev qeyd edib ki, uzun ill\u0259r \u0259rzind\u0259 Az\u0259rbaycan etibarl\u0131 t\u0259r\u0259fda\u015f olub v\u0259 bundan sonra da olacaq.<\/p>\n<p>Qaz t\u0259chizat\u0131m\u0131z\u0131n co\u011frafiyas\u0131 geni\u015fl\u0259nir. Bak\u0131da ke\u00e7irilmi\u015f son g\u00f6r\u00fc\u015fd\u0259n, y\u0259ni, 10-cu M\u0259\u015fv\u0259r\u0259t \u015euras\u0131ndan sonra \u0259lav\u0259 5 \u00f6lk\u0259 t\u0259bii qaz\u0131m\u0131z\u0131n al\u0131c\u0131s\u0131na \u00e7evrildi. Bu g\u00fcn Az\u0259rbaycan\u0131n t\u0259bii qaz\u0131 12 \u00f6lk\u0259y\u0259 \u00e7atd\u0131r\u0131l\u0131r. Onlardan 10-u Avropa \u00f6lk\u0259sidir v\u0259 8-i is\u0259 Avropa \u0130ttifaq\u0131n\u0131n \u00fczv\u00fcd\u00fcr. Avropada qaz t\u0259chizat\u0131m\u0131z\u0131n co\u011frafiyas\u0131 birm\u0259nal\u0131 olaraq geni\u015fl\u0259n\u0259c\u0259k, \u00e7\u00fcnki bu g\u00fcn b\u0259zi Avropa \u00f6lk\u0259l\u0259rinin qazpaylama \u015f\u0259b\u0259k\u0259sinin yarad\u0131lmas\u0131nda art\u0131q i\u015ftirak edirik. Onlar\u0131n b\u0259zil\u0259rind\u0259 yoxdur, dig\u0259rl\u0259ri is\u0259 geni\u015fl\u0259ndirilm\u0259lidir v\u0259 Az\u0259rbaycan investor kimi bunu etm\u0259yi planla\u015fd\u0131r\u0131r. Bel\u0259likl\u0259, qaz t\u0259chizat\u0131m\u0131z\u0131n co\u011frafiyas\u0131 birm\u0259nal\u0131 olaraq m\u00fcxt\u0259lif yollarla, o c\u00fcml\u0259d\u0259n interkonnektorlar vasit\u0259sil\u0259 geni\u015fl\u0259n\u0259c\u0259k.<!--more--><\/p>\n<p>Diqq\u0259t\u0259 \u00e7atd\u0131r\u0131l\u0131b ki, m\u00f6vcud qaz boru k\u0259m\u0259ri sisteminin geni\u015fl\u0259ndirilm\u0259sind\u0259 birg\u0259 s\u0259yl\u0259r haqq\u0131nda d\u00fc\u015f\u00fcnm\u0259liyik.<\/p>\n<p>C\u0259nub Qaz D\u0259hlizi ham\u0131m\u0131z \u00fc\u00e7\u00fcn b\u00f6y\u00fck u\u011fur hekay\u0259tidir. Bu g\u00fcn 3500 kilometrlik inteqrasiya edilmi\u015f boru k\u0259m\u0259ri sistemi bir \u00e7ox \u00f6lk\u0259l\u0259rin enerji t\u0259hl\u00fck\u0259sizliyi \u00fc\u00e7\u00fcn \u0259sas arteriyad\u0131r. \u0130ndi o, tam g\u00fcc\u00fc il\u0259 i\u015fl\u0259yir. \u0130st\u0259r C\u0259nubi Qafqaz Boru K\u0259m\u0259ri, ist\u0259rs\u0259 d\u0259 TANAP v\u0259 ya TAP &#8211; C\u0259nub Qaz D\u0259hlizinin \u00fc\u00e7 ayr\u0131lmaz hiss\u0259si tam dolu i\u015fl\u0259yir.<\/p>\n<p>Bir ne\u00e7\u0259 ild\u0259n sonra bir \u00e7ox dig\u0259r neft-qaz yataqlar\u0131n\u0131n da istismar\u0131na ba\u015flan\u0131lacaq. D\u00f6vl\u0259t ba\u015f\u00e7\u0131s\u0131 deyib:<\/p>\n<p>\u2013 N\u0259h\u0259ng hasilat v\u0259 n\u0259qletm\u0259 layih\u0259l\u0259rinin icras\u0131n\u0131 m\u00fcmk\u00fcn etmi\u015f korporativ maliyy\u0259l\u0259\u015fm\u0259, o c\u00fcml\u0259d\u0259n borca g\u00f6t\u00fcr\u00fclm\u00fc\u015f pul v\u0259saitl\u0259rinin kombinasiyas\u0131nda b\u00f6y\u00fck t\u0259cr\u00fcb\u0259y\u0259 malikik. A\u00c7G, \u201c\u015eahd\u0259niz\u201d v\u0259 \u201cAb\u015feron\u201d &#8211; b\u00fct\u00fcn bunlar bu g\u00fcn bir \u00e7ox \u00f6lk\u0259l\u0259rin enerji t\u0259hl\u00fck\u0259sizliyini t\u0259min ed\u0259n neft v\u0259 qaz yataqlar\u0131d\u0131r. Bir ne\u00e7\u0259 ild\u0259n sonra bir \u00e7ox dig\u0259r neft-qaz yataqlar\u0131n\u0131n da istismar\u0131na ba\u015flan\u0131lacaq. Bel\u0259likl\u0259, m\u00fcqavil\u0259l\u0259r art\u0131q imzalan\u0131b, i\u015f\u00e7i proqram t\u0259sdiql\u0259nib. Boru k\u0259m\u0259rl\u0259rinin \u00e7\u0259kilm\u0259si, Bak\u0131-Tbilisi-Ceyhan, Bak\u0131-Supsa neft boru k\u0259m\u0259rl\u0259ri v\u0259 h\u0259m\u00e7inin C\u0259nub Qaz D\u0259hlizi \u2013 b\u00fct\u00fcn bu i\u015fl\u0259r qeyd etdiyim kimi, b\u00fct\u00fcn i\u015ftirak\u00e7\u0131larla \u0259m\u0259kda\u015fl\u0131q say\u0259sind\u0259 g\u00f6r\u00fclm\u00fc\u015fd\u00fcr. Bel\u0259likl\u0259, faydal\u0131 qaz\u0131nt\u0131 layih\u0259l\u0259rinin maliyy\u0259l\u0259\u015fdirilm\u0259sinin dayand\u0131r\u0131lmas\u0131 siyas\u0259ti ba\u015flayanda, bu, investorlara, \u015firk\u0259tl\u0259r\u0259, \u00f6lk\u0259l\u0259r\u0259 m\u00fcsb\u0259t olmayan siqnal g\u00f6nd\u0259rir. Bir s\u00f6zl\u0259, d\u00fc\u015f\u00fcn\u00fcr\u0259m ki, h\u0259min m\u00fch\u00fcm m\u0259qam da, ola bilsin, m\u00fczakir\u0259 edil\u0259c\u0259k.<\/p>\n<p>H\u0259m\u00e7inin bildirilib ki, \u00fcmid edirik ki, Avropada \u00e7ox geni\u015f ya\u015f\u0131l g\u00fcnd\u0259liy\u0259 baxmayaraq, faydal\u0131 qaz\u0131nt\u0131 hasilat\u00e7\u0131lar\u0131 v\u0259 \u0259n\u0259n\u0259vi yanacaq enerji t\u0259hl\u00fck\u0259sizliyinin m\u00fch\u00fcm meyar\u0131 kimi yaddan \u00e7\u0131xmayacaq v\u0259 ayr\u0131-se\u00e7kiliy\u0259 m\u0259ruz qalmayacaq.<\/p>\n<p>\u018fmin olmal\u0131y\u0131q ki, bunun \u00fc\u00e7\u00fcn h\u0259l\u0259 bir ne\u00e7\u0259 il bazar olacaq.<\/p>\n<p>Bu il yeni yataqlarda, \u0259sas\u0259n \u201cAz\u0259ri-\u00c7\u0131raq-G\u00fcn\u0259\u015fli\u201d D\u0259rin Qaz Strukturunda yeni hasilat\u0131n ba\u015flamas\u0131n\u0131 g\u00f6zl\u0259yirik.<\/p>\n<p>Prezident deyib ki, Az\u0259rbaycan v\u0259 Avropa Komissiyas\u0131 energetika sah\u0259sind\u0259 strateji t\u0259r\u0259fda\u015fl\u0131qla ba\u011fl\u0131 memoranduma imza atd\u0131qdan sonra Avropaya qaz t\u0259chizat\u0131m\u0131z t\u0259xmin\u0259n 60 faiz artd\u0131.<\/p>\n<p>Yeni yataqlar\u0131 \u0259lav\u0259 etm\u0259k v\u0259 m\u00f6vcud qaz yataqlar\u0131nda hasilat\u0131 art\u0131rmaq planlar\u0131m\u0131z\u0131 n\u0259z\u0259r\u0259 alaraq, birm\u0259nal\u0131 olaraq istehlak\u00e7\u0131lar\u0131m\u0131za daha \u00e7ox qaz ver\u0259c\u0259yik. Bir s\u00f6zl\u0259, t\u0259s\u0259vv\u00fcr ed\u0259 bil\u0259rik ki, \u0259g\u0259r biz\u0259 daha \u00e7ox t\u0259bii qaza q\u0259na\u0259t etm\u0259k imkan\u0131 ver\u0259n ya\u015f\u0131l enerji g\u00fcnd\u0259liyini \u0259lav\u0259 ets\u0259k, Az\u0259rbaycan enerji t\u0259hl\u00fck\u0259sizliyi bax\u0131m\u0131ndan t\u0259r\u0259fda\u015flar\u0131 \u00fc\u00e7\u00fcn daha m\u00fch\u00fcm rol oynayacaq.<\/p>\n<p>Bu g\u00fcn G\u00fcn\u0259\u015f v\u0259 K\u00fcl\u0259k Enerji stansiyalar\u0131na aid s\u0259rmay\u0259darlar\u0131m\u0131zla art\u0131q imzalanm\u0131\u015f m\u00fcqavil\u0259l\u0259r biz\u0259 2030-cu il\u0259 q\u0259d\u0259r 6 giqavat g\u00fcn\u0259\u015f v\u0259 k\u00fcl\u0259k enerjisi t\u0259min ed\u0259c\u0259k.<\/p>\n<p>Ya\u015f\u0131l Enerji M\u0259\u015fv\u0259r\u0259t \u015euras\u0131n\u0131n iclas\u0131nda Az\u0259rbaycandan Avropaya ged\u0259n ya\u015f\u0131l kabel d\u0259 m\u00fczakir\u0259 olunacaq.<\/p>\n<p>Veril\u0259n m\u0259lumata g\u00f6r\u0259, h\u0259min layih\u0259nin texniki \u0259sasland\u0131rma i\u015fl\u0259ri son m\u0259rh\u0259l\u0259d\u0259dir. Bel\u0259likl\u0259, tam ba\u015fa \u00e7atandan sonra birm\u0259nal\u0131 olaraq maliyy\u0259l\u0259\u015fm\u0259 il\u0259 ba\u011fl\u0131 praktiki dan\u0131\u015f\u0131qlar ba\u015flayacaq. \u018flb\u0259tt\u0259, indid\u0259n s\u00f6yl\u0259y\u0259 bil\u0259rik, \u00fcmid edirik ki, ya\u015f\u0131l enerji layih\u0259l\u0259rinin maliyy\u0259l\u0259\u015fdirilm\u0259si il\u0259 ba\u011fl\u0131 m\u0259hdudiyy\u0259tl\u0259r qoyulmayacaq. Lakin d\u00fc\u015f\u00fcn\u00fcr\u0259m ki, Avropa t\u0259sisatlar\u0131nda h\u0259min layih\u0259l\u0259rin \u00fcmumi maraq do\u011furan layih\u0259 s\u0259viyy\u0259sin\u0259 q\u0259d\u0259r t\u0259kmill\u0259\u015fdirilm\u0259si vacibdir.<\/p>\n<p>***<\/p>\n<p>Toplant\u0131ya Az\u0259rbaycan v\u0259 Avropa \u0130ttifaq\u0131 daxil olmaqla 24 \u00f6lk\u0259, 7 beyn\u0259lxalq maliyy\u0259 institutu v\u0259 42 enerji \u015firk\u0259ti qat\u0131l\u0131b. T\u0259dbird\u0259 nazirl\u0259r, nazir m\u00fcavinl\u0259ri v\u0259 dig\u0259r y\u00fcks\u0259ks\u0259viyy\u0259li n\u00fcmay\u0259nd\u0259l\u0259r i\u015ftirak edibl\u0259r.<\/p>\n<p>Toplant\u0131 a\u00e7\u0131l\u0131\u015f sessiyas\u0131ndan sonra i\u015fini nazirl\u0259r sessiyas\u0131, \u201cC\u0259nub Qaz D\u0259hlizi sessiyas\u0131: C\u0259nub Qaz D\u0259hlizinin u\u011furlu istismar\u0131, inki\u015faf\u0131nda t\u0259r\u0259qqi v\u0259 n\u00f6vb\u0259ti add\u0131mlar\u201d v\u0259 \u201cYa\u015f\u0131l enerji layih\u0259l\u0259ri v\u0259 ya\u015f\u0131l enerji d\u0259hlizl\u0259ri\u201d \u00fczr\u0259 plenar sessiyalarla davam etdirib.<\/p>\n<p>H\u0259m\u00e7inin M\u0259\u015fv\u0259r\u0259t \u015euras\u0131 \u00e7\u0259r\u00e7iv\u0259sind\u0259 Az\u0259rbaycan, T\u00fcrkiy\u0259, G\u00fcrc\u00fcstan v\u0259 Bolqar\u0131stan aras\u0131nda ya\u015f\u0131l enerjinin \u00f6t\u00fcr\u00fclm\u0259si v\u0259 ticar\u0259ti \u00fczr\u0259 II Nazirl\u0259r G\u00f6r\u00fc\u015f\u00fc, X\u0259z\u0259r-Qara D\u0259niz-Avropa Ya\u015f\u0131l Enerji D\u0259hlizi \u00fczr\u0259 qeyri-r\u0259smi R\u0259hb\u0259r Komit\u0259\/Nazirl\u0259r G\u00f6r\u00fc\u015f\u00fc v\u0259 Az\u0259rbaycan il\u0259 Avropa \u0130ttifaq\u0131 aras\u0131nda d\u0259nizd\u0259 k\u00fcl\u0259k enerjisinin inki\u015faf\u0131 \u00fczr\u0259 d\u0259yirmi masa ke\u00e7irilib. T\u0259dbir \u00e7\u0259r\u00e7iv\u0259sind\u0259 enerji sah\u0259sind\u0259 \u0259m\u0259kda\u015fl\u0131q \u00fczr\u0259 s\u0259n\u0259dl\u0259r imzalan\u0131b.<\/p>\n<p>Xat\u0131rladaq ki, C\u0259nub Qaz D\u0259hlizi M\u0259\u015fv\u0259r\u0259t \u015euras\u0131 \u00e7\u0259r\u00e7iv\u0259sind\u0259 nazirl\u0259r toplant\u0131s\u0131 2015-ci ilin fevral ay\u0131ndan etibar\u0259n ke\u00e7irilir.<\/p>\n<p>&nbsp;<\/p>\n","protected":false},"excerpt":{"rendered":"<p>Az\u0259rbaycan Prezidenti \u0130lham \u018fliyev C\u0259nub Qaz D\u0259hlizi M\u0259\u015fv\u0259r\u0259t \u015euras\u0131 \u00e7\u0259r\u00e7iv\u0259sind\u0259 nazirl\u0259rin 11-ci v\u0259 Ya\u015f\u0131l Enerji M\u0259\u015fv\u0259r\u0259t \u015euras\u0131 \u00e7\u0259r\u00e7iv\u0259sind\u0259 nazirl\u0259rin 3-c\u00fc iclas\u0131nda \u00e7\u0131x\u0131\u015f edib. D\u00f6vl\u0259t ba\u015f\u00e7\u0131s\u0131 bildirib ki, C\u0259nub Qaz D\u0259hlizi M\u0259\u015fv\u0259r\u0259t \u015euras\u0131 11-ci d\u0259f\u0259dir Bak\u0131da topla\u015f\u0131r. Az\u0259rbaycan t\u0259r\u0259find\u0259n ba\u015flanm\u0131\u015f v\u0259 Avropa Komissiyas\u0131 t\u0259r\u0259find\u0259n d\u0259st\u0259kl\u0259nmi\u015f bu vacib toplant\u0131 enerji t\u0259hl\u00fck\u0259sizliyi sah\u0259sind\u0259 yana\u015fmalar\u0131n formala\u015fd\u0131r\u0131lmas\u0131nda, h\u0259min m\u0259s\u0259l\u0259l\u0259rin h\u0259llind\u0259 [&hellip;]<\/p>\n","protected":false},"author":2,"featured_media":0,"comment_status":"closed","ping_status":"closed","sticky":false,"template":"","format":"standard","meta":[],"categories":[10],"tags":[],"_links":{"self":[{"href":"https:\/\/yeniterter.az\/index.php?rest_route=\/wp\/v2\/posts\/29356"}],"collection":[{"href":"https:\/\/yeniterter.az\/index.php?rest_route=\/wp\/v2\/posts"}],"about":[{"href":"https:\/\/yeniterter.az\/index.php?rest_route=\/wp\/v2\/types\/post"}],"author":[{"embeddable":true,"href":"https:\/\/yeniterter.az\/index.php?rest_route=\/wp\/v2\/users\/2"}],"replies":[{"embeddable":true,"href":"https:\/\/yeniterter.az\/index.php?rest_route=%2Fwp%2Fv2%2Fcomments&post=29356"}],"version-history":[{"count":1,"href":"https:\/\/yeniterter.az\/index.php?rest_route=\/wp\/v2\/posts\/29356\/revisions"}],"predecessor-version":[{"id":29358,"href":"https:\/\/yeniterter.az\/index.php?rest_route=\/wp\/v2\/posts\/29356\/revisions\/29358"}],"wp:attachment":[{"href":"https:\/\/yeniterter.az\/index.php?rest_route=%2Fwp%2Fv2%2Fmedia&parent=29356"}],"wp:term":[{"taxonomy":"category","embeddable":true,"href":"https:\/\/yeniterter.az\/index.php?rest_route=%2Fwp%2Fv2%2Fcategories&post=29356"},{"taxonomy":"post_tag","embeddable":true,"href":"https:\/\/yeniterter.az\/index.php?rest_route=%2Fwp%2Fv2%2Ftags&post=29356"}],"curies":[{"name":"wp","href":"https:\/\/api.w.org\/{rel}","templated":true}]}}