{"id":29297,"date":"2025-03-14T16:14:01","date_gmt":"2025-03-14T13:14:01","guid":{"rendered":"https:\/\/yeniterter.az\/?p=29297"},"modified":"2025-03-14T16:14:01","modified_gmt":"2025-03-14T13:14:01","slug":"az%c9%99rbaycan-regionumuzun-muasir-inkisafi-ucun-h%c9%99r-zaman-guclu-t%c9%99r%c9%99fdasliq-munasib%c9%99tl%c9%99ri-quracaq","status":"publish","type":"post","link":"https:\/\/yeniterter.az\/?p=29297","title":{"rendered":"Az\u0259rbaycan regionumuzun m\u00fcasir inki\u015faf\u0131 \u00fc\u00e7\u00fcn h\u0259r zaman g\u00fccl\u00fc t\u0259r\u0259fda\u015fl\u0131q m\u00fcnasib\u0259tl\u0259ri quracaq"},"content":{"rendered":"<p><img decoding=\"async\" loading=\"lazy\" class=\" wp-image-29298 alignleft\" src=\"https:\/\/yeniterter.az\/wp-content\/uploads\/483525515_504020196095779_4735639567366856423_n-300x151.jpg\" alt=\"\" width=\"256\" height=\"129\" srcset=\"https:\/\/yeniterter.az\/wp-content\/uploads\/483525515_504020196095779_4735639567366856423_n-300x151.jpg 300w, https:\/\/yeniterter.az\/wp-content\/uploads\/483525515_504020196095779_4735639567366856423_n.jpg 589w\" sizes=\"(max-width: 256px) 100vw, 256px\" \/><img decoding=\"async\" loading=\"lazy\" class=\" wp-image-29299 alignleft\" src=\"https:\/\/yeniterter.az\/wp-content\/uploads\/484489895_504020199429112_1943148979455892902_n-300x179.jpg\" alt=\"\" width=\"221\" height=\"132\" srcset=\"https:\/\/yeniterter.az\/wp-content\/uploads\/484489895_504020199429112_1943148979455892902_n-300x179.jpg 300w, https:\/\/yeniterter.az\/wp-content\/uploads\/484489895_504020199429112_1943148979455892902_n.jpg 587w\" sizes=\"(max-width: 221px) 100vw, 221px\" \/>Prezident \u0130lham \u018fliyev \u201cD\u00fcnya d\u00fcz\u0259ninin yenid\u0259n d\u00fc\u015f\u00fcn\u00fclm\u0259si: \u00c7a\u011f\u0131r\u0131\u015flar\u0131n f\u00fcrs\u0259t\u0259 \u00e7evrilm\u0259si\u201d m\u00f6vzusunda 13 mart 2025-ci ild\u0259 ke\u00e7iril\u0259n XII Qlobal Bak\u0131 Forumunda \u00e7\u0131x\u0131\u015f edib.<\/p>\n<p>D\u00f6vl\u0259t ba\u015f\u00e7\u0131s\u0131 bildirib ki, Qlobal Bak\u0131 Forumu qlobal g\u00fcnd\u0259likd\u0259ki m\u00fch\u00fcm m\u0259s\u0259l\u0259l\u0259rin h\u0259llind\u0259 apar\u0131c\u0131 beyn\u0259lxalq platformalardan birin\u0259 \u00e7evrilib.<\/p>\n<p>Beyn\u0259lxalq M\u0259rk\u0259zin \u00fczvl\u0259rinin Az\u0259rbaycanda \u00f6t\u0259n ilin noyabr\u0131nda ke\u00e7irilmi\u015f COP29 t\u0259dbirind\u0259 f\u0259al i\u015ftirak\u0131n\u0131 g\u00f6rm\u0259kd\u0259n \u00e7ox m\u0259mnun olduq. M\u0259rk\u0259zin b\u0259zi \u00fczvl\u0259ri M\u0259\u015fv\u0259r\u0259t Komit\u0259sind\u0259 i\u015ftirak edirdil\u0259r. M\u0259rk\u0259z 16 panel m\u00fczakir\u0259si ke\u00e7irdi. \u018fslind\u0259, onlara ev sahibliyi etdi, onlar\u0131 t\u0259\u015fkil etdi v\u0259 \u00f6z pavilyonu il\u0259 daha \u00e7ox panel m\u00fczakir\u0259l\u0259rd\u0259 i\u015ftirak etdi. Bir s\u00f6zl\u0259, h\u0259qiq\u0259t\u0259n, bu, COP29-un u\u011furuna b\u00f6y\u00fck t\u00f6hf\u0259 idi. Bu, \u00f6t\u0259n il Az\u0259rbaycanda \u0259sas beyn\u0259lxalq t\u0259dbir idi.<\/p>\n<p>H\u0259qiq\u0259t\u0259n \u00e7ox f\u0259r\u0259hl\u0259nirik ki, t\u0259xmin\u0259n 200 \u00f6lk\u0259nin yekdil q\u0259rar\u0131 il\u0259 se\u00e7ildik.<\/p>\n<p>Bu, olan h\u00f6rm\u0259tin, etimad\u0131n t\u0259zah\u00fcr\u00fc, el\u0259c\u0259 d\u0259 ya\u015f\u0131l ke\u00e7id \u00fczr\u0259 f\u0259aliyy\u0259timiz\u0259 veril\u0259n qiym\u0259t idi. Baxmayaraq ki, faydal\u0131 qaz\u0131nt\u0131larla z\u0259nginik, g\u00fcnd\u0259liyimizd\u0259 b\u0259rpaolunan enerjiy\u0259 diqq\u0259t yetirilir. Bu g\u00fcn art\u0131q q\u0259rara al\u0131n\u0131b ki, g\u0259l\u0259n ill\u0259rd\u0259 Az\u0259rbaycan\u0131n b\u0259rpaolunan enerji imkanlar\u0131 faydal\u0131 qaz\u0131nt\u0131dan olan enerji istehsal\u0131na dem\u0259k olar ki, b\u0259rab\u0259r olacaq.<!--more--><\/p>\n<p>Bel\u0259likl\u0259, Az\u0259rbaycanda COP29-u t\u0259\u015fkil etm\u0259k q\u0259rar\u0131 Az\u0259rbaycan\u0131n \u00f6z enerji s\u0259rv\u0259tl\u0259rin\u0259 \u00e7ox m\u0259suliyy\u0259tli yana\u015fmas\u0131ndan ir\u0259li g\u0259lir;<\/p>\n<p>Prezident \u0130lham \u018fliyev deyib: \u00d6lk\u0259miz enerji t\u0259chizat\u0131 bax\u0131m\u0131ndan q\u0131tl\u0131qla \u00fczl\u0259\u015fmir.<\/p>\n<p>\u2013 Bu g\u00fcn Az\u0259rbaycan ondan art\u0131q \u00f6lk\u0259nin enerji t\u0259hl\u00fck\u0259sizliyin\u0259 t\u00f6hf\u0259 verir. Onlar\u0131n 12-si Az\u0259rbaycandan t\u0259bii qaz al\u0131r. Bu 12 \u00f6lk\u0259d\u0259n 10-u Avropa \u00f6lk\u0259sidir. T\u0259sad\u00fcfi deyil ki, Avropa Komissiyas\u0131 Az\u0259rbaycan\u0131 etibarl\u0131 t\u0259r\u0259fda\u015f v\u0259 Pan-Avropa enerji t\u0259chizat\u00e7\u0131s\u0131 kimi tan\u0131y\u0131r. Bir s\u00f6zl\u0259, bu g\u00fcn Az\u0259rbaycandan n\u0259ql olunan neft v\u0259 qaz bir \u00e7ox \u00f6lk\u0259l\u0259rin enerji t\u0259hl\u00fck\u0259sizliyind\u0259 v\u0259 \u0259slind\u0259, onun m\u00f6hk\u0259ml\u0259ndirilm\u0259sind\u0259 h\u0259qiq\u0259t\u0259n b\u00f6y\u00fck d\u0259yi\u015fiklik yarad\u0131r. Buna ya\u015f\u0131l enerji m\u0259nb\u0259l\u0259rimizi, o c\u00fcml\u0259d\u0259n Az\u0259rbaycandan Avropaya ged\u0259n, qism\u0259n Qara d\u0259nizin dibi il\u0259 \u00e7\u0259kil\u0259n yeni enerji kabelini \u0259lav\u0259 ets\u0259k, bu, m\u0259suliyy\u0259timizin dig\u0259r t\u0259zah\u00fcr\u00fc v\u0259 bir \u00e7ox \u00f6lk\u0259l\u0259rl\u0259 s\u0131x t\u0259r\u0259fda\u015fl\u0131q m\u00fcnasib\u0259tl\u0259rimizin n\u00fcmayi\u015fidir. T\u0259kc\u0259 enerji s\u0259rv\u0259tl\u0259rinin olmas\u0131 kifay\u0259t deyil. Siz g\u0259r\u0259k qon\u015fular\u0131n\u0131zla, onlar\u0131n qon\u015fular\u0131 il\u0259 yax\u015f\u0131 m\u00fcnasib\u0259td\u0259 olas\u0131n\u0131z ki, enerji, t\u0259hl\u00fck\u0259sizlik v\u0259 ba\u011flant\u0131 layih\u0259l\u0259rini icra ed\u0259 bil\u0259siniz.<\/p>\n<p>Bildirilib ki, COVID vaxtlar\u0131nda 80-d\u0259n art\u0131q \u00f6lk\u0259y\u0259 humanitar v\u0259 maliyy\u0259 yard\u0131m\u0131 etdik.<\/p>\n<p>Eyni zamanda, Avropa t\u0259r\u0259fda\u015flar\u0131 il\u0259 f\u0259al \u0259laq\u0259d\u0259 olaraq Qlobal C\u0259nub il\u0259 Qlobal \u015eimal aras\u0131nda k\u00f6rp\u00fc salan t\u0259r\u0259f kimi \u00f6z rolumuzu g\u00f6rd\u00fck. D\u00fc\u015f\u00fcn\u00fcr\u0259m ki, u\u011fur qazand\u0131q, \u00e7\u00fcnki COP29 zaman\u0131 bir s\u0131ra m\u00fch\u00fcm m\u0259s\u0259l\u0259l\u0259r \u00fcz\u0259rind\u0259 raz\u0131l\u0131\u011fa g\u0259lm\u0259k asan deyildi;<\/p>\n<p>\u018fsas m\u0259rh\u0259l\u0259l\u0259rd\u0259n, nailiyy\u0259tl\u0259rd\u0259n biri 10 ild\u0259n art\u0131q ke\u00e7ilm\u0259z n\u00f6qt\u0259 olan Paris Sazi\u015finin 6-c\u0131 madd\u0259si \u00fcz\u0259rind\u0259 konsensus idi. On ild\u0259n art\u0131q idi ki, t\u0259r\u0259fl\u0259r raz\u0131l\u0131\u011fa g\u0259l\u0259 bilmirdi. Lakin burada konsensus \u0259ld\u0259 ed\u0259 bildik v\u0259 karbon bazar\u0131n\u0131 i\u015fl\u0259k etdik. Bir s\u00f6zl\u0259, bu, prosesin g\u0259l\u0259c\u0259kd\u0259 inki\u015faf\u0131 \u00fc\u00e7\u00fcn \u00e7ox \u0259h\u0259miyy\u0259tlidir. Dig\u0259r m\u00fch\u00fcm nailiyy\u0259t ondan ibar\u0259t idi ki, Bak\u0131da COP29-da b\u0259rpaolunan enerji layih\u0259l\u0259ri \u00fc\u00e7\u00fcn maliyy\u0259l\u0259\u015fm\u0259nin \u0259vv\u0259lki 100 milyarddan 300 milyard dollara q\u0259d\u0259r art\u0131r\u0131lmas\u0131na nail olduq. B\u0259li, bilirik ki, b\u0259zi \u00f6lk\u0259l\u0259r bundan tam raz\u0131 qalmad\u0131. Onlar daha b\u00f6y\u00fck art\u0131m ist\u0259yirdil\u0259r. Lakin, d\u00fc\u015f\u00fcn\u00fcr\u0259m ki, maliyy\u0259l\u0259\u015fm\u0259nin \u00fc\u00e7 d\u0259f\u0259 art\u0131r\u0131lmas\u0131 laz\u0131m\u0131nca qiym\u0259tl\u0259ndirilm\u0259lidir. Buna g\u00f6r\u0259, Bak\u0131dak\u0131 COP29 \u201cBak\u0131 s\u0131\u00e7ray\u0131\u015f\u0131\u201d adland\u0131r\u0131ld\u0131 v\u0259 bu, m\u00fch\u00fcm irsdir.<\/p>\n<p>Qeyd olunub ki, Az\u0259rbaycana qar\u015f\u0131 geni\u015f kampaniya apar\u0131l\u0131rd\u0131.<\/p>\n<p>Dem\u0259liy\u0259m, \u0259fsuslar olsun ki, bu qlobal beyn\u0259lxalq t\u0259dbir b\u0259zi Q\u0259rb medialar\u0131nda kampaniya il\u0259 m\u00fc\u015fayi\u0259t olundu. Prezident Tramp onlar\u0131 yalan, saxta x\u0259b\u0259r adland\u0131r\u0131r v\u0259 onunla tam raz\u0131yam. Bu, Az\u0259rbaycan\u0131 g\u00f6zd\u0259n salmaq, qaralamaq, \u015fayi\u0259l\u0259r v\u0259 m\u00fcxt\u0259lif dezinformasiya yaymaq kampaniyas\u0131 idi. Bizi ittiham edirdil\u0259r ki, neft v\u0259 qaz hasil ed\u0259n \u00f6lk\u0259yik. Lakin \u0259vv\u0259l bir s\u0131ra \u00f6lk\u0259l\u0259r, o c\u00fcml\u0259d\u0259n Avropada nefti v\u0259 qaz\u0131 olan \u00f6lk\u0259l\u0259r var idi. Lakin d\u0131rnaqaras\u0131 media t\u0259r\u0259find\u0259n buna m\u0259h\u0259l qoyulmamas\u0131 normal bir hal kimi q\u0259bul olunmu\u015fdur. Az\u0259rbaycan\u0131n neft hasilat\u0131, m\u0259s\u0259l\u0259n, Kanadan\u0131n hasilat\u0131ndan on d\u0259f\u0259 azd\u0131r. Qlobal qaz emissiyalar\u0131nda pay\u0131m\u0131z c\u0259mi 0,1 faizdir. Biz is\u0259 qlobal qaz emissiyalar\u0131na \u0259n b\u00f6y\u00fck t\u00f6hf\u0259 ver\u0259nl\u0259ri bilirik. Amma bununla bel\u0259, d\u00f6vri \u0259saslarla b\u0259z\u0259n g\u00fcn \u0259rzind\u0259 ondan art\u0131q m\u0259qal\u0259 Az\u0259rbaycan\u0131n bir neft d\u00f6vl\u0259ti kimi t\u0259svir edilm\u0259sin\u0259 y\u00f6n\u0259lirdi. Y\u0259ni deyirdil\u0259r, bir \u00f6lk\u0259 kimi qlobal, beyn\u0259lxalq t\u0259dbirin ke\u00e7irilm\u0259sin\u0259 layiq deyilik. B\u00fct\u00fcn bunlar bir ne\u00e7\u0259 m\u0259rk\u0259zd\u0259n, \u0259slind\u0259, ikisind\u0259n qaynaqlan\u0131rd\u0131. Onlardan biri &#8211; AB\u015e-\u0131n D\u00f6vl\u0259t Departamenti idi. \u201cVa\u015finqton Post\u201d, \u201cNyu-York Tayms\u201d, \u201cPolitico\u201d, \u201cNewsveek\u201d v\u0259 \u201cAsso\u015fieyted Press\u201d kimi yalan x\u0259b\u0259r m\u0259nb\u0259l\u0259ri, sad\u0259c\u0259, AB\u015e D\u00f6vl\u0259t Departamentinin t\u0259limatlar\u0131n\u0131 icra edirdil\u0259r.<\/p>\n<p>\u0130kinci m\u0259nb\u0259 is\u0259 Fransa prezidentinin ofisi, c\u0259nab Makron, onlar\u0131n \u201cLe Monde\u201d, \u201cFiqaro\u201d v\u0259 dig\u0259r bu kimi saxta x\u0259b\u0259r m\u0259tbuat\u0131 idi. Bir s\u00f6zl\u0259, bu, COP29-un boykot edilm\u0259sin\u0259 y\u00f6n\u0259lmi\u015f qarayaxma v\u0259 b\u00f6htan\u0131n \u0259laq\u0259l\u0259ndirilmi\u015f kampaniyas\u0131 idi. Bunun da m\u00fcxt\u0259lif s\u0259b\u0259bl\u0259ri ola bil\u0259r. Lakin onlardan biri ondan ibar\u0259tdir ki, onlar \u00f6z irad\u0259sini yerid\u0259 bilm\u0259dil\u0259r.<\/p>\n<p>D\u00f6vl\u0259t ba\u015f\u00e7\u0131s\u0131 deyib ki, Erm\u0259nistan\u0131n i\u015f\u011fal\u0131 v\u0259 t\u0259cav\u00fcz\u00fc n\u0259tic\u0259sind\u0259 Az\u0259rbaycan xalq\u0131n\u0131n \u00e7\u0259kdiyi \u0259zab-\u0259ziyy\u0259tl\u0259ri yaddan \u00e7\u0131xara bilm\u0259rik v\u0259 \u00e7\u0131xarmayaca\u011f\u0131q.<\/p>\n<p>M\u00fcbariz\u0259miz \u0259dal\u0259t, beyn\u0259lxalq h\u00fcquq v\u0259 l\u0259yaq\u0259timiz \u00fc\u00e7\u00fcn m\u00fcbariz\u0259 idi.<\/p>\n<p>Qeyd olunub ki, b\u0259zi Avropa b\u00fcrokratlar\u0131 Erm\u0259nistan\u0131 s\u00fclh g\u00f6y\u0259r\u00e7ini kimi t\u0259qdim etm\u0259y\u0259 \u00e7al\u0131\u015f\u0131rlar.<\/p>\n<p>Lakin onlar h\u0259min h\u00f6kum\u0259tin ke\u00e7mi\u015fd\u0259 n\u0259yi etdiyini yaddan \u00e7\u0131xar\u0131rlar. Onlar yaddan \u00e7\u0131xar\u0131rlar ki, \u0130kinci Qaraba\u011f m\u00fcharib\u0259sind\u0259 erm\u0259nil\u0259r \u015f\u0259h\u0259rl\u0259rimizi, k\u0259ndl\u0259rimizi at\u0259\u015f\u0259 tuturdu. Y\u00fczd\u0259n art\u0131q v\u0259t\u0259nda\u015f\u0131m\u0131z\u0131 h\u0259min raketl\u0259r\u0259, ixrac\u0131 qada\u011fan olunmu\u015f \u201c\u0130sg\u0259nd\u0259r M\u201d raketin\u0259 g\u00f6r\u0259 itirdik. H\u0259l\u0259 d\u0259 suala cavab almam\u0131\u015f\u0131q: Erm\u0259nistan ordusu \u201c\u0130sg\u0259nd\u0259r M\u201d raketini nec\u0259 \u0259ld\u0259 edib? \u00c7\u00fcnki Rusiyada bu raketin ixrac\u0131 yasaqd\u0131r. \u0130nanmayanlar is\u0259, &#8211; buradan c\u0259mi 5-10 d\u0259qiq\u0259lik yoldur, &#8211; getsinl\u0259r H\u0259rbi Q\u0259nim\u0259tl\u0259r Park\u0131na v\u0259 \u015eu\u015fada tapd\u0131\u011f\u0131m\u0131z \u201c\u0130sg\u0259nd\u0259r M\u201d raketini g\u00f6rs\u00fcnl\u0259r. Onu art\u0131q 2021-ci ilin yaz\u0131nda tapd\u0131q, \u00e7\u00fcnki o, qar\u0131n alt\u0131nda qalm\u0131\u015fd\u0131. \u015eu\u015fan\u0131 azad etdiyimiz zaman o, \u015f\u0259h\u0259r\u0259 at\u0131lm\u0131\u015fd\u0131.<\/p>\n<p>Bu, Erm\u0259nistan\u0131n ba\u015f nazirinin \u0259mri il\u0259 edilmi\u015fdi. G\u0259nc\u0259, T\u0259rt\u0259r, B\u0259rd\u0259, Ming\u0259\u00e7evir, A\u011fcab\u0259di v\u0259 bir \u00e7ox dig\u0259r \u015f\u0259h\u0259rl\u0259r d\u00f6vri olaraq Erm\u0259nistan\u0131n at\u0259\u015fin\u0259 tutulurdu. Biz is\u0259 bunu etm\u0259dik. Erm\u0259nistan ordusuna, i\u015f\u011fal\u00e7\u0131 Erm\u0259nistan\u0131n ordusuna qar\u015f\u0131 m\u00fcbariz\u0259 apar\u0131rd\u0131q. Onlar is\u0259 m\u00fclki \u015f\u0259xsl\u0259rl\u0259 m\u00fcbariz\u0259 apar\u0131rd\u0131. F\u0259rq bundad\u0131r. Bu, Birinci Qaraba\u011f m\u00fcharib\u0259sind\u0259 d\u0259 eyni idi. Onlar bir n\u00f6v bufer zonas\u0131 yaratm\u0131\u015fd\u0131lar. Bel\u0259 adland\u0131r\u0131rd\u0131lar. \u018fslind\u0259 is\u0259 bu, i\u015f\u011fal olunmu\u015f \u0259razil\u0259r idi. Onlar y\u00fcz minl\u0259rl\u0259 az\u0259rbaycanl\u0131n\u0131 qovdular v\u0259 etnik t\u0259mizl\u0259m\u0259 apard\u0131lar. Bunu he\u00e7 vaxt yaddan \u00e7\u0131xarmayaca\u011f\u0131q. Siz\u0259 bir m\u0259s\u0259l\u0259ni d\u0259 dey\u0259 bil\u0259r\u0259m ki, Erm\u0259nistana etimad s\u0259viyy\u0259si s\u0131fra b\u0259rab\u0259rdir. Bel\u0259likl\u0259, onlar\u0131n h\u0259r hans\u0131 bir s\u00f6z\u00fcn\u0259 inanm\u0131r\u0131q.<\/p>\n<p>Prezident \u0130lham \u018fliyev deyib ki, Erm\u0259nistan Konstitusiyas\u0131nda Az\u0259rbaycana qar\u015f\u0131 \u0259razi iddialar\u0131 olmamal\u0131d\u0131r.<\/p>\n<p>\u00c7\u00fcnki onlar el\u0259 insan deyill\u0259r ki, inana bil\u0259k, o c\u00fcml\u0259d\u0259n onlar\u0131n indiki h\u00f6kum\u0259ti. Bir daha b\u00fct\u00fcn bunlar g\u00f6st\u0259rir ki, onlar\u0131n dediyi bizim \u00fc\u00e7\u00fcn s\u0131f\u0131r m\u0259na k\u0259sb edir. Biz\u0259 s\u0259n\u0259dl\u0259r, yaz\u0131l\u0131 ka\u011f\u0131zlar laz\u0131md\u0131r. Biz\u0259 laz\u0131md\u0131r ki, onlar\u0131n Konstitusiyas\u0131nda Az\u0259rbaycana qar\u015f\u0131 \u0259razi iddialar\u0131 olmas\u0131n. Orada Az\u0259rbaycana qar\u015f\u0131 \u0259razi iddialar\u0131 h\u0259l\u0259 d\u0259 qal\u0131r. Biz\u0259 laz\u0131md\u0131r ki, AT\u018fT-in Minsk Qrupu burax\u0131ls\u0131n.<\/p>\n<p>Kim onlar\u0131 yenid\u0259n m\u00fcharib\u0259y\u0259 s\u00fcr\u00fckl\u0259yir? Fransa v\u0259 onun Prezidenti. Onlar\u0131n Erm\u0259nistan\u0131 t\u0259chiz etdiyi m\u0259hvedici silahlar biz\u0259 qar\u015f\u0131 y\u00f6n\u0259lir. Bu g\u00fcn ba\u015fqa yerd\u0259 laz\u0131m ola bil\u0259c\u0259k \u201cSezar\u201d haubitsalar\u0131 Erm\u0259nistana g\u00f6nd\u0259rilir. \u018fslind\u0259, Avropa \u0130ttifaq\u0131n\u0131n k\u0259\u015ffiyyat missiyas\u0131 olan d\u0131rnaqaras\u0131 Avropa monitorinq missiyas\u0131 gec\u0259-g\u00fcnd\u00fcz casus kimi s\u0259rh\u0259dl\u0259rimizd\u0259 dayan\u0131r v\u0259 bax\u0131rlar ki, b\u0259lk\u0259 haradan, bir yerd\u0259n gir\u0259 bilsinl\u0259r. H\u0259min d\u0131rnaqaras\u0131 monitorinq missiyas\u0131 bar\u0259d\u0259 kifay\u0259t q\u0259d\u0259r k\u0259\u015ffiyyat m\u0259lumat\u0131m\u0131z var. Avropan\u0131n S\u00fclh Fondu milyonlarla dollar\u0131 Erm\u0259nistan\u0131 silahland\u0131rmaq \u00fc\u00e7\u00fcn ona verir.<\/p>\n<p>Diqq\u0259t\u0259 \u00e7atd\u0131r\u0131l\u0131b ki, Antoni Blinkenin Az\u0259rbaycana aid siyas\u0259ti, \u0259slind\u0259, 30 il qurdu\u011fumuz AB\u015e-Az\u0259rbaycan m\u00fcnasib\u0259tl\u0259rini he\u00e7\u0259 endirdi.<\/p>\n<p>Lakin \u00fcmid edirik ki, yeni Administrasiya il\u0259 C\u0259nubi Qafqaz, s\u00fclh, t\u0259hl\u00fck\u0259sizlik, antiterror \u0259m\u0259liyyatlar\u0131, regionumuzun m\u00fcasir inki\u015faf\u0131 \u00fc\u00e7\u00fcn h\u0259r zaman vacib olmu\u015f g\u00fccl\u00fc t\u0259r\u0259fda\u015fl\u0131\u011f\u0131m\u0131z\u0131 yenid\u0259n quraca\u011f\u0131q.<\/p>\n<p>&nbsp;<\/p>\n","protected":false},"excerpt":{"rendered":"<p>Prezident \u0130lham \u018fliyev \u201cD\u00fcnya d\u00fcz\u0259ninin yenid\u0259n d\u00fc\u015f\u00fcn\u00fclm\u0259si: \u00c7a\u011f\u0131r\u0131\u015flar\u0131n f\u00fcrs\u0259t\u0259 \u00e7evrilm\u0259si\u201d m\u00f6vzusunda 13 mart 2025-ci ild\u0259 ke\u00e7iril\u0259n XII Qlobal Bak\u0131 Forumunda \u00e7\u0131x\u0131\u015f edib. D\u00f6vl\u0259t ba\u015f\u00e7\u0131s\u0131 bildirib ki, Qlobal Bak\u0131 Forumu qlobal g\u00fcnd\u0259likd\u0259ki m\u00fch\u00fcm m\u0259s\u0259l\u0259l\u0259rin h\u0259llind\u0259 apar\u0131c\u0131 beyn\u0259lxalq platformalardan birin\u0259 \u00e7evrilib. Beyn\u0259lxalq M\u0259rk\u0259zin \u00fczvl\u0259rinin Az\u0259rbaycanda \u00f6t\u0259n ilin noyabr\u0131nda ke\u00e7irilmi\u015f COP29 t\u0259dbirind\u0259 f\u0259al i\u015ftirak\u0131n\u0131 g\u00f6rm\u0259kd\u0259n \u00e7ox m\u0259mnun olduq. [&hellip;]<\/p>\n","protected":false},"author":2,"featured_media":0,"comment_status":"closed","ping_status":"closed","sticky":false,"template":"","format":"standard","meta":[],"categories":[10],"tags":[],"_links":{"self":[{"href":"https:\/\/yeniterter.az\/index.php?rest_route=\/wp\/v2\/posts\/29297"}],"collection":[{"href":"https:\/\/yeniterter.az\/index.php?rest_route=\/wp\/v2\/posts"}],"about":[{"href":"https:\/\/yeniterter.az\/index.php?rest_route=\/wp\/v2\/types\/post"}],"author":[{"embeddable":true,"href":"https:\/\/yeniterter.az\/index.php?rest_route=\/wp\/v2\/users\/2"}],"replies":[{"embeddable":true,"href":"https:\/\/yeniterter.az\/index.php?rest_route=%2Fwp%2Fv2%2Fcomments&post=29297"}],"version-history":[{"count":1,"href":"https:\/\/yeniterter.az\/index.php?rest_route=\/wp\/v2\/posts\/29297\/revisions"}],"predecessor-version":[{"id":29300,"href":"https:\/\/yeniterter.az\/index.php?rest_route=\/wp\/v2\/posts\/29297\/revisions\/29300"}],"wp:attachment":[{"href":"https:\/\/yeniterter.az\/index.php?rest_route=%2Fwp%2Fv2%2Fmedia&parent=29297"}],"wp:term":[{"taxonomy":"category","embeddable":true,"href":"https:\/\/yeniterter.az\/index.php?rest_route=%2Fwp%2Fv2%2Fcategories&post=29297"},{"taxonomy":"post_tag","embeddable":true,"href":"https:\/\/yeniterter.az\/index.php?rest_route=%2Fwp%2Fv2%2Ftags&post=29297"}],"curies":[{"name":"wp","href":"https:\/\/api.w.org\/{rel}","templated":true}]}}