{"id":29283,"date":"2025-03-14T09:53:30","date_gmt":"2025-03-14T06:53:30","guid":{"rendered":"https:\/\/yeniterter.az\/?p=29283"},"modified":"2025-03-14T09:53:30","modified_gmt":"2025-03-14T06:53:30","slug":"beyn%c9%99lxalq-qadinlar-gunun%c9%99-h%c9%99sr-olunmus-t%c9%99dbir-kecirilib","status":"publish","type":"post","link":"https:\/\/yeniterter.az\/?p=29283","title":{"rendered":"Beyn\u0259lxalq Qad\u0131nlar G\u00fcn\u00fcn\u0259 h\u0259sr olunmu\u015f t\u0259dbir ke\u00e7irilib"},"content":{"rendered":"<p><em><strong>Ail\u0259, Qad\u0131n v\u0259 U\u015faq Probleml\u0259ri \u00fczr\u0259 D\u00f6vl\u0259t Komit\u0259sinin t\u0259\u015fkilat\u00e7\u0131l\u0131\u011f\u0131 il\u0259 8 Mart-Beyn\u0259lxalq Qad\u0131nlar G\u00fcn\u00fcn\u0259 h\u0259sr olunmu\u015f t\u0259dbir ke\u00e7irilib. T\u0259dbir Az\u0259rbaycan Respublikas\u0131n\u0131n D\u00f6vl\u0259t Himninin s\u0259sl\u0259ndirilm\u0259si il\u0259 ba\u015flay\u0131b.<\/strong><\/em><br \/>\n<img decoding=\"async\" loading=\"lazy\" class=\" wp-image-29286 alignleft\" src=\"https:\/\/yeniterter.az\/wp-content\/uploads\/b7d5a8c87db3807730acc11333f2fa7e-2-300x225.jpg\" alt=\"\" width=\"219\" height=\"164\" srcset=\"https:\/\/yeniterter.az\/wp-content\/uploads\/b7d5a8c87db3807730acc11333f2fa7e-2-300x225.jpg 300w, https:\/\/yeniterter.az\/wp-content\/uploads\/b7d5a8c87db3807730acc11333f2fa7e-2-1024x768.jpg 1024w, https:\/\/yeniterter.az\/wp-content\/uploads\/b7d5a8c87db3807730acc11333f2fa7e-2-768x576.jpg 768w, https:\/\/yeniterter.az\/wp-content\/uploads\/b7d5a8c87db3807730acc11333f2fa7e-2-1536x1152.jpg 1536w, https:\/\/yeniterter.az\/wp-content\/uploads\/b7d5a8c87db3807730acc11333f2fa7e-2.jpg 2048w\" sizes=\"(max-width: 219px) 100vw, 219px\" \/><img decoding=\"async\" loading=\"lazy\" class=\"wp-image-29288 alignright\" src=\"https:\/\/yeniterter.az\/wp-content\/uploads\/37027999bf196a2fa2dd44a3d3ab5719-1-300x225.jpg\" alt=\"\" width=\"225\" height=\"169\" srcset=\"https:\/\/yeniterter.az\/wp-content\/uploads\/37027999bf196a2fa2dd44a3d3ab5719-1-300x225.jpg 300w, https:\/\/yeniterter.az\/wp-content\/uploads\/37027999bf196a2fa2dd44a3d3ab5719-1.jpg 333w\" sizes=\"(max-width: 225px) 100vw, 225px\" \/>\u018frazi b\u00fct\u00f6vl\u00fcy\u00fcm\u00fcz u\u011frunda can\u0131ndan ke\u00e7\u0259n V\u0259t\u0259n \u00f6vladlar\u0131n\u0131n v\u0259 AZAL-a m\u0259xsus t\u0259yyar\u0259nin q\u0259zaya u\u011framas\u0131 n\u0259tic\u0259sind\u0259 h\u0259lak olanlar\u0131n xatir\u0259si bir d\u0259qiq\u0259lik s\u00fckutla yad edilib.<br \/>\nSonra Az\u0259rbaycan d\u00f6vl\u0259tinin inki\u015faf tarixi, qad\u0131nlar\u0131n d\u00f6vl\u0259tin ictimai-siyasi h\u0259yat\u0131nda v\u0259 c\u0259miyy\u0259td\u0259 rolu bar\u0259d\u0259 q\u0131sametrajl\u0131 film n\u00fcmayi\u015f etdirilib.<br \/>\nT\u0259dbir Az\u0259rbaycan Respublikas\u0131 Prezidenti Administrasiyas\u0131n\u0131n Humanitar siyas\u0259t, diaspor, multikulturalizm v\u0259 dini m\u0259s\u0259l\u0259l\u0259r \u015f\u00f6b\u0259sinin m\u00fcdiri F\u0259r\u0259h \u018fliyevan\u0131n Prezident c\u0259nab \u0130lham \u018fliyevin qad\u0131nlara t\u0259brik m\u0259ktubunu s\u0259sl\u0259ndirm\u0259si il\u0259 davam edib.<br \/>\nA\u00e7\u0131l\u0131\u015f nitqi il\u0259 \u00e7\u0131x\u0131\u015f ed\u0259n D\u00f6vl\u0259t Komit\u0259sinin s\u0259dri Bahar Muradova, \u00f6lk\u0259 Prezidenti c\u0259nab \u0130lham \u018fliyev\u0259 Az\u0259rbaycan qad\u0131nlar\u0131na \u00fcnvanlad\u0131\u011f\u0131 t\u0259brik m\u0259ktubuna g\u00f6r\u0259 t\u0259\u015f\u0259kk\u00fcr\u00fcn\u00fc bildirib, 8 Mart &#8211; Beyn\u0259lxalq Qad\u0131nlar G\u00fcn\u00fc m\u00fcnasib\u0259til\u0259 b\u00fct\u00fcn qad\u0131nlar\u0131 t\u0259brik edib v\u0259 bu \u0259lam\u0259tdar g\u00fcn\u00fcn qad\u0131nlar\u0131m\u0131z\u0131n d\u00f6vl\u0259t v\u0259 c\u0259miyy\u0259t h\u0259yat\u0131ndak\u0131 rolunu, ail\u0259d\u0259ki \u0259v\u0259zsiz z\u0259hm\u0259tini v\u0259 f\u0259dakarl\u0131\u011f\u0131n\u0131 vur\u011fulamaq \u00fc\u00e7\u00fcn bir f\u00fcrs\u0259t oldu\u011funu qeyd edib.<!--more--><br \/>\nO, \u00f6lk\u0259 Prezidenti c\u0259nab \u0130lham \u018fliyevin s\u0259r\u0259ncam\u0131 il\u0259 bu ilin \u201cKonsitusiya v\u0259 Suverenlik \u0130li\u201d elan edilm\u0259sinin d\u00f6vl\u0259t\u00e7ilik \u0259n\u0259n\u0259l\u0259rimizin m\u00f6hk\u0259ml\u0259nm\u0259sin\u0259, \u0259ld\u0259 etdiyimiz nailiyy\u0259tl\u0259rin d\u00fcnya ictimaiyy\u0259tin\u0259 daha geni\u015f t\u0259qdim edilm\u0259sin\u0259 xidm\u0259t etm\u0259kl\u0259 yana\u015f\u0131, d\u00f6vl\u0259t orqanlar\u0131 v\u0259 v\u0259t\u0259nda\u015f c\u0259miyy\u0259ti, o c\u00fcml\u0259d\u0259n onun f\u0259al hiss\u0259si olan qad\u0131nlar qar\u015f\u0131s\u0131nda yeni v\u0259 vacib v\u0259zif\u0259l\u0259r qoydu\u011funu bildirib. \u018flav\u0259 edib ki, g\u0259l\u0259c\u0259k n\u0259sill\u0259r\u0259 \u00e7i\u00e7\u0259kl\u0259n\u0259n, g\u00fccl\u00fc v\u0259 q\u00fcdr\u0259tli bir Az\u0259rbaycan b\u0259x\u015f etm\u0259k \u00fc\u00e7\u00fcn \u00f6lk\u0259 r\u0259hb\u0259rliyinin u\u011furlu d\u00f6vl\u0259t idar\u0259\u00e7iliyi, davaml\u0131 sosial-iqtisadi proqramlar, d\u00fcnya iqtisadi sistemin\u0259 \u00e7evik inteqrasiya, m\u00fcst\u0259qil xarici siyas\u0259t Az\u0259rbaycan\u0131 regionda lider d\u00f6vl\u0259t\u0259 \u00e7evirmi\u015fdir. B\u00fct\u00fcn bu nailiyy\u0259tl\u0259r qad\u0131nlar\u0131n f\u0259al i\u015ftirak\u0131 il\u0259 \u0259ld\u0259 edilir, h\u0259m\u00e7inin daha g\u00fccl\u00fc v\u0259 y\u00fcks\u0259k s\u0259ri\u015ft\u0259li insan kapital\u0131n\u0131n formala\u015fmas\u0131na b\u00f6y\u00fck t\u00f6hf\u0259 verir.<br \/>\nBahar Muradova, Az\u0259rbaycan qad\u0131nlar\u0131n\u0131n qar\u015f\u0131dak\u0131 ill\u0259rd\u0259 d\u0259 c\u0259miyy\u0259tin y\u00fcks\u0259li\u015fin\u0259 ah\u0259ngdarl\u0131q qazand\u0131ran dol\u011fun sosial- m\u0259d\u0259ni f\u0259aliyy\u0259tl\u0259ri il\u0259 parlaq g\u0259l\u0259c\u0259yimiz namin\u0259 quruculuq i\u015fl\u0259rind\u0259 yax\u0131ndan i\u015ftirak ed\u0259c\u0259yin\u0259 v\u0259 m\u00fcst\u0259qillik salnam\u0259miz\u0259 yeni, i\u015f\u0131ql\u0131 s\u0259hif\u0259l\u0259r yazaca\u011f\u0131na inam\u0131n\u0131 ifad\u0259 edib.<br \/>\nMilli M\u0259clisin s\u0259drinin birinci m\u00fcavini \u018fli \u018fhm\u0259dov qeyd edib ki, v\u0259t\u0259nda\u015flar\u0131m\u0131z\u0131n, el\u0259c\u0259 d\u0259 qad\u0131nlar\u0131n h\u00fcquq v\u0259 azadl\u0131qlar\u0131n\u0131n t\u0259min olunmas\u0131n\u0131n \u0259sas\u0131n\u0131 t\u0259\u015fkil ed\u0259n Az\u0259rbaycan Respublikas\u0131 Konstitusiyas\u0131n\u0131n q\u0259bul edilm\u0259si il\u0259 xalq\u0131m\u0131za xas olan qad\u0131na h\u00f6rm\u0259t m\u0259n\u0259vi kateqoriyadan h\u00fcquqi m\u00fcst\u0259viy\u0259 ke\u00e7irildi, h\u00fcquqi status ald\u0131.<br \/>\nO bildirib ki, c\u0259miyy\u0259td\u0259 \u0259min-amanl\u0131\u011f\u0131n, t\u0259hl\u00fck\u0259sizliyin, sabitlik v\u0259 s\u00fclh\u00fcn t\u0259min olunmas\u0131nda qad\u0131nlar\u0131n b\u00f6y\u00fck rolu vard\u0131r. H\u0259yat\u0131n b\u00fct\u00fcn sferalar\u0131nda qad\u0131nlar i\u015ftirak ed\u0259r\u0259k, c\u0259miyy\u0259tin v\u0259 d\u00f6vl\u0259tin inki\u015faf\u0131na t\u00f6hf\u0259 verirl\u0259r.<br \/>\nAz\u0259rbaycanda 1-ci d\u0259r\u0259c\u0259li R\u0259\u015fad\u0259t ordeni il\u0259 t\u0259ltif edil\u0259n ilk qad\u0131n Aydan R\u0259himli \u00e7\u0131x\u0131\u015f edib. O nitqi zaman\u0131, bug\u00fcnk\u00fc k\u00fcrs\u00fcd\u0259ki \u00e7\u0131x\u0131\u015f\u0131n\u0131 m\u00f6c\u00fcz\u0259 adland\u0131raraq, h\u0259mkarlar\u0131n\u0131n, el\u0259c\u0259 d\u0259 H\u00f6kum\u0259 \u018fliyevan\u0131n etdikl\u0259rinin q\u0259hr\u0259manl\u0131q v\u0259 f\u0259dakarl\u0131q n\u00fcmun\u0259si oldu\u011funu deyib.<br \/>\nT\u0259dbird\u0259 T\u0259rt\u0259r rayonunu t\u0259msil ed\u0259n bir qrup f\u0259al qad\u0131n i\u015ftirak edib.<br \/>\nR\u0259smi hiss\u0259d\u0259n sonra t\u0259dbir b\u0259dii proqram il\u0259 davam edib.<\/p>\n<p>&nbsp;<\/p>\n","protected":false},"excerpt":{"rendered":"<p>Ail\u0259, Qad\u0131n v\u0259 U\u015faq Probleml\u0259ri \u00fczr\u0259 D\u00f6vl\u0259t Komit\u0259sinin t\u0259\u015fkilat\u00e7\u0131l\u0131\u011f\u0131 il\u0259 8 Mart-Beyn\u0259lxalq Qad\u0131nlar G\u00fcn\u00fcn\u0259 h\u0259sr olunmu\u015f t\u0259dbir ke\u00e7irilib. T\u0259dbir Az\u0259rbaycan Respublikas\u0131n\u0131n D\u00f6vl\u0259t Himninin s\u0259sl\u0259ndirilm\u0259si il\u0259 ba\u015flay\u0131b. \u018frazi b\u00fct\u00f6vl\u00fcy\u00fcm\u00fcz u\u011frunda can\u0131ndan ke\u00e7\u0259n V\u0259t\u0259n \u00f6vladlar\u0131n\u0131n v\u0259 AZAL-a m\u0259xsus t\u0259yyar\u0259nin q\u0259zaya u\u011framas\u0131 n\u0259tic\u0259sind\u0259 h\u0259lak olanlar\u0131n xatir\u0259si bir d\u0259qiq\u0259lik s\u00fckutla yad edilib. Sonra Az\u0259rbaycan d\u00f6vl\u0259tinin inki\u015faf tarixi, qad\u0131nlar\u0131n d\u00f6vl\u0259tin [&hellip;]<\/p>\n","protected":false},"author":2,"featured_media":0,"comment_status":"closed","ping_status":"closed","sticky":false,"template":"","format":"standard","meta":[],"categories":[10],"tags":[],"_links":{"self":[{"href":"https:\/\/yeniterter.az\/index.php?rest_route=\/wp\/v2\/posts\/29283"}],"collection":[{"href":"https:\/\/yeniterter.az\/index.php?rest_route=\/wp\/v2\/posts"}],"about":[{"href":"https:\/\/yeniterter.az\/index.php?rest_route=\/wp\/v2\/types\/post"}],"author":[{"embeddable":true,"href":"https:\/\/yeniterter.az\/index.php?rest_route=\/wp\/v2\/users\/2"}],"replies":[{"embeddable":true,"href":"https:\/\/yeniterter.az\/index.php?rest_route=%2Fwp%2Fv2%2Fcomments&post=29283"}],"version-history":[{"count":1,"href":"https:\/\/yeniterter.az\/index.php?rest_route=\/wp\/v2\/posts\/29283\/revisions"}],"predecessor-version":[{"id":29289,"href":"https:\/\/yeniterter.az\/index.php?rest_route=\/wp\/v2\/posts\/29283\/revisions\/29289"}],"wp:attachment":[{"href":"https:\/\/yeniterter.az\/index.php?rest_route=%2Fwp%2Fv2%2Fmedia&parent=29283"}],"wp:term":[{"taxonomy":"category","embeddable":true,"href":"https:\/\/yeniterter.az\/index.php?rest_route=%2Fwp%2Fv2%2Fcategories&post=29283"},{"taxonomy":"post_tag","embeddable":true,"href":"https:\/\/yeniterter.az\/index.php?rest_route=%2Fwp%2Fv2%2Ftags&post=29283"}],"curies":[{"name":"wp","href":"https:\/\/api.w.org\/{rel}","templated":true}]}}