{"id":29239,"date":"2025-03-13T08:25:03","date_gmt":"2025-03-13T05:25:03","guid":{"rendered":"https:\/\/yeniterter.az\/?p=29239"},"modified":"2025-03-13T08:26:09","modified_gmt":"2025-03-13T05:26:09","slug":"az%c9%99rbaycan-v%c9%99-simali-makedoniya-respublikasi-arasinda-siyasi-dialoq-dinamik-xarakter-alir","status":"publish","type":"post","link":"https:\/\/yeniterter.az\/?p=29239","title":{"rendered":"Az\u0259rbaycan v\u0259 \u015eimali Makedoniya Respublikas\u0131 aras\u0131nda siyasi dialoq dinamik xarakter al\u0131r"},"content":{"rendered":"<p><img decoding=\"async\" loading=\"lazy\" class=\"size-medium wp-image-29240 alignright\" src=\"https:\/\/yeniterter.az\/wp-content\/uploads\/484357324_502459992918466_1499729605551471865_n-300x152.jpg\" alt=\"\" width=\"300\" height=\"152\" srcset=\"https:\/\/yeniterter.az\/wp-content\/uploads\/484357324_502459992918466_1499729605551471865_n-300x152.jpg 300w, https:\/\/yeniterter.az\/wp-content\/uploads\/484357324_502459992918466_1499729605551471865_n-1024x519.jpg 1024w, https:\/\/yeniterter.az\/wp-content\/uploads\/484357324_502459992918466_1499729605551471865_n-768x389.jpg 768w, https:\/\/yeniterter.az\/wp-content\/uploads\/484357324_502459992918466_1499729605551471865_n.jpg 1065w\" sizes=\"(max-width: 300px) 100vw, 300px\" \/>Prezident \u0130lham \u018fliyev \u015eimali Makedoniya Respublikas\u0131n\u0131n Prezidenti Qordana Silyanovska-Davkovan\u0131n Az\u0259rbaycana s\u0259f\u0259ri zaman\u0131 m\u0259tbuata b\u0259yanat verib.<\/p>\n<p>D\u00f6vl\u0259t ba\u015f\u00e7\u0131s\u0131 deyib:<\/p>\n<p>\u015eadam ki, \u00f6lk\u0259l\u0259rimiz aras\u0131nda siyasi dialoq dinamik xarakter al\u0131r. Bizim xan\u0131m Prezidentl\u0259 ikinci g\u00f6r\u00fc\u015f\u00fcm\u00fcz q\u0131sa m\u00fcdd\u0259t \u0259rzind\u0259 bunun \u0259yani s\u00fcbutudur. Siyasi \u0259laq\u0259l\u0259rimizin inki\u015faf\u0131 \u00fc\u00e7\u00fcn \u0259lav\u0259 t\u0259dbirl\u0259r g\u00f6r\u00fclm\u0259lidir, m\u00fcvafiq d\u00f6vl\u0259t qurumlar\u0131 t\u0259bii olaraq s\u0131x t\u0259masda olmal\u0131d\u0131rlar. Eyni zamanda, iqtisadi sah\u0259d\u0259, s\u0259rmay\u0259 qoyulu\u015fu sah\u0259sind\u0259 imkanlar ara\u015fd\u0131r\u0131lmal\u0131d\u0131r. \u018ffsuslar olsun ki, bu g\u00fcn\u0259 q\u0259d\u0259r ticari-iqtisadi sah\u0259d\u0259 o q\u0259d\u0259r b\u00f6y\u00fck n\u0259tic\u0259l\u0259r \u0259ld\u0259 edilm\u0259yib. Ancaq \u00fcmid edir\u0259m ki, Sizin r\u0259smi s\u0259f\u0259rinizd\u0259n v\u0259 n\u00fcmay\u0259nd\u0259 hey\u0259tl\u0259rinin t\u0259maslar\u0131ndan sonra biz bu bo\u015flu\u011fu da dolduraca\u011f\u0131q.<\/p>\n<p>Qeyd olunub ki, enerji sah\u0259sind\u0259 \u0259m\u0259kda\u015fl\u0131q inki\u015faf edir. Son aylar\u0131n m\u00fcsb\u0259t \u0259lam\u0259ti d\u0259 ondan ibar\u0259tdir ki, iki \u00f6lk\u0259 energetika sah\u0259sind\u0259 \u0259m\u0259kda\u015fl\u0131\u011fa ba\u015flam\u0131\u015fd\u0131r. Az\u0259rbaycan qaz\u0131 art\u0131q \u015eimali Makedoniyan\u0131n bazar\u0131na \u00e7atd\u0131r\u0131lm\u0131\u015fd\u0131r.<\/p>\n<p>Avropa Az\u0259rbaycan qaz\u0131na ehtiyac duyur.<\/p>\n<p>T\u0259xmin\u0259n \u00fc\u00e7 il bundan \u0259vv\u0259l Bak\u0131da imzalanm\u0131\u015f Avropa \u0130ttifaq\u0131 il\u0259 Az\u0259rbaycan aras\u0131nda energetika sah\u0259sind\u0259 strateji t\u0259r\u0259fda\u015fl\u0131q B\u0259yannam\u0259si bunun \u0259yani t\u0259zah\u00fcr\u00fcd\u00fcr. Bu g\u00fcn Az\u0259rbaycan qaz\u0131 bir \u00e7ox Avropa \u00f6lk\u0259sinin enerji t\u0259hl\u00fck\u0259sizliyini t\u0259min edir v\u0259 Avropadak\u0131 t\u0259r\u0259fda\u015flar\u0131m\u0131z\u0131n xahi\u015fl\u0259rin\u0259 biz h\u0259r zaman b\u00f6y\u00fck diqq\u0259tl\u0259 yana\u015fm\u0131\u015f\u0131q. Y\u0259ni, energetika sah\u0259sind\u0259 ikit\u0259r\u0259fli formatda \u0259m\u0259kda\u015fl\u0131q bizim \u00fc\u00e7\u00fcn \u00e7ox \u00f6n\u0259mlidir v\u0259 m\u0259n \u00fcmid edir\u0259m ki, bu praktiki \u0259m\u0259kda\u015fl\u0131q dig\u0259r sah\u0259l\u0259rd\u0259 d\u0259 \u0259m\u0259kda\u015fl\u0131\u011fa g\u0259tirib \u00e7\u0131xaracaq.<\/p>\n<p>Diqq\u0259t\u0259 \u00e7atd\u0131r\u0131l\u0131b ki, xalqlar\u0131m\u0131z\u0131n humanitar sah\u0259d\u0259 \u0259m\u0259kda\u015fl\u0131\u011f\u0131na da b\u00f6y\u00fck ehtiyac var. Prezident \u0130lham \u018fliyev deyib:<!--more--><\/p>\n<p>M\u0259n xat\u0131rlay\u0131ram ki, ke\u00e7\u0259n s\u0259f\u0259riniz \u00e7\u0259r\u00e7iv\u0259sind\u0259 Siz Az\u0259rbaycan\u0131n m\u0259d\u0259ni h\u0259yat\u0131 il\u0259 d\u0259 tan\u0131\u015f olmusunuz v\u0259 bilir\u0259m, sabahk\u0131 proqram\u0131n\u0131zda da buna ox\u015far t\u0259dbirl\u0259r var. Biz bunu \u00e7ox m\u00fcsb\u0259t qar\u015f\u0131lay\u0131r\u0131q, bunu alq\u0131\u015flay\u0131r\u0131q. \u015eadam ki, Siz, eyni zamanda, XII Qlobal Bak\u0131 Forumunda i\u015ftirak ed\u0259c\u0259ksiniz. Nizami G\u0259nc\u0259vi Beyn\u0259lxalq M\u0259rk\u0259zi t\u0259r\u0259find\u0259n t\u0259\u015fkil olunan bu Forum d\u00fcnya miqyas\u0131nda layiqli yerini tuta bilib. \u018flb\u0259tt\u0259 ki, Sizin d\u0259y\u0259rli fikirl\u0259riniz, t\u00f6vsiy\u0259l\u0259riniz ham\u0131 \u00fc\u00e7\u00fcn maraql\u0131 olacaq. Siz bizim t\u0259l\u0259b\u0259l\u0259rimizl\u0259 d\u0259 g\u00f6r\u00fc\u015f\u0259c\u0259ksiniz. Buna g\u00f6r\u0259 d\u0259 Siz\u0259 t\u0259\u015f\u0259kk\u00fcr\u00fcm\u00fc bildirir\u0259m. Sizin siyasi v\u0259 d\u00f6vl\u0259t xadimi kimi \u00e7ox b\u00f6y\u00fck t\u0259cr\u00fcb\u0259niz var. Siz beyn\u0259lxalq t\u0259\u015fkilatlarda y\u00fcks\u0259k v\u0259zif\u0259l\u0259rd\u0259 \u00e7al\u0131\u015fm\u0131s\u0131n\u0131z, eyni zamanda, \u00f6lk\u0259nizd\u0259 m\u00fcxt\u0259lif m\u0259rh\u0259l\u0259l\u0259rd\u0259n ke\u00e7\u0259r\u0259k \u0259n y\u00fcks\u0259k v\u0259zif\u0259y\u0259 layiq g\u00f6r\u00fclm\u00fcs\u00fcn\u00fcz. Ona g\u00f6r\u0259 Sizin d\u0259y\u0259rli fikirl\u0259riniz ham\u0131m\u0131z \u00fc\u00e7\u00fcn \u00e7ox maraql\u0131 ola bil\u0259r.<\/p>\n<p>Az\u0259rbaycan Respublikas\u0131 il\u0259 \u015eimali Makedoniya Respublikas\u0131 aras\u0131nda ikit\u0259r\u0259fli m\u00fcnasib\u0259tl\u0259r 28 iyun 1995-ci ild\u0259 qurulmu\u015fdur.<\/p>\n<p>2023-c\u00fc ild\u0259 Az\u0259rbaycan Respublikas\u0131n\u0131n Serbiyadak\u0131 s\u0259firi Kamil Xasiyev, eyni zamanda \u015eimali Makedoniyaya t\u0259yin olunmu\u015fdur.<\/p>\n<p>Haz\u0131rda \u015eimali Makedoniyan\u0131n Az\u0259rbaycanda akkredit\u0259 olunmu\u015f s\u0259firliyi f\u0259aliyy\u0259t g\u00f6st\u0259rir. Az\u0259rbaycan \u015eimali Makedoniya il\u0259 m\u00fcnasib\u0259tl\u0259rin inki\u015faf\u0131na \u0259h\u0259miyy\u0259t verir v\u0259 iki \u00f6lk\u0259 aras\u0131nda \u0259m\u0259kda\u015fl\u0131q siyasi, iqtisadi v\u0259 humanitar sah\u0259l\u0259ri \u0259hat\u0259 edir.<\/p>\n<p>\u015eimali Makedoniya Respublikas\u0131n\u0131n Prezidenti Qeorqe \u0130vanov 2015, 2016, 2017 v\u0259 2018-ci ill\u0259rd\u0259 Az\u0259rbaycana i\u015fg\u00fczar s\u0259f\u0259r etmi\u015fdir.<\/p>\n<p>Az\u0259rbaycan Respublikas\u0131n\u0131n Prezidenti \u0130lham \u018fliyev COP29 konfrans\u0131 \u00e7\u0259r\u00e7iv\u0259sind\u0259 noyabr\u0131n 14-d\u0259 \u015eimali Makedoniya Respublikas\u0131n\u0131n Prezidenti xan\u0131m Qordana Silyanovska-Davkova il\u0259 g\u00f6r\u00fc\u015f\u00fcb.<\/p>\n<p>AR xarici i\u015fl\u0259r naziri Elmar M\u0259mm\u0259dyarov 28-29 iyun 2007-ci il tarixind\u0259 Skopyey\u0259, \u015eimali Makedoniyan\u0131n xarici i\u015fl\u0259r naziri Buyar Osmani 12 aprel 2023-c\u00fc il tarixind\u0259 Bak\u0131ya i\u015fg\u00fczar s\u0259f\u0259r etmi\u015fdir.<\/p>\n<p>AR Milli M\u0259clisind\u0259 Az\u0259rbaycan-\u015eimali Makedoniya parlamentl\u0259raras\u0131 \u0259laq\u0259l\u0259r \u00fczr\u0259 i\u015f\u00e7i qrupu m\u00f6vcuddur. Qrupun r\u0259hb\u0259ri mill\u0259t v\u0259kili Fazil Mustafad\u0131r.<\/p>\n<p>\u015eimali Makedoniya M\u0259clisind\u0259 m\u00fcvafiq parlamentl\u0259raras\u0131 dostluq qrupunun 8 \u00fczv\u00fc var. Qrupun r\u0259hb\u0259ri Enes \u0130brahimdir.<\/p>\n<p>\u0130ki \u00f6lk\u0259 aras\u0131nda 5 s\u0259n\u0259d imzalanm\u0131\u015fd\u0131r.<\/p>\n<p>01.01.2024-c\u00fc il tarixin\u0259 Az\u0259rbaycan Respublikas\u0131nda 5 \u015eimali Makedoniya investisiyal\u0131 kommersiya qurumu qeydiyyatdad\u0131r, onlardan 3-n\u00fcn f\u0259aliyy\u0259ti aktivdir.<\/p>\n<p>S\u0259rmay\u0259l\u0259rin t\u0259\u015fviqi v\u0259 qar\u015f\u0131l\u0131ql\u0131 qorunmas\u0131 haqq\u0131nda sazi\u015f 19.04.2013-c\u00fc il tarixind\u0259 imzalanm\u0131\u015fd\u0131r v\u0259 haz\u0131rda q\u00fcvv\u0259d\u0259dir.<\/p>\n<p>G\u0259lirl\u0259r\u0259 v\u0259 \u0259mlaka g\u00f6r\u0259 vergil\u0259r\u0259 m\u00fcnasib\u0259td\u0259 ikiqat vergitutman\u0131n aradan qald\u0131r\u0131lmas\u0131 v\u0259 vergid\u0259n yay\u0131nman\u0131n qar\u015f\u0131s\u0131n\u0131n al\u0131nmas\u0131 haqq\u0131nda Sazi\u015f 19.04.2013-ci il tarixind\u0259 imzalanm\u0131\u015f, 12.08.2013-c\u00fc il tarixind\u0259 q\u00fcvv\u0259y\u0259 minmi\u015fdir.<\/p>\n<p>&nbsp;<\/p>\n","protected":false},"excerpt":{"rendered":"<p>Prezident \u0130lham \u018fliyev \u015eimali Makedoniya Respublikas\u0131n\u0131n Prezidenti Qordana Silyanovska-Davkovan\u0131n Az\u0259rbaycana s\u0259f\u0259ri zaman\u0131 m\u0259tbuata b\u0259yanat verib. D\u00f6vl\u0259t ba\u015f\u00e7\u0131s\u0131 deyib: \u015eadam ki, \u00f6lk\u0259l\u0259rimiz aras\u0131nda siyasi dialoq dinamik xarakter al\u0131r. Bizim xan\u0131m Prezidentl\u0259 ikinci g\u00f6r\u00fc\u015f\u00fcm\u00fcz q\u0131sa m\u00fcdd\u0259t \u0259rzind\u0259 bunun \u0259yani s\u00fcbutudur. Siyasi \u0259laq\u0259l\u0259rimizin inki\u015faf\u0131 \u00fc\u00e7\u00fcn \u0259lav\u0259 t\u0259dbirl\u0259r g\u00f6r\u00fclm\u0259lidir, m\u00fcvafiq d\u00f6vl\u0259t qurumlar\u0131 t\u0259bii olaraq s\u0131x t\u0259masda olmal\u0131d\u0131rlar. Eyni zamanda, [&hellip;]<\/p>\n","protected":false},"author":2,"featured_media":0,"comment_status":"closed","ping_status":"closed","sticky":false,"template":"","format":"standard","meta":[],"categories":[10],"tags":[],"_links":{"self":[{"href":"https:\/\/yeniterter.az\/index.php?rest_route=\/wp\/v2\/posts\/29239"}],"collection":[{"href":"https:\/\/yeniterter.az\/index.php?rest_route=\/wp\/v2\/posts"}],"about":[{"href":"https:\/\/yeniterter.az\/index.php?rest_route=\/wp\/v2\/types\/post"}],"author":[{"embeddable":true,"href":"https:\/\/yeniterter.az\/index.php?rest_route=\/wp\/v2\/users\/2"}],"replies":[{"embeddable":true,"href":"https:\/\/yeniterter.az\/index.php?rest_route=%2Fwp%2Fv2%2Fcomments&post=29239"}],"version-history":[{"count":1,"href":"https:\/\/yeniterter.az\/index.php?rest_route=\/wp\/v2\/posts\/29239\/revisions"}],"predecessor-version":[{"id":29241,"href":"https:\/\/yeniterter.az\/index.php?rest_route=\/wp\/v2\/posts\/29239\/revisions\/29241"}],"wp:attachment":[{"href":"https:\/\/yeniterter.az\/index.php?rest_route=%2Fwp%2Fv2%2Fmedia&parent=29239"}],"wp:term":[{"taxonomy":"category","embeddable":true,"href":"https:\/\/yeniterter.az\/index.php?rest_route=%2Fwp%2Fv2%2Fcategories&post=29239"},{"taxonomy":"post_tag","embeddable":true,"href":"https:\/\/yeniterter.az\/index.php?rest_route=%2Fwp%2Fv2%2Ftags&post=29239"}],"curies":[{"name":"wp","href":"https:\/\/api.w.org\/{rel}","templated":true}]}}