{"id":29236,"date":"2025-03-10T08:47:52","date_gmt":"2025-03-10T05:47:52","guid":{"rendered":"https:\/\/yeniterter.az\/?p=29236"},"modified":"2025-03-10T08:47:52","modified_gmt":"2025-03-10T05:47:52","slug":"olk%c9%99mizd%c9%99-dovl%c9%99t-s%c9%99viyy%c9%99sind%c9%99-qadin-siyas%c9%99tinin-%c9%99sasini-qoyan-umummilli-lider-heyd%c9%99r-%c9%99liyev-qadin-s%c9%99xsiyy%c9%99tin%c9%99-boyuk-horm%c9%99tl%c9%99","status":"publish","type":"post","link":"https:\/\/yeniterter.az\/?p=29236","title":{"rendered":"\u00d6lk\u0259mizd\u0259 d\u00f6vl\u0259t s\u0259viyy\u0259sind\u0259 qad\u0131n siyas\u0259tinin \u0259sas\u0131n\u0131 qoyan \u00dcmummilli Lider Heyd\u0259r \u018fliyev qad\u0131n \u015f\u0259xsiyy\u0259tin\u0259 b\u00f6y\u00fck h\u00f6rm\u0259tl\u0259 yana\u015f\u0131rd\u0131"},"content":{"rendered":"<p><img decoding=\"async\" loading=\"lazy\" class=\" wp-image-29237 alignleft\" src=\"https:\/\/yeniterter.az\/wp-content\/uploads\/481466124_497868626710936_8443756514988962817_n-261x300.jpg\" alt=\"\" width=\"142\" height=\"164\" srcset=\"https:\/\/yeniterter.az\/wp-content\/uploads\/481466124_497868626710936_8443756514988962817_n-261x300.jpg 261w, https:\/\/yeniterter.az\/wp-content\/uploads\/481466124_497868626710936_8443756514988962817_n.jpg 522w\" sizes=\"(max-width: 142px) 100vw, 142px\" \/>Tarixin b\u00fct\u00fcn d\u00f6vrl\u0259rind\u0259 Az\u0259rbaycan qad\u0131n\u0131 V\u0259t\u0259nimizin m\u00fcdafi\u0259sind\u0259 yax\u0131ndan i\u015ftirak etmi\u015f, siyasi v\u0259 d\u00f6vl\u0259t quruculu\u011fu sah\u0259sind\u0259 \u0259sl v\u0259t\u0259np\u0259rv\u0259rlik n\u00fcmun\u0259l\u0259ri g\u00f6st\u0259rmi\u015fdir. Az\u0259rbaycan xalq \u0259d\u0259biyyat\u0131n\u0131n \u0259n q\u0259dim yaz\u0131l\u0131 abid\u0259si olan \u201cKitabi-D\u0259d\u0259 Qorqud\u201d dastan\u0131nda Az\u0259rbaycan qad\u0131nlar\u0131n\u0131n sava\u015f meydan\u0131nda g\u00f6st\u0259rdiyi \u015f\u00fcca\u0259t, eyni zamanda M\u00f6min\u0259 Xatun, Sara Xatun, N\u00fc\u015fab\u0259, Tomris, Nigar, H\u0259c\u0259r, Tutu Bik\u0259 kimi q\u0259hr\u0259manl\u0131q n\u00fcmun\u0259si olan lider qad\u0131nlar\u0131m\u0131z bunun bariz n\u00fcmun\u0259sidir.<\/p>\n<p>Az\u0259rbaycan qad\u0131nlar\u0131 \u015e\u0259rqin ilk demokratik respublikas\u0131 olan Az\u0259rbaycan Xalq C\u00fcmhuriyy\u0259ti d\u00f6vr\u00fcnd\u0259 se\u00e7ib-se\u00e7ilm\u0259k h\u00fcququ qazanaraq \u00f6lk\u0259mizin ictimai-siyasi h\u0259yat\u0131nda yax\u0131ndan i\u015ftirak etm\u0259y\u0259 ba\u015flam\u0131\u015flar.<\/p>\n<p>S\u00fcr\u0259tl\u0259 maarifl\u0259n\u0259n qad\u0131nlar\u0131m\u0131z y\u00fcz ill\u0259rd\u0259n b\u0259ri formala\u015fm\u0131\u015f milli d\u0259y\u0259rl\u0259r\u0259 sadiq qalmaqla ana dilimizin, m\u0259d\u0259niyy\u0259timizin v\u0259 m\u0259n\u0259viyyat\u0131m\u0131z\u0131n \u0259n etibarl\u0131 daya\u011f\u0131 olmu\u015flar.<\/p>\n<p>Ke\u00e7mi\u015fimizin unudulmaz s\u0259hif\u0259l\u0259rind\u0259ki m\u00f6hk\u0259m irad\u0259y\u0259 malik g\u00f6rk\u0259mli qad\u0131n \u015f\u0259xsiyy\u0259tl\u0259rimizin y\u00fcks\u0259k l\u0259yaq\u0259tinin, a\u011fbir\u00e7\u0259k analar\u0131m\u0131z\u0131n m\u00fcdrikliyinin da\u015f\u0131y\u0131c\u0131lar\u0131 kimi m\u00fcasir Az\u0259rbaycan xan\u0131mlar\u0131 \u00f6z d\u0259rin z\u0259kalar\u0131 v\u0259 t\u00fck\u0259nm\u0259z daxili potensiallar\u0131 il\u0259 bu g\u00fcn d\u0259 xalqa v\u0259 c\u0259miyy\u0259t\u0259 f\u0259dakarcas\u0131na xidm\u0259t edirl\u0259r. D\u00fcnyan\u0131n bir \u00e7ox \u00f6lk\u0259l\u0259rinin qad\u0131nlar\u0131ndan \u0259vv\u0259l se\u00e7ib-se\u00e7ilm\u0259k h\u00fcququ \u0259ld\u0259 etm\u0259si, elm, m\u0259d\u0259niyy\u0259t v\u0259 dig\u0259r sah\u0259l\u0259rd\u0259 qazand\u0131\u011f\u0131 u\u011furlar Az\u0259rbaycan qad\u0131n\u0131n\u0131n m\u0259d\u0259ni v\u0259 intellektual potensial\u0131ndan x\u0259b\u0259r verir.<!--more--><\/p>\n<p>Az\u0259rbaycan Respublikas\u0131n\u0131n Konstitusiyas\u0131na \u0259sas\u0259n irqind\u0259n, etnik m\u0259nsubiyy\u0259tind\u0259n, dinind\u0259n, dilind\u0259n, cinsind\u0259n, m\u0259n\u015f\u0259yind\u0259n, \u0259mlak v\u0259ziyy\u0259tind\u0259n, qulluq m\u00f6vqeyind\u0259n, \u0259qid\u0259sind\u0259n, siyasi partiyalara, h\u0259mkarlar ittifaqlar\u0131na v\u0259 dig\u0259r ictimai birlikl\u0259r\u0259 m\u0259nsubiyy\u0259tind\u0259n as\u0131l\u0131 olmayaraq, h\u0259r k\u0259sin h\u00fcquq v\u0259 azadl\u0131qlar\u0131n\u0131n b\u0259rab\u0259rliyin\u0259 t\u0259minat verilir. Ki\u015fi il\u0259 qad\u0131n\u0131n eyni h\u00fcquqlar\u0131 v\u0259 azadl\u0131qlar\u0131 vard\u0131r. B\u00fct\u00fcn bu prosesl\u0259r d\u0259 \u00f6z n\u00f6vb\u0259sind\u0259 ictimai-siyasi h\u0259yat\u0131n b\u00fct\u00fcn sah\u0259l\u0259rind\u0259 gender siyas\u0259tinin g\u00fccl\u0259nm\u0259sin\u0259 g\u0259tirib \u00e7\u0131xarm\u0131\u015fd\u0131r.<\/p>\n<p>1995-ci ild\u0259 ke\u00e7irilmi\u015f IV \u00dcmumd\u00fcnya Qad\u0131n Konfrans\u0131nda Az\u0259rbaycan Pekin B\u0259yannam\u0259si v\u0259 F\u0259aliyy\u0259t Platformas\u0131n\u0131 q\u0259bul etmi\u015fdir. Platforman\u0131n \u0259sas m\u0259qs\u0259di qad\u0131nlar\u0131n siyasi, iqtisadi v\u0259 sosial v\u0259ziyy\u0259tl\u0259rinin yax\u015f\u0131la\u015fd\u0131r\u0131lmas\u0131d\u0131r. Pekin B\u0259yannam\u0259si v\u0259 F\u0259aliyy\u0259t Platformas\u0131 b\u00fct\u00fcn d\u00fcnya qad\u0131nlar\u0131n\u0131n h\u00fcquqlar\u0131n\u0131n qorunaca\u011f\u0131n\u0131, s\u00fclh\u0259 v\u0259 gender b\u0259rab\u0259rliyin\u0259 nail olmaq \u00fc\u00e7\u00fcn inki\u015faf prosesl\u0259rind\u0259 yax\u0131ndan i\u015ftiraklar\u0131na mane olan amill\u0259rin aradan qald\u0131r\u0131laca\u011f\u0131n\u0131 b\u0259yan etmi\u015fdir;<\/p>\n<p>Ulu \u00d6nd\u0259r \u00f6lk\u0259 h\u0259yat\u0131n\u0131n b\u00fct\u00fcn sah\u0259l\u0259rind\u0259 qad\u0131nlara x\u00fcsusi yer ay\u0131rd\u0131, onlar\u0131n h\u0259rt\u0259r\u0259fli f\u0259aliyy\u0259tin\u0259 geni\u015f meydan verdi, lider qad\u0131nlar yeti\u015fdirdi. \u00d6lk\u0259mizd\u0259 d\u00f6vl\u0259t s\u0259viyy\u0259sind\u0259 qad\u0131n siyas\u0259tinin \u0259sas\u0131n\u0131 qoyan \u00dcmummilli Lider Heyd\u0259r \u018fliyev qad\u0131n \u015f\u0259xsiyy\u0259tin\u0259 b\u00f6y\u00fck h\u00f6rm\u0259tl\u0259 yana\u015f\u0131rd\u0131.<\/p>\n<p>D\u00f6vl\u0259t m\u00fcst\u0259qilliyimizin b\u0259rpas\u0131ndan sonra Az\u0259rbaycan qad\u0131n\u0131 milli d\u00f6vl\u0259t quruculu\u011fu prosesinin f\u0259al i\u015ftirak\u00e7\u0131s\u0131na \u00e7evrilmi\u015f, \u00f6lk\u0259mizin sosial-iqtisadi v\u0259 m\u0259d\u0259ni potensial\u0131n\u0131n art\u0131r\u0131lmas\u0131 \u00fc\u00e7\u00fcn d\u0259y\u0259rli t\u00f6hf\u0259l\u0259r vermi\u015fdir. Az\u0259rbaycan qad\u0131n\u0131 tarix boyu m\u00fcq\u0259dd\u0259s ana \u015f\u0259r\u0259fini uca tutaraq \u00f6z m\u00fcbarizliyi il\u0259 tan\u0131nm\u0131\u015f, qad\u0131nlar\u0131m\u0131z \u00f6lk\u0259nin ictimai-siyasi, m\u0259d\u0259ni h\u0259yat\u0131nda f\u0259al i\u015ftirak etmi\u015f, d\u00f6vl\u0259tin idar\u0259 olunmas\u0131nda daim f\u0259dakarl\u0131q n\u00fcmayi\u015f etdirm\u0259kl\u0259 yana\u015f\u0131 d\u00f6y\u00fc\u015f meydanlar\u0131nda da \u015f\u00fcca\u0259t g\u00f6st\u0259rmi\u015fdir.<\/p>\n<p>Az\u0259rbaycan Respublikas\u0131n\u0131n Birinci vitse-prezidenti, Heyd\u0259r \u018fliyev Fondunun prezidenti Mehriban xan\u0131m \u018fliyeva h\u0259rt\u0259r\u0259fli f\u0259aliyy\u0259ti il\u0259 h\u0259m \u00f6lk\u0259d\u0259, h\u0259m d\u0259 beyn\u0259lxalq al\u0259md\u0259 Az\u0259rbaycan qad\u0131n\u0131n n\u00fcfuzunu daha da y\u00fcks\u0259kl\u0259r\u0259 qald\u0131r\u0131r. Mehriban xan\u0131m \u018fliyevan\u0131n h\u0259rt\u0259r\u0259fli parlaq f\u0259aliyy\u0259ti, xeyirxahl\u0131q missiyas\u0131, m\u0259d\u0259niyy\u0259timizin b\u00fct\u00fcn d\u00fcnyada t\u0259bli\u011fi sah\u0259sind\u0259 g\u00f6rd\u00fcy\u00fc i\u015fl\u0259r \u0259sl \u00f6rn\u0259kdir. \u00d6lk\u0259nin \u201cyum\u015faq g\u00fcc\u201d siyas\u0259tinin t\u0259c\u0259ss\u00fcm\u00fc olan Mehriban xan\u0131m \u018fliyevan\u0131n humanitar layih\u0259l\u0259ri \u00f6lk\u0259miz\u0259 yeni dostlar qazand\u0131r\u0131r. Mehriban xan\u0131m \u018fliyevan\u0131n xeyriyy\u0259\u00e7ilik t\u0259dbirl\u0259ri bir s\u0131ra \u00f6lk\u0259l\u0259ri, qit\u0259l\u0259ri \u0259hat\u0259 edir, prezidenti oldu\u011fu Heyd\u0259r \u018fliyev Fondu uzun ill\u0259rdir ki, Az\u0259rbaycan\u0131n humanitar v\u0259 m\u0259d\u0259ni diplomatiyas\u0131n\u0131n s\u0259lahiyy\u0259tli n\u00fcmay\u0259nd\u0259sin\u0259 \u00e7evrilib v\u0259 bu f\u0259aliyy\u0259t h\u0259r \u015feyd\u0259n \u0259vv\u0259l d\u00fcnyada Az\u0259rbaycan\u0131n t\u0259qdimat\u0131 v\u0259 t\u0259bli\u011fidir. \u00d6lk\u0259nin Birinci vitse-prezidentinin r\u0259hb\u0259rliyi il\u0259 milli maraqlar\u0131m\u0131za xidm\u0259t ed\u0259n v\u0259 \u0259n\u0259n\u0259l\u0259rimizi ya\u015fadan \u00e7oxlu sayda b\u00f6y\u00fck layih\u0259l\u0259rin u\u011furla icra olunmas\u0131 Az\u0259rbaycan qad\u0131n\u0131n\u0131n m\u0259rh\u0259m\u0259t v\u0259 xeyirxahl\u0131\u011f\u0131n\u0131n, z\u0259ngin m\u0259n\u0259vi-intellektual v\u0259 y\u00fcks\u0259k \u0259xlaqi d\u0259y\u0259rl\u0259r\u0259 malik oldu\u011funun bariz n\u00fcmun\u0259sidir.<\/p>\n<p>Qad\u0131nlar\u0131m\u0131z\u0131n aktiv f\u0259aliyy\u0259ti h\u0259yat\u0131n b\u00fct\u00fcn sah\u0259l\u0259rind\u0259 oldu\u011fu kimi, ordu quruculu\u011fundak\u0131 xidm\u0259tl\u0259ri d\u0259 \u015f\u0259r\u0259f v\u0259 q\u00fcrur m\u0259nb\u0259yidir. Az\u0259rbaycan Ordusunun b\u00fct\u00fcn qo\u015fun n\u00f6vl\u0259rind\u0259, x\u00fcsusi t\u0259yinatl\u0131 t\u0259hsil m\u00fc\u0259ssis\u0259l\u0259rind\u0259, h\u0259rbi tibb ocaqlar\u0131nda v\u0259 dig\u0259r sah\u0259l\u0259rd\u0259 y\u00fczl\u0259rl\u0259 qad\u0131n xidm\u0259t edir, V\u0259t\u0259n qar\u015f\u0131s\u0131nda v\u0259zif\u0259 borclar\u0131n\u0131 \u015f\u0259r\u0259f v\u0259 l\u0259yaq\u0259tl\u0259 yerin\u0259 yetirirl\u0259r. M\u00fclki i\u015fl\u0259rd\u0259 \u00e7al\u0131\u015fan qad\u0131nlar\u0131m\u0131z\u0131n da \u0259m\u0259yi y\u00fcks\u0259k qiym\u0259tl\u0259ndirilir.<\/p>\n<p>D\u00f6vl\u0259t m\u00fcst\u0259qilliyimizin b\u0259rpas\u0131ndan sonra \u00f6t\u0259n d\u00f6vr \u0259rzind\u0259 Az\u0259rbaycan qad\u0131n\u0131 milli d\u00f6vl\u0259t quruculu\u011fu prosesinin f\u0259al i\u015ftirak\u00e7\u0131s\u0131na \u00e7evrilmi\u015f, \u00f6lk\u0259mizin sosial-iqtisadi, intellektual-m\u0259d\u0259ni potensial\u0131n\u0131n art\u0131r\u0131lmas\u0131 \u00fc\u00e7\u00fcn d\u0259y\u0259rli t\u00f6hf\u0259l\u0259r vermi\u015fdir. Elm v\u0259 t\u0259hsil, s\u0259hiyy\u0259 v\u0259 m\u0259d\u0259niyy\u0259t, el\u0259c\u0259 d\u0259 dig\u0259r sah\u0259l\u0259rd\u0259 qazand\u0131\u011f\u0131 u\u011furlar\u0131 il\u0259 o \u00f6z n\u00fcfuzunu ilb\u0259il art\u0131rma\u011fa m\u00fcv\u0259ff\u0259q olmu\u015fdur. V\u0259t\u0259nda\u015f c\u0259miyy\u0259ti quruculu\u011fu istiqam\u0259tind\u0259 qad\u0131nlar\u0131m\u0131z\u0131n nailiyy\u0259tl\u0259ri m\u0259mnunluq hissi do\u011furur.<\/p>\n<p>\u00d6lk\u0259mizd\u0259 gender siyas\u0259tinin g\u00fccl\u0259ndirilm\u0259si, qad\u0131nlar\u0131n c\u0259miyy\u0259td\u0259 rolunun y\u00fcks\u0259ldilm\u0259si \u00fc\u00e7\u00fcn ard\u0131c\u0131l t\u0259dbirl\u0259r h\u0259yata ke\u00e7irilir. Az\u0259rbaycan qad\u0131nlar\u0131 m\u00fch\u00fcm d\u00f6vl\u0259t qurumlar\u0131nda, parlament v\u0259 b\u0259l\u0259diyy\u0259l\u0259rd\u0259 u\u011furla t\u0259msil olunur, ictimai-siyasi, sosial-iqtisadi, elmi-m\u0259d\u0259ni prosesl\u0259rd\u0259 f\u0259al i\u015ftirak edir, \u00f6lk\u0259 idman\u0131n\u0131n inki\u015faf\u0131na b\u00f6y\u00fck t\u00f6hf\u0259l\u0259r verirl\u0259r.<\/p>\n<p>Qad\u0131nlarla ba\u011fl\u0131 m\u0259s\u0259l\u0259l\u0259rin h\u0259lli \u00fc\u00e7\u00fcn bir \u00e7ox qanunlar\u0131n q\u0259bul olunmas\u0131, f\u0259rman v\u0259 s\u0259r\u0259ncamlar\u0131n imzalanmas\u0131, beyn\u0259lxalq t\u0259\u015fkilatlara \u00fczv olaraq m\u00fch\u00fcm s\u0259n\u0259dl\u0259rin \u00f6lk\u0259mizd\u0259 t\u0259tbiq olunmas\u0131 qad\u0131n h\u00fcquqlar\u0131n\u0131n realla\u015fmas\u0131 v\u0259 t\u0259minat\u0131 istiqam\u0259tind\u0259 inki\u015faf\u0131n \u0259ld\u0259 olunmas\u0131na t\u0259kan vermi\u015fdir. Az\u0259rbaycanda qad\u0131n h\u00fcquqlar\u0131n\u0131n qorunmas\u0131, t\u0259bli\u011f olunmas\u0131, qad\u0131nlar\u0131n d\u00f6vl\u0259t siyas\u0259tinin h\u0259yata ke\u00e7irilm\u0259sind\u0259 v\u0259 qanunlar\u0131n q\u0259bul edilm\u0259sind\u0259 i\u015ftirak\u0131n\u0131n art\u0131r\u0131lmas\u0131 d\u00f6vl\u0259t siyas\u0259tinin ayr\u0131lmaz t\u0259rkib hiss\u0259sidir.<\/p>\n<p>1998-ci il sentyabr\u0131n 25-d\u0259 ke\u00e7irilmi\u015f Az\u0259rbaycan qad\u0131nlar\u0131n\u0131n ilk qurultay\u0131 d\u00f6vl\u0259t qad\u0131n siyas\u0259tinin tarixind\u0259 m\u00fch\u00fcm hadis\u0259dir. Respublikada c\u0259r\u0259yan ed\u0259n m\u00fcr\u0259kk\u0259b ictimai-siyasi prosesl\u0259rin gedi\u015find\u0259 Az\u0259rbaycan qad\u0131nlar\u0131n\u0131n daim milli d\u00f6vl\u0259t\u00e7ilik m\u00f6vqeyind\u0259n \u00e7\u0131x\u0131\u015f etdikl\u0259rini n\u00fcmayi\u015f etdir\u0259n qurultayda m\u00fch\u00fcm m\u0259s\u0259l\u0259l\u0259r m\u00fczakir\u0259 olunmu\u015fdur. 1998-ci ild\u0259n etibar\u0259n h\u0259r be\u015f ild\u0259n bir Az\u0259rbaycan qad\u0131nlar\u0131n\u0131n qurultaylar\u0131 ke\u00e7irilir. Bu qurultaylar d\u00f6vl\u0259t qad\u0131n siyas\u0259ti sah\u0259sind\u0259 \u0259n \u0259lam\u0259tdar v\u0259 b\u00f6y\u00fck hadis\u0259l\u0259rd\u0259n biri kimi qiym\u0259tl\u0259ndirilir.<\/p>\n<p>8 mart \u00f6lk\u0259mizd\u0259 r\u0259smi bayram g\u00fcn\u00fc kimi qeyd olunur. H\u0259r il bayram g\u00fcn\u00fc \u0259r\u0259f\u0259sind\u0259 Az\u0259rbaycan qad\u0131nlar\u0131n\u0131n bir qrupuna f\u0259xri adlar verilir, onlar orden v\u0259 medallarla t\u0259ltif edilirl\u0259r.<\/p>\n<p>Az\u0259rbaycan qad\u0131n\u0131 \u00f6lk\u0259nin b\u00fct\u00fcn sah\u0259l\u0259rind\u0259 oldu\u011fu kimi Milli M\u0259clisd\u0259 d\u0259 u\u011furla t\u0259msil olunur. V \u00e7a\u011f\u0131r\u0131\u015f Milli M\u0259clis\u0259 21, VI \u00e7a\u011f\u0131r\u0131\u015f Milli M\u0259clis\u0259 22, VII \u00e7a\u011f\u0131r\u0131\u015f Milli M\u0259clis\u0259 26 qad\u0131n deputat se\u00e7ilmi\u015fdir. 2020-ci il mart\u0131n 10-dan Milli M\u0259clisin s\u0259dri Sahib\u0259 \u018fli q\u0131z\u0131 Qafarovad\u0131r.<\/p>\n<p>D\u00f6vl\u0259t qad\u0131n siyas\u0259ti bu g\u00fcn Prezident \u0130lham \u018fliyev t\u0259r\u0259find\u0259n yeni meyarlarla z\u0259nginl\u0259\u015fdiril\u0259r\u0259k y\u00fcks\u0259k s\u0259viyy\u0259d\u0259 davam etdirilir.<\/p>\n<p>\u00d6lk\u0259 ba\u015f\u00e7\u0131s\u0131n\u0131n r\u0259hb\u0259rliyi il\u0259 yeni siyasi v\u0259 iqtisadi sisteml\u0259 s\u00fcr\u0259tl\u0259 inki\u015faf ed\u0259r\u0259k b\u00f6lg\u0259nin lider d\u00f6vl\u0259tin\u0259 \u00e7evrilmi\u015f Az\u0259rbaycan gender siyas\u0259tinin realla\u015fd\u0131r\u0131lmas\u0131 m\u0259s\u0259l\u0259sind\u0259 d\u0259 yenilikl\u0259r\u0259 imza atm\u0131\u015fd\u0131r. Qad\u0131n h\u00fcquqlar\u0131n\u0131n m\u00fcdafi\u0259si, onlar \u00fc\u00e7\u00fcn yarad\u0131lan b\u00fct\u00fcn imkanlar\u0131n geni\u015fl\u0259ndirilm\u0259si Prezident \u0130lham \u018fliyevin d\u00f6vl\u0259t siyas\u0259tind\u0259 m\u00fc\u0259yy\u0259n etdiyi prioritet istiqam\u0259tl\u0259rd\u0259ndir. 2006-c\u0131 ild\u0259 qad\u0131nlarla ba\u011fl\u0131 i\u015fl\u0259rin daha m\u00fct\u0259\u015f\u0259kkil v\u0259 ard\u0131c\u0131l \u015f\u0259kild\u0259 apar\u0131lmas\u0131, ictimai h\u0259yat\u0131n b\u00fct\u00fcn sah\u0259l\u0259rind\u0259 b\u0259rab\u0259r h\u00fcquqlar\u0131n t\u0259min olunmas\u0131 sah\u0259sind\u0259 h\u00fcquqi bazan\u0131n t\u0259kmill\u0259\u015fdirilm\u0259si \u00fc\u00e7\u00fcn 2006-c\u0131 ild\u0259 \u201cGender (ki\u015fi v\u0259 qad\u0131nlar\u0131n) b\u0259rab\u0259rliyinin t\u0259minatlar\u0131 haqq\u0131nda\u201d, 2010-cu ild\u0259 \u201cM\u0259i\u015f\u0259t zorak\u0131l\u0131\u011f\u0131n\u0131n qar\u015f\u0131s\u0131n\u0131n al\u0131nmas\u0131 haqq\u0131nda\u201d Az\u0259rbaycan Respublikas\u0131n\u0131n qanunlar\u0131 q\u0259bul olunmu\u015fdur. Bu qanunlar\u0131n q\u0259bul edilm\u0259si insanlar\u0131n t\u0259f\u0259kk\u00fcr\u00fcnd\u0259 yeni d\u00fc\u015f\u00fcnc\u0259 t\u0259rzinin formala\u015fmas\u0131na t\u0259kan ver\u0259r\u0259k bir \u00e7ox stereotipl\u0259rin q\u0131r\u0131lmas\u0131na s\u0259b\u0259b olmu\u015fdur.<\/p>\n<p>\u00d6lk\u0259mizd\u0259 qad\u0131n siyas\u0259tinin effektivliyini t\u0259min etmi\u015f amill\u0259r:<\/p>\n<p>Az\u0259rbaycan Respublikas\u0131 Prezidentinin 1998-ci il 14 yanvar tarixli F\u0259rman\u0131 (<a href=\"https:\/\/l.facebook.com\/l.php?u=http%3A%2F%2Fe-qanun.az%2Fframework%2F4932%3Ffbclid%3DIwZXh0bgNhZW0CMTAAAR2D2etEGAz-O6knf46DnMrLlz3lDWfgSyuOMuwswN342Eb_muOrPQv5v00_aem_BoMhjbQgbt0Hh2aKL8sOhw&amp;h=AT0kMO5axLxzwGBXl9-KhuoJ8KKcLUDfekOqMAoxPM0z41oLuBnGwCJ7FNrkBVf7qTaIhK9twWFqEUJkz4Mc8yoXTqLtJ19KGZ1MG_m2IK_4FNL6p4NnKV1yHSBaImetT9Ad&amp;__tn__=-UK-R&amp;c%5b0%5d=AT00mLEUq6uhk26q10wxurQwEL7DEaVJGllyWg8VWWeVu6y1DGvNUixhzdXcIlVBVCptr2cNuc_U0IrTBBhwzi8l-nT90D-fhAFHcvZ6f9QKV7MXCsqnwhHQKkbCIxoQCoY0d5bcGklsQ_FrdP1SNxsD3lHLgyuaidne1uDfTCUB6hVWnQyTFyKX2MfV7z4-NmQj9NISpEkFCUaz7WATIfPrCw\"><strong>http:\/\/e-qanun.az\/framework\/4932<\/strong><\/a>) il\u0259 Az\u0259rbaycan Respublikas\u0131n\u0131n Qad\u0131n Probleml\u0259ri \u00fczr\u0259 D\u00f6vl\u0259t Komit\u0259si yarad\u0131lm\u0131\u015fd\u0131r;<\/p>\n<p>\u00d6lk\u0259nin siyasi, sosial, iqtisadi v\u0259 m\u0259d\u0259ni h\u0259yat\u0131nda qad\u0131nlar\u0131n rolunu art\u0131rmaq, Az\u0259rbaycan Respublikas\u0131n\u0131n 1995-ci il iyunun 30-da qo\u015fuldu\u011fu BMT-nin \u201cQad\u0131nlara m\u00fcnasib\u0259td\u0259 ayr\u0131-se\u00e7kiliyin b\u00fct\u00fcn formalar\u0131n\u0131n l\u0259\u011fv olunmas\u0131 haqq\u0131nda\u201d Konvensiyas\u0131ndan ir\u0259li g\u0259l\u0259n \u00f6hd\u0259likl\u0259rini daha geni\u015f miqyasda h\u0259yata ke\u00e7irm\u0259k \u00fc\u00e7\u00fcn 1998-ci il 14 yanvar tarixind\u0259 \u201cAz\u0259rbaycanda qad\u0131nlar\u0131n rolunun art\u0131r\u0131lmas\u0131na dair t\u0259dbirl\u0259r haqq\u0131nda\u201d S\u0259r\u0259ncam (<a href=\"https:\/\/l.facebook.com\/l.php?u=http%3A%2F%2Fe-qanun.az%2Fframework%2F4951%3Ffbclid%3DIwZXh0bgNhZW0CMTAAAR1Rp2Fl5ZOJu9hGXLZkwOCVvHaIdrDP9-ZXxOI3DSh5rQGwZYHKxAC5Z2w_aem_GNGJEY5wnA66k_xHszgA1A&amp;h=AT1qLP9cci49lDqGjApeolBc8WEXVjBERJ9cEZoIM28iLEApKZW4aX2eUw5ebs_FugiZLQHNMiT6-NqIwP_mKBQAuD1QqMKvMKUbtueyXNt8HcPUSuN-AAFhPZZ7O0VHYaQr&amp;__tn__=-UK-R&amp;c%5b0%5d=AT00mLEUq6uhk26q10wxurQwEL7DEaVJGllyWg8VWWeVu6y1DGvNUixhzdXcIlVBVCptr2cNuc_U0IrTBBhwzi8l-nT90D-fhAFHcvZ6f9QKV7MXCsqnwhHQKkbCIxoQCoY0d5bcGklsQ_FrdP1SNxsD3lHLgyuaidne1uDfTCUB6hVWnQyTFyKX2MfV7z4-NmQj9NISpEkFCUaz7WATIfPrCw\"><strong>http:\/\/e-qanun.az\/framework\/4951<\/strong><\/a>) imzalanm\u0131\u015fd\u0131r;<\/p>\n<p>Ulu \u00d6nd\u0259r Heyd\u0259r \u018fliyev t\u0259r\u0259find\u0259n 6 mart 2000-ci il tarixind\u0259 \u201cAz\u0259rbaycan Respublikas\u0131nda d\u00f6vl\u0259t qad\u0131n siyas\u0259tinin h\u0259yata ke\u00e7irilm\u0259si haqq\u0131nda\u201d F\u0259rman (<a href=\"https:\/\/l.facebook.com\/l.php?u=http%3A%2F%2Fe-qanun.az%2Fframework%2F597%3Ffbclid%3DIwZXh0bgNhZW0CMTAAAR1zu9H5Jbkoizc2c4o7BRHCXaOGOzu9AVeI323r2kDBQLMch2w92E_VQ5Y_aem_US3UCsd8jxxXuqxI5qagkg&amp;h=AT3t3dke7F7PcZNBUV_XJZvM15qXk1Ip8lHH_CJW8jZjy_J2EOQR-B40pl7p5QBFegVH9jACWzohAeQHW88iMUMLCtKg4ajAGvAhzF-WG9PAFEceTlx56VnJkcHOipZ5wvT4&amp;__tn__=-UK-R&amp;c%5b0%5d=AT00mLEUq6uhk26q10wxurQwEL7DEaVJGllyWg8VWWeVu6y1DGvNUixhzdXcIlVBVCptr2cNuc_U0IrTBBhwzi8l-nT90D-fhAFHcvZ6f9QKV7MXCsqnwhHQKkbCIxoQCoY0d5bcGklsQ_FrdP1SNxsD3lHLgyuaidne1uDfTCUB6hVWnQyTFyKX2MfV7z4-NmQj9NISpEkFCUaz7WATIfPrCw\"><strong>http:\/\/e-qanun.az\/framework\/597<\/strong><\/a>) imzalanm\u0131\u015fd\u0131r. F\u0259rmanla Az\u0259rbaycan Respublikas\u0131n\u0131n b\u00fct\u00fcn d\u00f6vl\u0259t qurumlar\u0131nda f\u0259aliyy\u0259t n\u00f6v\u00fc n\u0259z\u0259r\u0259 al\u0131nmaqla qad\u0131nlar\u0131n r\u0259hb\u0259rlik s\u0259viyy\u0259sind\u0259 ki\u015fil\u0259rl\u0259 b\u0259rab\u0259r t\u0259msil olunmas\u0131 t\u0259min edilm\u0259si tap\u015f\u0131r\u0131lm\u0131\u015fd\u0131r. F\u0259rman\u0131n icras\u0131n\u0131 t\u0259min etm\u0259k m\u0259qs\u0259di il\u0259 t\u0259sdiq edilmi\u015f Az\u0259rbaycan Respublikas\u0131 Nazirl\u0259r Kabinetinin 2000-ci il 26 sentyabr tarixli 176 n\u00f6mr\u0259li Q\u0259rar\u0131na (<a href=\"https:\/\/l.facebook.com\/l.php?u=http%3A%2F%2Fe-qanun.az%2Fframework%2F499%3Ffbclid%3DIwZXh0bgNhZW0CMTAAAR0y8hySi8PRFSIdrYOku-DkZRQZQ4ALcNj0ko4AS7GL9H3vKaf5mF74UTE_aem_4rFG3l_qGr-e9AKKP0fG_g&amp;h=AT099Go0uAzNQ-iQuIT_fX8x_mvUpr1FvgtgKxateojFwNDdRyh3i7lfAruE-F58HRNEsKmOBeWA0tMx6krddEnF7VRLm4d89jC19Yw2SSPvbfS50TbLAzg_FrjO_1F6-KLX&amp;__tn__=-UK-R&amp;c%5b0%5d=AT00mLEUq6uhk26q10wxurQwEL7DEaVJGllyWg8VWWeVu6y1DGvNUixhzdXcIlVBVCptr2cNuc_U0IrTBBhwzi8l-nT90D-fhAFHcvZ6f9QKV7MXCsqnwhHQKkbCIxoQCoY0d5bcGklsQ_FrdP1SNxsD3lHLgyuaidne1uDfTCUB6hVWnQyTFyKX2MfV7z4-NmQj9NISpEkFCUaz7WATIfPrCw\"><strong>http:\/\/e-qanun.az\/framework\/499<\/strong><\/a>) \u0259sas\u0259n nazirlik, komit\u0259, \u015firk\u0259t, konsern v\u0259 dig\u0259r d\u00f6vl\u0259t m\u00fc\u0259ssis\u0259 v\u0259 t\u0259\u015fkilatlar\u0131nda daxili imkanlar \u00e7\u0259r\u00e7iv\u0259sind\u0259 gender siyas\u0259ti t\u0259l\u0259bl\u0259rin\u0259 uy\u011fun olaraq gender m\u0259s\u0259l\u0259l\u0259ri \u00fczr\u0259 m\u0259sul \u015f\u0259xsl\u0259r t\u0259yin edilmi\u015f, h\u0259m\u00e7inin \u201cQa\u00e7q\u0131n v\u0259 m\u0259cburi k\u00f6\u00e7k\u00fcn qad\u0131nlar\u0131n m\u00fcnasib i\u015fl\u0259 t\u0259min edilm\u0259si Proqram\u0131\u201d t\u0259sdiq edilmi\u015fdir. Bu Q\u0259rar b\u00fct\u00fcn d\u00f6vl\u0259t orqanlar\u0131 (qurumlar\u0131) v\u0259 dig\u0259r t\u0259\u015fkilatlar\u0131n gender b\u0259rab\u0259rliyinin t\u0259min edilm\u0259si il\u0259 ba\u011fl\u0131 f\u0259aliyy\u0259tinin t\u0259kmill\u0259\u015fdirilm\u0259sin\u0259, h\u0259yata ke\u00e7irdikl\u0259ri siyas\u0259tl\u0259r\u0259 gender amilinin daxil edilm\u0259sin\u0259 imkan verdi;<\/p>\n<p>2000-ci ild\u0259 Az\u0259rbaycan Respublikas\u0131n\u0131n Nazirl\u0259r Kabineti 2000-2005-ci ill\u0259r \u00fc\u00e7\u00fcn \u201cAz\u0259rbaycan Respublikas\u0131nda Qad\u0131n Probleml\u0259ri \u00fczr\u0259 Milli F\u0259aliyy\u0259t Plan\u0131\u201dn\u0131 (<a href=\"https:\/\/l.facebook.com\/l.php?u=http%3A%2F%2Fe-qanun.az%2Fframework%2F868%3Ffbclid%3DIwZXh0bgNhZW0CMTAAAR3H2VhrxJXV3JM6rQQN25a9m409g0U_sd45Osz4BpsK2GiEaWddVAqXgOA_aem_GrHRqoKxHM9RUQGkp3pdMg&amp;h=AT3jGcqymhbm8cMnG9QAOW16xivqwkkb7brTR8KU__GdglDD1Oytgppv9M6mTr5ZFEqOtxLXz24pOdyzFEnXAofwYyfwLRGni5bQlDqfkRz2n53MUQqMTkEz7ZRtdMqOO4eB&amp;__tn__=-UK-R&amp;c%5b0%5d=AT00mLEUq6uhk26q10wxurQwEL7DEaVJGllyWg8VWWeVu6y1DGvNUixhzdXcIlVBVCptr2cNuc_U0IrTBBhwzi8l-nT90D-fhAFHcvZ6f9QKV7MXCsqnwhHQKkbCIxoQCoY0d5bcGklsQ_FrdP1SNxsD3lHLgyuaidne1uDfTCUB6hVWnQyTFyKX2MfV7z4-NmQj9NISpEkFCUaz7WATIfPrCw\"><strong>http:\/\/e-qanun.az\/framework\/868<\/strong><\/a>) q\u0259bul etmi\u015fdir. Milli F\u0259aliyy\u0259t Plan\u0131 milli prioritetl\u0259ri n\u0259z\u0259r\u0259 alaraq, siyas\u0259t, iqtisadiyyat, sosial, m\u0259d\u0259niyy\u0259t, t\u0259hsil v\u0259 s\u0259hiyy\u0259 sah\u0259l\u0259rini, el\u0259c\u0259 d\u0259 qa\u00e7q\u0131n v\u0259 m\u0259cburi k\u00f6\u00e7k\u00fcn qad\u0131nlar\u0131n probleml\u0259rini \u0259hat\u0259 etmi\u015fdir;<\/p>\n<p>Az\u0259rbaycan Respublikas\u0131n\u0131n Prezidenti \u0130lham \u018fliyevin 2006-c\u0131 il 6 fevral tarixli F\u0259rman\u0131 (<a href=\"https:\/\/l.facebook.com\/l.php?u=http%3A%2F%2Fe-qanun.az%2Fframework%2F11484%3Ffbclid%3DIwZXh0bgNhZW0CMTAAAR1Rp2Fl5ZOJu9hGXLZkwOCVvHaIdrDP9-ZXxOI3DSh5rQGwZYHKxAC5Z2w_aem_GNGJEY5wnA66k_xHszgA1A&amp;h=AT2DUkcLPeTLQdY17yKf9rSUAEkSyH-gZmQM9JtJ5ytj5jko9Ev7qIwhHXnv2YlZt-O5ygpRgWxdg2GW0DbqZh6-dEKhm0ZuMLl7zdgI2INee_qS2FKXtLOTc28o6DLZ0eyI&amp;__tn__=-UK-R&amp;c%5b0%5d=AT00mLEUq6uhk26q10wxurQwEL7DEaVJGllyWg8VWWeVu6y1DGvNUixhzdXcIlVBVCptr2cNuc_U0IrTBBhwzi8l-nT90D-fhAFHcvZ6f9QKV7MXCsqnwhHQKkbCIxoQCoY0d5bcGklsQ_FrdP1SNxsD3lHLgyuaidne1uDfTCUB6hVWnQyTFyKX2MfV7z4-NmQj9NISpEkFCUaz7WATIfPrCw\"><strong>http:\/\/e-qanun.az\/framework\/11484<\/strong><\/a>) il\u0259 Az\u0259rbaycan Respublikas\u0131n\u0131n Ail\u0259, Qad\u0131n v\u0259 U\u015faq Probleml\u0259ri \u00fczr\u0259 D\u00f6vl\u0259t Komit\u0259si yarad\u0131lm\u0131\u015fd\u0131r. Ail\u0259, Qad\u0131n v\u0259 U\u015faq Probleml\u0259ri \u00fczr\u0259 D\u00f6vl\u0259t Komit\u0259si ail\u0259, qad\u0131n v\u0259 u\u015faq probleml\u0259ri il\u0259 i\u015f sah\u0259sind\u0259 d\u00f6vl\u0259t siyas\u0259tini v\u0259 t\u0259nziml\u0259nm\u0259sini h\u0259yata ke\u00e7ir\u0259n m\u0259rk\u0259zi icra hakimiyy\u0259ti orqan\u0131d\u0131r (<a href=\"https:\/\/l.facebook.com\/l.php?u=http%3A%2F%2Fe-qanun.az%2Fframework%2F12320%3Ffbclid%3DIwZXh0bgNhZW0CMTAAAR0RhZgSnIEb9w67DjZi5yHvszzJDkmLTUWIg_RMywXpbikijzaq7APycMY_aem_0haUYfH6u6-Od2LZQnNEzw&amp;h=AT22zPHa8_Freh6ljFy7FeiZb6y1aHcVf7sniKczgzPrEF1zf8kQnA1v06rrr6vD-VGNGQvTZaYAqbUjrxCCGHJvOhdOnqzW8tUHoRJKOzelixIHHocNSzj034wVQvODjz7l&amp;__tn__=-UK-R&amp;c%5b0%5d=AT00mLEUq6uhk26q10wxurQwEL7DEaVJGllyWg8VWWeVu6y1DGvNUixhzdXcIlVBVCptr2cNuc_U0IrTBBhwzi8l-nT90D-fhAFHcvZ6f9QKV7MXCsqnwhHQKkbCIxoQCoY0d5bcGklsQ_FrdP1SNxsD3lHLgyuaidne1uDfTCUB6hVWnQyTFyKX2MfV7z4-NmQj9NISpEkFCUaz7WATIfPrCw\"><strong>http:\/\/e-qanun.az\/framework\/12320<\/strong><\/a>);<\/p>\n<p>\u201cGender (ki\u015fi v\u0259 qad\u0131nlar\u0131n) b\u0259rab\u0259rliyinin t\u0259minatlar\u0131 haqq\u0131nda\u201d Az\u0259rbaycan Respublikas\u0131n\u0131n Qanunu (<a href=\"https:\/\/l.facebook.com\/l.php?u=http%3A%2F%2Fe-qanun.az%2Fframework%2F12424%3Ffbclid%3DIwZXh0bgNhZW0CMTAAAR1zu9H5Jbkoizc2c4o7BRHCXaOGOzu9AVeI323r2kDBQLMch2w92E_VQ5Y_aem_US3UCsd8jxxXuqxI5qagkg&amp;h=AT1v5Y9kb_DXsrJiY7fyL1m8xK4WLf0ngdTSDx9FaJTC3F1G-vjY8hbrTA_RWhQ_XJHEHADUe_XbbHpgtyhByKKVqxSVKdUpC9N-8Tqw_-hAtIAos_jTFO7pl9iiU_PyBxD6&amp;__tn__=-UK-R&amp;c%5b0%5d=AT00mLEUq6uhk26q10wxurQwEL7DEaVJGllyWg8VWWeVu6y1DGvNUixhzdXcIlVBVCptr2cNuc_U0IrTBBhwzi8l-nT90D-fhAFHcvZ6f9QKV7MXCsqnwhHQKkbCIxoQCoY0d5bcGklsQ_FrdP1SNxsD3lHLgyuaidne1uDfTCUB6hVWnQyTFyKX2MfV7z4-NmQj9NISpEkFCUaz7WATIfPrCw\"><strong>http:\/\/e-qanun.az\/framework\/12424<\/strong><\/a>) 2006-c\u0131 il 10 oktyabr tarixind\u0259 q\u0259bul olunmu\u015fdur. Qanun cinsi m\u0259nsubiyy\u0259t\u0259 g\u00f6r\u0259 ayr\u0131-se\u00e7kiliyin b\u00fct\u00fcn formalar\u0131n\u0131 aradan qald\u0131rmaqla, ki\u015fi v\u0259 qad\u0131nlara ictimai h\u0259yat\u0131n siyasi, iqtisadi, sosial, m\u0259d\u0259ni v\u0259 dig\u0259r sah\u0259l\u0259rind\u0259 b\u0259rab\u0259r imkanlar yaratmaqla gender b\u0259rab\u0259rliyinin t\u0259min edilm\u0259sin\u0259 xidm\u0259t edir;<\/p>\n<p>2010-cu ild\u0259 \u201cM\u0259i\u015f\u0259t zorak\u0131l\u0131\u011f\u0131n\u0131n qar\u015f\u0131s\u0131n\u0131n al\u0131nmas\u0131 haqq\u0131nda\u201d Az\u0259rbaycan Respublikas\u0131n\u0131n Qanunu (<a href=\"http:\/\/www.e-qanun.az\/framework\/20131?fbclid=IwZXh0bgNhZW0CMTAAAR3H2VhrxJXV3JM6rQQN25a9m409g0U_sd45Osz4BpsK2GiEaWddVAqXgOA_aem_GrHRqoKxHM9RUQGkp3pdMg\"><strong>http:\/\/www.e-qanun.az\/framework\/20131<\/strong><\/a>) q\u0259bul olunmu\u015fdur;<\/p>\n<p>Az\u0259rbaycan bir s\u0131ra beyn\u0259lxalq t\u0259\u015fkilatlara v\u0259 konvensiyalara qo\u015fulmu\u015f, milli qanunvericilikd\u0259 qad\u0131n h\u00fcquqlar\u0131 m\u00f6vzusunu t\u0259kmill\u0259\u015fdirmi\u015fdir:<\/p>\n<p>1995-ci ild\u0259 \u201cQad\u0131nlara qar\u015f\u0131 ayr\u0131-se\u00e7kiliyin b\u00fct\u00fcn formalar\u0131n\u0131n l\u0259\u011fv olunmas\u0131 haqq\u0131nda\u201d konvensiya;<\/p>\n<p>Beyn\u0259lxalq \u018fm\u0259k T\u0259\u015fkilat\u0131n\u0131n (B\u018fT) qad\u0131n \u0259m\u0259yi sah\u0259sind\u0259 q\u0259bul etdiyi \u201cYeralt\u0131 i\u015fl\u0259rd\u0259 qad\u0131n \u0259m\u0259yinin t\u0259tbiqi haqq\u0131nda\u201d konvensiya;<\/p>\n<p>\u201cB\u0259rab\u0259r \u0259m\u0259y\u0259 g\u00f6r\u0259 ki\u015fil\u0259r\u0259 v\u0259 qad\u0131nlara b\u0259rab\u0259r haqq verilm\u0259si haqq\u0131nda\u201d konvensiya;<\/p>\n<p>\u201cAnal\u0131\u011f\u0131n m\u00fchafiz\u0259si haqq\u0131nda\u201d konvensiya;<\/p>\n<p>\u201c\u018fm\u0259k v\u0259 m\u0259\u015f\u011fulluq sah\u0259sind\u0259 ayr\u0131-se\u00e7kilik haqq\u0131nda\u201d konvensiya;<\/p>\n<p>\u201c\u018frd\u0259 olan qad\u0131n\u0131n v\u0259t\u0259nda\u015fl\u0131\u011f\u0131 haqq\u0131nda\u201d konvensiya;<\/p>\n<p>\u201c2008-2015-ci ill\u0259rd\u0259 Az\u0259rbaycan Respublikas\u0131nda yoxsullu\u011fun azald\u0131lmas\u0131 v\u0259 davaml\u0131 inki\u015faf D\u00f6vl\u0259t Proqram\u0131\u201d (<a href=\"https:\/\/l.facebook.com\/l.php?u=http%3A%2F%2Fwww.e-qanun.az%2Fframework%2F15399%3Ffbclid%3DIwZXh0bgNhZW0CMTAAAR3H2VhrxJXV3JM6rQQN25a9m409g0U_sd45Osz4BpsK2GiEaWddVAqXgOA_aem_GrHRqoKxHM9RUQGkp3pdMg&amp;h=AT0zY3dqdIwqc_wlkS4JTM6cx6J6QtV02GmtRnJjZt3Dzp78WmxFlNd1I3EKs8IyMJAJ199_1eBrwmHXlYum6D0vyMf4lYSv7KQxJT2GZUoXjKCWqXjUdbunR7iNwWn2As7U&amp;__tn__=-UK-R&amp;c%5b0%5d=AT00mLEUq6uhk26q10wxurQwEL7DEaVJGllyWg8VWWeVu6y1DGvNUixhzdXcIlVBVCptr2cNuc_U0IrTBBhwzi8l-nT90D-fhAFHcvZ6f9QKV7MXCsqnwhHQKkbCIxoQCoY0d5bcGklsQ_FrdP1SNxsD3lHLgyuaidne1uDfTCUB6hVWnQyTFyKX2MfV7z4-NmQj9NISpEkFCUaz7WATIfPrCw\"><strong>http:\/\/www.e-qanun.az\/framework\/15399<\/strong><\/a>);<\/p>\n<p>\u201cAz\u0259rbaycan Respublikas\u0131n\u0131n M\u0259\u015f\u011fulluq Strategiyas\u0131n\u0131n h\u0259yata ke\u00e7irilm\u0259si \u00fczr\u0259 2011-2015-ci ill\u0259r \u00fc\u00e7\u00fcn D\u00f6vl\u0259t Proqram\u0131\u201d (<a href=\"http:\/\/www.e-qanun.az\/framework\/22533?fbclid=IwZXh0bgNhZW0CMTAAAR0RhZgSnIEb9w67DjZi5yHvszzJDkmLTUWIg_RMywXpbikijzaq7APycMY_aem_0haUYfH6u6-Od2LZQnNEzw\"><strong>http:\/\/www.e-qanun.az\/framework\/22533<\/strong><\/a>).<\/p>\n<p>&nbsp;<\/p>\n","protected":false},"excerpt":{"rendered":"<p>Tarixin b\u00fct\u00fcn d\u00f6vrl\u0259rind\u0259 Az\u0259rbaycan qad\u0131n\u0131 V\u0259t\u0259nimizin m\u00fcdafi\u0259sind\u0259 yax\u0131ndan i\u015ftirak etmi\u015f, siyasi v\u0259 d\u00f6vl\u0259t quruculu\u011fu sah\u0259sind\u0259 \u0259sl v\u0259t\u0259np\u0259rv\u0259rlik n\u00fcmun\u0259l\u0259ri g\u00f6st\u0259rmi\u015fdir. Az\u0259rbaycan xalq \u0259d\u0259biyyat\u0131n\u0131n \u0259n q\u0259dim yaz\u0131l\u0131 abid\u0259si olan \u201cKitabi-D\u0259d\u0259 Qorqud\u201d dastan\u0131nda Az\u0259rbaycan qad\u0131nlar\u0131n\u0131n sava\u015f meydan\u0131nda g\u00f6st\u0259rdiyi \u015f\u00fcca\u0259t, eyni zamanda M\u00f6min\u0259 Xatun, Sara Xatun, N\u00fc\u015fab\u0259, Tomris, Nigar, H\u0259c\u0259r, Tutu Bik\u0259 kimi q\u0259hr\u0259manl\u0131q n\u00fcmun\u0259si olan lider qad\u0131nlar\u0131m\u0131z bunun [&hellip;]<\/p>\n","protected":false},"author":2,"featured_media":0,"comment_status":"closed","ping_status":"closed","sticky":false,"template":"","format":"standard","meta":[],"categories":[10],"tags":[],"_links":{"self":[{"href":"https:\/\/yeniterter.az\/index.php?rest_route=\/wp\/v2\/posts\/29236"}],"collection":[{"href":"https:\/\/yeniterter.az\/index.php?rest_route=\/wp\/v2\/posts"}],"about":[{"href":"https:\/\/yeniterter.az\/index.php?rest_route=\/wp\/v2\/types\/post"}],"author":[{"embeddable":true,"href":"https:\/\/yeniterter.az\/index.php?rest_route=\/wp\/v2\/users\/2"}],"replies":[{"embeddable":true,"href":"https:\/\/yeniterter.az\/index.php?rest_route=%2Fwp%2Fv2%2Fcomments&post=29236"}],"version-history":[{"count":1,"href":"https:\/\/yeniterter.az\/index.php?rest_route=\/wp\/v2\/posts\/29236\/revisions"}],"predecessor-version":[{"id":29238,"href":"https:\/\/yeniterter.az\/index.php?rest_route=\/wp\/v2\/posts\/29236\/revisions\/29238"}],"wp:attachment":[{"href":"https:\/\/yeniterter.az\/index.php?rest_route=%2Fwp%2Fv2%2Fmedia&parent=29236"}],"wp:term":[{"taxonomy":"category","embeddable":true,"href":"https:\/\/yeniterter.az\/index.php?rest_route=%2Fwp%2Fv2%2Fcategories&post=29236"},{"taxonomy":"post_tag","embeddable":true,"href":"https:\/\/yeniterter.az\/index.php?rest_route=%2Fwp%2Fv2%2Ftags&post=29236"}],"curies":[{"name":"wp","href":"https:\/\/api.w.org\/{rel}","templated":true}]}}