{"id":29207,"date":"2025-03-04T10:13:51","date_gmt":"2025-03-04T07:13:51","guid":{"rendered":"https:\/\/yeniterter.az\/?p=29207"},"modified":"2025-03-04T10:13:51","modified_gmt":"2025-03-04T07:13:51","slug":"sahmat-yarisi-2","status":"publish","type":"post","link":"https:\/\/yeniterter.az\/?p=29207","title":{"rendered":"\u015eahmat yar\u0131\u015f\u0131"},"content":{"rendered":"<p><img decoding=\"async\" loading=\"lazy\" class=\" wp-image-29209 alignleft\" src=\"https:\/\/yeniterter.az\/wp-content\/uploads\/1-1-300x200.jpeg\" alt=\"\" width=\"167\" height=\"111\" srcset=\"https:\/\/yeniterter.az\/wp-content\/uploads\/1-1-300x200.jpeg 300w, https:\/\/yeniterter.az\/wp-content\/uploads\/1-1-1024x683.jpeg 1024w, https:\/\/yeniterter.az\/wp-content\/uploads\/1-1-768x512.jpeg 768w, https:\/\/yeniterter.az\/wp-content\/uploads\/1-1-1536x1024.jpeg 1536w, https:\/\/yeniterter.az\/wp-content\/uploads\/1-1-2048x1365.jpeg 2048w\" sizes=\"(max-width: 167px) 100vw, 167px\" \/>Xocal\u0131 soyq\u0131r\u0131m\u0131 qurbanlar\u0131n\u0131n xatir\u0259sin\u0259 h\u0259sr olunan m\u0259kt\u0259blil\u0259r aras\u0131nda \u015fahmat \u00fczr\u0259 rayon birinciliyi ke\u00e7irilib.<br \/>\n\u018fvv\u0259lc\u0259 Xocal\u0131 faci\u0259si qurbanlar\u0131n\u0131n xatir\u0259si bir d\u0259qiq\u0259lik s\u00fckutla yad edilib.<br \/>\nT\u0259dbird\u0259 i\u015ftirak ed\u0259n rayon icra hakimiyy\u0259ti aparat\u0131n\u0131n Yetkinlik ya\u015f\u0131na \u00e7atmayanlar\u0131n i\u015fl\u0259ri v\u0259 h\u00fcquqlar\u0131n\u0131n m\u00fcdafi\u0259si \u00fczr\u0259 komissiyan\u0131n m\u0259sul katibi R\u0259van H\u0259s\u0259nov, YAP rayon t\u0259\u015fkilat\u0131n\u0131n n\u00fcmay\u0259nd\u0259si G\u00fcnd\u00fcz Al\u0131ki\u015fiyev, U\u015faq-G\u0259ncl\u0259r \u0130dman-\u015eahmat M\u0259kt\u0259binin direktoru F\u0259r\u0259c Rzayev i\u015ftirak\u00e7\u0131lara soyq\u0131r\u0131m\u0131n\u0131n s\u0259b\u0259bl\u0259ri v\u0259 a\u011f\u0131r n\u0259tic\u0259l\u0259ri bar\u0259d\u0259 m\u0259lumat veribl\u0259r.<br \/>\nQeyd olunub ki, Az\u0259rbaycan xalq\u0131 erm\u0259ni silahl\u0131 birl\u0259\u015fm\u0259l\u0259rinin t\u00f6r\u0259tdikl\u0259ri Xocal\u0131 soyq\u0131r\u0131m\u0131n\u0131 he\u00e7 vaxt unutmayacaq.<br \/>\nSonra yar\u0131\u015flara start verilib. Birincilikd\u0259 60 n\u0259f\u0259r \u015fahmat\u00e7\u0131 i\u015ftirak edib. Yar\u0131\u015f 3 g\u00fcn davam edib, I, II v\u0259 III yerl\u0259r\u0259 layiq g\u00f6r\u00fcl\u0259n \u015fahmat\u00e7\u0131lar qiym\u0259tli h\u0259diyy\u0259l\u0259r v\u0259 f\u0259xri f\u0259rmanlarla m\u00fckafatland\u0131r\u0131l\u0131blar.<\/p>\n<p>&nbsp;<\/p>\n","protected":false},"excerpt":{"rendered":"<p>Xocal\u0131 soyq\u0131r\u0131m\u0131 qurbanlar\u0131n\u0131n xatir\u0259sin\u0259 h\u0259sr olunan m\u0259kt\u0259blil\u0259r aras\u0131nda \u015fahmat \u00fczr\u0259 rayon birinciliyi ke\u00e7irilib. \u018fvv\u0259lc\u0259 Xocal\u0131 faci\u0259si qurbanlar\u0131n\u0131n xatir\u0259si bir d\u0259qiq\u0259lik s\u00fckutla yad edilib. T\u0259dbird\u0259 i\u015ftirak ed\u0259n rayon icra hakimiyy\u0259ti aparat\u0131n\u0131n Yetkinlik ya\u015f\u0131na \u00e7atmayanlar\u0131n i\u015fl\u0259ri v\u0259 h\u00fcquqlar\u0131n\u0131n m\u00fcdafi\u0259si \u00fczr\u0259 komissiyan\u0131n m\u0259sul katibi R\u0259van H\u0259s\u0259nov, YAP rayon t\u0259\u015fkilat\u0131n\u0131n n\u00fcmay\u0259nd\u0259si G\u00fcnd\u00fcz Al\u0131ki\u015fiyev, U\u015faq-G\u0259ncl\u0259r \u0130dman-\u015eahmat M\u0259kt\u0259binin direktoru F\u0259r\u0259c Rzayev [&hellip;]<\/p>\n","protected":false},"author":2,"featured_media":0,"comment_status":"closed","ping_status":"closed","sticky":false,"template":"","format":"standard","meta":[],"categories":[7],"tags":[],"_links":{"self":[{"href":"https:\/\/yeniterter.az\/index.php?rest_route=\/wp\/v2\/posts\/29207"}],"collection":[{"href":"https:\/\/yeniterter.az\/index.php?rest_route=\/wp\/v2\/posts"}],"about":[{"href":"https:\/\/yeniterter.az\/index.php?rest_route=\/wp\/v2\/types\/post"}],"author":[{"embeddable":true,"href":"https:\/\/yeniterter.az\/index.php?rest_route=\/wp\/v2\/users\/2"}],"replies":[{"embeddable":true,"href":"https:\/\/yeniterter.az\/index.php?rest_route=%2Fwp%2Fv2%2Fcomments&post=29207"}],"version-history":[{"count":1,"href":"https:\/\/yeniterter.az\/index.php?rest_route=\/wp\/v2\/posts\/29207\/revisions"}],"predecessor-version":[{"id":29210,"href":"https:\/\/yeniterter.az\/index.php?rest_route=\/wp\/v2\/posts\/29207\/revisions\/29210"}],"wp:attachment":[{"href":"https:\/\/yeniterter.az\/index.php?rest_route=%2Fwp%2Fv2%2Fmedia&parent=29207"}],"wp:term":[{"taxonomy":"category","embeddable":true,"href":"https:\/\/yeniterter.az\/index.php?rest_route=%2Fwp%2Fv2%2Fcategories&post=29207"},{"taxonomy":"post_tag","embeddable":true,"href":"https:\/\/yeniterter.az\/index.php?rest_route=%2Fwp%2Fv2%2Ftags&post=29207"}],"curies":[{"name":"wp","href":"https:\/\/api.w.org\/{rel}","templated":true}]}}