{"id":29189,"date":"2025-03-04T09:29:45","date_gmt":"2025-03-04T06:29:45","guid":{"rendered":"https:\/\/yeniterter.az\/?p=29189"},"modified":"2025-03-04T09:30:21","modified_gmt":"2025-03-04T06:30:21","slug":"xarici-gorunusl%c9%99-daxili-z%c9%99nginlik-v%c9%99hd%c9%99t-t%c9%99skil-edir","status":"publish","type":"post","link":"https:\/\/yeniterter.az\/?p=29189","title":{"rendered":"XAR\u0130C\u0130 G\u00d6R\u00dcN\u00dc\u015eL\u018f DAX\u0130L\u0130 Z\u018fNG\u0130NL\u0130K V\u018fHD\u018fT T\u018f\u015eK\u0130L ED\u0130R"},"content":{"rendered":"<p><img decoding=\"async\" loading=\"lazy\" class=\"wp-image-29190 alignleft\" src=\"https:\/\/yeniterter.az\/wp-content\/uploads\/2748ab18-74fe-4d9e-90d9-d4a10ab09802-169x300.jpg\" alt=\"\" width=\"98\" height=\"174\" srcset=\"https:\/\/yeniterter.az\/wp-content\/uploads\/2748ab18-74fe-4d9e-90d9-d4a10ab09802-169x300.jpg 169w, https:\/\/yeniterter.az\/wp-content\/uploads\/2748ab18-74fe-4d9e-90d9-d4a10ab09802-576x1024.jpg 576w, https:\/\/yeniterter.az\/wp-content\/uploads\/2748ab18-74fe-4d9e-90d9-d4a10ab09802-768x1365.jpg 768w, https:\/\/yeniterter.az\/wp-content\/uploads\/2748ab18-74fe-4d9e-90d9-d4a10ab09802-864x1536.jpg 864w, https:\/\/yeniterter.az\/wp-content\/uploads\/2748ab18-74fe-4d9e-90d9-d4a10ab09802.jpg 1080w\" sizes=\"(max-width: 98px) 100vw, 98px\" \/>Rayonumuzun qad\u0131nlar\u0131 M\u0259lah\u0259t \u0130brahimovan\u0131 yax\u015f\u0131 tan\u0131y\u0131rlar (ad\u0131 M\u0259lah\u0259t olsa da, onu G\u00f6z\u0259l dey\u0259 \u00e7a\u011f\u0131r\u0131rlar). B\u0259lk\u0259 ona g\u00f6r\u0259 G\u00f6z\u0259l deyirl\u0259r ki, \u00f6z\u00fc d\u0259 g\u00f6z\u0259llik ustas\u0131d\u0131r. 34 ild\u0259n \u00e7oxdur ki, sevimli pe\u015f\u0259si il\u0259 qad\u0131nlar\u0131m\u0131z\u0131n xidm\u0259tind\u0259dir.<br \/>\nM\u0259lah\u0259t xan\u0131m deyir:<br \/>\n\u2013M\u0259n K\u0259lb\u0259c\u0259r rayonunun Nadirxanl\u0131 k\u0259ndind\u0259 anadan olmu\u015fam. Orta m\u0259kt\u0259bi bitir\u0259nd\u0259n sonra 1990-c\u0131 ild\u0259 La\u00e7\u0131n \u015f\u0259h\u0259rind\u0259 kollecd\u0259 t\u0259hsil al\u0131b, d\u0259rzilik pe\u015f\u0259sin\u0259 yiy\u0259l\u0259ndim. \u00d6z rayonumuzda m\u0259i\u015f\u0259t evind\u0259 i\u015fl\u0259yirdim. 1992-ci ild\u0259 h\u0259yat\u0131m\u0131z d\u0259yi\u015fdi. Ail\u0259miz m\u0259cburi k\u00f6\u00e7k\u00fcn kimi T\u0259rt\u0259r\u0259 g\u0259lib burada m\u0259skunla\u015fd\u0131.<br \/>\n\u00c7\u0259tin g\u00fcnl\u0259rd\u0259 d\u0259rzilik pe\u015f\u0259si M\u0259lah\u0259t xan\u0131ma \u00e7ox k\u00f6m\u0259k oldu. Tezlikl\u0259 t\u0259rt\u0259rli qad\u0131nlar onu tan\u0131d\u0131lar v\u0259 s\u0259liq\u0259-s\u0259hman\u0131na, xasiyy\u0259tin\u0259, m\u00fclayim t\u0259bi\u0259tin\u0259 g\u00f6r\u0259 \u00e7ox sevdil\u0259r. Ail\u0259 qurdu, iki \u00f6vlad anas\u0131 oldu. Haz\u0131rda is\u0259 4 g\u00f6z\u0259l n\u0259v\u0259nin n\u0259n\u0259sidir.<br \/>\nM\u0259lah\u0259t xan\u0131m deyir:<br \/>\n\u2013T\u0259rt\u0259r Qad\u0131n Resurs M\u0259rk\u0259zi il\u0259 tan\u0131\u015fl\u0131\u011f\u0131m h\u0259yat\u0131mda d\u00f6n\u00fc\u015f n\u00f6qt\u0259sin\u0259 \u00e7evrildi. Burada biznes t\u0259liml\u0259rin\u0259 qo\u015fuldum v\u0259 tezlikl\u0259 anlad\u0131m ki, indiy\u0259d\u0259k sahibkarl\u0131qla ba\u011fl\u0131 m\u00fc\u0259yy\u0259n bilikl\u0259rim olmay\u0131b. Ona g\u00f6r\u0259 d\u0259 \u00e7\u0259tinlikl\u0259rl\u0259 rastla\u015fm\u0131\u015fam. Burada biznes-plan t\u0259rtib etm\u0259yi \u00f6yr\u0259ndim, dig\u0259r z\u0259ruri bilikl\u0259r\u0259 yiy\u0259l\u0259ndim v\u0259 qalib oldum. <!--more-->M\u0259rk\u0259z t\u0259r\u0259find\u0259n sahibkarl\u0131q f\u0259aliyy\u0259timi geni\u015fl\u0259ndirm\u0259k \u00fc\u00e7\u00fcn m\u0259n\u0259 laz\u0131mi avadanl\u0131q verildi.<br \/>\nM\u0259lah\u0259t xan\u0131m \u015fagirdl\u0259ri haqq\u0131nda da \u00fcr\u0259kdolusu dan\u0131\u015fd\u0131. Dedi ki, 34 il \u0259rzind\u0259 onlarla q\u0131za d\u0259rzi pe\u015f\u0259sinin inc\u0259likl\u0259rini \u00f6yr\u0259dib. Onlardan Aytac, Lal\u0259 art\u0131q s\u0259rb\u0259st i\u015fl\u0259yirl\u0259r v\u0259 qad\u0131nlar\u0131m\u0131z\u0131n r\u0259\u011fb\u0259tini qazan\u0131blar. Mehriban is\u0259 Xank\u0259ndi \u015f\u0259h\u0259rind\u0259ki tiki\u015f fabrikind\u0259 ba\u015f ustad\u0131r.<br \/>\nM\u0259lah\u0259t xan\u0131m deyir:<br \/>\n\u2013Qad\u0131n v\u0259 g\u00f6z\u0259llik s\u00f6zl\u0259ri bir v\u0259hd\u0259t t\u0259\u015fkil edir. Ancaq biz \u00f6z z\u0259hm\u0259timizl\u0259 bu g\u00f6r\u00fcn\u00fc\u015f\u0259 \u0259lav\u0259 \u00e7alarlar qat\u0131r\u0131q. H\u0259mi\u015f\u0259 \u00e7al\u0131\u015f\u0131ram ki, qad\u0131nlar\u0131m\u0131z\u0131n geyiml\u0259ri d\u0259b\u0259 uy\u011fun olsa da, milli \u00fcslubumuzla, mentalitetimizl\u0259 ayaqla\u015fs\u0131n. Az\u0259rbaycan qad\u0131n\u0131n\u0131n xarici g\u00f6rk\u0259mi onun daxili z\u0259nginliyini \u0259ks etdirm\u0259lidir.<\/p>\n<p style=\"text-align: right;\"><em><strong>\u201cYEN\u0130\u2008T\u018fRT\u018fR\u201d<\/strong><\/em><\/p>\n","protected":false},"excerpt":{"rendered":"<p>Rayonumuzun qad\u0131nlar\u0131 M\u0259lah\u0259t \u0130brahimovan\u0131 yax\u015f\u0131 tan\u0131y\u0131rlar (ad\u0131 M\u0259lah\u0259t olsa da, onu G\u00f6z\u0259l dey\u0259 \u00e7a\u011f\u0131r\u0131rlar). B\u0259lk\u0259 ona g\u00f6r\u0259 G\u00f6z\u0259l deyirl\u0259r ki, \u00f6z\u00fc d\u0259 g\u00f6z\u0259llik ustas\u0131d\u0131r. 34 ild\u0259n \u00e7oxdur ki, sevimli pe\u015f\u0259si il\u0259 qad\u0131nlar\u0131m\u0131z\u0131n xidm\u0259tind\u0259dir. M\u0259lah\u0259t xan\u0131m deyir: \u2013M\u0259n K\u0259lb\u0259c\u0259r rayonunun Nadirxanl\u0131 k\u0259ndind\u0259 anadan olmu\u015fam. Orta m\u0259kt\u0259bi bitir\u0259nd\u0259n sonra 1990-c\u0131 ild\u0259 La\u00e7\u0131n \u015f\u0259h\u0259rind\u0259 kollecd\u0259 t\u0259hsil al\u0131b, d\u0259rzilik [&hellip;]<\/p>\n","protected":false},"author":2,"featured_media":0,"comment_status":"closed","ping_status":"closed","sticky":false,"template":"","format":"standard","meta":[],"categories":[10],"tags":[],"_links":{"self":[{"href":"https:\/\/yeniterter.az\/index.php?rest_route=\/wp\/v2\/posts\/29189"}],"collection":[{"href":"https:\/\/yeniterter.az\/index.php?rest_route=\/wp\/v2\/posts"}],"about":[{"href":"https:\/\/yeniterter.az\/index.php?rest_route=\/wp\/v2\/types\/post"}],"author":[{"embeddable":true,"href":"https:\/\/yeniterter.az\/index.php?rest_route=\/wp\/v2\/users\/2"}],"replies":[{"embeddable":true,"href":"https:\/\/yeniterter.az\/index.php?rest_route=%2Fwp%2Fv2%2Fcomments&post=29189"}],"version-history":[{"count":1,"href":"https:\/\/yeniterter.az\/index.php?rest_route=\/wp\/v2\/posts\/29189\/revisions"}],"predecessor-version":[{"id":29191,"href":"https:\/\/yeniterter.az\/index.php?rest_route=\/wp\/v2\/posts\/29189\/revisions\/29191"}],"wp:attachment":[{"href":"https:\/\/yeniterter.az\/index.php?rest_route=%2Fwp%2Fv2%2Fmedia&parent=29189"}],"wp:term":[{"taxonomy":"category","embeddable":true,"href":"https:\/\/yeniterter.az\/index.php?rest_route=%2Fwp%2Fv2%2Fcategories&post=29189"},{"taxonomy":"post_tag","embeddable":true,"href":"https:\/\/yeniterter.az\/index.php?rest_route=%2Fwp%2Fv2%2Ftags&post=29189"}],"curies":[{"name":"wp","href":"https:\/\/api.w.org\/{rel}","templated":true}]}}