{"id":29178,"date":"2025-02-26T08:20:28","date_gmt":"2025-02-26T05:20:28","guid":{"rendered":"https:\/\/yeniterter.az\/?p=29178"},"modified":"2025-02-26T08:20:28","modified_gmt":"2025-02-26T05:20:28","slug":"pakistan-bizim-ucun-%c9%99n-yaxin-dost-v%c9%99-qardaslardan-biridir","status":"publish","type":"post","link":"https:\/\/yeniterter.az\/?p=29178","title":{"rendered":"Pakistan bizim \u00fc\u00e7\u00fcn \u0259n yax\u0131n dost v\u0259 qarda\u015flardan biridir"},"content":{"rendered":"<p><img decoding=\"async\" loading=\"lazy\" class=\" wp-image-29179 alignright\" src=\"https:\/\/yeniterter.az\/wp-content\/uploads\/481086924_491532094011256_7865185464377240644_n-300x209.jpg\" alt=\"\" width=\"375\" height=\"261\" srcset=\"https:\/\/yeniterter.az\/wp-content\/uploads\/481086924_491532094011256_7865185464377240644_n-300x209.jpg 300w, https:\/\/yeniterter.az\/wp-content\/uploads\/481086924_491532094011256_7865185464377240644_n.jpg 720w\" sizes=\"(max-width: 375px) 100vw, 375px\" \/>Az\u0259rbaycan Respublikas\u0131n\u0131n Prezidenti \u0130lham \u018fliyev Pakistan \u0130slam Respublikas\u0131n\u0131n Ba\u015f naziri M\u0259h\u0259mm\u0259d \u015eahbaz \u015e\u0259rif il\u0259 g\u00f6r\u00fc\u015f\u00fcb.<\/p>\n<p>Prezident \u0130lham \u018fliyevin Pakistan\u0131n Ba\u015f naziri M\u0259h\u0259mm\u0259d \u015eahbaz \u015e\u0259rif il\u0259 geni\u015f t\u0259rkibd\u0259 g\u00f6r\u00fc\u015f\u00fc olub.<\/p>\n<p>Qeyd edilib ki, s\u0259f\u0259r \u00f6lk\u0259l\u0259rimiz aras\u0131nda qarda\u015fl\u0131q \u0259laq\u0259l\u0259rini g\u00fccl\u0259ndir\u0259c\u0259k.<\/p>\n<p>Pakistan il\u0259 Az\u0259rbaycan aras\u0131nda bu c\u00fcr qarda\u015fl\u0131q m\u00fcnasib\u0259tl\u0259rini g\u00f6rm\u0259k iki qarda\u015f m\u00fcs\u0259lman \u00f6lk\u0259si aras\u0131nda t\u0259r\u0259fda\u015fl\u0131\u011f\u0131n yax\u015f\u0131 n\u00fcmun\u0259sidir.<\/p>\n<p>Prezident \u0130lham \u018fliyev Pakistan\u0131n Ba\u015f naziri M\u0259h\u0259mm\u0259d \u015eahbaz \u015e\u0259rif il\u0259<\/p>\n<p>g\u00f6r\u00fc\u015f\u00fc \u00e7\u0259r\u00e7iv\u0259sind\u0259 m\u0259tbuata b\u0259yanatla \u00e7\u0131x\u0131\u015f edib.<\/p>\n<p>D\u00f6vl\u0259t ba\u015f\u00e7\u0131s\u0131 bildirib ki, bu dinamika \u00f6lk\u0259l\u0259rimiz aras\u0131nda s\u0131x m\u00fcnasib\u0259tl\u0259ri \u0259ks etdirir.<\/p>\n<p>Bu g\u00fcn ikit\u0259r\u0259fli g\u00fcnd\u0259liy\u0259 aid \u00e7ox m\u00fch\u00fcm m\u0259s\u0259l\u0259l\u0259ri m\u00fczakir\u0259 etdik v\u0259 \u00f6lk\u0259l\u0259rimiz aras\u0131nda s\u0131x t\u0259r\u0259fda\u015fl\u0131\u011f\u0131n vacibliyini bir daha qeyd etdik, \u00f6lk\u0259l\u0259rimiz, xalqlar\u0131m\u0131z v\u0259 t\u0259msil etdiyimiz regionlar \u00fc\u00e7\u00fcn \u0259m\u0259kda\u015fl\u0131\u011f\u0131m\u0131z\u0131n strateji \u0259h\u0259miyy\u0259tini bir daha vur\u011fulad\u0131q. \u0130ki qarda\u015f \u00f6lk\u0259 olaraq beyn\u0259lxalq m\u00fcnasib\u0259tl\u0259rin b\u00fct\u00fcn m\u0259s\u0259l\u0259l\u0259rind\u0259 bir-birimiz\u0259 d\u0259st\u0259yi davam etdir\u0259c\u0259yik. \u00d6lk\u0259l\u0259rimizin suverenliyi v\u0259 \u0259razi b\u00fct\u00f6vl\u00fcy\u00fc m\u0259s\u0259l\u0259sind\u0259 bir-birimiz\u0259 qar\u015f\u0131l\u0131ql\u0131 sur\u0259td\u0259 d\u0259st\u0259k veririk, beyn\u0259lxalq t\u0259sisatlarda f\u0259al \u0259m\u0259kda\u015fl\u0131q edirik v\u0259 i\u015ftirak etdiyimiz b\u00fct\u00fcn beyn\u0259lxalq t\u0259\u015fkilatlarda daim bir-birimizi d\u0259st\u0259kl\u0259yirik.<\/p>\n<p>Beyn\u0259lxalq m\u00fcnasib\u0259tl\u0259rin cari gedi\u015fat\u0131 il\u0259 ba\u011fl\u0131 m\u00f6vqeyimiz v\u0259 bax\u0131\u015flar\u0131m\u0131z tam \u00fcst-\u00fcst\u0259 d\u00fc\u015f\u00fcr.<\/p>\n<p>Prezident \u0130lham \u018fliyev deyib ki, bu g\u00fcn imzalanm\u0131\u015f raz\u0131la\u015fmalar yaln\u0131z indic\u0259 g\u00f6rd\u00fcy\u00fcm\u00fcz m\u0259rasiml\u0259 m\u0259hdudla\u015fm\u0131r.<\/p>\n<p>Bir \u00e7ox sazi\u015fl\u0259r dig\u0259r auditoriyalarda art\u0131q imzalanm\u0131\u015fd\u0131r. Bel\u0259likl\u0259, c\u0259nab Ba\u015f nazirin s\u0259f\u0259ri zaman\u0131 imzalanm\u0131\u015f sazi\u015fl\u0259rin \u00fcmumi say\u0131 10-dan art\u0131qd\u0131r. Bir s\u00f6zl\u0259, onlar g\u0259l\u0259c\u0259k \u0259m\u0259kda\u015fl\u0131q \u00fc\u00e7\u00fcn yax\u015f\u0131 b\u00fcn\u00f6vr\u0259 yaradacaq. S\u0259rmay\u0259 planlar\u0131m\u0131z \u0259sas\u0131nda, \u0259min\u0259m ki, ticari d\u00f6vriyy\u0259mizin art\u0131m\u0131n\u0131 da g\u00f6r\u0259c\u0259yik.<\/p>\n<p>Diqq\u0259t\u0259 \u00e7atd\u0131r\u0131l\u0131b ki, m\u00fczakir\u0259 etdiyimiz m\u0259s\u0259l\u0259l\u0259r aras\u0131nda \u0259sas hiss\u0259 m\u00fcdafi\u0259, el\u0259c\u0259 d\u0259 m\u00fcdafi\u0259 s\u0259nayesi sah\u0259l\u0259rind\u0259 \u0259m\u0259kda\u015fl\u0131\u011fa h\u0259sr olunmu\u015fdur.<!--more--><\/p>\n<p>Az\u0259rbaycan Pakistandan m\u00fcdafi\u0259 s\u0259nayesinin istehsal etdiyi avadanl\u0131\u011f\u0131 art\u0131q al\u0131b v\u0259 onun keyfiyy\u0259tind\u0259n \u00e7ox raz\u0131y\u0131q v\u0259 birm\u0259nal\u0131 olaraq, bu i\u015fi davam etdir\u0259c\u0259yik. Eyni zamanda, m\u00fcdafi\u0259 s\u0259nayesi m\u0259hsullar\u0131n\u0131n birg\u0259 istehsal\u0131 imkanlar\u0131n\u0131 m\u00fczakir\u0259 etdik v\u0259 bu, \u0259m\u0259kda\u015fl\u0131\u011f\u0131m\u0131z\u0131n dig\u0259r m\u00fch\u00fcm sektoru olacaq. Bilirik ki, Pakistan\u0131n \u00e7ox inki\u015faf etmi\u015f m\u00fcdafi\u0259 s\u0259nayesi var. Az\u0259rbaycan da \u00f6z potensial\u0131n\u0131 inki\u015faf etdirir. M\u00fcdafi\u0259 s\u0259nayesinin m\u0259hsullar\u0131n\u0131 art\u0131q 30-dan \u00e7ox \u00f6lk\u0259y\u0259 ixrac edirik. D\u00fc\u015f\u00fcn\u00fcr\u0259m ki, birg\u0259 istehsal il\u0259 t\u0259chizat\u0131m\u0131z \u2013 ixracy\u00f6n\u00fcml\u00fc t\u0259chizat\u0131m\u0131z daha da artacaq.<\/p>\n<p>M\u00fczakir\u0259 etdiyimiz dig\u0259r m\u00fch\u00fcm sah\u0259 ba\u011flant\u0131 v\u0259 da\u015f\u0131malard\u0131r.<\/p>\n<p>Bildirilib ki, Pakistan bizim \u00fc\u00e7\u00fcn \u0259n yax\u0131n dost v\u0259 qarda\u015flardan biridir.<\/p>\n<p>Bu g\u00fcn g\u00fccl\u00fc qarda\u015fl\u0131q \u0259laq\u0259l\u0259rini bir daha vur\u011fulad\u0131q. Xalqlar aras\u0131nda \u0259laq\u0259l\u0259r d\u0259 u\u011furla inki\u015faf edir.<\/p>\n<p>Prezidenti \u0130lham \u018fliyev Az\u0259rbaycan-Pakistan biznes-forumunda \u00e7\u0131x\u0131\u015f edib.<\/p>\n<p>Prezident bildirib ki, forum ikit\u0259r\u0259fli g\u00fcnd\u0259liyimizi \u0259ks etdirir.<\/p>\n<p>Biz \u00e7ox m\u0259mnunuq ki, siyasi sah\u0259d\u0259 ikit\u0259r\u0259fli m\u00fcnasib\u0259tl\u0259rimiz m\u00fcst\u0259sna s\u0259viyy\u0259d\u0259dir. Eyni zamanda, biz t\u0259\u0259ss\u00fcfl\u0259ndik ki, ikit\u0259r\u0259fli ticar\u0259timiz siyasi s\u0259viyy\u0259d\u0259ki \u0259m\u0259kda\u015fl\u0131\u011f\u0131m\u0131za uy\u011fun g\u0259lmir. Bu g\u00fcn art\u0131q veril\u0259n mesajlar, bizim m\u00fczakir\u0259l\u0259rimiz daha geni\u015f \u00e7\u0259r\u00e7iv\u0259 yaradacaq ki, \u015firk\u0259tl\u0259r aras\u0131nda f\u0259al \u0259m\u0259kda\u015fl\u0131q olsun v\u0259 ticar\u0259timiz arts\u0131n. Bizim bunda mara\u011f\u0131m\u0131z var v\u0259 biz hesab edirik ki, iki \u00f6lk\u0259 aras\u0131ndak\u0131 qarda\u015fl\u0131q m\u00fcnasib\u0259tl\u0259ri biznes dair\u0259l\u0259ri \u00fc\u00e7\u00fcn yax\u015f\u0131 bir platforma olmal\u0131d\u0131r. B\u0259z\u0259n bizim daha f\u0259al biznes t\u0259maslar\u0131m\u0131za mane olan m\u0259s\u0259l\u0259 planlar\u0131m\u0131z, iqtisadi g\u00fcnd\u0259liyimiz, infrastruktur layih\u0259l\u0259ri il\u0259 ba\u011fl\u0131 m\u0259lumat\u0131n olmamas\u0131d\u0131r. H\u0259min bo\u015flu\u011fu doldurmaq \u00fc\u00e7\u00fcn bu c\u00fcr toplant\u0131lar \u00e7ox vacibdir. \u00c7\u00fcnki biznes-forum \u00e7\u0259r\u00e7iv\u0259sind\u0259 m\u00fcxt\u0259lif t\u0259qdimatlar ke\u00e7irilir, biznes imkanlar\u0131 t\u0259qdim edilir, h\u00fcquqi formatlar, vergi v\u0259 g\u00f6mr\u00fckl\u0259 ba\u011fl\u0131 m\u0259s\u0259l\u0259l\u0259r m\u00fczakir\u0259 olunur. Bunun ham\u0131s\u0131 biznes dair\u0259l\u0259ri v\u0259 i\u015fg\u00fczar insanlar \u00fc\u00e7\u00fcn \u00e7ox vacibdir ki, onlar yeni bazarlara daxil olsunlar. \u018fmin\u0259m ki, Az\u0259rbaycandak\u0131 biznes m\u00fchiti v\u0259 bizim h\u00f6kum\u0259timizin s\u0259yl\u0259ri say\u0259sind\u0259 xarici v\u0259 daxili s\u0259rmay\u0259nin c\u0259lb edilm\u0259si haqq\u0131nda kifay\u0259t q\u0259d\u0259r m\u0259lumat verilib. Bu da xalq\u0131m\u0131z v\u0259 d\u00f6vl\u0259timiz \u00fc\u00e7\u00fcn geni\u015f imkanlar yarad\u0131b ki, yeni i\u015f yerl\u0259ri a\u00e7\u0131ls\u0131n v\u0259 z\u0259ruri infrastruktur qurulsun. G\u00f6z\u0259l siyasi m\u00fcnasib\u0259tl\u0259rimiz, \u0259lb\u0259tt\u0259 ki, qar\u015f\u0131l\u0131ql\u0131 s\u0259rmay\u0259 s\u0259viyy\u0259sind\u0259 \u00f6z \u0259ksini tapmal\u0131d\u0131r.<\/p>\n<p>D\u00f6vl\u0259t ba\u015f\u00e7\u0131s\u0131 deyib:<\/p>\n<p>\u00d6t\u0259n ilin yay\u0131nda Pakistana s\u0259f\u0259rim zaman\u0131 b\u0259yan etdik ki, Az\u0259rbaycan Pakistan iqtisadiyyat\u0131na 2 milyard AB\u015e dollar\u0131 h\u0259cmind\u0259 s\u0259rmay\u0259 yat\u0131racaq. Hey\u0259tl\u0259r bu istiqam\u0259td\u0259 g\u0259rgin \u00e7al\u0131\u015f\u0131b v\u0259 \u00f6t\u0259n ilin noyabr\u0131nda m\u0259nim \u0259ziz qarda\u015f\u0131m\u0131n COP29 \u00e7\u0259r\u00e7iv\u0259sind\u0259 Bak\u0131ya s\u0259f\u0259ri zaman\u0131 biz bunu bir daha m\u00fczakir\u0259 etdik, konkret layih\u0259l\u0259r m\u00fc\u0259yy\u0259nl\u0259\u015fdirdik v\u0259 onlar haz\u0131rda n\u0259z\u0259rd\u0259n ke\u00e7irilir. Bu s\u0259h\u0259r d\u0259 ke\u00e7irdiyimiz g\u00f6r\u00fc\u015fl\u0259r n\u0259tic\u0259sind\u0259 iqtisadi sektora m\u0259sul olan \u015f\u0259xsl\u0259r\u0259 m\u0259n m\u00fcvafiq t\u0259limatlar verdim ki, onlar tezlikl\u0259 Pakistana s\u0259f\u0259r etsinl\u0259r. Biz bel\u0259 bir q\u0259rara g\u0259ldik ki, bir ay \u0259rzind\u0259 b\u00fct\u00fcn bu i\u015fl\u0259rl\u0259 ba\u011fl\u0131 raz\u0131l\u0131qlar \u0259ld\u0259 olunsun. \u00dcmid edir\u0259m ki, Novruz bayram\u0131ndan sonra, &#8211; o, mart ay\u0131n\u0131n sonuna t\u0259sad\u00fcf edir, &#8211; biz art\u0131q \u0259h\u0259miyy\u0259tli nailiyy\u0259tl\u0259r g\u00f6r\u0259c\u0259yik.<\/p>\n<p>Enerji, m\u00fcdafi\u0259 s\u0259nayesi v\u0259 dig\u0259r sah\u0259l\u0259rd\u0259 d\u0259 \u00e7ox b\u00f6y\u00fck potensial oldu\u011fu vur\u011fulan\u0131b.<\/p>\n<p>Fevral\u0131n 24-d\u0259 Bak\u0131da m\u00fch\u00fcm s\u0259n\u0259dl\u0259r imzalan\u0131b.<\/p>\n<p>Az\u0259rbaycan Respublikas\u0131 il\u0259 Pakistan \u0130slam Respublikas\u0131 aras\u0131nda ikit\u0259r\u0259fli m\u00fcnasib\u0259tl\u0259rin b\u00f6y\u00fck tarixi var.<\/p>\n<p>Az\u0259rbaycan Respublikas\u0131n\u0131n m\u00fcst\u0259qilliyini ilk tan\u0131yan d\u00f6vl\u0259tl\u0259rd\u0259n biri Pakistan \u0130slam Respublikas\u0131 olmu\u015fdur (12 dekabr 1991-ci il). \u0130ki \u00f6lk\u0259 aras\u0131nda diplomatik \u0259laq\u0259l\u0259r 9 iyun 1992-ci ild\u0259 qurulmu\u015fdur. Pakistan \u0130slam Respublikas\u0131n\u0131n Bak\u0131da S\u0259firliyi 12 mart 1993-c\u00fc ild\u0259, Az\u0259rbaycan Respublikas\u0131n\u0131n \u0130slamabadda S\u0259firliyi 24 avqust 1997-ci ild\u0259 t\u0259sis edilmi\u015fdir.<\/p>\n<p>Pakistan \u0130slam Respublikas\u0131 Az\u0259rbaycan\u0131n suverenliyini v\u0259 beyn\u0259lxalq s\u0259viyy\u0259d\u0259 tan\u0131nm\u0131\u015f s\u0259rh\u0259dl\u0259ri \u00e7\u0259r\u00e7iv\u0259sind\u0259 \u0259razi b\u00fct\u00f6vl\u00fcy\u00fcn\u00fc d\u0259st\u0259kl\u0259yir, Erm\u0259nistan\u0131n t\u0259cav\u00fcz\u00fcn\u00fc daim pisl\u0259mi\u015fdir. Pakistan \u0130slam Respublikas\u0131 i\u015f\u011fal\u00e7\u0131 Erm\u0259nistan\u0131 r\u0259sm\u0259n tan\u0131mam\u0131\u015f v\u0259 bu \u00f6lk\u0259 il\u0259 diplomatik \u0259laq\u0259l\u0259r qurmam\u0131\u015fd\u0131r.<\/p>\n<p>2012-ci ild\u0259 Pakistan Senat\u0131n\u0131n Xarici \u018flaq\u0259l\u0259r Komit\u0259si, 2017-ci ild\u0259 Milli Assambleyan\u0131n Xarici \u0130\u015fl\u0259r Komit\u0259si Xocal\u0131 Soyq\u0131r\u0131m\u0131n\u0131 tan\u0131yan v\u0259 Erm\u0259nistan\u0131n Az\u0259rbaycana qar\u015f\u0131 t\u0259cav\u00fcz\u00fcn\u00fc pisl\u0259y\u0259n q\u0259tnam\u0259l\u0259r q\u0259bul etmi\u015fdir.<\/p>\n<p>Pakistan, h\u0259m\u00e7inin \u0130kinci Qaraba\u011f m\u00fcharib\u0259sind\u0259 Az\u0259rbaycanla h\u0259mr\u0259ylik n\u00fcmayi\u015f etdirmi\u015fdir. 2020-ci ilin oktyabr ay\u0131nda Pakistan Milli Assambleyas\u0131 Az\u0259rbaycan Respublikas\u0131n\u0131n Da\u011fl\u0131q Qaraba\u011f b\u00f6lg\u0259sind\u0259 Erm\u0259nistan\u0131n t\u0259cav\u00fcz\u00fcn\u00fc pisl\u0259y\u0259n q\u0259tnam\u0259ni yekdillikl\u0259 q\u0259bul etmi\u015fdir. Pakistan Senat\u0131nda Kabinet Katibliyi \u00fczr\u0259 daimi komit\u0259 t\u0259r\u0259find\u0259n Az\u0259rbaycana qar\u015f\u0131 Erm\u0259nistan\u0131n t\u0259cav\u00fcz\u00fcn\u00fc pisl\u0259y\u0259n v\u0259 \u00f6lk\u0259miz\u0259 d\u0259st\u0259k ifad\u0259 ed\u0259n q\u0259tnam\u0259 yekdillikl\u0259 q\u0259bul edilmi\u015fdir.<\/p>\n<p>Az\u0259rbaycan Respublikas\u0131 Pakistan \u0130slam Respublikas\u0131 il\u0259 m\u00fcnasib\u0259tl\u0259r\u0259 x\u00fcsusi \u0259h\u0259miyy\u0259t verir v\u0259 bu \u0259laq\u0259l\u0259rin b\u00fct\u00fcn sah\u0259l\u0259r \u00fczr\u0259 geni\u015fl\u0259ndirilm\u0259sind\u0259 maraql\u0131d\u0131r.<\/p>\n<p>\u0130ki \u00f6lk\u0259 aras\u0131nda humanitar sah\u0259d\u0259 \u0259laq\u0259l\u0259rin inki\u015faf\u0131nda Heyd\u0259r \u018fliyev Fondunun x\u00fcsusi rolu vard\u0131r. 2015-ci ild\u0259 Az\u0259rbaycan\u0131n birinci xan\u0131m\u0131, Heyd\u0259r \u018fliyev Fondunun prezidenti Mehriban xan\u0131m \u018fliyeva \u201cHilal-e Pakistan\u201d ordeni il\u0259 t\u0259ltif edilmi\u015fdir.<\/p>\n<p>D\u00f6vl\u0259t ba\u015f\u00e7\u0131lar\u0131n\u0131n 6 qar\u015f\u0131l\u0131ql\u0131 s\u0259f\u0259rl\u0259ri olmu\u015fdur.<\/p>\n<p>H\u00f6kum\u0259t ba\u015f\u00e7\u0131lar\u0131n\u0131n 4, Xarici i\u015fl\u0259r nazirl\u0259rinin 11 qar\u015f\u0131l\u0131ql\u0131 s\u0259f\u0259rl\u0259ri olub.<\/p>\n<p>Az\u0259rbaycan Respublikas\u0131n\u0131n Milli M\u0259clisind\u0259 Az\u0259rbaycan-Pakistan parlamentl\u0259raras\u0131 \u0259laq\u0259l\u0259r \u00fczr\u0259 i\u015f\u00e7i qrupu f\u0259aliyy\u0259t g\u00f6st\u0259rir. Qrupun r\u0259hb\u0259ri Qafarov Kamal\u0259ddin N\u0259sr\u0259ddin o\u011fludur.<\/p>\n<p>Senatda Pakistan-Az\u0259rbaycan parlamentl\u0259raras\u0131 dostluq qrupunun r\u0259hb\u0259ri Senator Prince Ahmed Omer Ahmedzaidir.<\/p>\n<p>Az\u0259rbaycan Respublikas\u0131 il\u0259 Pakistan \u0130slam Respublikas\u0131 aras\u0131nda bu vaxta q\u0259d\u0259r 50 s\u0259n\u0259d imzalanm\u0131\u015fd\u0131r.<\/p>\n<p>&nbsp;<\/p>\n","protected":false},"excerpt":{"rendered":"<p>Az\u0259rbaycan Respublikas\u0131n\u0131n Prezidenti \u0130lham \u018fliyev Pakistan \u0130slam Respublikas\u0131n\u0131n Ba\u015f naziri M\u0259h\u0259mm\u0259d \u015eahbaz \u015e\u0259rif il\u0259 g\u00f6r\u00fc\u015f\u00fcb. Prezident \u0130lham \u018fliyevin Pakistan\u0131n Ba\u015f naziri M\u0259h\u0259mm\u0259d \u015eahbaz \u015e\u0259rif il\u0259 geni\u015f t\u0259rkibd\u0259 g\u00f6r\u00fc\u015f\u00fc olub. Qeyd edilib ki, s\u0259f\u0259r \u00f6lk\u0259l\u0259rimiz aras\u0131nda qarda\u015fl\u0131q \u0259laq\u0259l\u0259rini g\u00fccl\u0259ndir\u0259c\u0259k. Pakistan il\u0259 Az\u0259rbaycan aras\u0131nda bu c\u00fcr qarda\u015fl\u0131q m\u00fcnasib\u0259tl\u0259rini g\u00f6rm\u0259k iki qarda\u015f m\u00fcs\u0259lman \u00f6lk\u0259si aras\u0131nda t\u0259r\u0259fda\u015fl\u0131\u011f\u0131n yax\u015f\u0131 n\u00fcmun\u0259sidir. [&hellip;]<\/p>\n","protected":false},"author":2,"featured_media":0,"comment_status":"closed","ping_status":"closed","sticky":false,"template":"","format":"standard","meta":[],"categories":[10],"tags":[],"_links":{"self":[{"href":"https:\/\/yeniterter.az\/index.php?rest_route=\/wp\/v2\/posts\/29178"}],"collection":[{"href":"https:\/\/yeniterter.az\/index.php?rest_route=\/wp\/v2\/posts"}],"about":[{"href":"https:\/\/yeniterter.az\/index.php?rest_route=\/wp\/v2\/types\/post"}],"author":[{"embeddable":true,"href":"https:\/\/yeniterter.az\/index.php?rest_route=\/wp\/v2\/users\/2"}],"replies":[{"embeddable":true,"href":"https:\/\/yeniterter.az\/index.php?rest_route=%2Fwp%2Fv2%2Fcomments&post=29178"}],"version-history":[{"count":1,"href":"https:\/\/yeniterter.az\/index.php?rest_route=\/wp\/v2\/posts\/29178\/revisions"}],"predecessor-version":[{"id":29180,"href":"https:\/\/yeniterter.az\/index.php?rest_route=\/wp\/v2\/posts\/29178\/revisions\/29180"}],"wp:attachment":[{"href":"https:\/\/yeniterter.az\/index.php?rest_route=%2Fwp%2Fv2%2Fmedia&parent=29178"}],"wp:term":[{"taxonomy":"category","embeddable":true,"href":"https:\/\/yeniterter.az\/index.php?rest_route=%2Fwp%2Fv2%2Fcategories&post=29178"},{"taxonomy":"post_tag","embeddable":true,"href":"https:\/\/yeniterter.az\/index.php?rest_route=%2Fwp%2Fv2%2Ftags&post=29178"}],"curies":[{"name":"wp","href":"https:\/\/api.w.org\/{rel}","templated":true}]}}