{"id":29174,"date":"2025-02-25T13:29:26","date_gmt":"2025-02-25T10:29:26","guid":{"rendered":"https:\/\/yeniterter.az\/?p=29174"},"modified":"2025-02-25T13:30:44","modified_gmt":"2025-02-25T10:30:44","slug":"xocali-faci%c9%99si-qurbanlarinin-qisasi-alindi-s%c9%99hidl%c9%99rimizin-qani-yerd%c9%99-qalmadi","status":"publish","type":"post","link":"https:\/\/yeniterter.az\/?p=29174","title":{"rendered":"Xocal\u0131 faci\u0259si qurbanlar\u0131n\u0131n qisas\u0131 al\u0131nd\u0131, \u015f\u0259hidl\u0259rimizin qan\u0131 yerd\u0259 qalmad\u0131"},"content":{"rendered":"<p><img decoding=\"async\" loading=\"lazy\" class=\"wp-image-29175 alignright\" src=\"https:\/\/yeniterter.az\/wp-content\/uploads\/481336675_490577720773360_2808735746634470820_n-300x300.jpg\" alt=\"\" width=\"255\" height=\"255\" srcset=\"https:\/\/yeniterter.az\/wp-content\/uploads\/481336675_490577720773360_2808735746634470820_n-300x300.jpg 300w, https:\/\/yeniterter.az\/wp-content\/uploads\/481336675_490577720773360_2808735746634470820_n-150x150.jpg 150w, https:\/\/yeniterter.az\/wp-content\/uploads\/481336675_490577720773360_2808735746634470820_n.jpg 526w\" sizes=\"(max-width: 255px) 100vw, 255px\" \/>1992-ci ilin fevral ay\u0131n\u0131n 25-d\u0259n 26-na ke\u00e7\u0259n gec\u0259 Az\u0259rbaycan tarixinin \u0259n d\u0259h\u015f\u0259tli s\u0259hif\u0259l\u0259rind\u0259n biri olan Xocal\u0131 soyq\u0131r\u0131m\u0131 akt\u0131 ba\u015f vermi\u015fdir.<\/p>\n<p>Az\u0259rbaycan\u0131n \u00dcmummilli Lideri Heyd\u0259r \u018fliyev bu bar\u0259d\u0259 deyib: \u201cB\u00fct\u00f6vl\u00fckd\u0259 Az\u0259rbaycan xalq\u0131na qar\u015f\u0131 y\u00f6n\u0259ldilmi\u015f Xocal\u0131 soyq\u0131r\u0131m\u0131 \u00f6z a\u011flas\u0131\u011fmaz q\u0259ddarl\u0131\u011f\u0131 v\u0259 qeyri-insani c\u0259za \u00fcsullar\u0131 il\u0259 b\u0259\u015f\u0259r tarixind\u0259 bir v\u0259h\u015filik akt\u0131d\u0131r. Bu soyq\u0131r\u0131m\u0131, eyni zamanda, b\u00fct\u00fcn b\u0259\u015f\u0259riyy\u0259t\u0259 qar\u015f\u0131 tarixi bir cinay\u0259tdir. Xocal\u0131 faci\u0259si &#8211; Erm\u0259nistan\u0131n mill\u0259t\u00e7i, v\u0259h\u015fi q\u00fcvv\u0259l\u0259ri t\u0259r\u0259find\u0259n Az\u0259rbaycana qar\u015f\u0131 edil\u0259n soyq\u0131r\u0131m\u0131d\u0131r &#8211; v\u0259h\u015filiyin g\u00f6r\u00fcnm\u0259mi\u015f t\u0259zah\u00fcr\u00fcd\u00fcr&#8221;.<\/p>\n<p>Faci\u0259 g\u00fcn\u00fc Xocal\u0131 \u015f\u0259h\u0259rini t\u0259rk ed\u0259n \u0259hali pusquya sal\u0131nd\u0131 v\u0259 Nax\u00e7\u0131vanl\u0131, habel\u0259 Pircamal k\u0259ndl\u0259ri yax\u0131nl\u0131\u011f\u0131nda erm\u0259ni h\u0259rbi postlar\u0131 t\u0259r\u0259find\u0259n ya at\u0259\u015f\u0259 tutularaq q\u0259tl\u0259 yetirildi, ya da \u0259sir g\u00f6t\u00fcr\u00fcld\u00fc. H\u00fccum ba\u015flad\u0131qdan sonra \u015f\u0259h\u0259rd\u0259 qalan 2500-\u0259 yax\u0131n \u0259hali az\u0259rbaycanl\u0131lar\u0131n n\u0259zar\u0259tind\u0259 olan \u0259n yax\u0131n m\u0259kana \u00e7atmaq m\u0259qs\u0259dil\u0259 \u015f\u0259h\u0259ri t\u0259rk etm\u0259y\u0259 c\u0259hd etdil\u0259r. \u018fsas\u0259n qad\u0131n v\u0259 u\u015faqlardan ibar\u0259t \u0259halinin qalan hiss\u0259si da\u011flarda t\u0259qibd\u0259n gizl\u0259n\u0259n zaman donvurma n\u0259tic\u0259sind\u0259 h\u0259lak oldular.<\/p>\n<p>Az\u0259rbaycan Respublikas\u0131n\u0131n Prezidenti \u0130lham \u018fliyev soyq\u0131r\u0131m bar\u0259d\u0259 deyib: \u201cXocal\u0131 faci\u0259si iki y\u00fcz ild\u0259n \u00e7ox m\u00fcdd\u0259td\u0259 erm\u0259ni mill\u0259t\u00e7il\u0259rinin xalq\u0131m\u0131za qar\u015f\u0131 apard\u0131\u011f\u0131 soyq\u0131r\u0131m\u0131 siyas\u0259tinin qanl\u0131 s\u0259hif\u0259sidir\u201d.<\/p>\n<p>Bu soyq\u0131r\u0131m\u0131 n\u0259tic\u0259sind\u0259, r\u0259smi r\u0259q\u0259ml\u0259r\u0259 g\u00f6r\u0259, 613 n\u0259f\u0259r \u00f6ld\u00fcr\u00fcl\u00fcb ki, onlardan 63 n\u0259f\u0259ri u\u015faq, 106 n\u0259f\u0259ri qad\u0131n, 70 n\u0259f\u0259ri is\u0259 qoca idi.<\/p>\n<p>\u0130\u015f\u011fal n\u0259tic\u0259sind\u0259 Xocal\u0131 \u015f\u0259h\u0259ri xarabal\u0131\u011fa \u00e7evrilmi\u015fdir.<\/p>\n<p>\u201cBu soyq\u0131r\u0131m\u0131, eyni zamanda, b\u00fct\u00fcn b\u0259\u015f\u0259riyy\u0259t\u0259 qar\u015f\u0131 tarixi bir cinay\u0259tdir\u201d &#8211; dey\u0259n Ulu \u00d6nd\u0259r Heyd\u0259r \u018fliyevin t\u0259\u015f\u0259bb\u00fcs\u00fc il\u0259 1994-c\u00fc il fevral\u0131n 24-d\u0259 Milli M\u0259clis \u201cXocal\u0131 soyq\u0131r\u0131m\u0131 g\u00fcn\u00fc haqq\u0131nda\u201d q\u0259rar q\u0259bul etdi.<!--more--><\/p>\n<p>Ulu \u00d6nd\u0259r Heyd\u0259r \u018fliyevin 25 fevral 1997-ci il tarixli S\u0259r\u0259ncam\u0131 il\u0259 Xocal\u0131 soyq\u0131r\u0131m\u0131 qurbanlar\u0131n\u0131n xatir\u0259sini yad etm\u0259k m\u0259qs\u0259di il\u0259 h\u0259r il fevral ay\u0131n\u0131n 26-s\u0131 saat 17:00-da Az\u0259rbaycan Respublikas\u0131 \u0259razisind\u0259 Xocal\u0131 soyq\u0131r\u0131m\u0131 qurbanlar\u0131n\u0131n xatir\u0259sin\u0259 ehtiram \u0259lam\u0259ti olaraq s\u00fckut d\u0259qiq\u0259si elan edilmi\u015fdir.<\/p>\n<p>Az\u0259rbaycan xalq\u0131n\u0131n XX \u0259srd\u0259 \u00fczl\u0259\u015fdiyi d\u0259h\u015f\u0259tli Xocal\u0131 faci\u0259si yaln\u0131z Holokost soyq\u0131r\u0131m\u0131 kimi insanl\u0131q tarixin\u0259 d\u00fc\u015fm\u00fc\u015f qanl\u0131 faci\u0259 il\u0259 m\u00fcqayis\u0259 oluna bil\u0259r. XX \u0259srin sonunda ba\u015f vermi\u015f bu faci\u0259 t\u0259kc\u0259 Az\u0259rbaycan xalq\u0131na deyil, b\u00fct\u00fcn insanl\u0131\u011fa, b\u0259\u015f\u0259riyy\u0259t\u0259 qar\u015f\u0131 y\u00f6n\u0259lmi\u015f \u0259n a\u011f\u0131r cinay\u0259tl\u0259rd\u0259n biridir.<\/p>\n<p>\u201cSoyq\u0131r\u0131m\u0131\u201d anlay\u0131\u015f\u0131n\u0131n h\u00fcquqi m\u0259nas\u0131 BMT Ba\u015f Assambleyas\u0131n\u0131n 9 dekabr 1948-ci il tarixli 260 A (III) sayl\u0131 q\u0259tnam\u0259si il\u0259 q\u0259bul etdiyi \u201cSoyq\u0131r\u0131m\u0131 cinay\u0259tinin qar\u015f\u0131s\u0131n\u0131n al\u0131nmas\u0131 v\u0259 ona g\u00f6r\u0259 c\u0259zalar haqq\u0131nda\u201d Konvensiya il\u0259 m\u00fc\u0259yy\u0259n edilmi\u015fdir v\u0259 h\u0259r hans\u0131 milli, etnik, irqi v\u0259 ya dini qruplar\u0131n tam v\u0259 ya qism\u0259n m\u0259hv edilm\u0259si niyy\u0259ti il\u0259 n\u00f6vb\u0259ti h\u0259r\u0259k\u0259tl\u0259ri bildirir: bel\u0259 bir qrupun \u00fczvl\u0259rinin q\u0259tl\u0259 yetirilm\u0259si; bel\u0259 bir qrupun \u00fczvl\u0259rin\u0259 ciddi b\u0259d\u0259n x\u0259sar\u0259tl\u0259ri v\u0259 \u0259qli poz\u011funluq yetirilm\u0259si; h\u0259r hans\u0131 bel\u0259 bir qrup \u00fc\u00e7\u00fcn q\u0259sd\u0259n onun tam v\u0259 ya qism\u0259n m\u0259hvin\u0259 hesablanm\u0131\u015f h\u0259yat \u015f\u0259raitinin yarad\u0131lmas\u0131; bel\u0259 bir qrup aras\u0131nda u\u015faq do\u011fumunun qar\u015f\u0131s\u0131n\u0131n al\u0131nmas\u0131na hesablanm\u0131\u015f t\u0259dbirl\u0259r; u\u015faqlar\u0131n zorak\u0131l\u0131qla bir insan qrupundan dig\u0259rin\u0259 verilm\u0259si.<\/p>\n<p>Az\u0259rbaycanda apar\u0131lan r\u0259smi istintaq n\u0259tic\u0259sind\u0259 beyn\u0259lxalq h\u00fcquqa \u0259sas\u0259n Xocal\u0131da m\u00fclki \u0259haliy\u0259 qar\u015f\u0131 apar\u0131lm\u0131\u015f h\u00fccumlara m\u00fcnasib\u0259td\u0259 soyq\u0131r\u0131m\u0131 elementl\u0259rinin m\u00f6vcudlu\u011fu m\u00fc\u0259yy\u0259n edilmi\u015fdir.<\/p>\n<p>\u0130stintaq n\u0259tic\u0259sind\u0259 Xocal\u0131da t\u00f6r\u0259dilmi\u015f cinay\u0259tl\u0259r\u0259 m\u00fcnasib\u0259td\u0259 cinay\u0259t t\u0259qibinin davam etdirilm\u0259si \u00fc\u00e7\u00fcn a\u015fa\u011f\u0131dak\u0131 \u0259saslar\u0131n m\u00f6vcud oldu\u011fu m\u00fc\u0259yy\u0259n edilmi\u015fdir:<\/p>\n<p>qrupu tam olaraq v\u0259 ya qism\u0259n m\u0259hv etm\u0259y\u0259 y\u00f6n\u0259lmi\u015f niyy\u0259tin m\u00f6vcudlu\u011fu \u00fczr\u0259 birm\u0259nal\u0131 v\u0259 \u0259sasl\u0131 s\u00fcbutlar;<\/p>\n<p>m\u0259hv etm\u0259 hal\u0131n\u0131n Xocal\u0131da ba\u015f verm\u0259si m\u00fc\u0259yy\u0259n edilmi\u015f qrupa tam olaraq n\u0259tic\u0259l\u0259r yaratmas\u0131 \u00fc\u00e7\u00fcn \u201ckifay\u0259t\u201d etm\u0259si;<\/p>\n<p>cinay\u0259tin x\u00fcsusi co\u011frafi m\u0259kanda t\u00f6r\u0259dilm\u0259si.<\/p>\n<p>Xocal\u0131 soyq\u0131r\u0131m\u0131 bir \u00e7ox \u00f6lk\u0259l\u0259rd\u0259 q\u0259bul olunan parlament aktlar\u0131nda tan\u0131nm\u0131\u015f v\u0259 xat\u0131rlanm\u0131\u015fd\u0131r. Bu vaxtad\u0259k, Bosniya v\u0259 Herseqovina, Kolumbiya, \u00c7ex Respublikas\u0131, Honduras, \u0130ordaniya, Meksika, Pakistan, Panama, Peru, Sudan, Cibuti, Qvatemala, Paraqvay, Sloveniya, \u015eotlandiya, \u0130ndoneziya v\u0259 \u018ffqan\u0131stan\u0131n qanunverici orqanlar\u0131, h\u0259m\u00e7inin AB\u015e-\u0131n 20-d\u0259n \u00e7ox \u015ftat\u0131 t\u0259r\u0259find\u0259n m\u00fcvafiq parlament q\u0259tnam\u0259l\u0259ri q\u0259bul edilmi\u015fdir.<\/p>\n<p>20 noyabr 2012-ci il tarixind\u0259 Cibutid\u0259 ke\u00e7irilmi\u015f \u0130slam \u018fm\u0259kda\u015fl\u0131q T\u0259\u015fkilat\u0131n\u0131n (\u0130\u018fT) Xarici \u0130\u015fl\u0259r Nazirl\u0259ri \u015euras\u0131n\u0131n 39-cu sessiyas\u0131nda Xocal\u0131da t\u00f6r\u0259dilmi\u015f cinay\u0259tl\u0259ri soyq\u0131r\u0131m\u0131 kimi tan\u0131yan q\u0259tnam\u0259 q\u0259bul edilmi\u015fdir.<\/p>\n<p>2013-c\u00fc ilin fevral ay\u0131nda Qahir\u0259d\u0259 ke\u00e7iril\u0259n \u0130\u018fT \u0130slam Zirv\u0259 Konfrans\u0131n\u0131n 12-ci sessiyas\u0131nda q\u0259bul olunan Yekun Komm\u00fcniked\u0259 \u00fczv d\u00f6vl\u0259tl\u0259r Xocal\u0131 soyq\u0131r\u0131m\u0131n\u0131n tan\u0131nmas\u0131 istiqam\u0259tind\u0259 z\u0259ruri s\u0259yl\u0259r g\u00f6st\u0259rm\u0259y\u0259 \u00e7a\u011f\u0131r\u0131l\u0131rlar.<\/p>\n<p>\u201cXocal\u0131ya \u018fdal\u0259t\u201d kampaniyas\u0131n\u0131n t\u0259\u015f\u0259bb\u00fcskar\u0131 v\u0259 m\u00fc\u0259llifi Heyd\u0259r \u018fliyev Fondunun vitse-prezidenti Leyla xan\u0131m \u018fliyevad\u0131r. \u201cXocal\u0131ya \u0259dal\u0259t\u201d beyn\u0259lxalq maarifl\u0259ndirm\u0259 kampaniyas\u0131na 2008-ci ild\u0259 start verilmi\u015fdir. Kampaniya bir \u00e7ox \u00f6lk\u0259l\u0259rd\u0259 s\u0259m\u0259r\u0259li \u015f\u0259kild\u0259 f\u0259aliyy\u0259t g\u00f6st\u0259rir. 100 minl\u0259rl\u0259 \u015f\u0259xs v\u0259 115 t\u0259\u015fkilat kampaniyan\u0131n f\u0259aliyy\u0259tini d\u0259st\u0259kl\u0259yir. Sosial \u015f\u0259b\u0259k\u0259l\u0259rd\u0259 t\u0259\u015fviqat, s\u0259rgil\u0259r, toplant\u0131lar, m\u00fcsabiq\u0259l\u0259r, konfranslar, seminarlar v\u0259 dig\u0259r t\u0259dbirl\u0259r kampaniyan\u0131n m\u0259qs\u0259dl\u0259rin\u0259 \u00e7atmaq \u00fc\u00e7\u00fcn istifad\u0259 olunan s\u0259m\u0259r\u0259li vasit\u0259l\u0259ri t\u0259\u015fkil edir.<\/p>\n<p>Justice for Khojaly informasiya portal\u0131 Erm\u0259nil\u0259rin Xocal\u0131 soyq\u0131r\u0131m\u0131 il\u0259 \u0259laq\u0259dar cinay\u0259tkar \u0259m\u0259ll\u0259rinin if\u015fa olunmas\u0131nda m\u00fcst\u0259sna rola malik olan t\u0259bli\u011fat platformas\u0131d\u0131r.<\/p>\n<p>Xarici jurnalistl\u0259rin Xocal\u0131 v\u0259h\u015filikl\u0259rini \u0259ks etdir\u0259n bir \u00e7ox yaz\u0131lar\u0131 var.<\/p>\n<p>M\u00fcz\u0259ff\u0259r Az\u0259rbaycan Ordusunun q\u0259hr\u0259manl\u0131\u011f\u0131 say\u0259sind\u0259 Xocal\u0131 \u015f\u0259hidl\u0259rinin qan\u0131 yerd\u0259 qalmad\u0131.<\/p>\n<p>2020-ci il V\u0259t\u0259n m\u00fcharib\u0259sind\u0259 Az\u0259rbaycan Ordusu 30 il i\u015f\u011fal alt\u0131nda qalan torpaqlar\u0131m\u0131z\u0131 azad etm\u0259kl\u0259 yeni reall\u0131q yaratd\u0131, \u201cd\u0259mir yumruq\u201d qalib g\u0259ldi. 44 g\u00fcnl\u00fck m\u00fcharib\u0259d\u0259 misilsiz igidlik n\u00fcmun\u0259l\u0259ri g\u00f6st\u0259r\u0259n q\u0259hr\u0259man ordumuz M\u00fcz\u0259ff\u0259r Ali Ba\u015f Komandan\u0131n r\u0259hb\u0259rliyi il\u0259 Xocal\u0131 faci\u0259si qurbanlar\u0131n\u0131n da qisas\u0131n\u0131 ald\u0131, \u015f\u0259hidl\u0259rimizin qan\u0131 yerd\u0259 qalmad\u0131. Xocal\u0131 \u015f\u0259h\u0259ri 2023-c\u00fc il sentyabr\u0131n 19-20-d\u0259 Az\u0259rbaycan Ordusunun Qaraba\u011fda ke\u00e7irdiyi lokal xarakterli antiterror t\u0259dbirl\u0259ri n\u0259tic\u0259sind\u0259 separat\u00e7\u0131lardan t\u0259mizl\u0259nib. Az\u0259rbaycan Respublikas\u0131n\u0131n Prezidenti \u0130lham \u018fliyev 2023-c\u00fc il oktyabr\u0131n 15-d\u0259 Xocal\u0131 \u015f\u0259h\u0259rind\u0259 Az\u0259rbaycan Respublikas\u0131n\u0131n D\u00f6vl\u0259t Bayra\u011f\u0131n\u0131 ucald\u0131b.<\/p>\n<p>H\u0259r il Xocal\u0131 soyq\u0131r\u0131m\u0131n\u0131n ild\u00f6n\u00fcm\u00fc il\u0259 \u0259laq\u0259dar minl\u0259rl\u0259 insan\u0131n i\u015ftirak\u0131 il\u0259 \u201cAna haray\u0131\u201d abid\u0259si \u00f6n\u00fcnd\u0259 an\u0131m m\u0259rasimi ke\u00e7irilir. Xocal\u0131 soyq\u0131r\u0131m\u0131n\u0131n 30-cu ild\u00f6n\u00fcm\u00fc il\u0259 \u0259laq\u0259dar Bak\u0131da Prezident \u0130lham \u018fliyev v\u0259 birinci xan\u0131m Mehriban \u018fliyevan\u0131n i\u015ftirak\u0131 il\u0259 \u00fcmumxalq y\u00fcr\u00fc\u015f\u00fc ke\u00e7irilmi\u015fdir. Y\u00fcr\u00fc\u015fd\u0259 d\u00f6vl\u0259t v\u0259 h\u00f6kum\u0259t n\u00fcmay\u0259nd\u0259l\u0259ri, Milli M\u0259clisin deputatlar\u0131, nazirl\u0259r, komit\u0259, agentlik v\u0259 \u015firk\u0259t r\u0259hb\u0259rl\u0259ri, dini konfessiyalar\u0131n ba\u015f\u00e7\u0131lar\u0131 i\u015ftirak etmi\u015fl\u0259r. Siyasi dialoqun t\u0259zah\u00fcr\u00fc olaraq y\u00fcr\u00fc\u015fd\u0259 d\u00f6vl\u0259t r\u0259smil\u0259ri il\u0259 yana\u015f\u0131, \u00f6lk\u0259d\u0259 f\u0259aliyy\u0259t g\u00f6st\u0259r\u0259n m\u00fcxt\u0259lif siyasi partiyalar\u0131n n\u00fcmay\u0259nd\u0259l\u0259ri d\u0259 i\u015ftirak etmi\u015fdir.<\/p>\n<p>Bu g\u00fcn xocal\u0131lar do\u011fma yurdlar\u0131na qay\u0131d\u0131rlar. Az\u0259rbaycan Respublikas\u0131n\u0131n Prezidenti \u0130lham \u018fliyevin S\u0259r\u0259ncamlar\u0131 \u0259sas\u0131nda burada quruculuq i\u015fl\u0259ri b\u00f6y\u00fck s\u00fcr\u0259tl\u0259 apar\u0131l\u0131r.<\/p>\n<p>&nbsp;<\/p>\n","protected":false},"excerpt":{"rendered":"<p>1992-ci ilin fevral ay\u0131n\u0131n 25-d\u0259n 26-na ke\u00e7\u0259n gec\u0259 Az\u0259rbaycan tarixinin \u0259n d\u0259h\u015f\u0259tli s\u0259hif\u0259l\u0259rind\u0259n biri olan Xocal\u0131 soyq\u0131r\u0131m\u0131 akt\u0131 ba\u015f vermi\u015fdir. Az\u0259rbaycan\u0131n \u00dcmummilli Lideri Heyd\u0259r \u018fliyev bu bar\u0259d\u0259 deyib: \u201cB\u00fct\u00f6vl\u00fckd\u0259 Az\u0259rbaycan xalq\u0131na qar\u015f\u0131 y\u00f6n\u0259ldilmi\u015f Xocal\u0131 soyq\u0131r\u0131m\u0131 \u00f6z a\u011flas\u0131\u011fmaz q\u0259ddarl\u0131\u011f\u0131 v\u0259 qeyri-insani c\u0259za \u00fcsullar\u0131 il\u0259 b\u0259\u015f\u0259r tarixind\u0259 bir v\u0259h\u015filik akt\u0131d\u0131r. Bu soyq\u0131r\u0131m\u0131, eyni zamanda, b\u00fct\u00fcn b\u0259\u015f\u0259riyy\u0259t\u0259 qar\u015f\u0131 [&hellip;]<\/p>\n","protected":false},"author":2,"featured_media":0,"comment_status":"closed","ping_status":"closed","sticky":false,"template":"","format":"standard","meta":[],"categories":[10],"tags":[],"_links":{"self":[{"href":"https:\/\/yeniterter.az\/index.php?rest_route=\/wp\/v2\/posts\/29174"}],"collection":[{"href":"https:\/\/yeniterter.az\/index.php?rest_route=\/wp\/v2\/posts"}],"about":[{"href":"https:\/\/yeniterter.az\/index.php?rest_route=\/wp\/v2\/types\/post"}],"author":[{"embeddable":true,"href":"https:\/\/yeniterter.az\/index.php?rest_route=\/wp\/v2\/users\/2"}],"replies":[{"embeddable":true,"href":"https:\/\/yeniterter.az\/index.php?rest_route=%2Fwp%2Fv2%2Fcomments&post=29174"}],"version-history":[{"count":2,"href":"https:\/\/yeniterter.az\/index.php?rest_route=\/wp\/v2\/posts\/29174\/revisions"}],"predecessor-version":[{"id":29177,"href":"https:\/\/yeniterter.az\/index.php?rest_route=\/wp\/v2\/posts\/29174\/revisions\/29177"}],"wp:attachment":[{"href":"https:\/\/yeniterter.az\/index.php?rest_route=%2Fwp%2Fv2%2Fmedia&parent=29174"}],"wp:term":[{"taxonomy":"category","embeddable":true,"href":"https:\/\/yeniterter.az\/index.php?rest_route=%2Fwp%2Fv2%2Fcategories&post=29174"},{"taxonomy":"post_tag","embeddable":true,"href":"https:\/\/yeniterter.az\/index.php?rest_route=%2Fwp%2Fv2%2Ftags&post=29174"}],"curies":[{"name":"wp","href":"https:\/\/api.w.org\/{rel}","templated":true}]}}