{"id":29169,"date":"2025-02-25T13:19:32","date_gmt":"2025-02-25T10:19:32","guid":{"rendered":"https:\/\/yeniterter.az\/?p=29169"},"modified":"2025-02-25T13:19:32","modified_gmt":"2025-02-25T10:19:32","slug":"konstitusiya-v%c9%99-suverenlik-ili-2025","status":"publish","type":"post","link":"https:\/\/yeniterter.az\/?p=29169","title":{"rendered":"KONST\u0130TUS\u0130YA V\u018f SUVERENL\u0130K \u0130L\u0130\u20132025"},"content":{"rendered":"<p><strong>Bu g\u00fcn Az\u0259rbaycan Respublikas\u0131 xalq\u0131m\u0131z\u0131n milli maraqlar\u0131n\u0131 r\u0259hb\u0259r tutaraq, yeni reall\u0131qlar \u015f\u0259raitind\u0259 m\u00fcst\u0259qil siyas\u0259tini daha c\u0259sar\u0259tl\u0259, prinsipiall\u0131qla davam etdirir, Konstitusiyan\u0131n t\u0259l\u0259bl\u0259rin\u0259 v\u0259 \u00f6z suveren h\u00fcquqlar\u0131na \u0259saslanaraq, qar\u015f\u0131da duran strateji h\u0259d\u0259fl\u0259r\u0259 do\u011fru inamla ir\u0259lil\u0259yir.<\/strong><\/p>\n<p style=\"text-align: right;\"><em><strong>\u0130lham \u018fliyev,<\/strong><\/em><br \/>\n<em><strong>Az\u0259rbaycan Respublikas\u0131n\u0131n Prezidenti<\/strong><\/em><\/p>\n<p style=\"text-align: center;\"><strong>\u0130LHAM \u018fL\u0130YEV V\u018f D\u00d6VL\u018fT\u00c7\u0130L\u0130K \u0130RS\u0130<\/strong><\/p>\n<p><img decoding=\"async\" loading=\"lazy\" class=\" wp-image-29170 alignleft\" src=\"https:\/\/yeniterter.az\/wp-content\/uploads\/03-32-300x200.jpg\" alt=\"\" width=\"318\" height=\"212\" srcset=\"https:\/\/yeniterter.az\/wp-content\/uploads\/03-32-300x200.jpg 300w, https:\/\/yeniterter.az\/wp-content\/uploads\/03-32-1024x683.jpg 1024w, https:\/\/yeniterter.az\/wp-content\/uploads\/03-32-768x512.jpg 768w, https:\/\/yeniterter.az\/wp-content\/uploads\/03-32.jpg 1200w\" sizes=\"(max-width: 318px) 100vw, 318px\" \/>Az\u0259rbaycan\u0131n d\u00f6vl\u0259t\u00e7ilik \u0259n\u0259n\u0259l\u0259ri \u0259srl\u0259rin s\u0131na\u011f\u0131ndan ke\u00e7\u0259r\u0259k formala\u015fm\u0131\u015f v\u0259 m\u00fcasir d\u00f6vrd\u0259 yeni inki\u015faf m\u0259rh\u0259l\u0259sin\u0259 q\u0259d\u0259m qoymu\u015fdur. Sovet \u0130ttifaq\u0131n\u0131n da\u011f\u0131lmas\u0131 il\u0259 Az\u0259rbaycan 1991-ci ild\u0259 yenid\u0259n m\u00fcst\u0259qilliyini b\u0259rpa etdi. Lakin m\u00fcst\u0259qilliyin ilk ill\u0259ri siyasi v\u0259 iqtisadi \u00e7\u0259tinlikl\u0259rl\u0259 m\u00fc\u015fayi\u0259t olunurdu. \u00d6lk\u0259 daxili \u00e7\u0259ki\u015fm\u0259l\u0259r, iqtisadi b\u00f6hran v\u0259 xarici t\u0259hdidl\u0259r qar\u015f\u0131s\u0131nda idi. Hakimiyy\u0259tin qeyri-sabitliyi d\u00f6vl\u0259t strukturlar\u0131n\u0131n z\u0259ifl\u0259m\u0259sin\u0259, sosial v\u0259 iqtisadi probleml\u0259rin d\u0259rinl\u0259\u015fm\u0259sin\u0259 s\u0259b\u0259b olmu\u015fdu. Bundan \u0259lav\u0259, Erm\u0259nistan\u0131n Az\u0259rbaycana qar\u015f\u0131 t\u0259cav\u00fcz\u00fc v\u0259 Da\u011fl\u0131q Qaraba\u011fda ba\u015f ver\u0259n m\u00fcharib\u0259 \u00f6lk\u0259ni daha da z\u0259ifl\u0259tdi. Bel\u0259 bir m\u00fcr\u0259kk\u0259b d\u00f6vrd\u0259 xalq\u0131n t\u0259kidli t\u0259l\u0259bi il\u0259 Heyd\u0259r \u018fliyev hakimiyy\u0259t\u0259 qay\u0131td\u0131 v\u0259 d\u00f6vl\u0259t quruculu\u011funun \u0259sas\u0131n\u0131 qoydu. Onun uzaqg\u00f6r\u0259n siyas\u0259ti n\u0259tic\u0259sind\u0259 siyasi sabitlik t\u0259min edildi, iqtisadi dir\u00e7\u0259li\u015f\u0259 ba\u015flan\u0131ld\u0131 v\u0259 beyn\u0259lxalq al\u0259md\u0259 Az\u0259rbaycan\u0131n m\u00f6vqeyi g\u00fccl\u0259ndi. 1994-c\u00fc ild\u0259 \u201c\u018fsrin m\u00fcqavil\u0259si\u201d adl\u0131 neft kontrakt\u0131 imzaland\u0131 v\u0259 bu, \u00f6lk\u0259nin iqtisadi inki\u015faf\u0131n\u0131n \u0259sas\u0131n\u0131 qoydu. Az\u0259rbaycan\u0131n enerji resurslar\u0131ndan s\u0259m\u0259r\u0259li istifad\u0259 etm\u0259si qlobal enerji bazar\u0131nda m\u00fch\u00fcm rol oynamas\u0131na v\u0259 iqtisadiyyat\u0131n\u0131n g\u00fccl\u0259nm\u0259sin\u0259 s\u0259b\u0259b oldu.<br \/>\n1995-ci ild\u0259 q\u0259bul edil\u0259n Konstitusiya m\u00fcasir Az\u0259rbaycan d\u00f6vl\u0259t\u00e7iliyinin h\u00fcquqi \u0259saslar\u0131n\u0131 m\u00fc\u0259yy\u0259n etdi. Bu d\u00f6vrd\u0259n etibar\u0259n \u00f6lk\u0259d\u0259 iqtisadi, siyasi v\u0259 h\u0259rbi sah\u0259l\u0259rd\u0259 k\u00f6kl\u00fc islahatlar apar\u0131ld\u0131. H\u00fcquq sistemi modernl\u0259\u015fdirildi, d\u00f6vl\u0259t idar\u0259\u00e7iliyind\u0259 \u015f\u0259ffafl\u0131q art\u0131r\u0131ld\u0131 v\u0259 v\u0259t\u0259nda\u015f c\u0259miyy\u0259ti inki\u015faf etdirildi. Ordu quruculu\u011funa x\u00fcsusi diqq\u0259t yetirildi, m\u00fcdafi\u0259 s\u0259nayesi g\u00fccl\u0259ndirildi v\u0259 m\u00fcasir h\u0259rbi texnologiyalar\u0131n \u00f6lk\u0259y\u0259 g\u0259tirilm\u0259si t\u0259min olundu.<br \/>\nAz\u0259rbaycan d\u00f6vl\u0259t\u00e7iliyi tarix boyu m\u00fcr\u0259kk\u0259b s\u0131naqlardan ke\u00e7s\u0259 d\u0259, m\u00fcasir d\u00f6vrd\u0259 yeni bir inki\u015faf m\u0259rh\u0259l\u0259sin\u0259 q\u0259d\u0259m qoyub. Bu g\u00fcn Az\u0259rbaycan regionun lider d\u00f6vl\u0259tl\u0259rind\u0259n biri kimi b\u00f6lg\u0259 siyas\u0259tini formala\u015fd\u0131ran \u0259sas aktorlardan say\u0131l\u0131r. X\u00fcsusil\u0259, enerji diplomatiyas\u0131, n\u0259qliyyat d\u0259hlizl\u0259ri v\u0259 h\u0259rbi g\u00fcc\u00fcn art\u0131r\u0131lmas\u0131 istiqam\u0259tind\u0259 apar\u0131lan siyas\u0259t d\u00f6vl\u0259t\u00e7iliyin m\u00f6hk\u0259ml\u0259nm\u0259sin\u0259 t\u00f6hf\u0259 verib.<img decoding=\"async\" loading=\"lazy\" class=\" wp-image-29172 alignright\" src=\"https:\/\/yeniterter.az\/wp-content\/uploads\/0a59b60b-bbba-4dee-8ddf-9a977ec78bf2-1-224x300.jpg\" alt=\"\" width=\"132\" height=\"177\" srcset=\"https:\/\/yeniterter.az\/wp-content\/uploads\/0a59b60b-bbba-4dee-8ddf-9a977ec78bf2-1-224x300.jpg 224w, https:\/\/yeniterter.az\/wp-content\/uploads\/0a59b60b-bbba-4dee-8ddf-9a977ec78bf2-1-765x1024.jpg 765w, https:\/\/yeniterter.az\/wp-content\/uploads\/0a59b60b-bbba-4dee-8ddf-9a977ec78bf2-1-768x1027.jpg 768w, https:\/\/yeniterter.az\/wp-content\/uploads\/0a59b60b-bbba-4dee-8ddf-9a977ec78bf2-1-1148x1536.jpg 1148w, https:\/\/yeniterter.az\/wp-content\/uploads\/0a59b60b-bbba-4dee-8ddf-9a977ec78bf2-1.jpg 1196w\" sizes=\"(max-width: 132px) 100vw, 132px\" \/><br \/>\nAz\u0259rbaycan\u0131n m\u00fcasir inki\u015faf\u0131 v\u0259 g\u00fccl\u0259nm\u0259si Prezident \u0130lham \u018fliyevin uzaqg\u00f6r\u0259n v\u0259 \u00e7evik siyas\u0259ti il\u0259 s\u0131x ba\u011fl\u0131d\u0131r. 2003-c\u00fc ild\u0259n etibar\u0259n onun r\u0259hb\u0259rliyi alt\u0131nda h\u0259yata ke\u00e7iril\u0259n islahatlar, strateji layih\u0259l\u0259r v\u0259 beyn\u0259lxalq siyas\u0259td\u0259 ba-lansl\u0131 yana\u015fma \u00f6lk\u0259nin regional v\u0259 qlobal arenada m\u00f6vqeyini g\u00fccl\u0259ndirib. \u0130lham \u018fliyevin liderliyi il\u0259 Az\u0259rbaycanda siyasi sabitlik t\u0259min olunub, iqtisadi inki\u015faf\u0131n yeni m\u0259rh\u0259l\u0259sin\u0259 q\u0259d\u0259m qoyulub v\u0259 sosial rifah\u0131n art\u0131r\u0131lmas\u0131 istiqam\u0259tind\u0259 ard\u0131c\u0131l add\u0131mlar at\u0131l\u0131b. Onun t\u0259\u015f\u0259bb\u00fcs\u00fc il\u0259 h\u0259yata ke\u00e7iril\u0259n geni\u015fmiqyasl\u0131 iqtisadi islahatlar qeyri-neft sektorunun inki\u015faf\u0131na t\u0259kan verib, k\u0259nd t\u0259s\u0259rr\u00fcfat\u0131, s\u0259naye v\u0259 texnologiya sah\u0259l\u0259rind\u0259 modernizasiya apar\u0131l\u0131b.<br \/>\nPrezident \u0130lham \u018fliyevin x\u00fcsusi diqq\u0259ti say\u0259sind\u0259 Az\u0259rbaycan regionda v\u0259 d\u00fcnyada m\u00fch\u00fcm enerji m\u0259rk\u0259zin\u0259 \u00e7evrilib. O, 1994-c\u00fc ild\u0259 \u00dcmummilli Lider Heyd\u0259r \u018fliyevin imzalad\u0131\u011f\u0131 &#8220;\u018fsrin m\u00fcqavil\u0259si&#8221;nin u\u011furlu davam\u00e7\u0131s\u0131 olaraq, \u00f6lk\u0259nin enerji resurslar\u0131n\u0131n effektiv istifad\u0259sini t\u0259min edib v\u0259 yeni qaz k\u0259m\u0259rl\u0259rinin in\u015fas\u0131na start verib. Onun t\u0259\u015f\u0259bb\u00fcs\u00fc il\u0259 h\u0259yata ke\u00e7iril\u0259n TANAP, TAP kimi enerji layih\u0259l\u0259ri Az\u0259rbaycan\u0131n Avropan\u0131n enerji t\u0259hl\u00fck\u0259sizliyind\u0259ki strateji rolunu art\u0131r\u0131b. COP29-un Az\u0259rbaycanda ke\u00e7irilm\u0259si d\u0259 m\u0259hz Prezident \u0130lham \u018fliyevin \u00f6lk\u0259ni ya\u015f\u0131l enerji m\u0259rk\u0259zin\u0259 \u00e7evirm\u0259k istiqam\u0259tind\u0259 atd\u0131\u011f\u0131 m\u00fch\u00fcm add\u0131mlar\u0131n n\u0259tic\u0259sidir.<!--more--><br \/>\n\u0130lham \u018fliyevin liderliyi il\u0259 Az\u0259rbaycan Avrasiya n\u0259qliyyat qov\u015fa\u011f\u0131na \u00e7evrilib. X\u0259z\u0259r regionunun \u0259n m\u00fch\u00fcm n\u0259qliyyat d\u0259hlizl\u0259rinin m\u0259rk\u0259zind\u0259 yerl\u0259\u015f\u0259n \u00f6lk\u0259 Bak\u0131-Tbilisi-Qars d\u0259mir yolu, Z\u0259ng\u0259zur d\u0259hlizi, \u015e\u0259rq-Q\u0259rb v\u0259 \u015eimal-C\u0259nub n\u0259qliyyat layih\u0259l\u0259ri kimi qlobal t\u0259\u015f\u0259bb\u00fcsl\u0259rin apar\u0131c\u0131 q\u00fcvv\u0259sin\u0259 \u00e7evrilib. Bu layih\u0259l\u0259r Az\u0259rbaycan\u0131n t\u0259kc\u0259 iqtisadi deyil, h\u0259m d\u0259 geosiyasi \u0259h\u0259miyy\u0259tini art\u0131r\u0131b.<br \/>\nPrezident \u0130lham \u018fliyevin r\u0259hb\u0259rliyi alt\u0131nda Az\u0259rbaycan\u0131n h\u0259rbi g\u00fcc\u00fc sistemli \u015f\u0259kild\u0259 m\u00f6hk\u0259ml\u0259ndirilib. Ordunun maddi-texniki bazas\u0131 g\u00fccl\u0259ndirilib, \u0259n m\u00fcasir silah v\u0259 texnologiyalar \u0259ld\u0259 edilib, d\u00f6y\u00fc\u015f qabiliyy\u0259ti art\u0131r\u0131l\u0131b. 2020-ci ild\u0259 44 g\u00fcnl\u00fck V\u0259t\u0259n m\u00fcharib\u0259sind\u0259 v\u0259 2023-c\u00fc ild\u0259 ke\u00e7iril\u0259n lokal xarakterli antiterror \u0259m\u0259liyyat\u0131nda \u0259ld\u0259 edil\u0259n tarixi q\u0259l\u0259b\u0259 Az\u0259rbaycan\u0131n suverenliyini tam b\u0259rpa etm\u0259kl\u0259 yana\u015f\u0131, Prezident \u0130lham \u018fliyevin uzaqg\u00f6r\u0259n siyas\u0259tinin v\u0259 strateji komandanl\u0131\u011f\u0131n\u0131n n\u0259tic\u0259si oldu. Bu m\u00fcharib\u0259 zaman\u0131 onun beyn\u0259lxalq diplomatik arenada apard\u0131\u011f\u0131 u\u011furlu siyas\u0259t, informasiya sava\u015f\u0131ndak\u0131 q\u0259tiyy\u0259tli add\u0131mlar\u0131 v\u0259 xalqa verdiyi inam Az\u0259rbaycan\u0131n q\u0259l\u0259b\u0259sini t\u0259min ed\u0259n \u0259sas amill\u0259rd\u0259n biri oldu. \u00d6lk\u0259mizd\u0259 h\u0259yata ke\u00e7iril\u0259n s\u0259nayel\u0259\u015fm\u0259, k\u0259nd t\u0259s\u0259rr\u00fcfat\u0131n\u0131n inki\u015faf\u0131, innovasiya v\u0259 texnologiyalara \u0259saslanan iqtisadiyyat quruculu\u011fu say\u0259sind\u0259 Az\u0259rbaycan dayan\u0131ql\u0131 iqtisadi inki\u015faf yoluna q\u0259d\u0259m qoyub. Son ill\u0259rd\u0259 qeyri-neft sektorunun inki\u015faf\u0131na x\u00fcsusi diqq\u0259t ayr\u0131l\u0131b, sosial rifah layih\u0259l\u0259ri geni\u015fl\u0259ndirilib v\u0259 infrastruktur yenid\u0259n qurulub. Az\u0259rbaycanda i\u015fsizliyin minimum s\u0259viyy\u0259y\u0259 endirilm\u0259si, \u0259halinin sosial m\u00fcdafi\u0259sinin g\u00fccl\u0259ndirilm\u0259si v\u0259 azt\u0259minatl\u0131 t\u0259b\u0259q\u0259l\u0259rin rifah\u0131n\u0131n yax\u015f\u0131la\u015fd\u0131r\u0131lmas\u0131 \u00fc\u00e7\u00fcn bir s\u0131ra m\u00fch\u00fcm t\u0259\u015f\u0259bb\u00fcsl\u0259r h\u0259yata ke\u00e7irilib. Prezident \u0130lham \u018fliyevin Qaraba\u011f v\u0259 \u015e\u0259rqi Z\u0259ng\u0259zurun yenid\u0259n qurulmas\u0131 il\u0259 ba\u011fl\u0131 apard\u0131\u011f\u0131 siyas\u0259t Az\u0259rbaycan\u0131n d\u00f6vl\u0259t\u00e7ilik tarixind\u0259 yeni bir s\u0259hif\u0259 a\u00e7\u0131b. \u015eu\u015fa \u015f\u0259h\u0259rinin m\u0259d\u0259niyy\u0259t paytaxt\u0131 elan edilm\u0259si, i\u015f\u011faldan azad olunmu\u015f \u0259razil\u0259rd\u0259 &#8220;A\u011f\u0131ll\u0131 k\u0259nd&#8221; v\u0259 &#8220;A\u011f\u0131ll\u0131 \u015f\u0259h\u0259r&#8221; layih\u0259l\u0259rinin icras\u0131, m\u00fcasir infrastrukturun yarad\u0131lmas\u0131 v\u0259 m\u0259cburi k\u00f6\u00e7k\u00fcnl\u0259rin do\u011fma yurdlar\u0131na qay\u0131tmas\u0131 istiqam\u0259tind\u0259 g\u00f6r\u00fcl\u0259n i\u015fl\u0259r Az\u0259rbaycan d\u00f6vl\u0259tinin g\u00fcc\u00fcn\u00fc v\u0259 v\u0259t\u0259nda\u015f rifah\u0131na verdiyi \u00f6n\u0259mi n\u00fcmayi\u015f etdirir.<br \/>\n\u0130lham \u018fliyevin r\u0259hb\u0259rliyi il\u0259 Az\u0259rbaycan t\u0259kc\u0259 daxili sabitliyi v\u0259 inki\u015faf\u0131 t\u0259min etm\u0259kl\u0259 kifay\u0259tl\u0259nm\u0259yib, eyni zamanda, beyn\u0259lxalq arenada n\u00fcfuzunu g\u00fccl\u0259ndirib. Az\u0259rbaycan Qo\u015fulmama H\u0259r\u0259kat\u0131na s\u0259drlik etm\u0259kl\u0259, T\u00fcrk D\u00f6vl\u0259tl\u0259ri T\u0259\u015fkilat\u0131nda m\u00fch\u00fcm rol oynamaqla v\u0259 BMT, Avropa \u0130ttifaq\u0131, \u0130slam \u018fm\u0259kda\u015fl\u0131q T\u0259\u015fkilat\u0131 v\u0259 dig\u0259r beyn\u0259lxalq t\u0259\u015fkilatlarla \u0259m\u0259kda\u015fl\u0131\u011f\u0131 inki\u015faf etdirm\u0259kl\u0259 qlobal diplomatiyan\u0131n \u0259sas aktorlar\u0131ndan birin\u0259 \u00e7evrilib.<br \/>\nAz\u0259rbaycan\u0131n m\u00fcasir d\u00f6vl\u0259t\u00e7ilik \u0259n\u0259n\u0259l\u0259ri Prezident \u0130l-ham \u018fliyevin uzaqg\u00f6r\u0259n, stra-teji v\u0259 dinamik idar\u0259etm\u0259si n\u0259tic\u0259sind\u0259 daha da g\u00fccl\u0259nib. Onun r\u0259hb\u0259rliyi il\u0259 Az\u0259rbaycan siyasi sabitlik, iqtisadi inki\u015faf, g\u00fccl\u00fc ordu v\u0259 qlobal arenada artan n\u00fcfuzu il\u0259 yeni d\u00f6vr\u0259 q\u0259d\u0259m qoyub. Qaraba\u011f z\u0259f\u0259ri v\u0259 post-m\u00fcharib\u0259 d\u00f6vr\u00fcn-d\u0259 apar\u0131lan yenid\u0259nqurma siyas\u0259ti d\u00f6vl\u0259t\u00e7iliyin m\u00f6hk\u0259ml\u0259nm\u0259sinin v\u0259 xalq\u0131n rifah\u0131n\u0131n t\u0259min olunmas\u0131n\u0131n bariz n\u00fcmun\u0259sidir. \u0130lham \u018fliyevin li-derliyi il\u0259 Az\u0259rbaycan\u0131n g\u0259l\u0259c\u0259yi daha da parlaq v\u0259 g\u00fccl\u00fc g\u00f6r\u00fcn\u00fcr.<\/p>\n<p style=\"text-align: right;\"><em><strong>\u015e\u0259bn\u0259m ZEYNALOVA,<\/strong><\/em><br \/>\n<em><strong>Siyasi Elml\u0259r \u00fczr\u0259 f\u0259ls\u0259f\u0259 doktoru<\/strong><\/em><\/p>\n","protected":false},"excerpt":{"rendered":"<p>Bu g\u00fcn Az\u0259rbaycan Respublikas\u0131 xalq\u0131m\u0131z\u0131n milli maraqlar\u0131n\u0131 r\u0259hb\u0259r tutaraq, yeni reall\u0131qlar \u015f\u0259raitind\u0259 m\u00fcst\u0259qil siyas\u0259tini daha c\u0259sar\u0259tl\u0259, prinsipiall\u0131qla davam etdirir, Konstitusiyan\u0131n t\u0259l\u0259bl\u0259rin\u0259 v\u0259 \u00f6z suveren h\u00fcquqlar\u0131na \u0259saslanaraq, qar\u015f\u0131da duran strateji h\u0259d\u0259fl\u0259r\u0259 do\u011fru inamla ir\u0259lil\u0259yir. \u0130lham \u018fliyev, Az\u0259rbaycan Respublikas\u0131n\u0131n Prezidenti \u0130LHAM \u018fL\u0130YEV V\u018f D\u00d6VL\u018fT\u00c7\u0130L\u0130K \u0130RS\u0130 Az\u0259rbaycan\u0131n d\u00f6vl\u0259t\u00e7ilik \u0259n\u0259n\u0259l\u0259ri \u0259srl\u0259rin s\u0131na\u011f\u0131ndan ke\u00e7\u0259r\u0259k formala\u015fm\u0131\u015f v\u0259 m\u00fcasir d\u00f6vrd\u0259 yeni inki\u015faf [&hellip;]<\/p>\n","protected":false},"author":2,"featured_media":0,"comment_status":"closed","ping_status":"closed","sticky":false,"template":"","format":"standard","meta":[],"categories":[10],"tags":[],"_links":{"self":[{"href":"https:\/\/yeniterter.az\/index.php?rest_route=\/wp\/v2\/posts\/29169"}],"collection":[{"href":"https:\/\/yeniterter.az\/index.php?rest_route=\/wp\/v2\/posts"}],"about":[{"href":"https:\/\/yeniterter.az\/index.php?rest_route=\/wp\/v2\/types\/post"}],"author":[{"embeddable":true,"href":"https:\/\/yeniterter.az\/index.php?rest_route=\/wp\/v2\/users\/2"}],"replies":[{"embeddable":true,"href":"https:\/\/yeniterter.az\/index.php?rest_route=%2Fwp%2Fv2%2Fcomments&post=29169"}],"version-history":[{"count":1,"href":"https:\/\/yeniterter.az\/index.php?rest_route=\/wp\/v2\/posts\/29169\/revisions"}],"predecessor-version":[{"id":29173,"href":"https:\/\/yeniterter.az\/index.php?rest_route=\/wp\/v2\/posts\/29169\/revisions\/29173"}],"wp:attachment":[{"href":"https:\/\/yeniterter.az\/index.php?rest_route=%2Fwp%2Fv2%2Fmedia&parent=29169"}],"wp:term":[{"taxonomy":"category","embeddable":true,"href":"https:\/\/yeniterter.az\/index.php?rest_route=%2Fwp%2Fv2%2Fcategories&post=29169"},{"taxonomy":"post_tag","embeddable":true,"href":"https:\/\/yeniterter.az\/index.php?rest_route=%2Fwp%2Fv2%2Ftags&post=29169"}],"curies":[{"name":"wp","href":"https:\/\/api.w.org\/{rel}","templated":true}]}}