{"id":29162,"date":"2025-02-25T13:08:10","date_gmt":"2025-02-25T10:08:10","guid":{"rendered":"https:\/\/yeniterter.az\/?p=29162"},"modified":"2025-02-25T13:08:10","modified_gmt":"2025-02-25T10:08:10","slug":"fevralin-28-i-az%c9%99rbaycanin-milli-q%c9%99hr%c9%99mani-elman-huseynovun-dogum-gunudur","status":"publish","type":"post","link":"https:\/\/yeniterter.az\/?p=29162","title":{"rendered":"Fevral\u0131n 28-i Az\u0259rbaycan\u0131n Milli Q\u0259hr\u0259man\u0131 Elman H\u00fcseynovun do\u011fum g\u00fcn\u00fcd\u00fcr"},"content":{"rendered":"<p style=\"text-align: center;\"><strong>\u015e\u0259hid analar\u0131n\u0131n yaral\u0131 q\u0259lbini ovutdu, \u00f6z\u00fc d\u0259 \u015f\u0259hidliy\u0259 ucald\u0131<\/strong><\/p>\n<p><img decoding=\"async\" loading=\"lazy\" class=\" wp-image-29163 alignleft\" src=\"https:\/\/yeniterter.az\/wp-content\/uploads\/55fghgc.jpg\" alt=\"\" width=\"127\" height=\"159\" \/><img decoding=\"async\" loading=\"lazy\" class=\"wp-image-29165 alignright\" src=\"https:\/\/yeniterter.az\/wp-content\/uploads\/f099dd38-198d-470b-810f-97e883cfa089-1-300x229.jpg\" alt=\"\" width=\"214\" height=\"164\" srcset=\"https:\/\/yeniterter.az\/wp-content\/uploads\/f099dd38-198d-470b-810f-97e883cfa089-1-300x229.jpg 300w, https:\/\/yeniterter.az\/wp-content\/uploads\/f099dd38-198d-470b-810f-97e883cfa089-1.jpg 715w\" sizes=\"(max-width: 214px) 100vw, 214px\" \/>D\u00fc\u015f\u00fcn\u0259nd\u0259 ki, torpaq u\u011frunda nec\u0259 v\u0259 ne\u00e7\u0259 igidl\u0259r h\u0259lak olub, az qala o torpa\u011f\u0131 h\u0259r g\u00fcn qucaqlamaq, \u00f6p\u00fcb g\u00f6z\u00fcn\u00fcn \u00fcst\u00fcn\u0259 qoymaq ist\u0259yirs\u0259n\u2026 Onlar\u0131n h\u0259r birinin qar\u015f\u0131s\u0131nda say\u011f\u0131 duru\u015funda durmaq ist\u0259yirs\u0259n, amma g\u00f6r\u00fcrs\u0259n ki, yen\u0259 d\u0259 azd\u0131r. Bel\u0259 igidl\u0259rimizd\u0259n biri d\u0259 T\u0259rt\u0259rimizin f\u0259xri, Az\u0259rbaycan\u0131n Milli Q\u0259hr\u0259man\u0131 Elman H\u00fcseynovdur. H\u00fcseynov Elman S\u00fcleyman o\u011flu 28 fevral 1952-ci ild\u0259 T\u0259rt\u0259r rayonunun Azad Qaraqoyunlu (\u0130lx\u0131\u00e7\u0131lar) k\u0259ndind\u0259 do\u011fulmu\u015fdur. 1985\u20131988-ci ill\u0259rd\u0259 T\u0259rt\u0259r rayon Xalq Deputatlar\u0131 Soveti \u0130craiyy\u0259 Komit\u0259si s\u0259drinin birinci m\u00fcavini, 1988\u20131990-c\u0131 ill\u0259rd\u0259 T\u0259rt\u0259r\u00e7ay Hidroqov\u015fa\u011f\u0131 \u0130stismar\u0131 \u0130dar\u0259sinin r\u0259isi, sonra is\u0259 rayon Partiya Komit\u0259sind\u0259 t\u0259limat\u00e7\u0131 v\u0259zif\u0259l\u0259rind\u0259 \u00e7al\u0131\u015fm\u0131\u015fd\u0131r. D\u0259f\u0259l\u0259rl\u0259 rayon sovetin\u0259 deputat se\u00e7ilmi\u015fdir.<br \/>\nElman m\u00fc\u0259llim T\u0259rt\u0259rd\u0259 ilk d\u00f6y\u00fc\u015f\u0259 at\u0131lan q\u0259hr\u0259manlardan biri idi. O, p\u0259rak\u0259nd\u0259 olan b\u00fct\u00fcn d\u00f6y\u00fc\u015f\u00e7\u00fcl\u0259ri bir yer\u0259 toplama\u011f\u0131 bacarm\u0131\u015fd\u0131. B\u0259rd\u0259, T\u0259rt\u0259r, Seydimli batalyonlar\u0131n\u0131 birl\u0259\u015fdir\u0259n komandir olmu\u015fdu.<br \/>\nH\u0259r zaman T\u0259rt\u0259rin q\u0259hr\u0259man o\u011fullar\u0131 haqq\u0131nda s\u00f6hb\u0259t d\u00fc\u015f\u0259nd\u0259, m\u0259n onun ad\u0131n\u0131 \u00e7\u0259km\u0259k ist\u0259yir\u0259m.<br \/>\nElman H\u00fcseynov haqq\u0131nda xatir\u0259l\u0259ri ilk olaraq atamdan e\u015fitmi\u015fdim. Bu yaz\u0131 il\u0259 ba\u011fl\u0131 yen\u0259 d\u0259 atama, onun batalyonunda d\u00f6y\u00fc\u015f\u0259n insana suallar verdim v\u0259 atam\u0131n cavablar\u0131ndan ba\u015fa d\u00fc\u015fd\u00fcm ki, h\u0259qiq\u0259t\u0259n bir q\u0259hr\u0259man itirmi\u015fik.<br \/>\n\u00d6yr\u0259ndim ki, \u201cT\u0259rt\u0259r \u00d6z\u00fcn\u00fcm\u00fcdafi\u0259 Batalyonu\u201dnun komandiri Elman H\u00fcseynov \u00e7ox ziyal\u0131 bir insan idi. Onun yan\u0131nda d\u00f6y\u00fc\u015f\u00e7\u00fcl\u0259r qorxu bilm\u0259zdi. Dan\u0131\u015f\u0131\u011f\u0131, h\u0259r\u0259k\u0259tl\u0259ri \u00e7ox s\u0259liq\u0259li idi. \u018fsg\u0259rl\u0259rinin yan\u0131nda uzand\u0131\u011f\u0131n\u0131, durdu\u011funu he\u00e7 kim g\u00f6rm\u0259zdi.<br \/>\n\u201cT\u0259rt\u0259r \u00d6z\u00fcn\u00fcm\u00fcdafi\u0259 Batalyonu\u201dnun yaranmas\u0131nda b\u00f6y\u00fck \u0259m\u0259yi olub.<!--more--><br \/>\nOnu da \u00f6yr\u0259ndim ki, Elman m\u00fc\u0259llim x\u0259rit\u0259ni, ratsiyan\u0131 g\u00f6z\u0259l bilirdi. \u00d6nd\u0259 ged\u0259rdi, planlar c\u0131zard\u0131. Atam dedi:<br \/>\n\u2013Elman m\u00fc\u0259llimi ilk d\u0259f\u0259 1992-ci ilin iyulun 27-d\u0259 g\u00f6rm\u00fc\u015f\u0259m. Bizi d\u00fc\u015fm\u0259nin arxas\u0131na ke\u00e7irirdi, buna g\u00f6r\u0259 d\u0259 4 \u0259m\u0259liyyatda biz u\u011fur qazanm\u0131\u015fd\u0131q, itkimiz olmurdu. O, 1993-c\u00fc ild\u0259 yaralanm\u0131\u015fd\u0131. A\u011fd\u0259r\u0259 rayonunun Vaqauz k\u0259ndind\u0259 13-\u0259 yax\u0131n \u015f\u0259hidimiz d\u00fc\u015fm\u0259n m\u00f6vqeyind\u0259 qalm\u0131\u015fd\u0131. Elman m\u00fc\u0259llim yaral\u0131 halda \u015f\u0259hidl\u0259rimizi oradan \u00e7\u0131xarmaq \u00fc\u00e7\u00fcn \u0259m\u0259liyyata qat\u0131lm\u0131\u015fd\u0131. \u00c7\u00fcnki \u00f6vladlar\u0131n\u0131 g\u00f6zl\u0259y\u0259n \u015f\u0259hid analar\u0131 var idi. H\u0259min d\u00f6y\u00fc\u015fd\u0259 o \u00f6z\u00fc d\u0259 q\u0259hr\u0259mancas\u0131na \u015f\u0259hid oldu.<br \/>\nS\u00f6hb\u0259timizd\u0259n bel\u0259 q\u0259rara g\u0259ldim ki, Elman H\u00fcseynov i\u015fini bil\u0259n pe\u015fakar bir iqtisad\u00e7\u0131, g\u00f6z\u0259l ail\u0259 ba\u015f\u00e7\u0131s\u0131, mehriban ata olub. \u0130stiqanl\u0131, mehriban, y\u00fcks\u0259k keyfiyy\u0259tl\u0259r\u0259 malik bir insan idi. Onun \u00fc\u00e7\u00fcn torpaq da, insan da eyni \u015f\u0259kild\u0259 \u0259ziz idi.<br \/>\nB\u0259li, torpaq u\u011frunda \u00f6l\u0259n varsa, V\u0259t\u0259ndir! V\u0259t\u0259n s\u0259n\u0259 o\u011ful demi\u015fdir, \u0259ziz q\u0259hr\u0259man\u0131m\u0131z. S\u0259n olmasayd\u0131n, sizl\u0259r olmasayd\u0131, m\u0259n bu s\u0259tirl\u0259ri bel\u0259 q\u00fcrurla yaza bilm\u0259zdim.<\/p>\n<p style=\"text-align: right;\"><em><strong>\u018fsm\u0259r YUS\u0130FL\u0130<\/strong><\/em><\/p>\n","protected":false},"excerpt":{"rendered":"<p>\u015e\u0259hid analar\u0131n\u0131n yaral\u0131 q\u0259lbini ovutdu, \u00f6z\u00fc d\u0259 \u015f\u0259hidliy\u0259 ucald\u0131 D\u00fc\u015f\u00fcn\u0259nd\u0259 ki, torpaq u\u011frunda nec\u0259 v\u0259 ne\u00e7\u0259 igidl\u0259r h\u0259lak olub, az qala o torpa\u011f\u0131 h\u0259r g\u00fcn qucaqlamaq, \u00f6p\u00fcb g\u00f6z\u00fcn\u00fcn \u00fcst\u00fcn\u0259 qoymaq ist\u0259yirs\u0259n\u2026 Onlar\u0131n h\u0259r birinin qar\u015f\u0131s\u0131nda say\u011f\u0131 duru\u015funda durmaq ist\u0259yirs\u0259n, amma g\u00f6r\u00fcrs\u0259n ki, yen\u0259 d\u0259 azd\u0131r. Bel\u0259 igidl\u0259rimizd\u0259n biri d\u0259 T\u0259rt\u0259rimizin f\u0259xri, Az\u0259rbaycan\u0131n Milli Q\u0259hr\u0259man\u0131 Elman [&hellip;]<\/p>\n","protected":false},"author":2,"featured_media":0,"comment_status":"closed","ping_status":"closed","sticky":false,"template":"","format":"standard","meta":[],"categories":[39],"tags":[],"_links":{"self":[{"href":"https:\/\/yeniterter.az\/index.php?rest_route=\/wp\/v2\/posts\/29162"}],"collection":[{"href":"https:\/\/yeniterter.az\/index.php?rest_route=\/wp\/v2\/posts"}],"about":[{"href":"https:\/\/yeniterter.az\/index.php?rest_route=\/wp\/v2\/types\/post"}],"author":[{"embeddable":true,"href":"https:\/\/yeniterter.az\/index.php?rest_route=\/wp\/v2\/users\/2"}],"replies":[{"embeddable":true,"href":"https:\/\/yeniterter.az\/index.php?rest_route=%2Fwp%2Fv2%2Fcomments&post=29162"}],"version-history":[{"count":1,"href":"https:\/\/yeniterter.az\/index.php?rest_route=\/wp\/v2\/posts\/29162\/revisions"}],"predecessor-version":[{"id":29166,"href":"https:\/\/yeniterter.az\/index.php?rest_route=\/wp\/v2\/posts\/29162\/revisions\/29166"}],"wp:attachment":[{"href":"https:\/\/yeniterter.az\/index.php?rest_route=%2Fwp%2Fv2%2Fmedia&parent=29162"}],"wp:term":[{"taxonomy":"category","embeddable":true,"href":"https:\/\/yeniterter.az\/index.php?rest_route=%2Fwp%2Fv2%2Fcategories&post=29162"},{"taxonomy":"post_tag","embeddable":true,"href":"https:\/\/yeniterter.az\/index.php?rest_route=%2Fwp%2Fv2%2Ftags&post=29162"}],"curies":[{"name":"wp","href":"https:\/\/api.w.org\/{rel}","templated":true}]}}