{"id":29159,"date":"2025-02-25T13:00:44","date_gmt":"2025-02-25T10:00:44","guid":{"rendered":"https:\/\/yeniterter.az\/?p=29159"},"modified":"2025-02-25T13:03:32","modified_gmt":"2025-02-25T10:03:32","slug":"qaygi-4","status":"publish","type":"post","link":"https:\/\/yeniterter.az\/?p=29159","title":{"rendered":"QAY\u011eI"},"content":{"rendered":"<p style=\"text-align: center;\"><span style=\"font-size: 14pt;\"><strong>\u015e\u0259hid atas\u0131 C\u0259mil Hac\u0131yev ziyar\u0259t edilib<\/strong><\/span><\/p>\n<p><img decoding=\"async\" loading=\"lazy\" class=\" wp-image-29160 alignleft\" src=\"https:\/\/yeniterter.az\/wp-content\/uploads\/d1273e31e4a739bcadde1a849339e16e-300x200.jpg\" alt=\"\" width=\"215\" height=\"143\" srcset=\"https:\/\/yeniterter.az\/wp-content\/uploads\/d1273e31e4a739bcadde1a849339e16e-300x200.jpg 300w, https:\/\/yeniterter.az\/wp-content\/uploads\/d1273e31e4a739bcadde1a849339e16e-1024x683.jpg 1024w, https:\/\/yeniterter.az\/wp-content\/uploads\/d1273e31e4a739bcadde1a849339e16e-768x512.jpg 768w, https:\/\/yeniterter.az\/wp-content\/uploads\/d1273e31e4a739bcadde1a849339e16e.jpg 1152w\" sizes=\"(max-width: 215px) 100vw, 215px\" \/>T\u0259rt\u0259r Rayon \u0130cra Hakimiyy\u0259tinin ba\u015f\u00e7\u0131s\u0131 M\u00fcst\u0259qim M\u0259mm\u0259dov T\u0259rt\u0259r \u015f\u0259h\u0259rind\u0259 V\u0259t\u0259n m\u00fcharib\u0259si \u015f\u0259hidi Hac\u0131yev Qubad C\u0259mil o\u011flunun ail\u0259sini ziyar\u0259t edib, atas\u0131 C\u0259mil Hac\u0131yevi 65 illik yubileyi m\u00fcnasib\u0259ti il\u0259 t\u0259brik ed\u0259r\u0259k, ona g\u00fcl d\u0259st\u0259si v\u0259 rayon icra hakimiyy\u0259tinin t\u0259\u015f\u0259kk\u00fcrnam\u0259sini t\u0259qdim edib.<br \/>\nRayon r\u0259hb\u0259ri \u015f\u0259hid v\u0259 qazil\u0259rin q\u0259hr\u0259manl\u0131qlar\u0131ndan s\u00f6z a\u00e7\u0131b v\u0259 bildirib ki, bu g\u00fcn onlar\u0131n qan\u0131-can\u0131 bahas\u0131na torpaqlar\u0131m\u0131z i\u015f\u011faldan azad olub, suverenliyimiz b\u0259rpa edilib.<br \/>\nQeyd ed\u0259k ki, \u015f\u0259hid Qubad Hac\u0131yev 1988-ci il may ay\u0131n\u0131n 19-da T\u0259rt\u0259r \u015f\u0259h\u0259rind\u0259 anadan olub. Az\u0259rbaycan Or-dusunun ki\u00e7ik \u00e7avu\u015fu olan Qubad Hac\u0131yev 2020-ci il sentyabr\u0131n 27-d\u0259 Az\u0259rbaycan Silahl\u0131 Q\u00fcvv\u0259l\u0259ri t\u0259r\u0259find\u0259n Erm\u0259nistan\u0131n i\u015f\u011fal\u0131 alt\u0131nda olan \u0259razil\u0259rin azad edilm\u0259si v\u0259 Az\u0259rbaycan\u0131n \u0259razi b\u00fct\u00f6vl\u00fcy\u00fcn\u00fcn b\u0259rpa olunmas\u0131 \u00fc\u00e7\u00fcn ba\u015flanan V\u0259t\u0259n m\u00fcharib\u0259si zaman\u0131 Suqovu\u015fan\u0131n azadl\u0131\u011f\u0131 u\u011frunda ged\u0259n d\u00f6y\u00fc\u015fl\u0259rd\u0259 sava\u015f\u0131b. Qubad Hac\u0131yev oktyabr\u0131n 10-da A\u011fd\u0259r\u0259 istiqam\u0259tind\u0259 ged\u0259n d\u00f6y\u00fc\u015fl\u0259rd\u0259 \u015f\u0259hid olub. Yevlax rayonunun N\u0259mirli k\u0259ndind\u0259 d\u0259fn olunub. Az\u0259rbaycan\u0131n \u0259razi b\u00fct\u00f6vl\u00fcy\u00fcn\u00fcn t\u0259min edilm\u0259si u\u011frunda d\u00f6y\u00fc\u015f \u0259m\u0259liyyatlar\u0131na qat\u0131lan v\u0259 h\u0259rbi hiss\u0259 qar\u015f\u0131s\u0131nda qoyulmu\u015f tap\u015f\u0131r\u0131qlar\u0131n icras\u0131 zaman\u0131 v\u0259zif\u0259 borcunu \u015f\u0259r\u0259fl\u0259 yerin\u0259 yetirdiyi \u00fc\u00e7\u00fcn Az\u0259rbaycan Respublikas\u0131n\u0131n Prezidenti c\u0259nab \u0130lham \u018fliyevin m\u00fcvafiq S\u0259r\u0259ncamlar\u0131na \u0259sas\u0259n Qubad Hac\u0131yev \u00f6l\u00fcm\u00fcnd\u0259n sonra &#8220;V\u0259t\u0259n u\u011frunda&#8221;, &#8220;La\u00e7\u0131n\u0131n azad olunmas\u0131na g\u00f6r\u0259&#8221;, \u201cSuqovu\u015fan\u0131n azad olunmas\u0131na g\u00f6r\u0259\u201d v\u0259 \u201c\u0130gidliy\u0259 g\u00f6r\u0259\u201d medallar\u0131 il\u0259 t\u0259ltif edilib.<\/p>\n<p>&nbsp;<\/p>\n","protected":false},"excerpt":{"rendered":"<p>\u015e\u0259hid atas\u0131 C\u0259mil Hac\u0131yev ziyar\u0259t edilib T\u0259rt\u0259r Rayon \u0130cra Hakimiyy\u0259tinin ba\u015f\u00e7\u0131s\u0131 M\u00fcst\u0259qim M\u0259mm\u0259dov T\u0259rt\u0259r \u015f\u0259h\u0259rind\u0259 V\u0259t\u0259n m\u00fcharib\u0259si \u015f\u0259hidi Hac\u0131yev Qubad C\u0259mil o\u011flunun ail\u0259sini ziyar\u0259t edib, atas\u0131 C\u0259mil Hac\u0131yevi 65 illik yubileyi m\u00fcnasib\u0259ti il\u0259 t\u0259brik ed\u0259r\u0259k, ona g\u00fcl d\u0259st\u0259si v\u0259 rayon icra hakimiyy\u0259tinin t\u0259\u015f\u0259kk\u00fcrnam\u0259sini t\u0259qdim edib. Rayon r\u0259hb\u0259ri \u015f\u0259hid v\u0259 qazil\u0259rin q\u0259hr\u0259manl\u0131qlar\u0131ndan s\u00f6z a\u00e7\u0131b v\u0259 bildirib [&hellip;]<\/p>\n","protected":false},"author":2,"featured_media":0,"comment_status":"closed","ping_status":"closed","sticky":false,"template":"","format":"standard","meta":[],"categories":[1],"tags":[],"_links":{"self":[{"href":"https:\/\/yeniterter.az\/index.php?rest_route=\/wp\/v2\/posts\/29159"}],"collection":[{"href":"https:\/\/yeniterter.az\/index.php?rest_route=\/wp\/v2\/posts"}],"about":[{"href":"https:\/\/yeniterter.az\/index.php?rest_route=\/wp\/v2\/types\/post"}],"author":[{"embeddable":true,"href":"https:\/\/yeniterter.az\/index.php?rest_route=\/wp\/v2\/users\/2"}],"replies":[{"embeddable":true,"href":"https:\/\/yeniterter.az\/index.php?rest_route=%2Fwp%2Fv2%2Fcomments&post=29159"}],"version-history":[{"count":1,"href":"https:\/\/yeniterter.az\/index.php?rest_route=\/wp\/v2\/posts\/29159\/revisions"}],"predecessor-version":[{"id":29161,"href":"https:\/\/yeniterter.az\/index.php?rest_route=\/wp\/v2\/posts\/29159\/revisions\/29161"}],"wp:attachment":[{"href":"https:\/\/yeniterter.az\/index.php?rest_route=%2Fwp%2Fv2%2Fmedia&parent=29159"}],"wp:term":[{"taxonomy":"category","embeddable":true,"href":"https:\/\/yeniterter.az\/index.php?rest_route=%2Fwp%2Fv2%2Fcategories&post=29159"},{"taxonomy":"post_tag","embeddable":true,"href":"https:\/\/yeniterter.az\/index.php?rest_route=%2Fwp%2Fv2%2Ftags&post=29159"}],"curies":[{"name":"wp","href":"https:\/\/api.w.org\/{rel}","templated":true}]}}