{"id":29156,"date":"2025-02-25T12:52:20","date_gmt":"2025-02-25T09:52:20","guid":{"rendered":"https:\/\/yeniterter.az\/?p=29156"},"modified":"2025-02-25T13:09:41","modified_gmt":"2025-02-25T10:09:41","slug":"v%c9%99t%c9%99ndasliq-borcu-2","status":"publish","type":"post","link":"https:\/\/yeniterter.az\/?p=29156","title":{"rendered":"V\u018fT\u018fNDA\u015eLIQ BORCU"},"content":{"rendered":"<p><img decoding=\"async\" loading=\"lazy\" class=\"wp-image-29157 alignright\" src=\"https:\/\/yeniterter.az\/wp-content\/uploads\/f5f2e3236e9a6ee57e522e65b2509c2e-300x200.jpg\" alt=\"\" width=\"191\" height=\"127\" srcset=\"https:\/\/yeniterter.az\/wp-content\/uploads\/f5f2e3236e9a6ee57e522e65b2509c2e-300x200.jpg 300w, https:\/\/yeniterter.az\/wp-content\/uploads\/f5f2e3236e9a6ee57e522e65b2509c2e-1024x683.jpg 1024w, https:\/\/yeniterter.az\/wp-content\/uploads\/f5f2e3236e9a6ee57e522e65b2509c2e-768x512.jpg 768w, https:\/\/yeniterter.az\/wp-content\/uploads\/f5f2e3236e9a6ee57e522e65b2509c2e.jpg 1152w\" sizes=\"(max-width: 191px) 100vw, 191px\" \/>Rayon r\u0259hb\u0259ri V\u0259t\u0259n m\u00fcharib\u0259si \u015f\u0259hidi A\u011fayev \u0130ntiqam H\u00fcseyn o\u011flunun anas\u0131 G\u00fclnar\u0259 Salahovan\u0131 c\u0259rrahiyy\u0259 \u0259m\u0259liyyat\u0131ndan sonra evind\u0259 ziyar\u0259t edib, onun s\u0259hh\u0259ti v\u0259 ail\u0259nin qay\u011f\u0131lar\u0131 il\u0259 maraqlan\u0131b.<br \/>\nQeyd ed\u0259k ki, \u0130ntiqam A\u011fayev 1998-ci il mart ay\u0131n\u0131n 1-d\u0259 T\u0259rt\u0259r rayonunun S\u0259hl\u0259bad k\u0259ndind\u0259 anadan olub. Az\u0259rbaycan Ordusunun \u0259sg\u0259ri olan \u0130ntiqam A\u011fayev 2020-ci il sentyabr\u0131n 27-d\u0259 Az\u0259rbaycan Silahl\u0131 Q\u00fcvv\u0259l\u0259ri t\u0259r\u0259find\u0259n Erm\u0259nistan\u0131n i\u015f\u011fal\u0131 alt\u0131nda olan \u0259razil\u0259rin azad edilm\u0259si v\u0259 Az\u0259rbaycan\u0131n \u0259razi b\u00fct\u00f6vl\u00fcy\u00fcn\u00fcn b\u0259rpa olunmas\u0131 \u00fc\u00e7\u00fcn ba\u015flanan V\u0259t\u0259n m\u00fcharib\u0259si zaman\u0131 Suqovu\u015fan\u0131n azadl\u0131\u011f\u0131 u\u011frunda ged\u0259n d\u00f6y\u00fc\u015fl\u0259rd\u0259 sava\u015f\u0131b. \u0130ntiqam A\u011fayev oktyabr\u0131n 8-d\u0259 A\u011fd\u0259r\u0259 istiqam\u0259tind\u0259 ged\u0259n d\u00f6y\u00fc\u015fl\u0259r zaman\u0131 \u015f\u0259hid olub.<br \/>\nAz\u0259rbaycan\u0131n \u0259razi b\u00fct\u00f6vl\u00fcy\u00fcn\u00fcn t\u0259min edilm\u0259si u\u011frunda d\u00f6y\u00fc\u015f \u0259m\u0259liyyatlar\u0131na qat\u0131ld\u0131\u011f\u0131 v\u0259 h\u0259rbi hiss\u0259 qar\u015f\u0131s\u0131nda qoyulmu\u015f tap\u015f\u0131r\u0131qlar\u0131n icras\u0131 zaman\u0131 v\u0259zif\u0259 borcunu \u015f\u0259r\u0259fl\u0259 yerin\u0259 yetirdiyi \u00fc\u00e7\u00fcn Az\u0259rbaycan Respublikas\u0131n\u0131n Prezidenti c\u0259nab \u0130lham \u018fliyevin m\u00fcvafiq S\u0259r\u0259ncamlar\u0131na \u0259sas\u0259n \u0130ntiqam A\u011fayev \u00f6l\u00fcm\u00fcnd\u0259n sonra &#8220;V\u0259t\u0259n u\u011frunda&#8221;, \u201cSuqovu\u015fan\u0131n azad olunmas\u0131na g\u00f6r\u0259\u201d v\u0259 &#8220;La\u00e7\u0131n\u0131n azad olunmas\u0131na g\u00f6r\u0259&#8221; medallar\u0131 il\u0259 t\u0259ltif edilib.<br \/>\nG\u00f6r\u00fc\u015f zaman\u0131 qeyd olunub ki, \u015f\u0259hid ail\u0259l\u0259rin\u0259 qay\u011f\u0131 g\u00f6s-t\u0259rilm\u0259si h\u0259r birimizin v\u0259t\u0259nda\u015fl\u0131q borcudur.<\/p>\n","protected":false},"excerpt":{"rendered":"<p>Rayon r\u0259hb\u0259ri V\u0259t\u0259n m\u00fcharib\u0259si \u015f\u0259hidi A\u011fayev \u0130ntiqam H\u00fcseyn o\u011flunun anas\u0131 G\u00fclnar\u0259 Salahovan\u0131 c\u0259rrahiyy\u0259 \u0259m\u0259liyyat\u0131ndan sonra evind\u0259 ziyar\u0259t edib, onun s\u0259hh\u0259ti v\u0259 ail\u0259nin qay\u011f\u0131lar\u0131 il\u0259 maraqlan\u0131b. Qeyd ed\u0259k ki, \u0130ntiqam A\u011fayev 1998-ci il mart ay\u0131n\u0131n 1-d\u0259 T\u0259rt\u0259r rayonunun S\u0259hl\u0259bad k\u0259ndind\u0259 anadan olub. Az\u0259rbaycan Ordusunun \u0259sg\u0259ri olan \u0130ntiqam A\u011fayev 2020-ci il sentyabr\u0131n 27-d\u0259 Az\u0259rbaycan Silahl\u0131 Q\u00fcvv\u0259l\u0259ri t\u0259r\u0259find\u0259n [&hellip;]<\/p>\n","protected":false},"author":2,"featured_media":0,"comment_status":"closed","ping_status":"closed","sticky":false,"template":"","format":"standard","meta":[],"categories":[10],"tags":[],"_links":{"self":[{"href":"https:\/\/yeniterter.az\/index.php?rest_route=\/wp\/v2\/posts\/29156"}],"collection":[{"href":"https:\/\/yeniterter.az\/index.php?rest_route=\/wp\/v2\/posts"}],"about":[{"href":"https:\/\/yeniterter.az\/index.php?rest_route=\/wp\/v2\/types\/post"}],"author":[{"embeddable":true,"href":"https:\/\/yeniterter.az\/index.php?rest_route=\/wp\/v2\/users\/2"}],"replies":[{"embeddable":true,"href":"https:\/\/yeniterter.az\/index.php?rest_route=%2Fwp%2Fv2%2Fcomments&post=29156"}],"version-history":[{"count":3,"href":"https:\/\/yeniterter.az\/index.php?rest_route=\/wp\/v2\/posts\/29156\/revisions"}],"predecessor-version":[{"id":29168,"href":"https:\/\/yeniterter.az\/index.php?rest_route=\/wp\/v2\/posts\/29156\/revisions\/29168"}],"wp:attachment":[{"href":"https:\/\/yeniterter.az\/index.php?rest_route=%2Fwp%2Fv2%2Fmedia&parent=29156"}],"wp:term":[{"taxonomy":"category","embeddable":true,"href":"https:\/\/yeniterter.az\/index.php?rest_route=%2Fwp%2Fv2%2Fcategories&post=29156"},{"taxonomy":"post_tag","embeddable":true,"href":"https:\/\/yeniterter.az\/index.php?rest_route=%2Fwp%2Fv2%2Ftags&post=29156"}],"curies":[{"name":"wp","href":"https:\/\/api.w.org\/{rel}","templated":true}]}}