{"id":29152,"date":"2025-02-25T12:43:36","date_gmt":"2025-02-25T09:43:36","guid":{"rendered":"https:\/\/yeniterter.az\/?p=29152"},"modified":"2025-02-25T12:43:36","modified_gmt":"2025-02-25T09:43:36","slug":"rayon-icra-hakimiyy%c9%99tinin-%c9%99m%c9%99kdaslari-s%c9%99hid-musviq-ismayilovun-anasinin-yas-m%c9%99rasimind%c9%99-istirak-edibl%c9%99r","status":"publish","type":"post","link":"https:\/\/yeniterter.az\/?p=29152","title":{"rendered":"Rayon \u0130cra Hakimiyy\u0259tinin \u0259m\u0259kda\u015flar\u0131 \u015f\u0259hid M\u00fc\u015fviq \u0130smay\u0131lovun anas\u0131n\u0131n yas m\u0259rasimind\u0259 i\u015ftirak edibl\u0259r"},"content":{"rendered":"<p><img decoding=\"async\" loading=\"lazy\" class=\" wp-image-29154 alignleft\" src=\"https:\/\/yeniterter.az\/wp-content\/uploads\/24-2-300x225.jpg\" alt=\"\" width=\"197\" height=\"148\" srcset=\"https:\/\/yeniterter.az\/wp-content\/uploads\/24-2-300x225.jpg 300w, https:\/\/yeniterter.az\/wp-content\/uploads\/24-2.jpg 400w\" sizes=\"(max-width: 197px) 100vw, 197px\" \/>T\u0259rt\u0259r Rayon \u0130cra Hakimiyy\u0259ti ba\u015f\u00e7\u0131s\u0131n\u0131n birinci m\u00fcavini Elvin Umudov Qafqaz M\u00fcs\u0259lmanlar\u0131 \u0130dar\u0259sinin s\u0259lahiyy\u0259tli n\u00fcmay\u0259nd\u0259si, T\u0259rt\u0259r C\u00fcm\u0259 M\u0259scidinin imam\u0131 Sadiq C\u0259f\u0259rov v\u0259 aparat\u0131n m\u0259sul \u0259m\u0259kda\u015flar\u0131 il\u0259 birlikd\u0259 rayonun Mam\u0131rl\u0131 k\u0259ndind\u0259 Birinci Qaraba\u011f m\u00fcharib\u0259si \u015f\u0259hidi M\u00fc\u015fviq \u0130smay\u0131lovun anas\u0131 R\u0259qiyy\u0259 \u0130smay\u0131lovan\u0131n yas m\u0259rasimind\u0259 i\u015ftirak edib, m\u0259rhumun ail\u0259 \u00fczvl\u0259rin\u0259 ba\u015fsa\u011fl\u0131\u011f\u0131 verib.<br \/>\nM\u00fc\u015fviq \u0130smay\u0131lov 1971-ci il dekabr ay\u0131n\u0131n 31-d\u0259 T\u0259rt\u0259r rayonunun Mam\u0131rl\u0131 k\u0259ndind\u0259 anadan olmu\u015fdur. H\u0259min k\u0259nd orta m\u0259kt\u0259bini bitirib v\u0259 ke\u00e7mi\u015f Sovet ordusu s\u0131ralar\u0131nda h\u0259qiqi h\u0259rbi xidm\u0259td\u0259 olmu\u015fdur. H\u0259rbi xidm\u0259td\u0259n qay\u0131td\u0131qdan sonra ya\u015fad\u0131\u011f\u0131 do\u011fma k\u0259ndd\u0259 kolxoz\u00e7u i\u015fl\u0259yib. 1993-c\u00fc ilin noyabr ay\u0131nda rayon h\u0259rbi komissarl\u0131\u011f\u0131 t\u0259r\u0259find\u0259n Milli Ordu s\u0131ralar\u0131na s\u0259f\u0259rb\u0259r edilib. Xidm\u0259t etdiyi Milli Ordunun N sayl\u0131 h\u0259rbi hiss\u0259sinin t\u0259rkibind\u0259 erm\u0259ni fa\u015fistl\u0259rin\u0259 qar\u015f\u0131 A\u011fd\u0259r\u0259 b\u00f6lg\u0259sind\u0259 ged\u0259n d\u00f6y\u00fc\u015fl\u0259rd\u0259 i\u015ftirak edib. 5 may 1994-c\u00fc ild\u0259 A\u011fd\u0259r\u0259 rayonunun H\u0259s\u0259nqaya k\u0259ndi u\u011frunda ged\u0259n d\u00f6y\u00fc\u015fd\u0259 \u015f\u0259hid olub.<br \/>\nSubay idi. Mam\u0131rl\u0131 k\u0259nd q\u0259biristanl\u0131\u011f\u0131nda d\u0259fn olunub.<br \/>\nM\u0259rhumun yax\u0131nlar\u0131 onlar\u0131n ail\u0259sin\u0259 g\u00f6st\u0259ril\u0259n qay\u011f\u0131ya g\u00f6r\u0259 t\u0259\u015f\u0259kk\u00fcr edibl\u0259r.<\/p>\n<p>&nbsp;<\/p>\n","protected":false},"excerpt":{"rendered":"<p>T\u0259rt\u0259r Rayon \u0130cra Hakimiyy\u0259ti ba\u015f\u00e7\u0131s\u0131n\u0131n birinci m\u00fcavini Elvin Umudov Qafqaz M\u00fcs\u0259lmanlar\u0131 \u0130dar\u0259sinin s\u0259lahiyy\u0259tli n\u00fcmay\u0259nd\u0259si, T\u0259rt\u0259r C\u00fcm\u0259 M\u0259scidinin imam\u0131 Sadiq C\u0259f\u0259rov v\u0259 aparat\u0131n m\u0259sul \u0259m\u0259kda\u015flar\u0131 il\u0259 birlikd\u0259 rayonun Mam\u0131rl\u0131 k\u0259ndind\u0259 Birinci Qaraba\u011f m\u00fcharib\u0259si \u015f\u0259hidi M\u00fc\u015fviq \u0130smay\u0131lovun anas\u0131 R\u0259qiyy\u0259 \u0130smay\u0131lovan\u0131n yas m\u0259rasimind\u0259 i\u015ftirak edib, m\u0259rhumun ail\u0259 \u00fczvl\u0259rin\u0259 ba\u015fsa\u011fl\u0131\u011f\u0131 verib. M\u00fc\u015fviq \u0130smay\u0131lov 1971-ci il dekabr ay\u0131n\u0131n 31-d\u0259 T\u0259rt\u0259r [&hellip;]<\/p>\n","protected":false},"author":2,"featured_media":0,"comment_status":"closed","ping_status":"closed","sticky":false,"template":"","format":"standard","meta":[],"categories":[39],"tags":[],"_links":{"self":[{"href":"https:\/\/yeniterter.az\/index.php?rest_route=\/wp\/v2\/posts\/29152"}],"collection":[{"href":"https:\/\/yeniterter.az\/index.php?rest_route=\/wp\/v2\/posts"}],"about":[{"href":"https:\/\/yeniterter.az\/index.php?rest_route=\/wp\/v2\/types\/post"}],"author":[{"embeddable":true,"href":"https:\/\/yeniterter.az\/index.php?rest_route=\/wp\/v2\/users\/2"}],"replies":[{"embeddable":true,"href":"https:\/\/yeniterter.az\/index.php?rest_route=%2Fwp%2Fv2%2Fcomments&post=29152"}],"version-history":[{"count":1,"href":"https:\/\/yeniterter.az\/index.php?rest_route=\/wp\/v2\/posts\/29152\/revisions"}],"predecessor-version":[{"id":29155,"href":"https:\/\/yeniterter.az\/index.php?rest_route=\/wp\/v2\/posts\/29152\/revisions\/29155"}],"wp:attachment":[{"href":"https:\/\/yeniterter.az\/index.php?rest_route=%2Fwp%2Fv2%2Fmedia&parent=29152"}],"wp:term":[{"taxonomy":"category","embeddable":true,"href":"https:\/\/yeniterter.az\/index.php?rest_route=%2Fwp%2Fv2%2Fcategories&post=29152"},{"taxonomy":"post_tag","embeddable":true,"href":"https:\/\/yeniterter.az\/index.php?rest_route=%2Fwp%2Fv2%2Ftags&post=29152"}],"curies":[{"name":"wp","href":"https:\/\/api.w.org\/{rel}","templated":true}]}}