{"id":29148,"date":"2025-02-25T11:10:43","date_gmt":"2025-02-25T08:10:43","guid":{"rendered":"https:\/\/yeniterter.az\/?p=29148"},"modified":"2025-02-25T11:10:58","modified_gmt":"2025-02-25T08:10:58","slug":"v%c9%99t%c9%99n-muharib%c9%99si-s%c9%99hidi-elm%c9%99ddin-%c9%99liyevin-qardasinin-toy-m%c9%99rasimi-kecirilib","status":"publish","type":"post","link":"https:\/\/yeniterter.az\/?p=29148","title":{"rendered":"V\u0259t\u0259n m\u00fcharib\u0259si \u015f\u0259hidi Elm\u0259ddin \u018fliyevin qarda\u015f\u0131n\u0131n toy m\u0259rasimi ke\u00e7irilib"},"content":{"rendered":"<p><img decoding=\"async\" loading=\"lazy\" class=\" wp-image-29149 alignright\" src=\"https:\/\/yeniterter.az\/wp-content\/uploads\/55-300x225.jpeg\" alt=\"\" width=\"201\" height=\"151\" srcset=\"https:\/\/yeniterter.az\/wp-content\/uploads\/55-300x225.jpeg 300w, https:\/\/yeniterter.az\/wp-content\/uploads\/55-768x576.jpeg 768w, https:\/\/yeniterter.az\/wp-content\/uploads\/55.jpeg 1024w\" sizes=\"(max-width: 201px) 100vw, 201px\" \/>T\u0259rt\u0259rd\u0259 V\u0259t\u0259n m\u00fcharib\u0259si \u015f\u0259hidi Elm\u0259ddin \u018fliyevin qarda\u015f\u0131 Samir \u018fliyevin toy \u015f\u0259nliyi ke\u00e7irilib.<br \/>\nToy \u015f\u0259nliyind\u0259 ail\u0259 \u00fczvl\u0259ri il\u0259 b\u0259rab\u0259r T\u0259rt\u0259r Rayon \u0130cra Hakimiyy\u0259tinin ba\u015f\u00e7\u0131s\u0131 M\u00fcst\u0259qim M\u0259mm\u0259dov, h\u00fcquq m\u00fchafiz\u0259 orqanlar\u0131n\u0131n r\u0259hb\u0259rl\u0259ri, \u015f\u0259hid ail\u0259l\u0259ri, qazil\u0259r, veteranlar i\u015ftirak edibl\u0259r.<br \/>\nT\u0259rt\u0259r Rayon \u0130cra Hakimiyy\u0259tinin ba\u015f\u00e7\u0131s\u0131 M\u00fcst\u0259qim M\u0259mm\u0259dov toy m\u0259rasimind\u0259 \u00e7\u0131x\u0131\u015f ed\u0259r\u0259k yeni ail\u0259 quran g\u0259ncl\u0259ri t\u0259brik edib, onlara xo\u015fb\u0259xtlik, firavan h\u0259yat arzulay\u0131b.<br \/>\nToy \u015f\u0259nliyind\u0259 rayon polis \u015f\u00f6b\u0259sinin r\u0259isi El\u00e7in Qas\u0131mov v\u0259 rayon prokuroru \u018fli Qurbanov da yeni ail\u0259 quran \u00e7\u00fctl\u00fcy\u00fc t\u0259brik edib, onlara xo\u015f arzular\u0131n\u0131 \u00e7atd\u0131r\u0131blar.<br \/>\nQeyd ed\u0259k ki, Elm\u0259ddin \u018fliyev 1985-ci il iyulun 2-d\u0259 T\u0259rt\u0259r rayonunun Yuxar\u0131 Qapanl\u0131 k\u0259ndind\u0259 anadan olub.<br \/>\nAz\u0259rbaycan Ordusunun ki\u00e7ik \u00e7avu\u015fu olan Elm\u0259ddin \u018fliyev 2020-ci il sentyabr\u0131n 27-d\u0259 Az\u0259rbaycan Silahl\u0131 Q\u00fcvv\u0259l\u0259ri t\u0259r\u0259find\u0259n Erm\u0259nistan\u0131n i\u015f\u011fal\u0131 alt\u0131nda olan \u0259razil\u0259rin azad edilm\u0259si v\u0259 Az\u0259rbaycan\u0131n \u0259razi b\u00fct\u00f6vl\u00fcy\u00fcn\u00fcn b\u0259rpa olunmas\u0131 \u00fc\u00e7\u00fcn ba\u015flanan V\u0259t\u0259n m\u00fcharib\u0259si zaman\u0131 Suqovu\u015fan\u0131n azadl\u0131\u011f\u0131 u\u011frunda ged\u0259n d\u00f6y\u00fc\u015fl\u0259rd\u0259 sava\u015f\u0131b. Elm\u0259ddin \u018fliyev sentyabr\u0131n 29-da Suqovu\u015fan d\u00f6y\u00fc\u015fl\u0259ri zaman\u0131 \u015f\u0259hid olub. T\u0259rt\u0259r rayonunun Yuxar\u0131 Qapanl\u0131 k\u0259ndind\u0259 d\u0259fn olunub.<br \/>\nAz\u0259rbaycan\u0131n \u0259razi b\u00fct\u00f6vl\u00fcy\u00fcn\u00fcn t\u0259min edilm\u0259si u\u011frunda d\u00f6y\u00fc\u015f \u0259m\u0259liyyatlar\u0131na qat\u0131lan v\u0259 h\u0259rbi hiss\u0259 qar\u015f\u0131s\u0131nda qoyulmu\u015f tap\u015f\u0131r\u0131qlar\u0131n icras\u0131 zaman\u0131 v\u0259zif\u0259 borcunu \u015f\u0259r\u0259fl\u0259 yerin\u0259 yetirdiyi \u00fc\u00e7\u00fcn Az\u0259rbaycan Respublikas\u0131n\u0131n Prezidenti \u0130lham \u018fliyevin m\u00fcvafiq S\u0259r\u0259ncamlar\u0131na \u0259sas\u0259n Elm\u0259ddin \u018fliyev \u00f6l\u00fcm\u00fcnd\u0259n sonra &#8220;V\u0259t\u0259n u\u011frunda&#8221;, \u201c\u0130gidliy\u0259 g\u00f6r\u0259\u201d v\u0259 &#8220;Suqovu\u015fan\u0131n azad olunmas\u0131na g\u00f6r\u0259&#8221; medallar\u0131 il\u0259 t\u0259ltif olunub.<\/p>\n<p>&nbsp;<\/p>\n","protected":false},"excerpt":{"rendered":"<p>T\u0259rt\u0259rd\u0259 V\u0259t\u0259n m\u00fcharib\u0259si \u015f\u0259hidi Elm\u0259ddin \u018fliyevin qarda\u015f\u0131 Samir \u018fliyevin toy \u015f\u0259nliyi ke\u00e7irilib. Toy \u015f\u0259nliyind\u0259 ail\u0259 \u00fczvl\u0259ri il\u0259 b\u0259rab\u0259r T\u0259rt\u0259r Rayon \u0130cra Hakimiyy\u0259tinin ba\u015f\u00e7\u0131s\u0131 M\u00fcst\u0259qim M\u0259mm\u0259dov, h\u00fcquq m\u00fchafiz\u0259 orqanlar\u0131n\u0131n r\u0259hb\u0259rl\u0259ri, \u015f\u0259hid ail\u0259l\u0259ri, qazil\u0259r, veteranlar i\u015ftirak edibl\u0259r. T\u0259rt\u0259r Rayon \u0130cra Hakimiyy\u0259tinin ba\u015f\u00e7\u0131s\u0131 M\u00fcst\u0259qim M\u0259mm\u0259dov toy m\u0259rasimind\u0259 \u00e7\u0131x\u0131\u015f ed\u0259r\u0259k yeni ail\u0259 quran g\u0259ncl\u0259ri t\u0259brik edib, onlara xo\u015fb\u0259xtlik, firavan [&hellip;]<\/p>\n","protected":false},"author":2,"featured_media":0,"comment_status":"closed","ping_status":"closed","sticky":false,"template":"","format":"standard","meta":[],"categories":[1],"tags":[],"_links":{"self":[{"href":"https:\/\/yeniterter.az\/index.php?rest_route=\/wp\/v2\/posts\/29148"}],"collection":[{"href":"https:\/\/yeniterter.az\/index.php?rest_route=\/wp\/v2\/posts"}],"about":[{"href":"https:\/\/yeniterter.az\/index.php?rest_route=\/wp\/v2\/types\/post"}],"author":[{"embeddable":true,"href":"https:\/\/yeniterter.az\/index.php?rest_route=\/wp\/v2\/users\/2"}],"replies":[{"embeddable":true,"href":"https:\/\/yeniterter.az\/index.php?rest_route=%2Fwp%2Fv2%2Fcomments&post=29148"}],"version-history":[{"count":2,"href":"https:\/\/yeniterter.az\/index.php?rest_route=\/wp\/v2\/posts\/29148\/revisions"}],"predecessor-version":[{"id":29151,"href":"https:\/\/yeniterter.az\/index.php?rest_route=\/wp\/v2\/posts\/29148\/revisions\/29151"}],"wp:attachment":[{"href":"https:\/\/yeniterter.az\/index.php?rest_route=%2Fwp%2Fv2%2Fmedia&parent=29148"}],"wp:term":[{"taxonomy":"category","embeddable":true,"href":"https:\/\/yeniterter.az\/index.php?rest_route=%2Fwp%2Fv2%2Fcategories&post=29148"},{"taxonomy":"post_tag","embeddable":true,"href":"https:\/\/yeniterter.az\/index.php?rest_route=%2Fwp%2Fv2%2Ftags&post=29148"}],"curies":[{"name":"wp","href":"https:\/\/api.w.org\/{rel}","templated":true}]}}