{"id":29136,"date":"2025-02-25T10:38:47","date_gmt":"2025-02-25T07:38:47","guid":{"rendered":"https:\/\/yeniterter.az\/?p=29136"},"modified":"2025-02-25T10:38:47","modified_gmt":"2025-02-25T07:38:47","slug":"qisas-qiyam%c9%99t%c9%99-qalmadi","status":"publish","type":"post","link":"https:\/\/yeniterter.az\/?p=29136","title":{"rendered":"Q\u0130SAS Q\u0130YAM\u018fT\u018f QALMADI"},"content":{"rendered":"<p><img decoding=\"async\" loading=\"lazy\" class=\" wp-image-29137 alignleft\" src=\"https:\/\/yeniterter.az\/wp-content\/uploads\/images-2-8.jpg\" alt=\"\" width=\"217\" height=\"164\" \/><img decoding=\"async\" loading=\"lazy\" class=\"wp-image-29138 alignright\" src=\"https:\/\/yeniterter.az\/wp-content\/uploads\/images-4-4.jpg\" alt=\"\" width=\"230\" height=\"164\" \/>Xocal\u0131 faci\u0259si qan yadda\u015f\u0131m\u0131zd\u0131r. \u0130ndi Az\u0259rbaycan xalq\u0131 Xocal\u0131n\u0131n i\u015f\u011fal tarixini yox, azad olundu\u011fu g\u00fcn\u00fc qeyd edir.<br \/>\nXocal\u0131lar \u00f6z yurd-yuvalar\u0131na qalib xalq\u0131n qalib camaat\u0131 kimi qay\u0131d\u0131rlar. Ba\u015flar\u0131 uca. \u018fliyal\u0131n, g\u00f6z\u00fcya\u015fl\u0131 soyuq q\u0131\u015f g\u00fcn\u00fcnd\u0259 \u00f6z ocaqlar\u0131ndan did\u0259rgin d\u00fc\u015fm\u00fc\u015f Xocal\u0131 sakinl\u0259ri g\u00f6zl\u0259rind\u0259 sevinc ya\u015flar\u0131, \u00fcr\u0259kl\u0259rind\u0259 q\u00fcrur hissi, ba\u015flar\u0131 dik evl\u0259rin\u0259 d\u00f6n\u00fcrl\u0259r.<br \/>\n1992-ci ilin fevral ay\u0131nda erm\u0259nil\u0259r yer \u00fcz\u0259rind\u0259 he\u00e7 yer\u0259 s\u0131\u011fmayan q\u0259tliam t\u00f6r\u0259tdil\u0259r. Suyumuzu i\u00e7ib \u00e7\u00f6r\u0259yimizi yey\u0259n insanlar biz\u0259 d\u00fc\u015fm\u0259n oldular. Ancaq 44 g\u00fcnl\u00fck V\u0259t\u0259n m\u00fchari-b\u0259si zaman\u0131 Prezident \u0130lham \u018fliyevin r\u0259hb\u0259rliyi alt\u0131nda \u015eanl\u0131 Ordumuz \u00f6z qisas\u0131n\u0131 d\u00f6y\u00fc\u015f meydan\u0131nda d\u00fc\u015fm\u0259nl\u0259rd\u0259n ald\u0131. Onlar\u0131n ke\u00e7ilm\u0259z sand\u0131\u011f\u0131 s\u0259ng\u0259rl\u0259ri da\u011f\u0131td\u0131lar, 32 ild\u0259 \u00f6z\u00fcn\u00fcnk\u00fcl\u0259\u015fdirdikl\u0259ri, darmada\u011f\u0131n, talan etdikl\u0259ri torpaqlar\u0131m\u0131zdan d\u00fc\u015fm\u0259ni qovdular. 2023-c\u00fc ild\u0259 antiterror \u0259m\u0259liyyat\u0131 zaman\u0131 Xocal\u0131 \u015f\u0259h\u0259ri d\u00fc\u015fm\u0259nd\u0259n azad edildi. Tarixi v\u0259 \u0259z\u0259li torpaqlar\u0131m\u0131z \u00f6z sahibl\u0259rin\u0259 geri qay\u0131td\u0131. M\u00fcz\u0259ff\u0259r Ali Ba\u015f Komandan \u0130lham \u018fliyev 15 oktyabrda Xocal\u0131da \u00fc\u00e7r\u0259ngli bayra\u011f\u0131m\u0131z\u0131 ucaltd\u0131.<br \/>\nBu g\u00fcnl\u0259rd\u0259 is\u0259 Prezident \u0130lham \u018fliyev xocal\u0131larla Ball\u0131ca k\u0259ndind\u0259 g\u00f6r\u00fc\u015fd\u00fc, onlar\u0131n evl\u0259rinin qona\u011f\u0131 oldu, \u00fcr\u0259k s\u00f6zl\u0259rini dinl\u0259di.<br \/>\nArt\u0131q Xocal\u0131 \u00e7i\u00e7\u0259kl\u0259nir. Sanki torpaq da, da\u015f da, a\u011faclar da hiss edir ki, camaat\u0131 geri d\u00f6n\u00fcr. El\u0259 bil Xocal\u0131 insanlar\u0131n \u00fcz\u00fcn\u0259 g\u00fcl\u00fcms\u0259yir.. Darmada\u011f\u0131n edilmi\u015f, xarabal\u0131\u011fa \u00e7evrilmi\u015f Xocal\u0131n\u0131 bu g\u00fcn \u00f6z \u0259vv\u0259lki v\u0259ziyy\u0259tind\u0259n d\u0259 g\u00f6z\u0259l qurub yarad\u0131rlar. Bu yaz\u0131n g\u0259li\u015fini Xocal\u0131 \u00f6z sakinl\u0259ril\u0259 qar\u015f\u0131layacaq. Bu bahar onun \u00fc\u00e7\u00fcn ba\u015fqa c\u00fcr olacaq.<!--more--><br \/>\nEvl\u0259rini t\u0259rk ed\u0259n insanlar bu ill\u0259r \u0259rzind\u0259 \u00e7ox \u0259ziyy\u0259tl\u0259r \u00e7\u0259kibl\u0259r. Xocal\u0131n\u0131n h\u0259r bir sakini yaral\u0131d\u0131r. Orada el\u0259 bir ail\u0259 yoxdur ki onun itkisi olmas\u0131n. Ancaq \u015f\u0259h\u0259rl\u0259rinin d\u00fc\u015fm\u0259nd\u0259n azad edilm\u0259si o yaralar\u0131 sa\u011faldacaq.<br \/>\nBu g\u00fcn b\u00fct\u00fcn \u015f\u0259hid ruhlar\u0131 \u015fadd\u0131r. Canlar\u0131n\u0131 verdikl\u0259ri v\u0259t\u0259n torpaqlar\u0131 azadd\u0131r. Orada h\u0259yat yenid\u0259n ba\u015flay\u0131r. M\u0259kt\u0259bl\u0259r, ba\u011f\u00e7alar, x\u0259st\u0259xanalar in\u015fa edilir. Yeni yollar sal\u0131n\u0131r. \u0130nsanlar\u0131n ya\u015famas\u0131 \u00fc\u00e7\u00fcn n\u0259 laz\u0131md\u0131rsa d\u00f6vl\u0259timiz t\u0259r\u0259find\u0259n y\u00fcks\u0259k s\u0259viyy\u0259d\u0259 icra edilir.<br \/>\nBu faci\u0259nin a\u011fr\u0131-ac\u0131s\u0131n\u0131 \u00e7iyinl\u0259rind\u0259 da\u015f\u0131yan xalq qam\u0259tini d\u00fcz\u0259ldib, birlikd\u0259 yeni h\u0259yat quracaq, x\u00f6\u015fb\u0259xt ya\u015fayacaq. \u00c7\u00fcnki qisas qiyam\u0259t\u0259 qalmad\u0131.<\/p>\n<p style=\"text-align: right;\"><em><strong>\u0130lah\u0259 PA\u015eAZAD\u018f<\/strong><\/em><\/p>\n","protected":false},"excerpt":{"rendered":"<p>Xocal\u0131 faci\u0259si qan yadda\u015f\u0131m\u0131zd\u0131r. \u0130ndi Az\u0259rbaycan xalq\u0131 Xocal\u0131n\u0131n i\u015f\u011fal tarixini yox, azad olundu\u011fu g\u00fcn\u00fc qeyd edir. Xocal\u0131lar \u00f6z yurd-yuvalar\u0131na qalib xalq\u0131n qalib camaat\u0131 kimi qay\u0131d\u0131rlar. Ba\u015flar\u0131 uca. \u018fliyal\u0131n, g\u00f6z\u00fcya\u015fl\u0131 soyuq q\u0131\u015f g\u00fcn\u00fcnd\u0259 \u00f6z ocaqlar\u0131ndan did\u0259rgin d\u00fc\u015fm\u00fc\u015f Xocal\u0131 sakinl\u0259ri g\u00f6zl\u0259rind\u0259 sevinc ya\u015flar\u0131, \u00fcr\u0259kl\u0259rind\u0259 q\u00fcrur hissi, ba\u015flar\u0131 dik evl\u0259rin\u0259 d\u00f6n\u00fcrl\u0259r. 1992-ci ilin fevral ay\u0131nda erm\u0259nil\u0259r yer \u00fcz\u0259rind\u0259 [&hellip;]<\/p>\n","protected":false},"author":2,"featured_media":0,"comment_status":"closed","ping_status":"closed","sticky":false,"template":"","format":"standard","meta":[],"categories":[39],"tags":[],"_links":{"self":[{"href":"https:\/\/yeniterter.az\/index.php?rest_route=\/wp\/v2\/posts\/29136"}],"collection":[{"href":"https:\/\/yeniterter.az\/index.php?rest_route=\/wp\/v2\/posts"}],"about":[{"href":"https:\/\/yeniterter.az\/index.php?rest_route=\/wp\/v2\/types\/post"}],"author":[{"embeddable":true,"href":"https:\/\/yeniterter.az\/index.php?rest_route=\/wp\/v2\/users\/2"}],"replies":[{"embeddable":true,"href":"https:\/\/yeniterter.az\/index.php?rest_route=%2Fwp%2Fv2%2Fcomments&post=29136"}],"version-history":[{"count":1,"href":"https:\/\/yeniterter.az\/index.php?rest_route=\/wp\/v2\/posts\/29136\/revisions"}],"predecessor-version":[{"id":29139,"href":"https:\/\/yeniterter.az\/index.php?rest_route=\/wp\/v2\/posts\/29136\/revisions\/29139"}],"wp:attachment":[{"href":"https:\/\/yeniterter.az\/index.php?rest_route=%2Fwp%2Fv2%2Fmedia&parent=29136"}],"wp:term":[{"taxonomy":"category","embeddable":true,"href":"https:\/\/yeniterter.az\/index.php?rest_route=%2Fwp%2Fv2%2Fcategories&post=29136"},{"taxonomy":"post_tag","embeddable":true,"href":"https:\/\/yeniterter.az\/index.php?rest_route=%2Fwp%2Fv2%2Ftags&post=29136"}],"curies":[{"name":"wp","href":"https:\/\/api.w.org\/{rel}","templated":true}]}}