{"id":29095,"date":"2025-02-18T10:31:45","date_gmt":"2025-02-18T07:31:45","guid":{"rendered":"https:\/\/yeniterter.az\/?p=29095"},"modified":"2025-02-18T10:31:45","modified_gmt":"2025-02-18T07:31:45","slug":"s%c9%99f%c9%99rov-rovs%c9%99n-qiyas-oglu","status":"publish","type":"post","link":"https:\/\/yeniterter.az\/?p=29095","title":{"rendered":"S\u0259f\u0259rov R\u00f6v\u015f\u0259n Qiyas o\u011flu"},"content":{"rendered":"<p><img decoding=\"async\" loading=\"lazy\" class=\" wp-image-29098 alignright\" src=\"https:\/\/yeniterter.az\/wp-content\/uploads\/1-30-214x300.jpg\" alt=\"\" width=\"101\" height=\"142\" srcset=\"https:\/\/yeniterter.az\/wp-content\/uploads\/1-30-214x300.jpg 214w, https:\/\/yeniterter.az\/wp-content\/uploads\/1-30-730x1024.jpg 730w, https:\/\/yeniterter.az\/wp-content\/uploads\/1-30-768x1078.jpg 768w, https:\/\/yeniterter.az\/wp-content\/uploads\/1-30-1094x1536.jpg 1094w, https:\/\/yeniterter.az\/wp-content\/uploads\/1-30.jpg 1177w\" sizes=\"(max-width: 101px) 100vw, 101px\" \/>1962-ci il dekabr ay\u0131n\u0131n 31-d\u0259 T\u0259rt\u0259r rayonunun Sar\u0131cal\u0131 k\u0259ndind\u0259 anadan olub. Buruc k\u0259nd orta m\u0259kt\u0259bini bitirdikd\u0259n sonra 1980-1982-ci ill\u0259rd\u0259 Sovet ordusu s\u0131ralar\u0131nda h\u0259rbi xidm\u0259td\u0259 olub. H\u0259rbi xidm\u0259td\u0259n qay\u0131td\u0131qdan sonra bir m\u00fcdd\u0259t \u201c\u015e\u0259f\u0259q\u201d kolxozunda s\u0131ravi kolxoz\u00e7u i\u015fl\u0259mi\u015f, sonra is\u0259 Bak\u0131ya ged\u0259r\u0259k Bin\u0259q\u0259di rayonunun 11 \u2116-li ixtisasla\u015fd\u0131r\u0131lm\u0131\u015f podrat t\u0259mir-tikinti sah\u0259sind\u0259 ixtisasl\u0131 f\u0259hl\u0259 kimi f\u0259aliyy\u0259t g\u00f6st\u0259rmi\u015fdir. 11 noyabr 1991-ci il tarixd\u0259 h\u0259min rayonun h\u0259rbi komissarl\u0131\u011f\u0131 t\u0259r\u0259find\u0259n k\u00f6n\u00fcll\u00fc olaraq Milli Ordu s\u0131ralar\u0131na xidm\u0259t\u0259 g\u00f6nd\u0259rilib. Mal\u0131b\u0259ylid\u0259 erm\u0259ni quldurlar\u0131na qar\u015f\u0131 apar\u0131lan d\u00f6y\u00fc\u015fl\u0259rd\u0259 i\u015ftirak edib. 1992-ci il yanvar ay\u0131n\u0131n 26-da Da\u015falt\u0131 \u0259m\u0259liyyat\u0131 zaman\u0131 \u015f\u0259hid olub.<br \/>\nSar\u0131cal\u0131 k\u0259nd tam orta m\u0259kt\u0259bi R\u00f6v\u015f\u0259n S\u0259f\u0259rovun ad\u0131n\u0131 da\u015f\u0131y\u0131r.<br \/>\nEvli idi. \u018fli v\u0259 Elm\u0259ddin adl\u0131 iki o\u011flu yadigar qal\u0131b. Bak\u0131da \u201c\u015e\u0259hidl\u0259r Xiyaban\u0131\u201dnda d\u0259fn olunub.<br \/>\nAil\u0259si Bak\u0131 \u015f\u0259h\u0259rind\u0259 ya\u015fay\u0131r.<\/p>\n<p style=\"text-align: right;\"><em><strong>\u201cYeni T\u0259rt\u0259r\u201d<\/strong><\/em><\/p>\n","protected":false},"excerpt":{"rendered":"<p>1962-ci il dekabr ay\u0131n\u0131n 31-d\u0259 T\u0259rt\u0259r rayonunun Sar\u0131cal\u0131 k\u0259ndind\u0259 anadan olub. Buruc k\u0259nd orta m\u0259kt\u0259bini bitirdikd\u0259n sonra 1980-1982-ci ill\u0259rd\u0259 Sovet ordusu s\u0131ralar\u0131nda h\u0259rbi xidm\u0259td\u0259 olub. H\u0259rbi xidm\u0259td\u0259n qay\u0131td\u0131qdan sonra bir m\u00fcdd\u0259t \u201c\u015e\u0259f\u0259q\u201d kolxozunda s\u0131ravi kolxoz\u00e7u i\u015fl\u0259mi\u015f, sonra is\u0259 Bak\u0131ya ged\u0259r\u0259k Bin\u0259q\u0259di rayonunun 11 \u2116-li ixtisasla\u015fd\u0131r\u0131lm\u0131\u015f podrat t\u0259mir-tikinti sah\u0259sind\u0259 ixtisasl\u0131 f\u0259hl\u0259 kimi f\u0259aliyy\u0259t g\u00f6st\u0259rmi\u015fdir. 11 noyabr [&hellip;]<\/p>\n","protected":false},"author":2,"featured_media":0,"comment_status":"closed","ping_status":"closed","sticky":false,"template":"","format":"standard","meta":[],"categories":[39],"tags":[],"_links":{"self":[{"href":"https:\/\/yeniterter.az\/index.php?rest_route=\/wp\/v2\/posts\/29095"}],"collection":[{"href":"https:\/\/yeniterter.az\/index.php?rest_route=\/wp\/v2\/posts"}],"about":[{"href":"https:\/\/yeniterter.az\/index.php?rest_route=\/wp\/v2\/types\/post"}],"author":[{"embeddable":true,"href":"https:\/\/yeniterter.az\/index.php?rest_route=\/wp\/v2\/users\/2"}],"replies":[{"embeddable":true,"href":"https:\/\/yeniterter.az\/index.php?rest_route=%2Fwp%2Fv2%2Fcomments&post=29095"}],"version-history":[{"count":1,"href":"https:\/\/yeniterter.az\/index.php?rest_route=\/wp\/v2\/posts\/29095\/revisions"}],"predecessor-version":[{"id":29099,"href":"https:\/\/yeniterter.az\/index.php?rest_route=\/wp\/v2\/posts\/29095\/revisions\/29099"}],"wp:attachment":[{"href":"https:\/\/yeniterter.az\/index.php?rest_route=%2Fwp%2Fv2%2Fmedia&parent=29095"}],"wp:term":[{"taxonomy":"category","embeddable":true,"href":"https:\/\/yeniterter.az\/index.php?rest_route=%2Fwp%2Fv2%2Fcategories&post=29095"},{"taxonomy":"post_tag","embeddable":true,"href":"https:\/\/yeniterter.az\/index.php?rest_route=%2Fwp%2Fv2%2Ftags&post=29095"}],"curies":[{"name":"wp","href":"https:\/\/api.w.org\/{rel}","templated":true}]}}