{"id":29092,"date":"2025-02-18T10:27:08","date_gmt":"2025-02-18T07:27:08","guid":{"rendered":"https:\/\/yeniterter.az\/?p=29092"},"modified":"2025-02-18T10:27:08","modified_gmt":"2025-02-18T07:27:08","slug":"m%c9%99mm%c9%99dov-eldar-%c9%99mirxan-oglu","status":"publish","type":"post","link":"https:\/\/yeniterter.az\/?p=29092","title":{"rendered":"M\u0259mm\u0259dov Eldar \u018fmirxan o\u011flu"},"content":{"rendered":"<p><img decoding=\"async\" loading=\"lazy\" class=\" wp-image-29093 alignleft\" src=\"https:\/\/yeniterter.az\/wp-content\/uploads\/2-18-212x300.jpg\" alt=\"\" width=\"100\" height=\"141\" srcset=\"https:\/\/yeniterter.az\/wp-content\/uploads\/2-18-212x300.jpg 212w, https:\/\/yeniterter.az\/wp-content\/uploads\/2-18-725x1024.jpg 725w, https:\/\/yeniterter.az\/wp-content\/uploads\/2-18-768x1085.jpg 768w, https:\/\/yeniterter.az\/wp-content\/uploads\/2-18-1087x1536.jpg 1087w, https:\/\/yeniterter.az\/wp-content\/uploads\/2-18.jpg 1170w\" sizes=\"(max-width: 100px) 100vw, 100px\" \/>1958-ci il fevral ay\u0131n\u0131n 1-d\u0259 T\u0259rt\u0259r \u015f\u0259h\u0259rind\u0259 anadan olub. Orta t\u0259hsilini T\u0259rt\u0259r \u015f\u0259h\u0259r 2 \u2116-li orta m\u0259kt\u0259bind\u0259 alm\u0131\u015f, 1977-ci ild\u0259 G\u0259nc\u0259 Baza \u0130n\u015faat Texnikumunu bitirmi\u015fdir. H\u0259min il Sovet ordusu s\u0131ralar\u0131na \u00e7a\u011f\u0131r\u0131l\u0131b v\u0259 Macar\u0131stan respublikas\u0131nda xidm\u0259t edib. 1979-cu ild\u0259 h\u0259rbi xidm\u0259ti ba\u015fa vurduqdan sonra do\u011f-ma torpa\u011fa qay\u0131tm\u0131\u015fd\u0131. T\u0259rt\u0259r rayon 1 \u2116-li tikinti-qura\u015fd\u0131rma idar\u0259sind\u0259 usta i\u015fl\u0259yirdi. 1992-ci ilin yanvar ay\u0131ndan k\u00f6n\u00fcll\u00fc olaraq \u201cT\u0259rt\u0259r \u00d6z\u00fcn\u00fcm\u00fcfadi\u0259 Batalyonu\u201dnda d\u00f6y\u00fc\u015f\u00fcrd\u00fc. 1992-ci il fevral ay\u0131n\u0131n 18-d\u0259 A\u011fd\u0259r\u0259 u\u011frundak\u0131 \u0259m\u0259liyyatlarda k\u0259\u015ffiyyat zaman\u0131 h\u0259lak olub. Ancaq, n\u0259\u015fi d\u00f6y\u00fc\u015f zonas\u0131nda qalm\u0131\u015f v\u0259 mart ay\u0131n\u0131n 1-d\u0259 erm\u0259nil\u0259rd\u0259n al\u0131naraq T\u0259rt\u0259r \u015f\u0259h\u0259rin\u0259 g\u0259tirilib torpa\u011fa tap\u015f\u0131r\u0131lm\u0131\u015fd\u0131r. T\u0259rt\u0259r \u015f\u0259h\u0259r q\u0259biristanl\u0131\u011f\u0131nda d\u0259fn olunub.<br \/>\nEvli idi. Ail\u0259si T\u0259rt\u0259r \u015f\u0259h\u0259rind\u0259 ya\u015fay\u0131r. S\u0259rdar v\u0259 Seymur adl\u0131 iki o\u011flu var. Ail\u0259lidirl\u0259r.<\/p>\n<p style=\"text-align: right;\"><em><strong>\u201cYeni T\u0259rt\u0259r\u201d<\/strong><\/em><\/p>\n<p>&nbsp;<\/p>\n","protected":false},"excerpt":{"rendered":"<p>1958-ci il fevral ay\u0131n\u0131n 1-d\u0259 T\u0259rt\u0259r \u015f\u0259h\u0259rind\u0259 anadan olub. Orta t\u0259hsilini T\u0259rt\u0259r \u015f\u0259h\u0259r 2 \u2116-li orta m\u0259kt\u0259bind\u0259 alm\u0131\u015f, 1977-ci ild\u0259 G\u0259nc\u0259 Baza \u0130n\u015faat Texnikumunu bitirmi\u015fdir. H\u0259min il Sovet ordusu s\u0131ralar\u0131na \u00e7a\u011f\u0131r\u0131l\u0131b v\u0259 Macar\u0131stan respublikas\u0131nda xidm\u0259t edib. 1979-cu ild\u0259 h\u0259rbi xidm\u0259ti ba\u015fa vurduqdan sonra do\u011f-ma torpa\u011fa qay\u0131tm\u0131\u015fd\u0131. T\u0259rt\u0259r rayon 1 \u2116-li tikinti-qura\u015fd\u0131rma idar\u0259sind\u0259 usta i\u015fl\u0259yirdi. 1992-ci [&hellip;]<\/p>\n","protected":false},"author":2,"featured_media":0,"comment_status":"closed","ping_status":"closed","sticky":false,"template":"","format":"standard","meta":[],"categories":[39],"tags":[],"_links":{"self":[{"href":"https:\/\/yeniterter.az\/index.php?rest_route=\/wp\/v2\/posts\/29092"}],"collection":[{"href":"https:\/\/yeniterter.az\/index.php?rest_route=\/wp\/v2\/posts"}],"about":[{"href":"https:\/\/yeniterter.az\/index.php?rest_route=\/wp\/v2\/types\/post"}],"author":[{"embeddable":true,"href":"https:\/\/yeniterter.az\/index.php?rest_route=\/wp\/v2\/users\/2"}],"replies":[{"embeddable":true,"href":"https:\/\/yeniterter.az\/index.php?rest_route=%2Fwp%2Fv2%2Fcomments&post=29092"}],"version-history":[{"count":1,"href":"https:\/\/yeniterter.az\/index.php?rest_route=\/wp\/v2\/posts\/29092\/revisions"}],"predecessor-version":[{"id":29094,"href":"https:\/\/yeniterter.az\/index.php?rest_route=\/wp\/v2\/posts\/29092\/revisions\/29094"}],"wp:attachment":[{"href":"https:\/\/yeniterter.az\/index.php?rest_route=%2Fwp%2Fv2%2Fmedia&parent=29092"}],"wp:term":[{"taxonomy":"category","embeddable":true,"href":"https:\/\/yeniterter.az\/index.php?rest_route=%2Fwp%2Fv2%2Fcategories&post=29092"},{"taxonomy":"post_tag","embeddable":true,"href":"https:\/\/yeniterter.az\/index.php?rest_route=%2Fwp%2Fv2%2Ftags&post=29092"}],"curies":[{"name":"wp","href":"https:\/\/api.w.org\/{rel}","templated":true}]}}