{"id":29084,"date":"2025-02-18T10:18:50","date_gmt":"2025-02-18T07:18:50","guid":{"rendered":"https:\/\/yeniterter.az\/?p=29084"},"modified":"2025-02-18T10:18:50","modified_gmt":"2025-02-18T07:18:50","slug":"v%c9%99t%c9%99ndaslarin-muraci%c9%99tl%c9%99ri-dinl%c9%99nilib-3","status":"publish","type":"post","link":"https:\/\/yeniterter.az\/?p=29084","title":{"rendered":"V\u0259t\u0259nda\u015flar\u0131n m\u00fcraci\u0259tl\u0259ri  dinl\u0259nilib"},"content":{"rendered":"<p><img decoding=\"async\" loading=\"lazy\" class=\" wp-image-29085 alignright\" src=\"https:\/\/yeniterter.az\/wp-content\/uploads\/0056014f84b50f57ff23dd3e8f754a10-300x225.jpeg\" alt=\"\" width=\"203\" height=\"152\" srcset=\"https:\/\/yeniterter.az\/wp-content\/uploads\/0056014f84b50f57ff23dd3e8f754a10-300x225.jpeg 300w, https:\/\/yeniterter.az\/wp-content\/uploads\/0056014f84b50f57ff23dd3e8f754a10-1024x768.jpeg 1024w, https:\/\/yeniterter.az\/wp-content\/uploads\/0056014f84b50f57ff23dd3e8f754a10-768x576.jpeg 768w, https:\/\/yeniterter.az\/wp-content\/uploads\/0056014f84b50f57ff23dd3e8f754a10-1536x1152.jpeg 1536w, https:\/\/yeniterter.az\/wp-content\/uploads\/0056014f84b50f57ff23dd3e8f754a10-2048x1536.jpeg 2048w\" sizes=\"(max-width: 203px) 100vw, 203px\" \/>T\u0259rt\u0259r Rayon \u0130cra Hakimiyy\u0259tind\u0259 m\u00fct\u0259madi olaraq v\u0259t\u0259nda\u015flar q\u0259bul edilir, onlar\u0131n probleml\u0259rinin h\u0259lli istiqam\u0259tind\u0259 \u0259m\u0259li add\u0131mlar at\u0131l\u0131r.<br \/>\nF\u0259rdi qaydada ba\u015f tutan q\u0259bullarda s\u0259sl\u0259ndiril\u0259n m\u00fcraci\u0259tl\u0259rin b\u0259zil\u0259ri yerind\u0259c\u0259 \u00f6z h\u0259llini tap\u0131r. Ara\u015fd\u0131r\u0131lmas\u0131 vacib olan m\u0259s\u0259l\u0259l\u0259rl\u0259 ba\u011fl\u0131 is\u0259 m\u00fcvafiq qurumlara tap\u015f\u0131r\u0131qlar verilir. Ke\u00e7iril\u0259n b\u00fct\u00fcn q\u0259bullarda Az\u0259rbaycan Respublikas\u0131n\u0131n Prezidenti c\u0259nab \u0130lham \u018fliyevin tap\u015f\u0131r\u0131q v\u0259 t\u00f6vsiy\u0259l\u0259rin\u0259 uy\u011fun olaraq v\u0259t\u0259nda\u015f m\u0259mnunlu\u011fu t\u0259min edilir.<br \/>\nM\u0259lumat \u00fc\u00e7\u00fcn bildiririk ki, rayon sakinl\u0259ri S\u0259n\u0259dl\u0259rl\u0259 v\u0259 v\u0259t\u0259nda\u015flar\u0131n m\u00fcraci\u0259tl\u0259ri il\u0259 i\u015f \u015f\u00f6b\u0259sin\u0259 yax\u0131nla\u015faraq, T\u0259rt\u0259r Rayon \u0130cra Hakimiyy\u0259ti ba\u015f\u00e7\u0131s\u0131n\u0131n, icra ba\u015f\u00e7\u0131s\u0131n\u0131n birinci m\u00fcavininin, habel\u0259 Sosial-iqtisadi inki\u015faf\u0131n t\u0259hlili v\u0259 proqnozla\u015fd\u0131r\u0131lmas\u0131, \u0130ctimai-siyasi v\u0259 humanitar m\u0259s\u0259l\u0259l\u0259r, H\u00fcquq, Memarl\u0131q v\u0259 tikinti, V\u0259t\u0259n m\u00fcharib\u0259si i\u015ftirak\u00e7\u0131lar\u0131 v\u0259 \u015f\u0259hid ail\u0259l\u0259ri il\u0259 i\u015fin t\u0259\u015fkili \u015f\u00f6b\u0259l\u0259ri \u00fczr\u0259 q\u0259bul g\u00fcnl\u0259ri bar\u0259d\u0259 m\u0259lumat\u0131 \u00f6yr\u0259n\u0259, h\u0259m\u00e7inin T\u0259rt\u0259r rayon icra hakimiyy\u0259tin\u0259 R\u0259q\u0259msal \u0130cra Hakimiyy\u0259ti (https:\/\/rih.gov.az\/) portal\u0131 vasit\u0259si il\u0259 d\u0259 m\u00fcraci\u0259t ed\u0259 bil\u0259rl\u0259r.<br \/>\nG\u00f6r\u00fcl\u0259n t\u0259dbirl\u0259rin n\u0259tic\u0259sidir ki, \u00f6t\u0259n il rayonumuzdan yuxar\u0131 t\u0259\u015fkilatlara g\u00f6nd\u0259ril\u0259n \u015fikay\u0259t m\u0259ktublar\u0131n\u0131n say\u0131 xeyli azal\u0131b.<\/p>\n<p style=\"text-align: right;\"><em><strong>\u201cYEN\u0130\u2008T\u018fRT\u018fR\u201d<\/strong><\/em><\/p>\n<p>&nbsp;<\/p>\n","protected":false},"excerpt":{"rendered":"<p>T\u0259rt\u0259r Rayon \u0130cra Hakimiyy\u0259tind\u0259 m\u00fct\u0259madi olaraq v\u0259t\u0259nda\u015flar q\u0259bul edilir, onlar\u0131n probleml\u0259rinin h\u0259lli istiqam\u0259tind\u0259 \u0259m\u0259li add\u0131mlar at\u0131l\u0131r. F\u0259rdi qaydada ba\u015f tutan q\u0259bullarda s\u0259sl\u0259ndiril\u0259n m\u00fcraci\u0259tl\u0259rin b\u0259zil\u0259ri yerind\u0259c\u0259 \u00f6z h\u0259llini tap\u0131r. Ara\u015fd\u0131r\u0131lmas\u0131 vacib olan m\u0259s\u0259l\u0259l\u0259rl\u0259 ba\u011fl\u0131 is\u0259 m\u00fcvafiq qurumlara tap\u015f\u0131r\u0131qlar verilir. Ke\u00e7iril\u0259n b\u00fct\u00fcn q\u0259bullarda Az\u0259rbaycan Respublikas\u0131n\u0131n Prezidenti c\u0259nab \u0130lham \u018fliyevin tap\u015f\u0131r\u0131q v\u0259 t\u00f6vsiy\u0259l\u0259rin\u0259 uy\u011fun olaraq v\u0259t\u0259nda\u015f m\u0259mnunlu\u011fu t\u0259min [&hellip;]<\/p>\n","protected":false},"author":2,"featured_media":0,"comment_status":"closed","ping_status":"closed","sticky":false,"template":"","format":"standard","meta":[],"categories":[1],"tags":[],"_links":{"self":[{"href":"https:\/\/yeniterter.az\/index.php?rest_route=\/wp\/v2\/posts\/29084"}],"collection":[{"href":"https:\/\/yeniterter.az\/index.php?rest_route=\/wp\/v2\/posts"}],"about":[{"href":"https:\/\/yeniterter.az\/index.php?rest_route=\/wp\/v2\/types\/post"}],"author":[{"embeddable":true,"href":"https:\/\/yeniterter.az\/index.php?rest_route=\/wp\/v2\/users\/2"}],"replies":[{"embeddable":true,"href":"https:\/\/yeniterter.az\/index.php?rest_route=%2Fwp%2Fv2%2Fcomments&post=29084"}],"version-history":[{"count":1,"href":"https:\/\/yeniterter.az\/index.php?rest_route=\/wp\/v2\/posts\/29084\/revisions"}],"predecessor-version":[{"id":29086,"href":"https:\/\/yeniterter.az\/index.php?rest_route=\/wp\/v2\/posts\/29084\/revisions\/29086"}],"wp:attachment":[{"href":"https:\/\/yeniterter.az\/index.php?rest_route=%2Fwp%2Fv2%2Fmedia&parent=29084"}],"wp:term":[{"taxonomy":"category","embeddable":true,"href":"https:\/\/yeniterter.az\/index.php?rest_route=%2Fwp%2Fv2%2Fcategories&post=29084"},{"taxonomy":"post_tag","embeddable":true,"href":"https:\/\/yeniterter.az\/index.php?rest_route=%2Fwp%2Fv2%2Ftags&post=29084"}],"curies":[{"name":"wp","href":"https:\/\/api.w.org\/{rel}","templated":true}]}}