{"id":29076,"date":"2025-02-18T10:12:09","date_gmt":"2025-02-18T07:12:09","guid":{"rendered":"https:\/\/yeniterter.az\/?p=29076"},"modified":"2025-02-18T10:12:09","modified_gmt":"2025-02-18T07:12:09","slug":"rayon-r%c9%99hb%c9%99ri-b%c9%99yimsarov-k%c9%99ndind%c9%99-birinci-qarabag-muharib%c9%99sinin-s%c9%99hidi-n%c9%99sibov-p%c9%99rvan%c9%99-eyvaz-oglunun-ail%c9%99sini-ziyar%c9%99t-edib","status":"publish","type":"post","link":"https:\/\/yeniterter.az\/?p=29076","title":{"rendered":"Rayon r\u0259hb\u0259ri B\u0259yimsarov k\u0259ndind\u0259  Birinci Qaraba\u011f M\u00fcharib\u0259sinin  \u015f\u0259hidi N\u0259sibov P\u0259rvan\u0259 Eyvaz o\u011flunun ail\u0259sini ziyar\u0259t edib"},"content":{"rendered":"<p><img decoding=\"async\" loading=\"lazy\" class=\" wp-image-29077 alignleft\" src=\"https:\/\/yeniterter.az\/wp-content\/uploads\/1ad2fc0bdc6c9112b8a52c7c5dab03ee-300x200.jpg\" alt=\"\" width=\"230\" height=\"153\" srcset=\"https:\/\/yeniterter.az\/wp-content\/uploads\/1ad2fc0bdc6c9112b8a52c7c5dab03ee-300x200.jpg 300w, https:\/\/yeniterter.az\/wp-content\/uploads\/1ad2fc0bdc6c9112b8a52c7c5dab03ee-1024x683.jpg 1024w, https:\/\/yeniterter.az\/wp-content\/uploads\/1ad2fc0bdc6c9112b8a52c7c5dab03ee-768x512.jpg 768w, https:\/\/yeniterter.az\/wp-content\/uploads\/1ad2fc0bdc6c9112b8a52c7c5dab03ee.jpg 1152w\" sizes=\"(max-width: 230px) 100vw, 230px\" \/>T\u0259rt\u0259r Rayon \u0130cra Hakimiyy\u0259tinin ba\u015f\u00e7\u0131s\u0131 M\u00fcst\u0259qim M\u0259mm\u0259dov rayonun B\u0259yimsarov k\u0259ndind\u0259 birinci Qaraba\u011f M\u00fcharib\u0259sinin \u015f\u0259hidi N\u0259sibov P\u0259rvan\u0259 Eyvaz o\u011flunun ail\u0259sini ziyar\u0259t edib, ail\u0259nin qay\u011f\u0131lar\u0131 il\u0259 maraqlan\u0131b.<br \/>\nQeyd ed\u0259k ki, \u015f\u0259hid N\u0259sibov P\u0259rvan\u0259 Eyvaz o\u011flu 1967-ci il aprel ay\u0131n\u0131n 23-d\u0259 Erm\u0259nistan Respublikas\u0131n\u0131n Vardanis rayonunun Zod k\u0259ndind\u0259 anadan olmu\u015fdur. Orta t\u0259hsilini h\u0259min k\u0259nd orta m\u0259kt\u0259bind\u0259 ald\u0131qdan sonra 1985-1987-ci ill\u0259rd\u0259 ke\u00e7mi\u015f Sovet Ordusu s\u0131ralar\u0131nda h\u0259qiqi h\u0259rbi xidm\u0259td\u0259 olmu\u015fdur. 1988-ci ild\u0259 Erm\u0259nistandan m\u0259cburi k\u00f6\u00e7k\u00fcn d\u00fc\u015f\u0259r\u0259k T\u0259rt\u0259r rayonunun B\u0259yimsarov k\u0259ndind\u0259 m\u0259skunla\u015fm\u0131\u015fd\u0131r. H\u0259min ild\u0259n B\u0259yimsarov kolxozunda kolxoz\u00e7u i\u015fl\u0259m\u0259y\u0259 ba\u015flam\u0131\u015fd\u0131r. 1992-ci ild\u0259 k\u00f6n\u00fcll\u00fc olaraq Milli Ordumuzun N sayl\u0131 h\u0259rbi hiss\u0259sin\u0259 daxil olmu\u015f v\u0259 onun t\u0259rkibind\u0259 Goranboy b\u00f6lg\u0259sind\u0259 erm\u0259ni i\u015f\u011fal\u00e7\u0131lar\u0131na qar\u015f\u0131 apar\u0131lan d\u00f6y\u00fc\u015fl\u0259rd\u0259 i\u015ftirak etmi\u015fdir. 1993-c\u00fc il noyabr ay\u0131n\u0131n 19-da G\u00fcl\u00fcstan u\u011frunda ged\u0259n d\u00f6y\u00fc\u015fd\u0259 \u015f\u0259hid ol-mu\u015fdur. \u015e\u0259hidimiz T\u0259rt\u0259r rayonunun B\u0259yimsarov k\u0259nd q\u0259biristanl\u0131\u011f\u0131nda d\u0259fn olunub.<br \/>\nEvli idi. Elnur adl\u0131 bir o\u011flu v\u0259 T\u0259hmin\u0259 adl\u0131 bir q\u0131z\u0131 var.<br \/>\nRayon r\u0259hb\u0259rinin ail\u0259 \u00fczvl\u0259ril\u0259 g\u00f6r\u00fc\u015f\u00fc zaman\u0131 onlar bildiribl\u0259r ki, torpaqlar\u0131m\u0131z\u0131n erm\u0259ni i\u015f\u011fal\u0131ndan azad edilm\u0259si onlar\u0131n da \u00fcmidl\u0259rini ar-t\u0131r\u0131b. \u0130nan\u0131rlar ki, g\u00fcn g\u0259l\u0259c\u0259k, do\u011fma yurd-yuvalar\u0131na d\u00f6n\u0259c\u0259kl\u0259r.<br \/>\n\u015e\u0259hidimizin ail\u0259 \u00fczvl\u0259ri \u015f\u0259hid ail\u0259l\u0259rin\u0259, qazil\u0259r\u0259 g\u00f6st\u0259ril\u0259n diqq\u0259t v\u0259 qay\u011f\u0131ya g\u00f6r\u0259 Az\u0259rbaycan Respublikas\u0131n\u0131n Prezidenti c\u0259nab \u0130lham \u018fliyev\u0259 v\u0259 Birinci vitse-prezident Mehriban xan\u0131m \u018fliyevaya minn\u0259tdarl\u0131qlar\u0131n\u0131 bildiribl\u0259r.<\/p>\n<p style=\"text-align: right;\"><em><strong>\u201cYEN\u0130\u2008T\u018fRT\u018fR\u201d<\/strong><\/em><\/p>\n<p>&nbsp;<\/p>\n<p>&nbsp;<\/p>\n","protected":false},"excerpt":{"rendered":"<p>T\u0259rt\u0259r Rayon \u0130cra Hakimiyy\u0259tinin ba\u015f\u00e7\u0131s\u0131 M\u00fcst\u0259qim M\u0259mm\u0259dov rayonun B\u0259yimsarov k\u0259ndind\u0259 birinci Qaraba\u011f M\u00fcharib\u0259sinin \u015f\u0259hidi N\u0259sibov P\u0259rvan\u0259 Eyvaz o\u011flunun ail\u0259sini ziyar\u0259t edib, ail\u0259nin qay\u011f\u0131lar\u0131 il\u0259 maraqlan\u0131b. Qeyd ed\u0259k ki, \u015f\u0259hid N\u0259sibov P\u0259rvan\u0259 Eyvaz o\u011flu 1967-ci il aprel ay\u0131n\u0131n 23-d\u0259 Erm\u0259nistan Respublikas\u0131n\u0131n Vardanis rayonunun Zod k\u0259ndind\u0259 anadan olmu\u015fdur. Orta t\u0259hsilini h\u0259min k\u0259nd orta m\u0259kt\u0259bind\u0259 ald\u0131qdan sonra 1985-1987-ci [&hellip;]<\/p>\n","protected":false},"author":2,"featured_media":0,"comment_status":"closed","ping_status":"closed","sticky":false,"template":"","format":"standard","meta":[],"categories":[39],"tags":[],"_links":{"self":[{"href":"https:\/\/yeniterter.az\/index.php?rest_route=\/wp\/v2\/posts\/29076"}],"collection":[{"href":"https:\/\/yeniterter.az\/index.php?rest_route=\/wp\/v2\/posts"}],"about":[{"href":"https:\/\/yeniterter.az\/index.php?rest_route=\/wp\/v2\/types\/post"}],"author":[{"embeddable":true,"href":"https:\/\/yeniterter.az\/index.php?rest_route=\/wp\/v2\/users\/2"}],"replies":[{"embeddable":true,"href":"https:\/\/yeniterter.az\/index.php?rest_route=%2Fwp%2Fv2%2Fcomments&post=29076"}],"version-history":[{"count":1,"href":"https:\/\/yeniterter.az\/index.php?rest_route=\/wp\/v2\/posts\/29076\/revisions"}],"predecessor-version":[{"id":29078,"href":"https:\/\/yeniterter.az\/index.php?rest_route=\/wp\/v2\/posts\/29076\/revisions\/29078"}],"wp:attachment":[{"href":"https:\/\/yeniterter.az\/index.php?rest_route=%2Fwp%2Fv2%2Fmedia&parent=29076"}],"wp:term":[{"taxonomy":"category","embeddable":true,"href":"https:\/\/yeniterter.az\/index.php?rest_route=%2Fwp%2Fv2%2Fcategories&post=29076"},{"taxonomy":"post_tag","embeddable":true,"href":"https:\/\/yeniterter.az\/index.php?rest_route=%2Fwp%2Fv2%2Ftags&post=29076"}],"curies":[{"name":"wp","href":"https:\/\/api.w.org\/{rel}","templated":true}]}}