{"id":29072,"date":"2025-02-18T10:01:00","date_gmt":"2025-02-18T07:01:00","guid":{"rendered":"https:\/\/yeniterter.az\/?p=29072"},"modified":"2025-02-18T10:04:44","modified_gmt":"2025-02-18T07:04:44","slug":"baharimiz-xeyirli-ugurlu-g%c9%99lsin","status":"publish","type":"post","link":"https:\/\/yeniterter.az\/?p=29072","title":{"rendered":"BAHARIMIZ XEY\u0130RL\u0130, U\u011eURLU G\u018fLS\u0130N!"},"content":{"rendered":"<p style=\"text-align: center;\"><strong>YALAN\u00c7I \u00c7\u018fR\u015e\u018fNB\u018fL\u018fR<\/strong><\/p>\n<p><img decoding=\"async\" loading=\"lazy\" class=\" wp-image-29073 alignleft\" src=\"https:\/\/yeniterter.az\/wp-content\/uploads\/1-29-300x195.jpg\" alt=\"\" width=\"206\" height=\"134\" srcset=\"https:\/\/yeniterter.az\/wp-content\/uploads\/1-29-300x195.jpg 300w, https:\/\/yeniterter.az\/wp-content\/uploads\/1-29.jpg 750w\" sizes=\"(max-width: 206px) 100vw, 206px\" \/><img decoding=\"async\" loading=\"lazy\" class=\"wp-image-29074 alignright\" src=\"https:\/\/yeniterter.az\/wp-content\/uploads\/\u0411\u0435\u0437-\u043d\u0430\u0437\u0432\u0430\u043d\u0438\u044f-60.jpg\" alt=\"\" width=\"209\" height=\"130\" \/>Xalq\u0131m\u0131z\u0131n \u00e7oxlu sayda \u00f6z\u00fcn\u0259m\u0259xsus g\u00f6z\u0259l ad\u0259t-\u0259n\u0259n\u0259si var. Bunlar\u0131 ya\u015fatmaq g\u0259nc n\u0259slin \u00fcz\u0259rin\u0259 d\u00fc\u015f\u00fcr. Bundan \u00f6tr\u00fc \u00f6z-soy k\u00f6k\u00fcm\u00fcz\u0259 ba\u011fl\u0131 olmal\u0131y\u0131q.<br \/>\nXalq\u0131m\u0131z\u0131n \u0259n g\u00f6z\u0259l bayramlar\u0131ndan biri Novruzdur. Onu yaz\u0131n g\u0259li\u015fi kimi qeyd edirik. \u018fvv\u0259lc\u0259 yalan\u00e7\u0131 \u00e7\u0259r\u015f\u0259nb\u0259l\u0259r g\u0259lir. Bundan sonra 4 do\u011fru\u00e7u \u00e7\u0259r\u015f\u0259nb\u0259ni \u00f6z\u0259llikl\u0259 ya\u015fay\u0131r\u0131q. H\u0259r \u00e7\u0259r\u015f\u0259nb\u0259nin \u00f6z\u00fcn\u0259 aid m\u0259nas\u0131 var. Yalan\u00e7\u0131 \u00e7\u0259r\u015f\u0259nb\u0259l\u0259ri q\u0259dimd\u0259 insanlar \u00e7ill\u0259nin \u00e7\u0131xmas\u0131 kimi qeyd edirdil\u0259r. 40 g\u00fcn davam ed\u0259n b\u00f6y\u00fck \u00e7ill\u0259ni yola sal\u0131b bayrama q\u0259d\u0259r olan h\u0259ft\u0259nin h\u0259r \u00e7\u0259r\u015f\u0259nb\u0259sini qeyd ed\u0259rdil\u0259r. Bu \u00e7\u0259r\u015f\u0259nb\u0259l\u0259rd\u0259 t\u0259mt\u0259raql\u0131 he\u00e7 n\u0259 etm\u0259zdil\u0259r. Hava qaralana yax\u0131n h\u0259r k\u0259s \u00f6z h\u0259y\u0259tind\u0259 tonqal qalayar, ail\u0259si il\u0259 birlikd\u0259 tonqal\u0131n \u0259traf\u0131na y\u0131\u011f\u0131\u015fard\u0131lar. O biri \u00e7\u0259r\u015f\u0259nb\u0259l\u0259r kimi t\u0259mt\u0259raql\u0131 s\u00fcfr\u0259l\u0259r a\u00e7\u0131lmaz, ayr\u0131ca yem\u0259kl\u0259r bi\u015firilm\u0259zdi. Bu \u00e7\u0259r\u015f\u0259nb\u0259l\u0259r yaz\u0131n yax\u0131nla\u015fd\u0131\u011f\u0131n\u0131 bildirir, dig\u0259rl\u0259rin\u0259 z\u0259min yarad\u0131r, h\u0259m\u00e7inin q\u0131\u015f\u0131n \u00e7\u0131xd\u0131\u011f\u0131n\u0131n m\u00fcjd\u0259sini verir. Yalan\u00e7\u0131 \u00e7\u0259r\u015f\u0259nb\u0259l\u0259r m\u00fc\u0259yy\u0259n m\u0259rasiml\u0259rl\u0259 qeyd olunurdu.<br \/>\n2025-ci ilin Novurz \u00e7\u0259r\u015f\u0259nb\u0259l\u0259ri<br \/>\n25 fevral-Su \u00e7\u0259r\u015f\u0259nb\u0259si, 4 mart- Od \u00e7\u0259r\u015f\u0259nb\u0259si, 11 mart-Yel \u00e7\u0259r\u015f\u0259nb\u0259si, 18 mart- \u0130lax\u0131r (Torpaq) \u00e7\u0259r\u015f\u0259nb\u0259sidir. Qeyd ed\u0259k ki, yaz f\u0259slinin Az\u0259rbaycana daxil olmas\u0131 mart\u0131n 20-si Bak\u0131 vaxt\u0131 il\u0259 saat 13:01:25-\u0259 t\u0259sad\u00fcf ed\u0259c\u0259k. Bu zaman gec\u0259 il\u0259 g\u00fcnd\u00fcz b\u0259rab\u0259rl\u0259\u015fir v\u0259 G\u00fcn\u0259\u015f d\u00fcz \u015f\u0259rqd\u0259 do\u011fub, q\u0259rbd\u0259 bat\u0131r.<br \/>\nG\u00fcn\u0259\u015f ekliptika \u00fczr\u0259 h\u0259r\u0259k\u0259t ed\u0259r\u0259k, ekvatoru k\u0259sib C\u0259nub yar\u0131mk\u00fcr\u0259sind\u0259n \u015eimal yar\u0131mk\u00fcr\u0259sin\u0259 ke\u00e7ir. H\u0259min andan \u015eimal yar\u0131mk\u00fcr\u0259sind\u0259 yaz, C\u0259nub yar\u0131mk\u00fcr\u0259sind\u0259 is\u0259 pay\u0131z f\u0259sli ba\u015flay\u0131r. Yaz f\u0259slinin uzunlu\u011fu 92 g\u00fcn 17 saat 40 d\u0259qiq\u0259 46 saniy\u0259 olacaq.<br \/>\nBahar bayram\u0131m\u0131z xeyirli, u\u011furlu g\u0259lsin.<\/p>\n<p style=\"text-align: right;\"><em><strong>\u201cYeni T\u0259rt\u0259r\u201d<\/strong><\/em><\/p>\n","protected":false},"excerpt":{"rendered":"<p>YALAN\u00c7I \u00c7\u018fR\u015e\u018fNB\u018fL\u018fR Xalq\u0131m\u0131z\u0131n \u00e7oxlu sayda \u00f6z\u00fcn\u0259m\u0259xsus g\u00f6z\u0259l ad\u0259t-\u0259n\u0259n\u0259si var. Bunlar\u0131 ya\u015fatmaq g\u0259nc n\u0259slin \u00fcz\u0259rin\u0259 d\u00fc\u015f\u00fcr. Bundan \u00f6tr\u00fc \u00f6z-soy k\u00f6k\u00fcm\u00fcz\u0259 ba\u011fl\u0131 olmal\u0131y\u0131q. Xalq\u0131m\u0131z\u0131n \u0259n g\u00f6z\u0259l bayramlar\u0131ndan biri Novruzdur. Onu yaz\u0131n g\u0259li\u015fi kimi qeyd edirik. \u018fvv\u0259lc\u0259 yalan\u00e7\u0131 \u00e7\u0259r\u015f\u0259nb\u0259l\u0259r g\u0259lir. Bundan sonra 4 do\u011fru\u00e7u \u00e7\u0259r\u015f\u0259nb\u0259ni \u00f6z\u0259llikl\u0259 ya\u015fay\u0131r\u0131q. H\u0259r \u00e7\u0259r\u015f\u0259nb\u0259nin \u00f6z\u00fcn\u0259 aid m\u0259nas\u0131 var. Yalan\u00e7\u0131 \u00e7\u0259r\u015f\u0259nb\u0259l\u0259ri q\u0259dimd\u0259 insanlar \u00e7ill\u0259nin [&hellip;]<\/p>\n","protected":false},"author":2,"featured_media":0,"comment_status":"closed","ping_status":"closed","sticky":false,"template":"","format":"standard","meta":[],"categories":[30],"tags":[],"_links":{"self":[{"href":"https:\/\/yeniterter.az\/index.php?rest_route=\/wp\/v2\/posts\/29072"}],"collection":[{"href":"https:\/\/yeniterter.az\/index.php?rest_route=\/wp\/v2\/posts"}],"about":[{"href":"https:\/\/yeniterter.az\/index.php?rest_route=\/wp\/v2\/types\/post"}],"author":[{"embeddable":true,"href":"https:\/\/yeniterter.az\/index.php?rest_route=\/wp\/v2\/users\/2"}],"replies":[{"embeddable":true,"href":"https:\/\/yeniterter.az\/index.php?rest_route=%2Fwp%2Fv2%2Fcomments&post=29072"}],"version-history":[{"count":1,"href":"https:\/\/yeniterter.az\/index.php?rest_route=\/wp\/v2\/posts\/29072\/revisions"}],"predecessor-version":[{"id":29075,"href":"https:\/\/yeniterter.az\/index.php?rest_route=\/wp\/v2\/posts\/29072\/revisions\/29075"}],"wp:attachment":[{"href":"https:\/\/yeniterter.az\/index.php?rest_route=%2Fwp%2Fv2%2Fmedia&parent=29072"}],"wp:term":[{"taxonomy":"category","embeddable":true,"href":"https:\/\/yeniterter.az\/index.php?rest_route=%2Fwp%2Fv2%2Fcategories&post=29072"},{"taxonomy":"post_tag","embeddable":true,"href":"https:\/\/yeniterter.az\/index.php?rest_route=%2Fwp%2Fv2%2Ftags&post=29072"}],"curies":[{"name":"wp","href":"https:\/\/api.w.org\/{rel}","templated":true}]}}