{"id":29058,"date":"2025-02-14T13:35:46","date_gmt":"2025-02-14T10:35:46","guid":{"rendered":"https:\/\/yeniterter.az\/?p=29058"},"modified":"2025-02-14T13:35:46","modified_gmt":"2025-02-14T10:35:46","slug":"indi-cin-sirk%c9%99tl%c9%99ri-az%c9%99rbaycana-investisiya-yatirmaqda-maraqlidirlar-v%c9%99-bu-proses-gedir","status":"publish","type":"post","link":"https:\/\/yeniterter.az\/?p=29058","title":{"rendered":"\u0130ndi \u00c7in \u015firk\u0259tl\u0259ri Az\u0259rbaycana investisiya yat\u0131rmaqda maraql\u0131d\u0131rlar v\u0259 bu proses gedir"},"content":{"rendered":"<p><img decoding=\"async\" loading=\"lazy\" class=\" wp-image-29059 alignleft\" src=\"https:\/\/yeniterter.az\/wp-content\/uploads\/480153899_483253858172413_4721809481206332024_n-300x182.jpg\" alt=\"\" width=\"249\" height=\"151\" srcset=\"https:\/\/yeniterter.az\/wp-content\/uploads\/480153899_483253858172413_4721809481206332024_n-300x182.jpg 300w, https:\/\/yeniterter.az\/wp-content\/uploads\/480153899_483253858172413_4721809481206332024_n.jpg 600w\" sizes=\"(max-width: 249px) 100vw, 249px\" \/><img decoding=\"async\" loading=\"lazy\" class=\" wp-image-29060 alignleft\" src=\"https:\/\/yeniterter.az\/wp-content\/uploads\/477800347_483253861505746_2349929694892832164_n-300x194.jpg\" alt=\"\" width=\"234\" height=\"151\" srcset=\"https:\/\/yeniterter.az\/wp-content\/uploads\/477800347_483253861505746_2349929694892832164_n-300x194.jpg 300w, https:\/\/yeniterter.az\/wp-content\/uploads\/477800347_483253861505746_2349929694892832164_n.jpg 600w\" sizes=\"(max-width: 234px) 100vw, 234px\" \/>Prezident \u0130lham \u018fliyev Davosda \u00c7inin CGTN telekanal\u0131na m\u00fcsahib\u0259 verib.<\/p>\n<p>D\u00f6vl\u0259t ba\u015f\u00e7\u0131s\u0131 qeyd edib ki, \u00f6lk\u0259miz \u00fc\u00e7\u00fcn son ill\u0259rin \u0259n m\u00fch\u00fcm nailiyy\u0259ti \u0259razi b\u00fct\u00f6vl\u00fcy\u00fcm\u00fcz\u00fcn v\u0259 suverenliyimizin tam b\u0259rpas\u0131 oldu. Bunu beyn\u0259lxalq h\u00fcququn norma v\u0259 prinsipl\u0259rin\u0259 \u0259saslanaraq, BMT Nizamnam\u0259sin\u0259 v\u0259 BMT T\u0259hl\u00fck\u0259sizlik \u015euras\u0131n\u0131n q\u0259tnam\u0259l\u0259rin\u0259 uy\u011fun olaraq h\u0259yata ke\u00e7irdik. Dem\u0259k olar ki, 30 il \u0259rzind\u0259 bu, milli ideyam\u0131z idi v\u0259 h\u0259d\u0259fimiz\u0259 nail olmaq, \u0259dal\u0259ti b\u0259rpa etm\u0259k \u00fc\u00e7\u00fcn b\u00fct\u00fcn s\u0259yl\u0259rimizi s\u0259f\u0259rb\u0259r etdik. \u018ffsuslar olsun ki, beyn\u0259lxalq h\u00fcququn normalar\u0131 i\u015fl\u0259m\u0259di v\u0259 beyn\u0259lxalq t\u0259\u015fkilatlar yard\u0131m\u00e7\u0131 olmad\u0131lar. \u00c7\u00fcnki \u00e7oxsayl\u0131 beyn\u0259lxalq t\u0259\u015fkilatlar t\u0259r\u0259find\u0259n q\u0259bul edilmi\u015f q\u0259tnam\u0259l\u0259r, sad\u0259c\u0259, ka\u011f\u0131z \u00fcz\u0259rind\u0259 qalm\u0131\u015fd\u0131. Bunu \u00f6z\u00fcm\u00fcz h\u0259ll etm\u0259li, \u0259dal\u0259ti \u00f6z\u00fcm\u00fcz b\u0259rpa etm\u0259li olduq. Bu, bir daha onu n\u00fcmayi\u015f etdirir ki, indi d\u00fcnyan\u0131n h\u0259qiq\u0259t\u0259n d\u0259 beyn\u0259lxalq \u00f6hd\u0259likl\u0259r\u0259 tam h\u00f6rm\u0259t edilm\u0259sin\u0259 ehtiyac\u0131 var.<\/p>\n<p>Bildirilib ki, Az\u0259rbaycan C\u0259nubi Qafqaz v\u0259 X\u0259z\u0259r regionunda etibarl\u0131 m\u00f6vqe tutur.<\/p>\n<p>Biz \u0259n ba\u015fdan, m\u00fcst\u0259qilliyimiz b\u0259rpa edil\u0259nd\u0259n b\u0259ri oldu\u011fumuz yerd\u0259yik. Az\u0259rbaycan g\u00fccl\u00fc iqtisadiyyat, yeri g\u0259lmi\u015fk\u0259n, \u00f6z\u00fcn\u00fc t\u0259min ed\u0259n iqtisadiyyat qurdu. \u00dcmumi daxili m\u0259hsula nisb\u0259td\u0259 xarici borcun s\u0259viyy\u0259si c\u0259mi 6,9 faizdir. Buna \u0259saslanaraq regionda ba\u011flant\u0131lar yaradan geni\u015fmiqyasl\u0131 layih\u0259l\u0259r h\u0259yata ke\u00e7irmi\u015fik v\u0259 aid oldu\u011fumuz C\u0259nubi Qafqaz v\u0259 X\u0259z\u0259r regionunda etibarl\u0131 m\u00f6vqe tutmu\u015fuq. \u018flb\u0259tt\u0259 ki, milli maraqlar\u0131m\u0131z\u0131, h\u0259yat t\u0259rzimizi v\u0259 m\u00fcst\u0259qil siyas\u0259timizi q\u0259ti \u015f\u0259kild\u0259 m\u00fcdafi\u0259 etmi\u015fik v\u0259 \u00e7oxlu u\u011fur qazanm\u0131\u015f\u0131q. D\u00fcnya x\u0259rit\u0259sind\u0259 nisb\u0259t\u0259n yeni olan Az\u0259rbaycan\u0131n \u00f6z milli maraqlar\u0131n\u0131 m\u00fcdafi\u0259 ed\u0259n v\u0259 b\u00fct\u00fcn d\u00fcnyada yax\u015f\u0131 \u0259laq\u0259l\u0259r quran \u00f6lk\u0259 kimi n\u00fcmun\u0259si onu g\u00f6st\u0259rir ki, c\u0259miyy\u0259td\u0259 sabitlik, birlik varsa, siz \u00f6z maraqlar\u0131n\u0131z\u0131 m\u00fcdafi\u0259 ed\u0259 bil\u0259rsiniz.<\/p>\n<p>H\u0259d\u0259f Az\u0259rbaycan\u0131n d\u00fcnyan\u0131n siyasi v\u0259 iqtisadi x\u0259rit\u0259sind\u0259 \u00f6z yerini tutmas\u0131ndan ibar\u0259t idi. T\u0259xmin\u0259n 200 \u00f6lk\u0259ni bir araya g\u0259tir\u0259n \u0130qlim konfrans\u0131na ev sahibliyi etm\u0259k b\u00f6y\u00fck \u00e7a\u011f\u0131r\u0131\u015f, b\u00f6y\u00fck m\u0259suliyy\u0259t, eyni zamanda, b\u00f6y\u00fck nailiyy\u0259t idi.<!--more--><\/p>\n<p>Bundan \u0259vv\u0259l 120 \u00f6lk\u0259ni birl\u0259\u015fdir\u0259n, BMT Ba\u015f Assambleyas\u0131ndan sonra ikinci b\u00f6y\u00fck beyn\u0259lxalq t\u0259sisat olan Qo\u015fulmama H\u0259r\u0259kat\u0131na 4 il \u0259rzind\u0259 u\u011furla s\u0259drlik etdik. Bu onu g\u00f6st\u0259rir ki, dostlu\u011fa, \u0259m\u0259kda\u015fl\u0131\u011fa, he\u00e7 bir \u00f6lk\u0259nin daxili i\u015fl\u0259rin\u0259 qar\u0131\u015fmama\u011fa \u0259saslanan siyas\u0259timiz h\u0259qiq\u0259t\u0259n d\u0259 beyn\u0259lxalq arenada d\u0259st\u0259kl\u0259nir.<\/p>\n<p>Diqq\u0259t\u0259 \u00e7atd\u0131r\u0131l\u0131b ki, Az\u0259rbaycan h\u0259l\u0259 d\u0259 \u00dcmumd\u00fcnya Ticar\u0259t T\u0259\u015fkilat\u0131n\u0131n \u00fczv\u00fc deyil, baxmayaraq, uzun ill\u0259rdir, bir ne\u00e7\u0259 onillikl\u0259rdir ki, dan\u0131\u015f\u0131qlar\u0131n aktiv m\u0259rh\u0259l\u0259sind\u0259dir. Bu prosesin m\u0259ntiqi yekunla\u015fmamas\u0131n\u0131n s\u0259b\u0259bi s\u0131rf proteksionizm, ikili standartlar, tarifl\u0259rdir &#8211; b\u00fct\u00fcn bunlar \u00dcmumd\u00fcnya Ticar\u0259t T\u0259\u015fkilat\u0131n\u0131n t\u0259m\u0259l d\u0259y\u0259rl\u0259rin\u0259 ziddir.<\/p>\n<p>Buna g\u00f6r\u0259 d\u0259 dan\u0131\u015f\u0131qlar prosesind\u0259yik. Lakin, eyni zamanda, \u00fcst\u00fcnl\u00fckl\u0259ri v\u0259 z\u0259if t\u0259r\u0259fl\u0259ri ciddi qiym\u0259tl\u0259ndiririk. Narahat ed\u0259n m\u0259qamlardan biri indi m\u00fczakir\u0259 etdiyimiz m\u00f6vzudur. Dig\u0259ri is\u0259 ondan ibar\u0259tdir ki, s\u0259nayemiz v\u0259 ixrac potensial\u0131m\u0131z bunun \u00fc\u00e7\u00fcn yax\u015f\u0131 haz\u0131r olmal\u0131d\u0131r. \u00c7\u00fcnki bu vaxtad\u0259k ixrac\u0131n \u0259sas hiss\u0259si qaz\u0131nt\u0131 enerji n\u00f6vl\u0259ridir. Bunun \u00fc\u00e7\u00fcn \u00dcmumd\u00fcnya Ticar\u0259t T\u0259\u015fkilat\u0131na \u00fczv olmaq laz\u0131m deyil. \u00d6lk\u0259 \u0259mt\u0259\u0259l\u0259rini bazarda sat\u0131r.<\/p>\n<p>Bel\u0259likl\u0259, bazarlar\u0131n\u0131 b\u00fct\u00fcn d\u00fcnyaya a\u00e7maqla \u00dcmumd\u00fcnya Ticar\u0259t T\u0259\u015fkilat\u0131na \u00fczv \u00f6lk\u0259l\u0259r r\u0259qab\u0259ti art\u0131racaq. Lakin, eyni zamanda, onlar yerli istehsal\u00e7\u0131lar\u0131n maraqlar\u0131na ziyan vura bil\u0259rl\u0259r. Bel\u0259likl\u0259, bu prosesi balansla\u015fd\u0131r\u0131r\u0131q v\u0259 g\u0259l\u0259c\u0259k dan\u0131\u015f\u0131qlar prosesind\u0259 maksimum m\u00fcsb\u0259t \u015f\u0259rtl\u0259ri \u0259ld\u0259 etm\u0259y\u0259 \u00e7al\u0131\u015f\u0131r\u0131q. Art\u0131q Az\u0259rbaycan\u0131n iqtisadiyyat\u0131 \u00f6z\u00fcn\u00fc t\u0259min edir.<\/p>\n<p>Prezident deyib ki, \u00f6t\u0259n il \u00c7in v\u0259 Az\u0259rbaycan r\u0259smi olaraq strateji t\u0259r\u0259fda\u015f oldular. \u00d6t\u0259n yay \u00c7inin S\u0259dri il\u0259 g\u00f6r\u00fc\u015fd\u0259n sonra strateji t\u0259r\u0259fda\u015fl\u0131q \u00fczr\u0259 m\u00fcvafiq B\u0259yannam\u0259 q\u0259bul edildi v\u0259 bu, ikit\u0259r\u0259fli \u0259laq\u0259l\u0259rd\u0259 \u00e7ox m\u00fch\u00fcm siyasi add\u0131md\u0131r. Strateji t\u0259r\u0259fda\u015fl\u0131q \u00e7ox y\u00fcks\u0259k s\u0259viyy\u0259li qar\u015f\u0131l\u0131ql\u0131 etimad, \u0259m\u0259kda\u015fl\u0131q dem\u0259kdir v\u0259 t\u0259kc\u0259 \u00dcmumd\u00fcnya Ticar\u0259t T\u0259\u015fkilat\u0131na deyil, m\u00fcxt\u0259lif beyn\u0259lxalq t\u0259\u015fkilatlara qo\u015fulma m\u0259s\u0259l\u0259si daxil olmaqla \u00c7in il\u0259 t\u0259r\u0259fda\u015fl\u0131\u011f\u0131m\u0131z\u0131n geni\u015fl\u0259ndirilm\u0259sini arzulay\u0131r\u0131q.<\/p>\n<p>Az\u0259rbaycan\u0131n \u015eanxay \u018fm\u0259kda\u015fl\u0131q T\u0259\u015fkilat\u0131 il\u0259 \u00e7ox yax\u015f\u0131 v\u0259 dost m\u00fcnasib\u0259tl\u0259ri var.<\/p>\n<p>Az\u0259rbaycan\u0131n \u015eanxay \u018fm\u0259kda\u015fl\u0131q T\u0259\u015fkilat\u0131nda statusu m\u00fc\u015fahid\u0259\u00e7i deyil, dialoq \u00fczr\u0259 t\u0259r\u0259fda\u015fd\u0131r. Bu, h\u0259min beyn\u0259lxalq t\u0259\u015fkilatla daha da yax\u0131n olmaq \u00fc\u00e7\u00fcn g\u00fccl\u00fc qar\u015f\u0131l\u0131ql\u0131 irad\u0259nin n\u00fcmayi\u015fidir. \u018flb\u0259tt\u0259 ki, beyn\u0259lxalq t\u0259\u015fkilatlarla i\u015fl\u0259y\u0259nd\u0259 v\u0259 ya onlarla daha yax\u0131n olmaq ist\u0259y\u0259nd\u0259 siz t\u0259\u015fkilat\u0131n t\u0259rkibin\u0259, \u00fczv \u00f6lk\u0259l\u0259rin\u0259 n\u0259z\u0259r sal\u0131rs\u0131n\u0131z. \u015eanxay \u018fm\u0259kda\u015fl\u0131q T\u0259\u015fkilat\u0131n\u0131n v\u0259 BRICS-in b\u00fct\u00fcn \u00fczv d\u00f6vl\u0259tl\u0259rinin Az\u0259rbaycanla \u00e7ox yax\u015f\u0131 v\u0259 dost m\u00fcnasib\u0259tl\u0259ri var. Bundan ba\u015fqa, co\u011frafi m\u00f6vqeyimiz, C\u0259nubi Qafqaz v\u0259 X\u0259z\u0259r regionunda vahid m\u0259qs\u0259dl\u0259r\u0259 t\u00f6hf\u0259miz n\u00f6qteyi-n\u0259z\u0259rind\u0259n \u0259h\u0259miyy\u0259tli olacaq. \u018flb\u0259tt\u0259 ki, \u00c7in v\u0259 M\u0259rk\u0259zi Asiya \u00f6lk\u0259l\u0259ri il\u0259 \u00fcz\u0259rind\u0259 f\u0259al i\u015f apard\u0131\u011f\u0131m\u0131z m\u0259s\u0259l\u0259l\u0259r, h\u0259m\u00e7inin ba\u011fl\u0131l\u0131q layih\u0259l\u0259ridir. \u00c7\u00fcnki Az\u0259rbaycan art\u0131q m\u00fcasir n\u0259qliyyat infrastrukturu il\u0259 \u015e\u0259rqd\u0259n Q\u0259rb\u0259 ged\u0259n yol \u00fcz\u0259rind\u0259 yerl\u0259\u015fir. Bel\u0259likl\u0259, praktiki n\u0259tic\u0259l\u0259r n\u00f6qteyi-n\u0259z\u0259rind\u0259n \u00e7oxlu t\u00f6hf\u0259 ver\u0259 bil\u0259rik.<\/p>\n<p>\u018flb\u0259tt\u0259 ki, ist\u0259nil\u0259n t\u0259\u015fkilata qo\u015fulmaq siyasi add\u0131md\u0131r, lakin h\u0259min iqtisadiyyat \u00f6lk\u0259l\u0259ri daha da birl\u0259\u015fdir\u0259n praktiki infrastruktur layih\u0259l\u0259ri il\u0259 d\u0259st\u0259kl\u0259nm\u0259lidir. Qlobal C\u0259nubun bir hiss\u0259si olaraq Qlobal C\u0259nubun maraqlar\u0131n\u0131 m\u00fcdafi\u0259 etmi\u015fik v\u0259 yeri g\u0259lmi\u015fk\u0259n, COP29-a qay\u0131daraq ideyalar\u0131m\u0131zdan biri Qlobal C\u0259nubla Qlobal \u015eimal aras\u0131nda daha m\u00f6hk\u0259m k\u00f6rp\u00fcl\u0259r qurmaq idi. \u00c7\u00fcnki COP29-a ev sahibliyi ed\u0259n \u00f6lk\u0259 kimi g\u00f6rd\u00fck ki, iqlim m\u0259s\u0259l\u0259l\u0259rin\u0259 g\u0259ldikd\u0259, h\u0259r iki t\u0259r\u0259f m\u00fc\u0259yy\u0259n s\u0259viyy\u0259d\u0259 bir-birin\u0259 etibar etmir v\u0259 s\u00f6hb\u0259t t\u0259kc\u0259 iqlimd\u0259n getmir.<\/p>\n<p>Qeyd olunub ki, ki\u00e7ik ada d\u00f6vl\u0259tl\u0259rinin m\u00f6vcudlu\u011funa t\u0259hl\u00fck\u0259 var.<\/p>\n<p>\u018fslind\u0259, iqlim d\u0259yi\u015fikliyi il\u0259 ba\u011fl\u0131 m\u0259s\u0259l\u0259l\u0259rl\u0259 d\u0259rind\u0259n m\u0259\u015f\u011ful olma\u011fa ba\u015flayanda iqlim d\u0259yi\u015fikliyi s\u0259b\u0259bind\u0259n ekzistensial t\u0259hl\u00fck\u0259 il\u0259 \u00fczl\u0259\u015f\u0259n \u00f6lk\u0259l\u0259rd\u0259 y\u00fcks\u0259k d\u0259r\u0259c\u0259d\u0259 naraz\u0131l\u0131\u011f\u0131n oldu\u011funu g\u00f6rd\u00fck. Ham\u0131m\u0131z bundan \u0259ziyy\u0259t \u00e7\u0259kirik, o c\u00fcml\u0259d\u0259n Az\u0259rbaycan. Lakin el\u0259 \u00f6lk\u0259l\u0259r var ki, &#8211; x\u00fcsusil\u0259 ki\u00e7ik ada d\u00f6vl\u0259tl\u0259ri, &#8211; onlar\u0131n m\u00f6vcudlu\u011funa t\u0259hl\u00fck\u0259 var. B\u0259z\u0259n onlar\u0131n m\u0259s\u0259l\u0259si g\u00fcnd\u0259liy\u0259 daxil olmur, biz is\u0259 bunu etdik. Bak\u0131da ke\u00e7iril\u0259n COP29-da \u0259n m\u00fch\u00fcm t\u0259dbirl\u0259rd\u0259n biri inki\u015faf etm\u0259kd\u0259 olan ki\u00e7ik ada d\u00f6vl\u0259tl\u0259rinin Zirv\u0259 g\u00f6r\u00fc\u015f\u00fc idi. Orada Az\u0259rbaycan bu \u00f6lk\u0259l\u0259r\u0259 \u0259m\u0259li d\u0259st\u0259k g\u00f6st\u0259rm\u0259k \u00fc\u00e7\u00fcn \u00e7ox iddial\u0131 g\u00fcnd\u0259lik ir\u0259li s\u00fcrd\u00fc. Ayd\u0131n m\u0259s\u0259l\u0259dir ki, b\u00f6y\u00fck aktorlar\u0131n birg\u0259 yana\u015fmas\u0131 olmadan h\u0259min \u00f6lk\u0259l\u0259ri v\u0259 iqlim m\u0259s\u0259l\u0259l\u0259ri il\u0259 m\u0259\u015f\u011ful olmaq \u00fc\u00e7\u00fcn maddi ehtiyatlar\u0131 olmayan \u00f6lk\u0259l\u0259ri d\u0259st\u0259kl\u0259m\u0259k \u00e7\u0259tin olacaq. D\u00fc\u015f\u00fcn\u00fcr\u0259m ki, \u00fcz\u0259rin\u0259 bu y\u00fck\u00fc g\u00f6t\u00fcr\u0259n \u00f6lk\u0259l\u0259rin m\u0259suliyy\u0259ti daha \u00e7ox i\u015f g\u00f6rm\u0259kdir. Qlobal C\u0259nub tamamil\u0259 obyektiv olaraq d\u00fcnyan\u0131n \u0259n z\u0259ngin \u00f6lk\u0259l\u0259rind\u0259n daha \u00e7ox d\u0259st\u0259k g\u00f6zl\u0259yir.<\/p>\n<p>Diqq\u0259t\u0259 \u00e7atd\u0131r\u0131l\u0131b ki, yoxsulluq s\u0259viyy\u0259sini t\u0259xmin\u0259n 5 faiz\u0259 endirm\u0259y\u0259 nail olmu\u015fuq.<\/p>\n<p>Z\u0259nnimc\u0259, Az\u0259rbaycan\u0131n m\u00fcxt\u0259lif m\u00fchitl\u0259rd\u0259 \u00f6z\u00fcn\u00fc rahat hiss etm\u0259sinin \u0259sas amill\u0259rind\u0259n biri ondan ibar\u0259tdir ki, \u00fcz\u0259rimiz\u0259 d\u00fc\u015f\u0259nl\u0259rl\u0259 \u0259laq\u0259dar art\u0131q xeyli i\u015f g\u00f6rm\u00fc\u015f\u00fck. Sabit iqtisadiyyat qurmu\u015fuq, sabit siyasi sistemimiz var, insanlar\u0131n ya\u015fay\u0131\u015f s\u0259viyy\u0259sini yax\u015f\u0131la\u015fd\u0131ran \u00e7oxlu sosial proqramlar h\u0259yata ke\u00e7iririk, yoxsulluq s\u0259viyy\u0259sini t\u0259xmin\u0259n 5 faiz\u0259 endirm\u0259y\u0259 nail olmu\u015fuq v\u0259 m\u00fcxt\u0259lif beyn\u0259lxalq aktorlarla g\u00fccl\u00fc t\u0259r\u0259fda\u015fl\u0131q v\u0259 \u0259laq\u0259l\u0259rl\u0259 m\u00fc\u0259yy\u0259n vasit\u0259\u00e7i rolunu oynay\u0131r\u0131q.<\/p>\n<p>\u015eax\u0259l\u0259nmi\u015f xarici siyas\u0259td\u0259n dan\u0131\u015fan d\u00f6vl\u0259t ba\u015f\u00e7\u0131s\u0131 deyib ki, dig\u0259r \u00f6lk\u0259l\u0259r kimi xarici siyas\u0259timiz, sad\u0259c\u0259 olaraq, daxili siyas\u0259timizin davam\u0131d\u0131r. Az\u0259rbaycan\u0131n t\u0259kc\u0259 M\u0259rk\u0259zi Asiya, X\u0259z\u0259r v\u0259 C\u0259nubi Qafqazda deyil, daha geni\u015f co\u011frafiyada regional sabitliy\u0259, regional s\u00fclh\u0259 verdiyi t\u00f6hf\u0259 art\u0131q qlobal, beyn\u0259lxalq aktorlar t\u0259r\u0259find\u0259n y\u00fcks\u0259k qiym\u0259tl\u0259ndirilir.<\/p>\n<p>M\u00f6vqeyimiz ondan ibar\u0259tdir ki, \u0259g\u0259r h\u0259r bir \u00f6lk\u0259 diqq\u0259tini, sad\u0259c\u0259, \u00f6z g\u00fcnd\u0259min\u0259 y\u00f6n\u0259lts\u0259, ba\u015fqa \u00f6lk\u0259nin i\u015fl\u0259rin\u0259 m\u00fcdaxil\u0259 etm\u0259y\u0259 \u00e7al\u0131\u015fmasa, m\u00fcnaqi\u015f\u0259l\u0259r, naraz\u0131l\u0131qlar, m\u00fcharib\u0259l\u0259r olmaz. B\u00fct\u00fcn d\u00fcnyada h\u0259l\u0259 d\u0259 qeyri-sabit v\u0259ziyy\u0259tin olmas\u0131n\u0131n v\u0259 qan t\u00f6k\u00fclm\u0259sinin yegan\u0259 s\u0259b\u0259bi ondan ibar\u0259tdir ki, imperialist ke\u00e7mi\u015fi olan \u00f6lk\u0259l\u0259r, sad\u0259c\u0259 olaraq, m\u00fcdaxil\u0259 etm\u0259y\u0259, dominantl\u0131q etm\u0259y\u0259, dikt\u0259 etm\u0259y\u0259 davam etm\u0259k ist\u0259yir v\u0259 bu, t\u0259bii olaraq, m\u00fcqavim\u0259t\u0259 g\u0259tirib \u00e7\u0131xar\u0131r.<\/p>\n<p>\u00d6z\u00fcm\u00fcz\u00fc daxili i\u015fl\u0259r\u0259 m\u00fcdaxil\u0259d\u0259n qoruma\u011fa m\u00fcv\u0259ff\u0259q olduq. \u0130deologiya, iqtisadiyyat v\u0259 milli ideyalar &#8211; bunlar ham\u0131s\u0131 birlikd\u0259 Az\u0259rbaycan\u0131 layiq oldu\u011fu yer\u0259 g\u0259tirib \u00e7\u0131xard\u0131.<\/p>\n<p>AB\u015e il\u0259 m\u00fcnasib\u0259tl\u0259rimizd\u0259 yeni d\u00f6vr\u00fcn ba\u015flanmas\u0131 h\u0259r iki t\u0259r\u0259fin mara\u011f\u0131ndad\u0131r.<\/p>\n<p>Prezident Tramp\u0131n AB\u015e-a r\u0259hb\u0259rlik etdiyi zaman\u0131 xat\u0131rlay\u0131r\u0131q v\u0259 son 4 ild\u0259 Bayden administrasiyas\u0131n\u0131n Az\u0259rbaycana \u0259dal\u0259tsiz yana\u015fmas\u0131 s\u0259b\u0259bind\u0259n \u0259laq\u0259l\u0259rimizin tamamil\u0259 korlanmas\u0131ndan f\u0259rqli olaraq, \u0259laq\u0259l\u0259rimiz \u00e7ox u\u011furla inki\u015faf edirdi. Bel\u0259likl\u0259, Prezident Trampla birg\u0259 i\u015fl\u0259m\u0259kl\u0259 ba\u011fl\u0131 \u0259vv\u0259lki t\u0259cr\u00fcb\u0259miz \u00e7ox m\u00fcsb\u0259t idi. AB\u015e-Az\u0259rbaycan m\u00fcnasib\u0259tl\u0259rind\u0259 itirilmi\u015f ill\u0259r hesab etdiyimiz bu 4 il art\u0131q tarix\u0259 qovu\u015facaq v\u0259 yenid\u0259n ba\u015flayaca\u011f\u0131q.<\/p>\n<p>AB\u015e-dak\u0131 d\u0259yi\u015fiklikl\u0259 ba\u011fl\u0131 narahat olmaq \u00fc\u00e7\u00fcn ciddi s\u0259b\u0259b yoxdur.<\/p>\n<p>Orta D\u0259hlizin Az\u0259rbaycan seqmentinin infrastrukturu t\u0259kmill\u0259\u015fdirilib.<\/p>\n<p>\u00c7\u00fcnki Az\u0259rbaycan\u0131n Orta D\u0259hlizl\u0259 ba\u011fl\u0131 m\u00f6vqeyi, sad\u0259c\u0259, tranzit \u00f6lk\u0259si olmaq v\u0259 tranzitd\u0259n \u00f6d\u0259ni\u015fl\u0259r almaqdan ibar\u0259t deyil. H\u0259d\u0259fimiz \u00f6z\u0259l sektora bundan faydalanma\u011fa k\u00f6m\u0259k etm\u0259k \u00fc\u00e7\u00fcn d\u0259hlizin ke\u00e7diyi Az\u0259rbaycan \u0259razisind\u0259 m\u00fc\u0259ssis\u0259l\u0259r yaratmaqd\u0131r. \u018flb\u0259tt\u0259 ki, sizin istinad etdiyiniz paneld\u0259n b\u0259ri bu sah\u0259d\u0259, o c\u00fcml\u0259d\u0259n \u00c7in-Az\u0259rbaycan m\u00fcnasib\u0259tl\u0259rind\u0259 bir \u00e7ox hadis\u0259l\u0259r ba\u015f vermi\u015fdir. Art\u0131q qeyd etdiyimiz kimi, strateji t\u0259r\u0259fda\u015f\u0131q, lakin, eyni zamanda, Orta D\u0259hlizin Az\u0259rbaycan seqmentinin infrastrukturu t\u0259kmill\u0259\u015fdirilmi\u015fdir. Haz\u0131rda g\u00f6r\u00fcr\u00fck ki, bu t\u0259kmill\u0259\u015fdirilmi\u015f infrastruktur g\u0259l\u0259c\u0259k 3-5 il \u00fc\u00e7\u00fcn kifay\u0259t etm\u0259y\u0259c\u0259k.<\/p>\n<p>H\u0259mi\u015f\u0259 yeni m\u0259qs\u0259dl\u0259rimiz var.<\/p>\n<p>\u018fld\u0259 olunan g\u0259lirl\u0259rl\u0259 ya\u015f\u0131l texnologiyaya v\u0259 ya\u015f\u0131l enerjiy\u0259 investisiya qoyulur.<\/p>\n<p>\u0130ndi \u00c7in \u015firk\u0259tl\u0259ri t\u0259kc\u0259 xidm\u0259t v\u0259 texnologiyalar\u0131n t\u0259min edilm\u0259sind\u0259 yox, h\u0259m\u00e7inin Az\u0259rbaycana investisiya yat\u0131rmaqda maraql\u0131d\u0131rlar v\u0259 bu proses art\u0131q gedir.<\/p>\n<p>COP29-da Az\u0259rbaycan, Qazax\u0131stan v\u0259 \u00d6zb\u0259kistan aras\u0131nda X\u0259z\u0259r d\u0259nizinin dibi il\u0259 enerji kabelinin \u00e7\u0259kilm\u0259si bar\u0259d\u0259 bir m\u00fcqavil\u0259 imzalad\u0131q. Bel\u0259likl\u0259, M\u0259rk\u0259zi Asiya il\u0259 Az\u0259rbaycan\u0131 v\u0259 potensial olaraq \u00c7ini enerji kabeli il\u0259 bir-biri il\u0259 ba\u011flayaca\u011f\u0131q. Dig\u0259r bir layih\u0259d\u0259 bel\u0259 bir kabel x\u0259tti Qara d\u0259nizin dibi il\u0259 Az\u0259rbaycandan Avropaya uzanacaq.<\/p>\n<p>Bu, n\u00f6vb\u0259ti bir ba\u011flant\u0131 layih\u0259sidir. Bu, ya\u015f\u0131l enerji \u00fc\u00e7\u00fcn bir d\u0259hlizdir v\u0259 onun n\u0259h\u0259ng potensial\u0131 var. \u00c7\u00fcnki Az\u0259rbaycan\u0131n k\u00fcl\u0259k v\u0259 G\u00fcn\u0259\u015f enerjisi potensial\u0131 art\u0131q b\u0259llidir v\u0259 bu, t\u0259s\u0259vv\u00fcr\u0259 g\u0259tir\u0259 bil\u0259c\u0259yimizd\u0259n qat-qat art\u0131qd\u0131r. Bel\u0259likl\u0259, bazarlar, texnologiya v\u0259 \u0259m\u0259kda\u015fl\u0131q laz\u0131md\u0131r. \u00c7\u00fcnki qon\u015fu \u00f6lk\u0259l\u0259r aras\u0131nda \u0259m\u0259kda\u015fl\u0131q olmadan bu layih\u0259l\u0259rin icras\u0131 m\u00fcmk\u00fcn deyil. Bel\u0259likl\u0259, potensial buradad\u0131r v\u0259 siz qeyd etdiyiniz kimi, Az\u0259rbaycan ya\u015f\u0131l ke\u00e7idd\u0259 \u00e7ox f\u0259al rol oynay\u0131r.<\/p>\n<p>H\u0259m\u00e7inin qeyd olunub ki, \u00c7in v\u0259t\u0259nda\u015flar\u0131 \u00fc\u00e7\u00fcn viza t\u0259l\u0259bi aradan qald\u0131r\u0131ld\u0131.<\/p>\n<p>\u00c7in iqtisadiyyat\u0131 \u00e7ox sabitdir v\u0259 bu, qlobal iqtisadiyyat\u0131n m\u00fch\u00fcm bir amilidir.<\/p>\n<p>Lider \u0259dal\u0259tli olmal\u0131d\u0131r. Liderlik, \u0259lb\u0259tt\u0259 ki, b\u00f6y\u00fck bir m\u0259suliyy\u0259tdir v\u0259 \u0259n \u00f6n\u0259mlisi ondan ibar\u0259tdir ki, lider h\u0259mi\u015f\u0259 \u00f6z xalq\u0131na, \u00f6z \u0259halisin\u0259 m\u00fcnasib\u0259td\u0259 \u0259dal\u0259tli olmal\u0131d\u0131r. He\u00e7 vaxt xalq\u0131na yalan dan\u0131\u015fmamal\u0131san v\u0259 xalq bunu y\u00fcks\u0259k qiym\u0259tl\u0259ndir\u0259c\u0259k. B\u0259z\u0259n m\u00fc\u0259yy\u0259n siyasi s\u0259b\u0259bl\u0259r \u00fcz\u00fcnd\u0259n hakimiyy\u0259t\u0259 can atan liderl\u0259r \u00e7oxlu v\u0259dl\u0259r verir v\u0259 sonra onlar\u0131 yerin\u0259 yetirmir v\u0259 bu da m\u0259yuslu\u011fa, inams\u0131zl\u0131\u011fa g\u0259tirib \u00e7\u0131xar\u0131r. Bu, d\u00fcnyan\u0131n m\u00fcxt\u0259lif yerl\u0259rind\u0259 siyasi b\u00f6hrana g\u0259tirib \u00e7\u0131xar\u0131r.<\/p>\n<p>\u0130yirmi ild\u0259n art\u0131q m\u00fcdd\u0259t \u0259rzind\u0259 h\u0259mi\u015f\u0259 Az\u0259rbaycan xalq\u0131na h\u0259qiq\u0259ti s\u00f6yl\u0259mi\u015f\u0259m. Bu h\u0259qiq\u0259tin m\u00fcsb\u0259t v\u0259 ya m\u0259nfi olmas\u0131ndan as\u0131l\u0131 olmayaraq. H\u0259mi\u015f\u0259 xalq\u0131ma \u0259dal\u0259ti b\u0259rpa ed\u0259c\u0259yik s\u00f6yl\u0259mi\u015f\u0259m v\u0259 xalq\u0131m da m\u0259n\u0259 inan\u0131b. 17 il hakimiyy\u0259td\u0259 olandan sonra n\u0259hay\u0259t, v\u0259d etdikl\u0259rimizi yerin\u0259 yetirdik v\u0259 suverenliyimizi, \u0259razi b\u00fct\u00f6vl\u00fcy\u00fcn\u00fc v\u0259 l\u0259yaq\u0259timizi b\u0259rpa etdik. Bel\u0259likl\u0259, ictimaiyy\u0259tin d\u0259st\u0259yini \u0259ld\u0259 etm\u0259k ist\u0259y\u0259n liderl\u0259r\u0259 m\u0259sl\u0259h\u0259tim o olard\u0131 ki, h\u0259mi\u015f\u0259 h\u0259qiq\u0259ti s\u00f6yl\u0259yin v\u0259 beyn\u0259lxalq t\u0259zyiqd\u0259n, beyn\u0259lxalq mediadan as\u0131l\u0131 olmayaraq, haqq\u0131n\u0131zda n\u0259 dedikl\u0259rind\u0259n, sizi nec\u0259 adland\u0131rd\u0131qlar\u0131ndan, sizi nec\u0259 t\u0259hqir etm\u0259l\u0259rind\u0259n as\u0131l\u0131 olmayaraq, \u00f6lk\u0259niz \u00fc\u00e7\u00fcn do\u011fru olan\u0131 edin. Bel\u0259likl\u0259, siz \u00f6z\u00fcn\u00fcz v\u0259 \u00f6lk\u0259niz u\u011fur qazanm\u0131\u015f olacaqs\u0131n\u0131z.<\/p>\n<p>&nbsp;<\/p>\n","protected":false},"excerpt":{"rendered":"<p>Prezident \u0130lham \u018fliyev Davosda \u00c7inin CGTN telekanal\u0131na m\u00fcsahib\u0259 verib. D\u00f6vl\u0259t ba\u015f\u00e7\u0131s\u0131 qeyd edib ki, \u00f6lk\u0259miz \u00fc\u00e7\u00fcn son ill\u0259rin \u0259n m\u00fch\u00fcm nailiyy\u0259ti \u0259razi b\u00fct\u00f6vl\u00fcy\u00fcm\u00fcz\u00fcn v\u0259 suverenliyimizin tam b\u0259rpas\u0131 oldu. Bunu beyn\u0259lxalq h\u00fcququn norma v\u0259 prinsipl\u0259rin\u0259 \u0259saslanaraq, BMT Nizamnam\u0259sin\u0259 v\u0259 BMT T\u0259hl\u00fck\u0259sizlik \u015euras\u0131n\u0131n q\u0259tnam\u0259l\u0259rin\u0259 uy\u011fun olaraq h\u0259yata ke\u00e7irdik. Dem\u0259k olar ki, 30 il \u0259rzind\u0259 bu, milli ideyam\u0131z [&hellip;]<\/p>\n","protected":false},"author":2,"featured_media":0,"comment_status":"closed","ping_status":"closed","sticky":false,"template":"","format":"standard","meta":[],"categories":[10],"tags":[],"_links":{"self":[{"href":"https:\/\/yeniterter.az\/index.php?rest_route=\/wp\/v2\/posts\/29058"}],"collection":[{"href":"https:\/\/yeniterter.az\/index.php?rest_route=\/wp\/v2\/posts"}],"about":[{"href":"https:\/\/yeniterter.az\/index.php?rest_route=\/wp\/v2\/types\/post"}],"author":[{"embeddable":true,"href":"https:\/\/yeniterter.az\/index.php?rest_route=\/wp\/v2\/users\/2"}],"replies":[{"embeddable":true,"href":"https:\/\/yeniterter.az\/index.php?rest_route=%2Fwp%2Fv2%2Fcomments&post=29058"}],"version-history":[{"count":2,"href":"https:\/\/yeniterter.az\/index.php?rest_route=\/wp\/v2\/posts\/29058\/revisions"}],"predecessor-version":[{"id":29062,"href":"https:\/\/yeniterter.az\/index.php?rest_route=\/wp\/v2\/posts\/29058\/revisions\/29062"}],"wp:attachment":[{"href":"https:\/\/yeniterter.az\/index.php?rest_route=%2Fwp%2Fv2%2Fmedia&parent=29058"}],"wp:term":[{"taxonomy":"category","embeddable":true,"href":"https:\/\/yeniterter.az\/index.php?rest_route=%2Fwp%2Fv2%2Fcategories&post=29058"},{"taxonomy":"post_tag","embeddable":true,"href":"https:\/\/yeniterter.az\/index.php?rest_route=%2Fwp%2Fv2%2Ftags&post=29058"}],"curies":[{"name":"wp","href":"https:\/\/api.w.org\/{rel}","templated":true}]}}