{"id":29053,"date":"2025-02-14T13:25:18","date_gmt":"2025-02-14T10:25:18","guid":{"rendered":"https:\/\/yeniterter.az\/?p=29053"},"modified":"2025-02-14T13:26:04","modified_gmt":"2025-02-14T10:26:04","slug":"az%c9%99rbaycan-v%c9%99-somali-arasinda-%c9%99m%c9%99kdasliq-qarsiliqli-etimad-v%c9%99-dost-munasib%c9%99tl%c9%99r-uz%c9%99rind%c9%99-qurulur","status":"publish","type":"post","link":"https:\/\/yeniterter.az\/?p=29053","title":{"rendered":"Az\u0259rbaycan v\u0259 Somali aras\u0131nda \u0259m\u0259kda\u015fl\u0131q qar\u015f\u0131l\u0131ql\u0131 etimad v\u0259 dost m\u00fcnasib\u0259tl\u0259r \u00fcz\u0259rind\u0259 qurulur"},"content":{"rendered":"<p><img decoding=\"async\" loading=\"lazy\" class=\" wp-image-29054 alignleft\" src=\"https:\/\/yeniterter.az\/wp-content\/uploads\/476837553_482457858252013_2426466299214254836_n-300x195.jpg\" alt=\"\" width=\"220\" height=\"143\" srcset=\"https:\/\/yeniterter.az\/wp-content\/uploads\/476837553_482457858252013_2426466299214254836_n-300x195.jpg 300w, https:\/\/yeniterter.az\/wp-content\/uploads\/476837553_482457858252013_2426466299214254836_n.jpg 600w\" sizes=\"(max-width: 220px) 100vw, 220px\" \/><img decoding=\"async\" loading=\"lazy\" class=\"wp-image-29055 alignright\" src=\"https:\/\/yeniterter.az\/wp-content\/uploads\/477805231_482457848252014_5207738202019140852_n-300x193.jpg\" alt=\"\" width=\"222\" height=\"143\" srcset=\"https:\/\/yeniterter.az\/wp-content\/uploads\/477805231_482457848252014_5207738202019140852_n-300x193.jpg 300w, https:\/\/yeniterter.az\/wp-content\/uploads\/477805231_482457848252014_5207738202019140852_n.jpg 600w\" sizes=\"(max-width: 222px) 100vw, 222px\" \/>Az\u0259rbaycan Respublikas\u0131n\u0131n Prezidenti \u0130lham \u018fliyev cari ilin fevral\u0131n 12-d\u0259 Somali Federativ Respublikas\u0131n\u0131n Prezidenti Hasan \u015eeyx Mahmudun Az\u0259rbaycana r\u0259smi s\u0259f\u0259ri il\u0259 ba\u011fl\u0131 m\u0259tbuata b\u0259yanat verib.<\/p>\n<p>D\u00f6vl\u0259t ba\u015f\u00e7\u0131s\u0131 bildirib ki, imzalanm\u0131\u015f s\u0259n\u0259dl\u0259r ikit\u0259r\u0259fli \u0259laq\u0259l\u0259rimizi \u00e7ox sah\u0259l\u0259rd\u0259 inki\u015faf etdirm\u0259kd\u0259 qar\u015f\u0131l\u0131ql\u0131 irad\u0259mizi ayd\u0131n \u015f\u0259kild\u0259 n\u00fcmayi\u015f etdirir.<\/p>\n<p>\u018fmin\u0259m ki, haz\u0131rda Bak\u0131da imzalanm\u0131\u015f b\u00fct\u00fcn raz\u0131la\u015fmalar h\u0259yata ke\u00e7iril\u0259c\u0259k v\u0259 m\u00fcnasib\u0259tl\u0259rimizi daha y\u00fcks\u0259k s\u0259viyy\u0259y\u0259 qald\u0131racaq. Regionlar\u0131m\u0131zda geosiyasi v\u0259ziyy\u0259ti, \u00f6lk\u0259l\u0259rimizin \u00fczl\u0259\u015fdiyi \u00e7a\u011f\u0131r\u0131\u015flar\u0131 geni\u015f \u015f\u0259kild\u0259 m\u00fczakir\u0259 etdik, \u00f6lk\u0259l\u0259rimizin \u0259razi b\u00fct\u00f6vl\u00fcy\u00fcn\u0259 v\u0259 suverenliyin\u0259 qar\u015f\u0131l\u0131ql\u0131 d\u0259st\u0259yimizi, el\u0259c\u0259 d\u0259 terror\u00e7ulu\u011fa v\u0259 ekstremizm\u0259 qar\u015f\u0131 m\u00fcbariz\u0259d\u0259 ortaq m\u00f6vqeyimizi bir daha vur\u011fulad\u0131q. \u018flb\u0259tt\u0259, h\u0259r bir \u00f6lk\u0259 \u00fc\u00e7\u00fcn siyasi sabitlik inki\u015faf\u0131 t\u0259min ed\u0259n ilkin \u015f\u0259rtdir.<\/p>\n<p>Qeyd olunub ki, ikit\u0259r\u0259fli m\u00fcnasib\u0259tl\u0259rd\u0259 t\u0259hsil\u0259 x\u00fcsusi \u0259h\u0259miyy\u0259t verilir. Somalid\u0259n bir s\u0131ra t\u0259l\u0259b\u0259 Az\u0259rbaycanda Heyd\u0259r \u018fliyev ad\u0131na t\u0259qa\u00fcd \u0259sas\u0131nda t\u0259hsil al\u0131r. Bu g\u00fcn imzalanm\u0131\u015f s\u0259n\u0259d onlar\u0131n say\u0131n\u0131 art\u0131rmaq imkan\u0131n\u0131 yaradacaq. \u0130lkin m\u0259rh\u0259l\u0259d\u0259 on t\u0259l\u0259b\u0259, sonra is\u0259 onlar\u0131n say\u0131 daha \u00e7ox ola bil\u0259r. Bir s\u00f6zl\u0259, onlar\u0131n universitetl\u0259rimizd\u0259 m\u00fcasir t\u0259hsil proqramlar\u0131na \u00e7\u0131x\u0131\u015f \u0259ld\u0259 etm\u0259k imkan\u0131 olacaq v\u0259 bel\u0259 f\u00fcrs\u0259t Somalinin iqtisadi inki\u015faf\u0131na fayda ver\u0259c\u0259k.<\/p>\n<p>Prezident deyib ki, Az\u0259rbaycan Somali iqtisadiyyat\u0131n\u0131n hans\u0131 sah\u0259l\u0259rin\u0259 s\u0259rmay\u0259 qoyma\u011f\u0131 ara\u015fd\u0131r\u0131r.<\/p>\n<p>H\u0259m\u00e7inin Somalid\u0259 s\u0259rmay\u0259 imkanlar\u0131 m\u00fczakir\u0259 edilir. Bu sah\u0259d\u0259 kifay\u0259t q\u0259d\u0259r n\u0259z\u0259r\u0259\u00e7arpan \u0259m\u0259kda\u015fl\u0131\u011f\u0131n qurulmas\u0131 n\u0259z\u0259rd\u0259 tutulub.<\/p>\n<p>M\u00fcdafi\u0259 sah\u0259sind\u0259 \u0259m\u0259kda\u015fl\u0131q m\u00fch\u00fcm \u0259h\u0259miyy\u0259t k\u0259sb edir. Az\u0259rbaycan m\u00fcdafi\u0259 avadanl\u0131\u011f\u0131n\u0131n \u0259ks\u0259r hiss\u0259sini istehsal ed\u0259r\u0259k, g\u00fccl\u00fc m\u00fcdafi\u0259 s\u0259nayesi potensial\u0131n\u0131 yarad\u0131b. H\u0259min avadanl\u0131q h\u0259m biz\u0259 laz\u0131md\u0131r, h\u0259m d\u0259 m\u00fcasir m\u00fcdafi\u0259 avadanl\u0131\u011f\u0131na malik olan 10-a yax\u0131n \u00f6lk\u0259nin m\u00fch\u00fcm ixracat\u00e7\u0131s\u0131na \u00e7evrilm\u0259k imkan\u0131d\u0131r. Burada t\u0259liml\u0259r d\u0259 var, \u00e7\u00fcnki \u0130kinci Qaraba\u011f m\u00fcharib\u0259si v\u0259 sonradan antiterror \u0259m\u0259liyyat\u0131 h\u0259rbi qulluq\u00e7ular\u0131m\u0131z\u0131n y\u00fcks\u0259k pe\u015f\u0259karl\u0131\u011f\u0131n\u0131 n\u00fcmayi\u015f etdirdi. Onlar alt\u0131 v\u0259 ya yeddi m\u00fcdafi\u0259 x\u0259ttin\u0259, m\u00fcxt\u0259lif m\u00fcdafi\u0259 istehkam infrastrukturuna baxmayaraq, t\u0259xmin\u0259n otuz il i\u015f\u011fal alt\u0131nda olan \u0259razimizi \u00e7ox m\u00fcr\u0259kk\u0259b co\u011frafi relyef \u015f\u0259raitind\u0259 azad ed\u0259r\u0259k, Az\u0259rbaycan\u0131n \u0259razi b\u00fct\u00f6vl\u00fcy\u00fcn\u00fc v\u0259 suverenliyini q\u0131sa m\u00fcdd\u0259t \u0259rzind\u0259 tam b\u0259rpa ed\u0259 bildil\u0259r. Bel\u0259likl\u0259, m\u00fcdafi\u0259 sah\u0259sind\u0259 \u0259m\u0259kda\u015fl\u0131q, t\u0259liml\u0259r v\u0259 potensial qaydada m\u00fcdafi\u0259 avadanl\u0131\u011f\u0131n\u0131n birg\u0259 istehsal\u0131, Az\u0259rbaycandan Somaliy\u0259 onun t\u0259chizat\u0131 \u0259m\u0259kda\u015fl\u0131\u011f\u0131m\u0131z\u0131n m\u00fch\u00fcm sah\u0259l\u0259rind\u0259n biri olmal\u0131d\u0131r.<\/p>\n<p>Bildirilib ki, t\u0259r\u0259fda\u015fl\u0131\u011f\u0131m\u0131z\u0131n m\u00fch\u00fcm sah\u0259si beyn\u0259lxalq t\u0259sisatlarda qar\u015f\u0131l\u0131ql\u0131 d\u0259st\u0259kdir. \u00c7\u00fcnki h\u0259r iki \u00f6lk\u0259 \u00fc\u00e7\u00fcn arxalanaca\u011f\u0131m\u0131z t\u0259r\u0259fda\u015flara v\u0259 dostlara malik olmaq \u00e7ox vacibdir.<\/p>\n<p>Fevral\u0131n 12-d\u0259 Bak\u0131da ke\u00e7iril\u0259n g\u00f6r\u00fc\u015f zaman\u0131 qar\u015f\u0131l\u0131ql\u0131 \u0259m\u0259kda\u015fl\u0131\u011fa dair bir s\u0131ra m\u00fch\u00fcm s\u0259n\u0259dl\u0259r imzalan\u0131b.<\/p>\n<p><a href=\"https:\/\/www.facebook.com\/photo\/?fbid=482457854918680&amp;set=pcb.482457951585337&amp;__cft__%5b0%5d=AZUSfQYK8gR257Mll0rIhyaYvH0crQuKwtckIGDHZB53QGXLMhW99hLibjHJz1CQ6xtilYOGLI92mRkQHhiwhMq8SBEDCSZdzIiOmHg9wsdUfIHCmEq69SzSzSpfncetiWOdFggCrzdWZK1WMxT-FkhIsnmxBS19oY-1JPku6LVuOdZP-TPrrYzWj_imjoTDSmI&amp;__tn__=*bH-R\">\u00a0<\/a><\/p>\n<p>&nbsp;<\/p>\n<p><a href=\"https:\/\/www.facebook.com\/photo\/?fbid=482457838252015&amp;set=pcb.482457951585337&amp;__cft__%5b0%5d=AZUSfQYK8gR257Mll0rIhyaYvH0crQuKwtckIGDHZB53QGXLMhW99hLibjHJz1CQ6xtilYOGLI92mRkQHhiwhMq8SBEDCSZdzIiOmHg9wsdUfIHCmEq69SzSzSpfncetiWOdFggCrzdWZK1WMxT-FkhIsnmxBS19oY-1JPku6LVuOdZP-TPrrYzWj_imjoTDSmI&amp;__tn__=*bH-R\">\u00a0<\/a><\/p>\n<p>&nbsp;<\/p>\n<p>&nbsp;<\/p>\n<p>&nbsp;<\/p>\n","protected":false},"excerpt":{"rendered":"<p>Az\u0259rbaycan Respublikas\u0131n\u0131n Prezidenti \u0130lham \u018fliyev cari ilin fevral\u0131n 12-d\u0259 Somali Federativ Respublikas\u0131n\u0131n Prezidenti Hasan \u015eeyx Mahmudun Az\u0259rbaycana r\u0259smi s\u0259f\u0259ri il\u0259 ba\u011fl\u0131 m\u0259tbuata b\u0259yanat verib. D\u00f6vl\u0259t ba\u015f\u00e7\u0131s\u0131 bildirib ki, imzalanm\u0131\u015f s\u0259n\u0259dl\u0259r ikit\u0259r\u0259fli \u0259laq\u0259l\u0259rimizi \u00e7ox sah\u0259l\u0259rd\u0259 inki\u015faf etdirm\u0259kd\u0259 qar\u015f\u0131l\u0131ql\u0131 irad\u0259mizi ayd\u0131n \u015f\u0259kild\u0259 n\u00fcmayi\u015f etdirir. \u018fmin\u0259m ki, haz\u0131rda Bak\u0131da imzalanm\u0131\u015f b\u00fct\u00fcn raz\u0131la\u015fmalar h\u0259yata ke\u00e7iril\u0259c\u0259k v\u0259 m\u00fcnasib\u0259tl\u0259rimizi daha y\u00fcks\u0259k [&hellip;]<\/p>\n","protected":false},"author":2,"featured_media":0,"comment_status":"closed","ping_status":"closed","sticky":false,"template":"","format":"standard","meta":[],"categories":[10],"tags":[],"_links":{"self":[{"href":"https:\/\/yeniterter.az\/index.php?rest_route=\/wp\/v2\/posts\/29053"}],"collection":[{"href":"https:\/\/yeniterter.az\/index.php?rest_route=\/wp\/v2\/posts"}],"about":[{"href":"https:\/\/yeniterter.az\/index.php?rest_route=\/wp\/v2\/types\/post"}],"author":[{"embeddable":true,"href":"https:\/\/yeniterter.az\/index.php?rest_route=\/wp\/v2\/users\/2"}],"replies":[{"embeddable":true,"href":"https:\/\/yeniterter.az\/index.php?rest_route=%2Fwp%2Fv2%2Fcomments&post=29053"}],"version-history":[{"count":2,"href":"https:\/\/yeniterter.az\/index.php?rest_route=\/wp\/v2\/posts\/29053\/revisions"}],"predecessor-version":[{"id":29057,"href":"https:\/\/yeniterter.az\/index.php?rest_route=\/wp\/v2\/posts\/29053\/revisions\/29057"}],"wp:attachment":[{"href":"https:\/\/yeniterter.az\/index.php?rest_route=%2Fwp%2Fv2%2Fmedia&parent=29053"}],"wp:term":[{"taxonomy":"category","embeddable":true,"href":"https:\/\/yeniterter.az\/index.php?rest_route=%2Fwp%2Fv2%2Fcategories&post=29053"},{"taxonomy":"post_tag","embeddable":true,"href":"https:\/\/yeniterter.az\/index.php?rest_route=%2Fwp%2Fv2%2Ftags&post=29053"}],"curies":[{"name":"wp","href":"https:\/\/api.w.org\/{rel}","templated":true}]}}