{"id":2903,"date":"2016-02-24T10:24:18","date_gmt":"2016-02-24T07:24:18","guid":{"rendered":"http:\/\/www.yeniterter.az\/?p=2903"},"modified":"2016-02-24T11:11:28","modified_gmt":"2016-02-24T08:11:28","slug":"ail%c9%99-milli-m%c9%99n%c9%99vi-d%c9%99y%c9%99rl%c9%99rimizin-dasiyicisidir","status":"publish","type":"post","link":"https:\/\/yeniterter.az\/?p=2903","title":{"rendered":"Ail\u0259 milli-m\u0259n\u0259vi d\u0259y\u0259rl\u0259rimizin da\u015f\u0131y\u0131c\u0131s\u0131d\u0131r"},"content":{"rendered":"<p><strong>VAL\u0130DEYN M\u018fSUL\u0130YY\u018fT\u0130<\/strong><br \/>\n<a href=\"http:\/\/www.yeniterter.az\/wp-content\/uploads\/usaq-aile.jpg\"><img decoding=\"async\" loading=\"lazy\" class=\" wp-image-2931 alignleft\" src=\"http:\/\/www.yeniterter.az\/wp-content\/uploads\/usaq-aile-300x242.jpg\" alt=\"usaq-aile\" width=\"151\" height=\"122\" srcset=\"https:\/\/yeniterter.az\/wp-content\/uploads\/usaq-aile-300x242.jpg 300w, https:\/\/yeniterter.az\/wp-content\/uploads\/usaq-aile.jpg 335w\" sizes=\"(max-width: 151px) 100vw, 151px\" \/><\/a>Yaz\u0131ya ba\u015flamazdan \u0259vv\u0259l rayon Statistika idar\u0259sin\u0259 z\u0259ng vurdum v\u0259 2015-ci ild\u0259 rayonumuzda nigaha gir\u0259nl\u0259r v\u0259 bo\u015fananlar haqq\u0131nda m\u0259lumat\u0131 \u00f6yr\u0259ndim. Bildirdil\u0259r ki, rayon \u00fczr\u0259 \u00f6t\u0259n il 507 ail\u0259 qurulub, 125-i is\u0259 dag\u0131l\u0131b.<br \/>\nBo\u015fananlar\u0131n hans\u0131 birini dindirs\u0259k, haql\u0131 oldu\u011funu dey\u0259c\u0259k, \u0259slind\u0259 el\u0259 y\u0259qin ki, onlar haql\u0131d\u0131rlar.\u00c7\u00fcnki s\u0259b\u0259bsiz yer\u0259 insan \u00f6z isti ail\u0259 oca\u011f\u0131n\u0131 dag\u0131tmaz. Bu, m\u0259s\u0259l\u0259nin bir t\u0259r\u0259fidir.<br \/>\nM\u0259s\u0259l\u0259nin dig\u0259r t\u0259r\u0259fi daha agr\u0131l\u0131d\u0131r, h\u0259m bo\u015fananlar\u0131n \u00f6zl\u0259rind\u0259n \u00f6tr\u00fc, h\u0259m d\u0259 g\u0259l\u0259c\u0259kd\u0259 c\u0259miyy\u0259t \u00fc\u00e7\u00fcn. Bu m\u0259s\u0259l\u0259 yar\u0131m\u00e7\u0131q ail\u0259l\u0259rd\u0259 b\u00f6y\u00fcy\u0259n u\u015faqlar\u0131n taleyi il\u0259 ba\u011fl\u0131d\u0131r.<br \/>\nOla bilsin ki, h\u0259min u\u015faqlardan b\u0259zil\u0259ri maddi \u00e7\u0259tinlik \u00e7\u0259kmirl\u0259r (bu, \u00e7ox az halda bel\u0259dir), lakin maddiy\u0259td\u0259n ba\u015fqa m\u0259n\u0259vi bo\u015fluqlar da var ki, bunlar\u0131 yaln\u0131z ata v\u0259 anan\u0131n, \u00fcmumiyy\u0259tl\u0259, ail\u0259nin bir yerd\u0259 o\u0131mas\u0131 doldura bil\u0259r. <!--more--><br \/>\nValideynin birinin h\u0259yatdan vaxts\u0131z getm\u0259si d\u0259rddir. Bel\u0259 hallarda u\u015faq d\u0259rk edir ki, bu itkini he\u00e7 n\u0259 il\u0259 geri qaytarmaq m\u00fcmk\u00fcn deyil. Amma , ata, yaxud ana h\u0259yatda ola-ola , bunlar\u0131n birind\u0259n ayr\u0131 ya\u015famaq u\u015faq psixologiyas\u0131na ciddi t\u0259sir g\u00f6st\u0259rir.<br \/>\nB\u0259zi hallarda ail\u0259 bir yerd\u0259dir, lakin bu birlik ail\u0259 d\u0259y\u0259rl\u0259rind\u0259n uzaq oldu\u011fundan, u\u015faqlar\u0131n t\u0259rbiy\u0259sin\u0259 yaln\u0131z m\u0259nfi t\u0259sir g\u00f6st\u0259rir. Rayon polis \u015f\u00f6b\u0259sind\u0259 \u201c\u00e7\u0259tin\u201d u\u015faqlar kimi qeydiyyata g\u00f6t\u00fcr\u00fcl\u0259nl\u0259rin siyah\u0131s\u0131na n\u0259z\u0259r salsaq g\u00f6-r\u0259rik ki, bel\u0259l\u0259ri d\u0259 m\u0259hz m\u0259suliyy\u0259tsiz, valideynlik borcunu d\u0259rk etm\u0259y\u0259n insanlar\u0131n \u00f6vladlar\u0131d\u0131r. Ki\u00e7ik ya\u015flar\u0131ndan cinay\u0259t\u0259 meyilli olan bu u\u015faqlar\u0131 \u0259yri yola aparan s\u0259b\u0259bl\u0259rin \u0259ks\u0259riyy\u0259ti d\u0259 el\u0259 valideynl\u0259rl\u0259 ba\u011fl\u0131d\u0131r.<br \/>\nT\u0259rt\u0259r Rayon Polis \u015e\u00f6b\u0259sind\u0259 yetkinlik ya\u015f\u0131na \u00e7atmayanlarla profilaktiki i\u015fin t\u0259\u015fkili qrupunun ba\u015f inspektoru, polis mayoru Ceyhun \u018fliyevd\u0259n \u00f6yr\u0259ndik ki, haz\u0131rda rayonda 14 u\u015faq bar\u0259sind\u0259 f\u0259rdi profilaktiki i\u015f a\u00e7\u0131lm\u0131\u015fd\u0131r. Bu u\u015faqlar hans\u0131 \u0259m\u0259ll\u0259ri t\u00f6r\u0259dibl\u0259r?<br \/>\nOnlar\u0131n aras\u0131nda i\u00e7kili v\u0259ziyy\u0259td\u0259 avtomobil idar\u0259 ed\u0259n, qon\u015fu il\u0259 dala\u015fan, h\u0259tta valideynini d\u00f6y\u0259n d\u0259 var. G\u0259l\u0259c\u0259kd\u0259 bu u\u015faqlar\u0131n islah olunaca\u011f\u0131na inanaraq, onlar\u0131n adlar\u0131n\u0131 \u00e7\u0259kmirik.<br \/>\nAncaq bir daha xat\u0131rlatmaq ist\u0259yirik ki, \u0259g\u0259r ki\u00e7ik ya\u015flar\u0131ndan \u00f6vlad ail\u0259d\u0259 milli-m\u0259n\u0259vi d\u0259y\u0259rl\u0259rimiz\u0259 h\u00f6rm\u0259t ruhunda t\u0259rbiy\u0259 alarsa, o, he\u00e7 zaman bel\u0259 xo\u015fag\u0259lm\u0259z h\u0259r\u0259k\u0259tl\u0259r\u0259 yol verm\u0259z.<br \/>\nMilli-m\u0259n\u0259vi d\u0259y\u0259rl\u0259rimiz s\u00f6zd\u0259 yox, \u0259m\u0259ld\u0259 qorunmal\u0131d\u0131r. H\u0259r bir ail\u0259 bu d\u0259y\u0259rl\u0259rin da\u015f\u0131y\u0131c\u0131s\u0131 olmaqla, c\u0259miyy\u0259timiz \u00fc\u00e7\u00fcn layiqli, xeyirli v\u0259t\u0259nda\u015flar t\u0259rbiy\u0259 etm\u0259lidir.<\/p>\n<p style=\"text-align: right;\"><em><strong>Svetlana Ba\u011f\u0131rova<\/strong> <\/em><\/p>\n","protected":false},"excerpt":{"rendered":"<p>VAL\u0130DEYN M\u018fSUL\u0130YY\u018fT\u0130 Yaz\u0131ya ba\u015flamazdan \u0259vv\u0259l rayon Statistika idar\u0259sin\u0259 z\u0259ng vurdum v\u0259 2015-ci ild\u0259 rayonumuzda nigaha gir\u0259nl\u0259r v\u0259 bo\u015fananlar haqq\u0131nda m\u0259lumat\u0131 \u00f6yr\u0259ndim. Bildirdil\u0259r ki, rayon \u00fczr\u0259 \u00f6t\u0259n il 507 ail\u0259 qurulub, 125-i is\u0259 dag\u0131l\u0131b. Bo\u015fananlar\u0131n hans\u0131 birini dindirs\u0259k, haql\u0131 oldu\u011funu dey\u0259c\u0259k, \u0259slind\u0259 el\u0259 y\u0259qin ki, onlar haql\u0131d\u0131rlar.\u00c7\u00fcnki s\u0259b\u0259bsiz yer\u0259 insan \u00f6z isti ail\u0259 oca\u011f\u0131n\u0131 dag\u0131tmaz. Bu, [&hellip;]<\/p>\n","protected":false},"author":2,"featured_media":0,"comment_status":"closed","ping_status":"closed","sticky":false,"template":"","format":"standard","meta":[],"categories":[30],"tags":[32],"_links":{"self":[{"href":"https:\/\/yeniterter.az\/index.php?rest_route=\/wp\/v2\/posts\/2903"}],"collection":[{"href":"https:\/\/yeniterter.az\/index.php?rest_route=\/wp\/v2\/posts"}],"about":[{"href":"https:\/\/yeniterter.az\/index.php?rest_route=\/wp\/v2\/types\/post"}],"author":[{"embeddable":true,"href":"https:\/\/yeniterter.az\/index.php?rest_route=\/wp\/v2\/users\/2"}],"replies":[{"embeddable":true,"href":"https:\/\/yeniterter.az\/index.php?rest_route=%2Fwp%2Fv2%2Fcomments&post=2903"}],"version-history":[{"count":0,"href":"https:\/\/yeniterter.az\/index.php?rest_route=\/wp\/v2\/posts\/2903\/revisions"}],"wp:attachment":[{"href":"https:\/\/yeniterter.az\/index.php?rest_route=%2Fwp%2Fv2%2Fmedia&parent=2903"}],"wp:term":[{"taxonomy":"category","embeddable":true,"href":"https:\/\/yeniterter.az\/index.php?rest_route=%2Fwp%2Fv2%2Fcategories&post=2903"},{"taxonomy":"post_tag","embeddable":true,"href":"https:\/\/yeniterter.az\/index.php?rest_route=%2Fwp%2Fv2%2Ftags&post=2903"}],"curies":[{"name":"wp","href":"https:\/\/api.w.org\/{rel}","templated":true}]}}