{"id":29019,"date":"2025-02-07T10:43:05","date_gmt":"2025-02-07T07:43:05","guid":{"rendered":"https:\/\/yeniterter.az\/?p=29019"},"modified":"2025-02-07T10:43:05","modified_gmt":"2025-02-07T07:43:05","slug":"oxucu-m%c9%99ktublari-9","status":"publish","type":"post","link":"https:\/\/yeniterter.az\/?p=29019","title":{"rendered":"OXUCU M\u018fKTUBLARI"},"content":{"rendered":"<p style=\"text-align: center;\"><strong>Xatir\u0259si h\u00f6rm\u0259tl\u0259 an\u0131l\u0131r<\/strong><\/p>\n<p>D\u0259mir\u00e7il\u0259r k\u0259nd tam orta m\u0259kt\u0259bind\u0259 \u015fagirdl\u0259rin t\u0259hsili il\u0259 yana\u015f\u0131, onlar\u0131n v\u0259t\u0259np\u0259rv\u0259rlik t\u0259rbiy\u0259sin\u0259 b\u00f6y\u00fck diqq\u0259t g\u00f6st\u0259rilir. Bu m\u0259qs\u0259dl\u0259 vaxta\u015f\u0131r\u0131 olaraq m\u00fcxt\u0259lif t\u0259dbirl\u0259r ke\u00e7irilir. Bel\u0259 t\u0259dbirl\u0259r zaman\u0131 \u015fagirdl\u0259r \u015fanl\u0131 Z\u0259f\u0259r tariximizl\u0259 tan\u0131\u015f olur, bu tarixi yazan igidl\u0259rin h\u0259yat\u0131n\u0131 v\u0259 d\u00f6y\u00fc\u015f yolunu \u00f6yr\u0259nirl\u0259r.<br \/>\nM\u0259kt\u0259b vaxtil\u0259 burada t\u0259hsil alan I Qaraba\u011f m\u00fcharib\u0259si \u015f\u0259hidi Az\u0259r M\u0259mm\u0259dovun ad\u0131n\u0131 da\u015f\u0131y\u0131r. Az\u0259r M\u0259mm\u0259dov 1992-ci ild\u0259 k\u00f6n\u00fcll\u00fc olaraq torpaqlar\u0131m\u0131z\u0131n i\u015f\u011faldan azad edilm\u0259si u\u011frunda m\u00fcbariz\u0259y\u0259 qat\u0131l\u0131b. Xidm\u0259t etdiyi h\u0259rbi hiss\u0259nin t\u0259rkibind\u0259 A\u011fd\u0259r\u0259 b\u00f6lg\u0259sind\u0259 d\u00f6y\u00fc\u015fl\u0259rd\u0259 i\u015ftirak edib. \u015ei\u015fqaya y\u00fcks\u0259kliyi u\u011frunda ged\u0259n d\u00f6y\u00fc\u015fl\u0259rd\u0259 \u015f\u0259hid olub.<br \/>\nM\u0259kt\u0259bd\u0259 Az\u0259rin xatir\u0259si daim minn\u0259tdarl\u0131q hissi il\u0259 an\u0131l\u0131r, qarda\u015f\u0131 v\u0259 dig\u0259r qohumlar\u0131 ke\u00e7iril\u0259n t\u0259dbirl\u0259r\u0259 d\u0259v\u0259t olunur. Bel\u0259 g\u00f6r\u00fc\u015fl\u0259r m\u0259kt\u0259blil\u0259r\u0259 Az\u0259r M\u0259m-m\u0259dov v\u0259 onun kimi q\u0259hr\u0259manlar haqq\u0131nda daha \u00e7ox bilgi toplama\u011fa k\u00f6m\u0259k edir.<\/p>\n<p style=\"text-align: right;\"><em><strong>Oktay M\u0259mm\u0259dov,<\/strong><\/em><br \/>\n<em><strong>veteran m\u00fc\u0259llim<\/strong><\/em><\/p>\n","protected":false},"excerpt":{"rendered":"<p>Xatir\u0259si h\u00f6rm\u0259tl\u0259 an\u0131l\u0131r D\u0259mir\u00e7il\u0259r k\u0259nd tam orta m\u0259kt\u0259bind\u0259 \u015fagirdl\u0259rin t\u0259hsili il\u0259 yana\u015f\u0131, onlar\u0131n v\u0259t\u0259np\u0259rv\u0259rlik t\u0259rbiy\u0259sin\u0259 b\u00f6y\u00fck diqq\u0259t g\u00f6st\u0259rilir. Bu m\u0259qs\u0259dl\u0259 vaxta\u015f\u0131r\u0131 olaraq m\u00fcxt\u0259lif t\u0259dbirl\u0259r ke\u00e7irilir. Bel\u0259 t\u0259dbirl\u0259r zaman\u0131 \u015fagirdl\u0259r \u015fanl\u0131 Z\u0259f\u0259r tariximizl\u0259 tan\u0131\u015f olur, bu tarixi yazan igidl\u0259rin h\u0259yat\u0131n\u0131 v\u0259 d\u00f6y\u00fc\u015f yolunu \u00f6yr\u0259nirl\u0259r. M\u0259kt\u0259b vaxtil\u0259 burada t\u0259hsil alan I Qaraba\u011f m\u00fcharib\u0259si \u015f\u0259hidi Az\u0259r M\u0259mm\u0259dovun ad\u0131n\u0131 [&hellip;]<\/p>\n","protected":false},"author":2,"featured_media":0,"comment_status":"closed","ping_status":"closed","sticky":false,"template":"","format":"standard","meta":[],"categories":[10],"tags":[],"_links":{"self":[{"href":"https:\/\/yeniterter.az\/index.php?rest_route=\/wp\/v2\/posts\/29019"}],"collection":[{"href":"https:\/\/yeniterter.az\/index.php?rest_route=\/wp\/v2\/posts"}],"about":[{"href":"https:\/\/yeniterter.az\/index.php?rest_route=\/wp\/v2\/types\/post"}],"author":[{"embeddable":true,"href":"https:\/\/yeniterter.az\/index.php?rest_route=\/wp\/v2\/users\/2"}],"replies":[{"embeddable":true,"href":"https:\/\/yeniterter.az\/index.php?rest_route=%2Fwp%2Fv2%2Fcomments&post=29019"}],"version-history":[{"count":1,"href":"https:\/\/yeniterter.az\/index.php?rest_route=\/wp\/v2\/posts\/29019\/revisions"}],"predecessor-version":[{"id":29020,"href":"https:\/\/yeniterter.az\/index.php?rest_route=\/wp\/v2\/posts\/29019\/revisions\/29020"}],"wp:attachment":[{"href":"https:\/\/yeniterter.az\/index.php?rest_route=%2Fwp%2Fv2%2Fmedia&parent=29019"}],"wp:term":[{"taxonomy":"category","embeddable":true,"href":"https:\/\/yeniterter.az\/index.php?rest_route=%2Fwp%2Fv2%2Fcategories&post=29019"},{"taxonomy":"post_tag","embeddable":true,"href":"https:\/\/yeniterter.az\/index.php?rest_route=%2Fwp%2Fv2%2Ftags&post=29019"}],"curies":[{"name":"wp","href":"https:\/\/api.w.org\/{rel}","templated":true}]}}