{"id":28984,"date":"2025-01-31T10:09:28","date_gmt":"2025-01-31T07:09:28","guid":{"rendered":"https:\/\/yeniterter.az\/?p=28984"},"modified":"2025-01-31T10:12:07","modified_gmt":"2025-01-31T07:12:07","slug":"burada-yeni-n%c9%99sil-idmancilar-yetisir","status":"publish","type":"post","link":"https:\/\/yeniterter.az\/?p=28984","title":{"rendered":"BURADA YEN\u0130 N\u018fS\u0130L \u0130DMAN\u00c7ILAR YET\u0130\u015e\u0130R"},"content":{"rendered":"<p style=\"text-align: left;\"><strong>\u201cOlimpiya Kompleksinin T\u0259rt\u0259rd\u0259 a\u00e7\u0131lmas\u0131 b\u00f6y\u00fck m\u0259na da\u015f\u0131y\u0131r. Burada \u00f6z g\u00fcc\u00fcn\u00fc art\u0131ran g\u0259ncl\u0259r \u00f6lk\u0259mizin u\u011furlu inki\u015faf\u0131na t\u00f6hf\u0259l\u0259r ver\u0259c\u0259kl\u0259r. M\u0259n buna \u0259min\u0259m.\u201d <\/strong><\/p>\n<p style=\"text-align: right;\"><em><strong>\u0130lham \u018fliyev,<\/strong><\/em><br \/>\n<em><strong>Az\u0259rbaycan Respublikas\u0131n\u0131n Prezidenti<\/strong><\/em><\/p>\n<p><em><strong><img decoding=\"async\" loading=\"lazy\" class=\" wp-image-28985 alignleft\" src=\"https:\/\/yeniterter.az\/wp-content\/uploads\/5i1s3xsojp_02-300x205.jpg\" alt=\"\" width=\"269\" height=\"184\" srcset=\"https:\/\/yeniterter.az\/wp-content\/uploads\/5i1s3xsojp_02-300x205.jpg 300w, https:\/\/yeniterter.az\/wp-content\/uploads\/5i1s3xsojp_02-1024x701.jpg 1024w, https:\/\/yeniterter.az\/wp-content\/uploads\/5i1s3xsojp_02-768x526.jpg 768w, https:\/\/yeniterter.az\/wp-content\/uploads\/5i1s3xsojp_02-1536x1052.jpg 1536w, https:\/\/yeniterter.az\/wp-content\/uploads\/5i1s3xsojp_02.jpg 1887w\" sizes=\"(max-width: 269px) 100vw, 269px\" \/><img decoding=\"async\" loading=\"lazy\" class=\" wp-image-28988 alignleft\" src=\"https:\/\/yeniterter.az\/wp-content\/uploads\/5279a30d-5e57-4964-a4f9-2ff17cdae3e4-300x200.jpg\" alt=\"\" width=\"278\" height=\"185\" srcset=\"https:\/\/yeniterter.az\/wp-content\/uploads\/5279a30d-5e57-4964-a4f9-2ff17cdae3e4-300x200.jpg 300w, https:\/\/yeniterter.az\/wp-content\/uploads\/5279a30d-5e57-4964-a4f9-2ff17cdae3e4-1024x682.jpg 1024w, https:\/\/yeniterter.az\/wp-content\/uploads\/5279a30d-5e57-4964-a4f9-2ff17cdae3e4-768x512.jpg 768w, https:\/\/yeniterter.az\/wp-content\/uploads\/5279a30d-5e57-4964-a4f9-2ff17cdae3e4-1536x1023.jpg 1536w, https:\/\/yeniterter.az\/wp-content\/uploads\/5279a30d-5e57-4964-a4f9-2ff17cdae3e4.jpg 1600w\" sizes=\"(max-width: 278px) 100vw, 278px\" \/>Rayonumuzda Olimpiya \u0130dman Kompleksinin tikintisi Prezident \u0130lham \u018fliyevin F\u0259rman\u0131 il\u0259 t\u0259sdiq edilmi\u015f \u201cAz\u0259rbaycan Respublikas\u0131 regionlar\u0131n\u0131n sosial-iqtisadi inki\u015faf\u0131 D\u00f6vl\u0259t Proqram\u0131\u201dna \u0259sas\u0259n apar\u0131l\u0131b. 3 iyun 2020-ci il tarixind\u0259 kompleksin a\u00e7\u0131l\u0131\u015f\u0131nda i\u015ftirak ed\u0259n d\u00f6vl\u0259t ba\u015f\u00e7\u0131s\u0131 burada g\u00f6r\u00fcl\u0259n i\u015fl\u0259rl\u0259 tan\u0131\u015f olub v\u0259 qeyd edib ki, \u201cindi T\u0259rt\u0259rd\u0259 d\u0259 idmanla m\u0259\u015f\u011ful olmaq \u00fc\u00e7\u00fcn \u00e7ox g\u00f6z\u0259l imkanlar olacaq\u201d.<\/strong><\/em><\/p>\n<p><em><strong>Haz\u0131rda T\u0259rt\u0259r Olimpiya \u0130dman Kompleksind\u0259 v\u0259ziyy\u0259t nec\u0259dir? Bu sualla Kompleksin m\u00fcdiri Emin Dada\u015fova m\u00fcraci\u0259t etdik O dedi:<\/strong><\/em><br \/>\n\u2013\u018flb\u0259tt\u0259, rayonumuzda bel\u0259 bir m\u00fcasir \u0130dman Kompleksinin a\u00e7\u0131lmas\u0131 q\u0259hr\u0259man T\u0259rt\u0259rin tarixind\u0259 m\u00fch\u00fcm hadis\u0259 oldu v\u0259 b\u00fct\u00fcn rayon sakinl\u0259rini sevindirdi. Ona g\u00f6r\u0259 ki, fiziki g\u00fcc h\u0259m d\u0259 m\u0259n\u0259vi safl\u0131q dem\u0259kdir. G\u0259ncl\u0259rimizin idman\u0131n m\u00fcxt\u0259lif n\u00f6vl\u0259ri il\u0259 m\u0259\u015f\u011ful olmas\u0131n\u0131n v\u0259t\u0259np\u0259rv\u0259r g\u0259ncliyin yeti\u015fm\u0259sind\u0259 b\u00f6y\u00fck rolu var. Hesab edir\u0259m ki, 44 g\u00fcnl\u00fck V\u0259t\u0259n m\u00fcharib\u0259sind\u0259 qazand\u0131\u011f\u0131m\u0131z m\u00f6ht\u0259\u015f\u0259m Q\u0259l\u0259b\u0259 g\u0259ncl\u0259rimizin idmana olan mara\u011f\u0131n\u0131 daha da art\u0131r\u0131b. \u0130dman meydan\u00e7alar\u0131nda qalib xalq\u0131n n\u00fcmay\u0259nd\u0259si kimi \u00e7\u0131x\u0131\u015f etm\u0259k olduqca q\u00fcrurvericidir. M\u0259hz buna g\u00f6r\u0259 d\u0259 son ill\u0259rd\u0259 idman\u00e7\u0131lar\u0131m\u0131z\u0131n nailiyy\u0259tl\u0259ri xeyli art\u0131b.<br \/>\n\u2013Haz\u0131rda Kompleksd\u0259 idman\u0131n \u0259n\u0259n\u0259vi n\u00f6vl\u0259ri il\u0259 yana\u015f\u0131, rayonumuz \u00fc\u00e7\u00fcn yeni olan idman b\u00f6lm\u0259l\u0259ri f\u0259aliyy\u0259t g\u00f6st\u0259rir. Bu bar\u0259d\u0259 n\u0259 dey\u0259 bil\u0259rsiniz?<br \/>\n<img decoding=\"async\" loading=\"lazy\" class=\" wp-image-28989 alignleft\" src=\"https:\/\/yeniterter.az\/wp-content\/uploads\/207a1245-d9e3-4522-97b8-7c189961219f-300x225.jpg\" alt=\"\" width=\"192\" height=\"144\" srcset=\"https:\/\/yeniterter.az\/wp-content\/uploads\/207a1245-d9e3-4522-97b8-7c189961219f-300x225.jpg 300w, https:\/\/yeniterter.az\/wp-content\/uploads\/207a1245-d9e3-4522-97b8-7c189961219f-1024x768.jpg 1024w, https:\/\/yeniterter.az\/wp-content\/uploads\/207a1245-d9e3-4522-97b8-7c189961219f-768x576.jpg 768w, https:\/\/yeniterter.az\/wp-content\/uploads\/207a1245-d9e3-4522-97b8-7c189961219f-1536x1152.jpg 1536w, https:\/\/yeniterter.az\/wp-content\/uploads\/207a1245-d9e3-4522-97b8-7c189961219f.jpg 1600w\" sizes=\"(max-width: 192px) 100vw, 192px\" \/><img decoding=\"async\" loading=\"lazy\" class=\" wp-image-28990 alignleft\" src=\"https:\/\/yeniterter.az\/wp-content\/uploads\/8f103248-7ff6-4da8-859d-2626b3e275b3-300x225.jpg\" alt=\"\" width=\"192\" height=\"144\" srcset=\"https:\/\/yeniterter.az\/wp-content\/uploads\/8f103248-7ff6-4da8-859d-2626b3e275b3-300x225.jpg 300w, https:\/\/yeniterter.az\/wp-content\/uploads\/8f103248-7ff6-4da8-859d-2626b3e275b3-1024x768.jpg 1024w, https:\/\/yeniterter.az\/wp-content\/uploads\/8f103248-7ff6-4da8-859d-2626b3e275b3-768x576.jpg 768w, https:\/\/yeniterter.az\/wp-content\/uploads\/8f103248-7ff6-4da8-859d-2626b3e275b3-1536x1153.jpg 1536w, https:\/\/yeniterter.az\/wp-content\/uploads\/8f103248-7ff6-4da8-859d-2626b3e275b3.jpg 1599w\" sizes=\"(max-width: 192px) 100vw, 192px\" \/><img decoding=\"async\" loading=\"lazy\" class=\"wp-image-28987 alignleft\" src=\"https:\/\/yeniterter.az\/wp-content\/uploads\/dc7de0e9-8793-4465-a560-eab286aeaf10-225x300.jpg\" alt=\"\" width=\"108\" height=\"144\" srcset=\"https:\/\/yeniterter.az\/wp-content\/uploads\/dc7de0e9-8793-4465-a560-eab286aeaf10-225x300.jpg 225w, https:\/\/yeniterter.az\/wp-content\/uploads\/dc7de0e9-8793-4465-a560-eab286aeaf10-768x1024.jpg 768w, https:\/\/yeniterter.az\/wp-content\/uploads\/dc7de0e9-8793-4465-a560-eab286aeaf10.jpg 867w\" sizes=\"(max-width: 108px) 100vw, 108px\" \/>\u2013\u018fvv\u0259lc\u0259 qeyd edim ki, karate, futbol, kikboksinq v\u0259 s\u0259rb\u0259st g\u00fcl\u0259\u015f t\u0259rt\u0259rlil\u0259rin \u0259n \u00e7ox maraq g\u00f6st\u0259rdikl\u0259ri idman n\u00f6vl\u0259ridir. \u00dcmumiyy\u0259tl\u0259, Qaraba\u011fda g\u00fcl\u0259\u015f h\u0259mi\u015f\u0259 sevilib v\u0259 geni\u015f yay\u0131l\u0131b. T\u0259rt\u0259rd\u0259 d\u0259 g\u00fcl\u0259\u015f \u00fczr\u0259 g\u00f6z\u0259l m\u0259\u015fq\u00e7i m\u00fc\u0259lliml\u0259rimiz olub v\u0259 onlar bu n\u00f6v idman\u0131 u\u015faq v\u0259 yeniyetm\u0259l\u0259r\u0259 sevdiribl\u0259r. SSR\u0130 idman ustas\u0131 Sabir Zeynalovun v\u0259 ba\u015fqalar\u0131n\u0131n adlar\u0131n\u0131 \u00e7\u0259k\u0259 bil\u0259r\u0259m.<br \/>\n\u018fn\u0259n\u0259vi idman n\u00f6vl\u0259ril\u0259 yana\u015f\u0131, son ill\u0259r, y\u0259ni Kompleksimiz f\u0259aliyy\u0259t\u0259 ba\u015flayandan sonra burada idman\u0131n \u00fczg\u00fc\u00e7\u00fcl\u00fck, gimnastika, idman r\u0259qsl\u0259ri kimi yeni n\u00f6vl\u0259ri \u00fczr\u0259 b\u00f6lm\u0259l\u0259ri f\u0259aliyy\u0259t\u0259 ba\u015flay\u0131b. N\u0259tic\u0259l\u0259r g\u00f6zl\u0259nil\u0259nd\u0259n d\u0259 sevindiricidir. X\u00fcsus\u0259n t\u0259rt\u0259rlil\u0259r aras\u0131nda \u00fczg\u00fc\u00e7\u00fcl\u00fcy\u0259 maraq b\u00f6y\u00fckd\u00fcr. Bu b\u00f6lm\u0259d\u0259 h\u0259m u\u015faqlar m\u0259\u015f\u011ful olurlar, h\u0259m d\u0259 h\u0259kim t\u0259yinat\u0131 il\u0259 g\u00f6nd\u0259ril\u0259n m\u00fcxt\u0259lif v\u0259t\u0259nda\u015flar xidm\u0259timizd\u0259n istifad\u0259 edirl\u0259r. X\u00fcsus\u0259n yay aylar\u0131nda \u00fczg\u00fc\u00e7\u00fcl\u00fcy\u0259 maraq b\u00f6y\u00fck olur. Hovuzlarda gigiyenik qaydalar\u0131n g\u00f6zl\u0259nilm\u0259sini, u\u015faqlara v\u0259 b\u00f6y\u00fckl\u0259r\u0259 daimi n\u0259zar\u0259t olunmas\u0131n\u0131 diqq\u0259t m\u0259rk\u0259zind\u0259 saxlay\u0131r\u0131q.<br \/>\nU\u015faqlara v\u0259 yeniyetm\u0259l\u0259r\u0259 fiziki v\u0259 m\u0259n\u0259vi c\u0259h\u0259td\u0259n b\u00f6y\u00fck t\u0259sir g\u00f6st\u0259r\u0259n idman n\u00f6v\u00fcn\u00fcn biri d\u0259 gimnastikad\u0131r. Kompleksimizd\u0259 \u201cGimnastika ham\u0131 \u00fc\u00e7\u00fcn\u201d b\u00f6lm\u0259si f\u0259aliyy\u0259t g\u00f6st\u0259rir. Q\u00fcrurverici hald\u0131r ki, \u00f6t\u0259n il T\u0259rt\u0259rin tarixind\u0259 ilk d\u0259f\u0259 olaraq gimnastika \u00fczr\u0259 respublika birinciliyi m\u0259hz bi-zim kompleksd\u0259 ke\u00e7irildi. Bu hadis\u0259 rayonumuzda b\u00f6y\u00fck maraq do\u011furdu v\u0259 u\u015faqlar\u0131n v\u0259 el\u0259c\u0259 d\u0259 b\u00f6y\u00fckl\u0259rin gimnastikaya olan m\u00fcnasib\u0259tini k\u00f6k\u00fcnd\u0259n d\u0259yi\u015fdi. D\u00fczd\u00fcr, bizim yetirm\u0259l\u0259r birba\u015fa \u00e7empionata qat\u0131lmad\u0131lar, ancaq onlar da \u00f6z bacar\u0131qlar\u0131n\u0131 n\u00fcmayi\u015f etdirdil\u0259r ki, bu da gimnastikan\u0131n rayonumuzda g\u0259l\u0259c\u0259k inki\u015faf\u0131na stimul verdi.<br \/>\n\u0130dman r\u0259qsl\u0259ri b\u00f6lm\u0259si d\u0259 yenidir v\u0259 u\u015faqlar\u0131m\u0131z t\u0259r\u0259find\u0259n \u00e7ox sevilir.<br \/>\n<img decoding=\"async\" loading=\"lazy\" class=\" wp-image-28986 alignright\" src=\"https:\/\/yeniterter.az\/wp-content\/uploads\/58-1-300x145.jpg\" alt=\"\" width=\"244\" height=\"118\" srcset=\"https:\/\/yeniterter.az\/wp-content\/uploads\/58-1-300x145.jpg 300w, https:\/\/yeniterter.az\/wp-content\/uploads\/58-1-768x372.jpg 768w, https:\/\/yeniterter.az\/wp-content\/uploads\/58-1.jpg 860w\" sizes=\"(max-width: 244px) 100vw, 244px\" \/>\u2013Emin m\u00fc\u0259llim, 2024-c\u00fc ilin yekunlar\u0131 il\u0259 ba\u011fl\u0131 n\u0259 dey\u0259 bil\u0259rsiniz?<br \/>\n\u2013U\u011furlar\u0131m\u0131z \u00e7oxdur v\u0259 bunlar\u0131 sadalamaqla qurtaran deyil. Qeyd etm\u0259k ist\u0259yir\u0259m ki, \u00f6t\u0259n il \u015eamxal R\u0259fizad\u0259nin r\u0259hb\u0259rliyi il\u0259 yarad\u0131lm\u0131\u015f Az\u0259rbaycan\u0131n Milli Q\u0259hr\u0259man\u0131 El-man H\u00fcseynov ad\u0131na \u201cD\u0259mir Yumruq\u201d \u0130dman Klubu ili \u0259la n\u0259tic\u0259l\u0259rl\u0259 ba\u015fa vurub v\u0259 region \u00fczr\u0259 \u201c\u018fn yax\u015f\u0131 klub\u201d ad\u0131na layiq g\u00f6r\u00fcl\u00fcb. Ayr\u0131-ayr\u0131 yar\u0131\u015flarda 30-a yax\u0131n idman\u00e7\u0131m\u0131z kikboksinq idman n\u00f6v\u00fc \u00fczr\u0259 n\u00fcmun\u0259vi \u00e7\u0131x\u0131\u015flar\u0131na g\u00f6r\u0259 q\u0131z\u0131l medalla t\u0259ltif edilib.<br \/>\nS\u0259rb\u0259st g\u00fcl\u0259\u015f \u00fczr\u0259 m\u0259\u015fqci Nicat H\u0259s\u0259novun r\u0259hb\u0259rliyi il\u0259 t\u0259rt\u0259rli u\u015faqlar b\u00f6lg\u0259 v\u0259 respublika yar\u0131\u015flar\u0131nda \u00fcmumilikd\u0259 31 medala layiq g\u00f6r\u00fcl\u00fcbl\u0259r, bunlardan 11 q\u0131z\u0131l, 12 g\u00fcm\u00fc\u015f, 8 b\u00fcr\u00fcnc medald\u0131r.<br \/>\nM\u0259\u015fq\u00e7il\u0259r aras\u0131nda Ruhi H\u00fcseynovun ad\u0131n\u0131 x\u00fcsusil\u0259 qeyd etm\u0259k ist\u0259yir\u0259m. Bel\u0259 ki, onun yetirm\u0259l\u0259rind\u0259n Q\u0259dir B\u0259rxudarl\u0131 Savat \u00fczr\u0259 birincilikd\u0259 v\u0259 Kunq-Fu \u00fczr\u0259 Az\u0259rbaycan birinciliyind\u0259 1-ci yerin sahibi olub. Davud V\u0259lib\u0259ylinin, \u0130brahim H\u0259s\u0259nzad\u0259nin, \u0130sabal\u0131 M\u0259mm\u0259dzad\u0259nin, M\u0259h\u0259mm\u0259d Mahmudovun, R\u00f6yal H\u0259s\u0259nlinin adlar\u0131n\u0131 da f\u0259xrl\u0259 \u00e7\u0259km\u0259k ist\u0259yir\u0259m. Onlar bir qayda olaraq yar\u0131\u015flarda \u0259n y\u00fcks\u0259k n\u0259tic\u0259l\u0259r \u0259ld\u0259 ed\u0259r\u0259k q\u0259hr\u0259man T\u0259rt\u0259rin ad\u0131n\u0131 y\u00fcks\u0259kl\u0259r\u0259 qald\u0131r\u0131rlar. G\u0259nc idman\u00e7\u0131lar\u0131m\u0131z\u0131n q\u0259l\u0259b\u0259d\u0259n-q\u0259l\u0259b\u0259y\u0259 inamla ad-d\u0131mlamas\u0131nda T\u0259rt\u0259r Rayon \u0130cra Hakimiyy\u0259tinin ba\u015f\u00e7\u0131s\u0131 M\u00fcst\u0259qim M\u0259mm\u0259dovun x\u00fcsusi d\u0259st\u0259yi qeyd olunmal\u0131d\u0131r. Rayon r\u0259hb\u0259ri daimi olaraq yar\u0131\u015flardan qay\u0131dan idman\u00e7\u0131lar\u0131m\u0131z\u0131 q\u0259bul edir, onlarla s\u00f6hb\u0259tl\u0259r apar\u0131r, h\u0259diyy\u0259 v\u0259 t\u0259\u015f\u0259kk\u00fcrnam\u0259l\u0259r t\u0259qdim edir. Bu is\u0259 u\u015faqlarda ruh y\u00fcks\u0259kliyi yarad\u0131r, \u00f6zl\u0259rin\u0259 inam hissini art\u0131r\u0131r.<!--more--><br \/>\n\u0130dman\u0131n futbol n\u00f6v\u00fc d\u0259 rayonumuzda inki\u015faf etm\u0259kd\u0259dir. Bel\u0259 ki, ba\u015f m\u0259\u015fqci Elfariz \u0130sa-yevin v\u0259 m\u0259\u015fq\u00e7i Taleh H\u00fcseynzad\u0259nin yaratd\u0131\u011f\u0131 futbol komandas\u0131n\u0131n \u00fczvl\u0259ri haz\u0131rda ba\u015fqa klublarda da y\u00fcks\u0259k s\u0259viyy\u0259d\u0259 oyun n\u00fcmayi\u015f etdirirl\u0259r. T\u0259rt\u0259r futbol komandas\u0131 is\u0259 ilk d\u0259f\u0259 olaraq region liqas\u0131na \u00e7\u0131x\u0131b.<br \/>\nSonda 2024-c\u00fc ild\u0259 bizim Kompleksd\u0259 ke\u00e7iril\u0259n bir ne\u00e7\u0259 idman yar\u0131\u015f\u0131n\u0131n ad\u0131n\u0131 \u00e7\u0259km\u0259k ist\u0259yir\u0259m. Bunlar 27-29 fevral tarixind\u0259 ke\u00e7iril\u0259n kikboksinq yar\u0131\u015f\u0131, \u015eahinl\u0259r h\u0259rbi idman oyunu (24 aprel), Az\u0259rbaycan Gimnastika Federasiyas\u0131n\u0131n \u00e7empionat\u0131 (25-29 iyun), \u201cPoliqon\u201d g\u0259ncl\u0259rin h\u0259rbi-v\u0259t\u0259np\u0259rv\u0259rlik d\u00fc\u015f\u0259rg\u0259si \u2013ADU (4-6 oktyabr), \u201cPoliqon\u201d g\u0259ncl\u0259rin h\u0259rbi-v\u0259t\u0259np\u0259rv\u0259rlik d\u00fc\u015f\u0259rg\u0259si MDU (11-13 oktyabr), \u201c\u00dczg\u00fc\u00e7\u00fcl\u00fck ham\u0131 \u00fc\u00e7\u00fcn layih\u0259si\u201d (1 dekabr), \u201c\u00dczm\u0259yi \u00f6yr\u0259n\u0259k!\u201d \u00fczg\u00fc\u00e7\u00fcl\u00fck layih\u0259si (\u015f\u0259h\u0259r 5 sayl\u0131 tam orta m\u0259kt\u0259bin I-V sinif \u015fagirdl\u0259ri aras\u0131nda) v\u0259 ba\u015fqalar\u0131. Bu c\u00fcr layih\u0259l\u0259r y\u00fczl\u0259rl\u0259 \u015fagird v\u0259 t\u0259l\u0259b\u0259y\u0259 idman\u0131 sevdirib.<br \/>\n\u2013Emin m\u00fc\u0259llim, sirr deyil ki, b\u00fct\u00fcn s\u0259yl\u0259r\u0259 baxmayaraq, h\u0259l\u0259 d\u0259 rayonumuzda b\u0259zi g\u0259ncl\u0259ri pis v\u0259rdi\u015fl\u0259rd\u0259n uzaqla\u015fd\u0131ra bilm\u0259mi\u015fik. Ancaq bunun \u0259n yax\u015f\u0131 yolu u\u015faqlar\u0131n, yeniyetm\u0259l\u0259rin v\u0259 g\u0259ncl\u0259rin asud\u0259 vaxt\u0131n\u0131n s\u0259m\u0259r\u0259li t\u0259\u015fkilidir. Bu bax\u0131mdan T\u0259rt\u0259r Olimpiya \u0130dman Kompleksinin v\u0259 b\u00fct\u00f6vl\u00fckd\u0259 sizin kollektivin \u00fcz\u0259rin\u0259 b\u00f6y\u00fck v\u0259zif\u0259l\u0259r d\u00fc\u015f\u00fcr. Bu i\u015fd\u0259 Siz\u0259 u\u011furlar arzulay\u0131r\u0131q!<br \/>\n\u2013\u00c7ox sa\u011folun.<\/p>\n<p style=\"text-align: right;\"><em><strong>M\u00fcsahib\u0259ni apard\u0131:<\/strong><\/em><br \/>\n<em><strong>Svetlana BA\u011eIROVA<\/strong><\/em><\/p>\n","protected":false},"excerpt":{"rendered":"<p>\u201cOlimpiya Kompleksinin T\u0259rt\u0259rd\u0259 a\u00e7\u0131lmas\u0131 b\u00f6y\u00fck m\u0259na da\u015f\u0131y\u0131r. Burada \u00f6z g\u00fcc\u00fcn\u00fc art\u0131ran g\u0259ncl\u0259r \u00f6lk\u0259mizin u\u011furlu inki\u015faf\u0131na t\u00f6hf\u0259l\u0259r ver\u0259c\u0259kl\u0259r. M\u0259n buna \u0259min\u0259m.\u201d \u0130lham \u018fliyev, Az\u0259rbaycan Respublikas\u0131n\u0131n Prezidenti Rayonumuzda Olimpiya \u0130dman Kompleksinin tikintisi Prezident \u0130lham \u018fliyevin F\u0259rman\u0131 il\u0259 t\u0259sdiq edilmi\u015f \u201cAz\u0259rbaycan Respublikas\u0131 regionlar\u0131n\u0131n sosial-iqtisadi inki\u015faf\u0131 D\u00f6vl\u0259t Proqram\u0131\u201dna \u0259sas\u0259n apar\u0131l\u0131b. 3 iyun 2020-ci il tarixind\u0259 kompleksin a\u00e7\u0131l\u0131\u015f\u0131nda i\u015ftirak ed\u0259n [&hellip;]<\/p>\n","protected":false},"author":2,"featured_media":0,"comment_status":"closed","ping_status":"closed","sticky":false,"template":"","format":"standard","meta":[],"categories":[7],"tags":[],"_links":{"self":[{"href":"https:\/\/yeniterter.az\/index.php?rest_route=\/wp\/v2\/posts\/28984"}],"collection":[{"href":"https:\/\/yeniterter.az\/index.php?rest_route=\/wp\/v2\/posts"}],"about":[{"href":"https:\/\/yeniterter.az\/index.php?rest_route=\/wp\/v2\/types\/post"}],"author":[{"embeddable":true,"href":"https:\/\/yeniterter.az\/index.php?rest_route=\/wp\/v2\/users\/2"}],"replies":[{"embeddable":true,"href":"https:\/\/yeniterter.az\/index.php?rest_route=%2Fwp%2Fv2%2Fcomments&post=28984"}],"version-history":[{"count":3,"href":"https:\/\/yeniterter.az\/index.php?rest_route=\/wp\/v2\/posts\/28984\/revisions"}],"predecessor-version":[{"id":28993,"href":"https:\/\/yeniterter.az\/index.php?rest_route=\/wp\/v2\/posts\/28984\/revisions\/28993"}],"wp:attachment":[{"href":"https:\/\/yeniterter.az\/index.php?rest_route=%2Fwp%2Fv2%2Fmedia&parent=28984"}],"wp:term":[{"taxonomy":"category","embeddable":true,"href":"https:\/\/yeniterter.az\/index.php?rest_route=%2Fwp%2Fv2%2Fcategories&post=28984"},{"taxonomy":"post_tag","embeddable":true,"href":"https:\/\/yeniterter.az\/index.php?rest_route=%2Fwp%2Fv2%2Ftags&post=28984"}],"curies":[{"name":"wp","href":"https:\/\/api.w.org\/{rel}","templated":true}]}}