{"id":28634,"date":"2024-11-27T10:26:13","date_gmt":"2024-11-27T07:26:13","guid":{"rendered":"https:\/\/yeniterter.az\/?p=28634"},"modified":"2024-11-27T10:26:13","modified_gmt":"2024-11-27T07:26:13","slug":"yasil-dunya-namin%c9%99-mubariz%c9%99y%c9%99-butun-dunya-qosulub","status":"publish","type":"post","link":"https:\/\/yeniterter.az\/?p=28634","title":{"rendered":"&#8220;Ya\u015f\u0131l d\u00fcnya namin\u0259\u201d m\u00fcbariz\u0259y\u0259 b\u00fct\u00fcn d\u00fcnya qo\u015fulub"},"content":{"rendered":"<p style=\"text-align: center;\"><strong>\u0130cra ba\u015f\u00e7\u0131s\u0131 COP29 \u00e7\u0259r\u00e7iv\u0259sind\u0259 ke\u00e7iril\u0259n t\u0259dbird\u0259 i\u015ftirak edib<\/strong><\/p>\n<p><img decoding=\"async\" loading=\"lazy\" class=\" wp-image-28635 alignleft\" src=\"https:\/\/yeniterter.az\/wp-content\/uploads\/c4810f1b3f12ce45e47807d9a2d6158c-300x225.jpg\" alt=\"\" width=\"215\" height=\"161\" srcset=\"https:\/\/yeniterter.az\/wp-content\/uploads\/c4810f1b3f12ce45e47807d9a2d6158c-300x225.jpg 300w, https:\/\/yeniterter.az\/wp-content\/uploads\/c4810f1b3f12ce45e47807d9a2d6158c-1024x768.jpg 1024w, https:\/\/yeniterter.az\/wp-content\/uploads\/c4810f1b3f12ce45e47807d9a2d6158c-768x576.jpg 768w, https:\/\/yeniterter.az\/wp-content\/uploads\/c4810f1b3f12ce45e47807d9a2d6158c.jpg 1080w\" sizes=\"(max-width: 215px) 100vw, 215px\" \/>T\u0259rt\u0259r Rayon \u0130cra Hakimiyy\u0259tinin ba\u015f\u00e7\u0131s\u0131 M\u00fcst\u0259qim M\u0259mm\u0259dov COP29 \u00e7\u0259r\u00e7iv\u0259sind\u0259 \u015f\u0259h\u0259rsalma v\u0259 iqlim d\u0259yi\u015fikliyi \u00fczr\u0259 y\u00fcks\u0259ks\u0259viyy\u0259li nazirl\u0259rin g\u00f6r\u00fc\u015f\u00fcnd\u0259 i\u015ftirak edib.<br \/>\nG\u00f6r\u00fc\u015f zaman\u0131 Ekologiya v\u0259 T\u0259bii S\u0259rv\u0259tl\u0259r naziri, COP29-un Prezidenti Muxtar Babayev bildirib ki, \u015f\u0259h\u0259rl\u0259rd\u0259 iqlim maliyy\u0259l\u0259\u015fm\u0259si kritik bir m\u0259s\u0259l\u0259dir. \u015e\u0259h\u0259r infrastrukturuna, enerji s\u0259m\u0259r\u0259li binalara v\u0259 dayan\u0131ql\u0131 n\u0259qliyyat sisteml\u0259rin\u0259 s\u0259rmay\u0259ni art\u0131rmaq \u00fc\u00e7\u00fcn innovativ maliyy\u0259l\u0259\u015fm\u0259 mexanizml\u0259rin\u0259 v\u0259 daha g\u00fccl\u00fc t\u0259r\u0259fda\u015fl\u0131qlara ehtiyac var. G\u0259l\u0259c\u0259y\u0259 baxaraq, g\u0259lin Urbanizasiya G\u00fcn\u00fc \u0259rzind\u0259 apar\u0131lan bu m\u00fczakir\u0259l\u0259rd\u0259n istifad\u0259 ed\u0259r\u0259k \u0259m\u0259kda\u015fl\u0131\u011f\u0131m\u0131z\u0131 d\u0259rinl\u0259\u015fdir\u0259k, praktiki h\u0259ll\u0259ri m\u00fc\u0259yy\u0259nl\u0259\u015fdir\u0259k v\u0259 g\u0259l\u0259c\u0259k \u00fc\u00e7\u00fcn iddial\u0131 h\u0259d\u0259fl\u0259r qoyaq. H\u0259m\u00e7inin bu g\u00f6r\u00fc\u015f\u00fcn n\u0259tic\u0259l\u0259rini qlobal g\u00fcnd\u0259m\u0259 inteqrasiya ed\u0259r\u0259k ir\u0259li aparmaq \u00f6hd\u0259liyi g\u00f6t\u00fcr\u0259k. Biz b\u00fct\u00fcn milli h\u00f6kum\u0259tl\u0259ri, h\u0259m\u00e7inin \u00f6z\u0259l v\u0259 ictimai t\u0259r\u0259fda\u015flar\u0131 bu m\u0259qs\u0259dl\u0259r u\u011frunda birl\u0259\u015fm\u0259y\u0259 v\u0259 s\u0131x \u0259m\u0259kda\u015fl\u0131q etm\u0259y\u0259 \u00e7a\u011f\u0131r\u0131r\u0131q.<br \/>\nG\u00f6r\u00fc\u015fd\u0259 \u00e7\u0131x\u0131\u015f ed\u0259n D\u00f6vl\u0259t \u015e\u0259h\u0259rsalma v\u0259 Arxitektura Komit\u0259sinin s\u0259dri Anar Quliyev urbanizasiya bax\u0131m\u0131ndan \u0259n s\u00fcr\u0259tl\u0259 inki\u015faf ed\u0259n regionlardan biri kimi Az\u0259rbaycan\u0131n bu s\u00fcr\u0259tli \u015f\u0259h\u0259rsalma il\u0259 birlikd\u0259 g\u0259l\u0259n probleml\u0259rin h\u0259llin\u0259 sadiq oldu\u011funu v\u0259 bu istiqam\u0259td\u0259 i\u015fl\u0259rin s\u00fcr\u0259tl\u0259 apar\u0131ld\u0131\u011f\u0131n\u0131 qeyd edib.<\/p>\n<p>&nbsp;<\/p>\n<p>&nbsp;<\/p>\n","protected":false},"excerpt":{"rendered":"<p>\u0130cra ba\u015f\u00e7\u0131s\u0131 COP29 \u00e7\u0259r\u00e7iv\u0259sind\u0259 ke\u00e7iril\u0259n t\u0259dbird\u0259 i\u015ftirak edib T\u0259rt\u0259r Rayon \u0130cra Hakimiyy\u0259tinin ba\u015f\u00e7\u0131s\u0131 M\u00fcst\u0259qim M\u0259mm\u0259dov COP29 \u00e7\u0259r\u00e7iv\u0259sind\u0259 \u015f\u0259h\u0259rsalma v\u0259 iqlim d\u0259yi\u015fikliyi \u00fczr\u0259 y\u00fcks\u0259ks\u0259viyy\u0259li nazirl\u0259rin g\u00f6r\u00fc\u015f\u00fcnd\u0259 i\u015ftirak edib. G\u00f6r\u00fc\u015f zaman\u0131 Ekologiya v\u0259 T\u0259bii S\u0259rv\u0259tl\u0259r naziri, COP29-un Prezidenti Muxtar Babayev bildirib ki, \u015f\u0259h\u0259rl\u0259rd\u0259 iqlim maliyy\u0259l\u0259\u015fm\u0259si kritik bir m\u0259s\u0259l\u0259dir. \u015e\u0259h\u0259r infrastrukturuna, enerji s\u0259m\u0259r\u0259li binalara v\u0259 dayan\u0131ql\u0131 n\u0259qliyyat sisteml\u0259rin\u0259 [&hellip;]<\/p>\n","protected":false},"author":2,"featured_media":0,"comment_status":"closed","ping_status":"closed","sticky":false,"template":"","format":"standard","meta":[],"categories":[10],"tags":[],"_links":{"self":[{"href":"https:\/\/yeniterter.az\/index.php?rest_route=\/wp\/v2\/posts\/28634"}],"collection":[{"href":"https:\/\/yeniterter.az\/index.php?rest_route=\/wp\/v2\/posts"}],"about":[{"href":"https:\/\/yeniterter.az\/index.php?rest_route=\/wp\/v2\/types\/post"}],"author":[{"embeddable":true,"href":"https:\/\/yeniterter.az\/index.php?rest_route=\/wp\/v2\/users\/2"}],"replies":[{"embeddable":true,"href":"https:\/\/yeniterter.az\/index.php?rest_route=%2Fwp%2Fv2%2Fcomments&post=28634"}],"version-history":[{"count":1,"href":"https:\/\/yeniterter.az\/index.php?rest_route=\/wp\/v2\/posts\/28634\/revisions"}],"predecessor-version":[{"id":28636,"href":"https:\/\/yeniterter.az\/index.php?rest_route=\/wp\/v2\/posts\/28634\/revisions\/28636"}],"wp:attachment":[{"href":"https:\/\/yeniterter.az\/index.php?rest_route=%2Fwp%2Fv2%2Fmedia&parent=28634"}],"wp:term":[{"taxonomy":"category","embeddable":true,"href":"https:\/\/yeniterter.az\/index.php?rest_route=%2Fwp%2Fv2%2Fcategories&post=28634"},{"taxonomy":"post_tag","embeddable":true,"href":"https:\/\/yeniterter.az\/index.php?rest_route=%2Fwp%2Fv2%2Ftags&post=28634"}],"curies":[{"name":"wp","href":"https:\/\/api.w.org\/{rel}","templated":true}]}}