{"id":28496,"date":"2024-11-06T13:53:16","date_gmt":"2024-11-06T10:53:16","guid":{"rendered":"https:\/\/yeniterter.az\/?p=28496"},"modified":"2024-11-06T14:04:07","modified_gmt":"2024-11-06T11:04:07","slug":"8-noyabr-z%c9%99f%c9%99r-gunudur-bayraminiz-mubar%c9%99k","status":"publish","type":"post","link":"https:\/\/yeniterter.az\/?p=28496","title":{"rendered":"8 NOYABR Z\u018fF\u018fR G\u00dcN\u00dcD\u00dcR! Bayram\u0131n\u0131z m\u00fcbar\u0259k!"},"content":{"rendered":"<table style=\"border-collapse: collapse; width: 100%;\">\n<tbody>\n<tr>\n<td style=\"width: 50%;\">&nbsp;<\/p>\n<p><span style=\"font-size: 10pt;\">\u201c\u0130ndi d\u00fcnyada m\u00fcst\u0259qil Az\u0259rbaycan d\u00f6vl\u0259ti var. Onun milli d\u00f6vl\u0259t bayra\u011f\u0131 var, milli himni var, milli gerbi var. Az\u0259rbaycan d\u00fcnya birliyind\u0259 \u00f6z\u00fcn\u0259 layiq yer tutubdur. Az\u0259rbaycan\u0131n d\u00f6vl\u0259t bayra\u011f\u0131 b\u00fct\u00fcn beyn\u0259lxalq t\u0259\u015fkilatlar\u0131n iqam\u0259tgahlar\u0131 qar\u015f\u0131s\u0131nda dal\u011falan\u0131r, m\u00fcst\u0259qil Az\u0259rbaycan\u0131n ba\u015f\u0131 \u00fcst\u00fcnd\u0259 dal\u011falan\u0131r v\u0259 daim dal\u011falanacaqd\u0131r, bu y\u00fcks\u0259klikl\u0259r\u0259 qalxm\u0131\u015f bayraq bundan sonra he\u00e7 vaxt enm\u0259y\u0259c\u0259kdir.\u201d<\/span><br \/>\n<em><strong><span style=\"font-size: 10pt;\">\u00a0 \u00a0 \u00a0 \u00a0 \u00a0 \u00a0 \u00a0 \u00a0 \u00a0 \u00a0 \u00a0 \u00a0 \u00a0 \u00a0 \u00a0 \u00a0 \u00a0 \u00a0 \u00a0 \u00a0 \u00a0 Heyd\u0259r \u018fliyev, \u00dcmummilli Lider<\/span><\/strong><\/em><\/td>\n<td style=\"width: 50%;\">&nbsp;<\/p>\n<p><span style=\"font-size: 10pt;\">Az\u0259rbaycan xalq\u0131n\u0131n h\u0259yat\u0131nda m\u00fcst\u0259sna \u0259h\u0259miyy\u0259t k\u0259sb ed\u0259n \u015fanl\u0131 Z\u0259f\u0259r say\u0259sind\u0259 bu g\u00fcn Az\u0259rbaycan Respublikas\u0131n\u0131n D\u00f6vl\u0259t Bayra\u011f\u0131 suverenliyimizin b\u0259rq\u0259rar oldu\u011fu b\u00fct\u00fcn \u0259razil\u0259rd\u0259 \u0259z\u0259m\u0259tl\u0259 dal\u011falanmaqdad\u0131r. <\/span><br \/>\n<span style=\"font-size: 10pt;\"><em><strong>\u00a0 \u00a0 \u00a0 \u00a0 \u00a0 \u00a0 \u00a0 \u00a0 \u00a0 \u00a0 \u00a0 \u00a0 \u00a0 \u00a0 \u00a0 \u00a0 \u00a0 \u00a0 \u00a0 \u00a0 \u00a0 \u00a0 \u00a0 \u00a0 \u00a0 \u00a0 \u00a0 \u00a0 \u00a0 \u00a0 \u00a0 \u00a0 \u00a0 \u00a0\u0130lham \u018fliyev, <\/strong><\/em><\/span><br \/>\n<span style=\"font-size: 10pt;\"><em><strong>\u00a0 \u00a0 \u00a0 \u00a0 \u00a0 \u00a0 \u00a0Az\u0259rbaycan Respublikas\u0131n\u0131n Prezidenti<\/strong><\/em><\/span><\/td>\n<\/tr>\n<\/tbody>\n<\/table>\n<p style=\"text-align: center;\"><strong>T\u018fRT\u018fRL\u0130L\u018fR Z\u018fF\u018fR G\u00dcN\u00dcN\u00dc <\/strong><strong>Q\u00dcRUR H\u0130SS\u0130 \u0130L\u018f QEYD ED\u0130RL\u018fR<\/strong><\/p>\n<p><img decoding=\"async\" loading=\"lazy\" class=\" wp-image-28497 alignleft\" src=\"https:\/\/yeniterter.az\/wp-content\/uploads\/615ab08a69fd8615ab08a69fd91633333386615ab08a69fd3615ab08a69fd6-200x300.jpg\" alt=\"\" width=\"138\" height=\"206\" srcset=\"https:\/\/yeniterter.az\/wp-content\/uploads\/615ab08a69fd8615ab08a69fd91633333386615ab08a69fd3615ab08a69fd6-200x300.jpg 200w, https:\/\/yeniterter.az\/wp-content\/uploads\/615ab08a69fd8615ab08a69fd91633333386615ab08a69fd3615ab08a69fd6.jpg 446w\" sizes=\"(max-width: 138px) 100vw, 138px\" \/><img decoding=\"async\" loading=\"lazy\" class=\" wp-image-28498 alignleft\" src=\"https:\/\/yeniterter.az\/wp-content\/uploads\/1647779864_16477782116374657041_1000x669-300x209.jpg\" alt=\"\" width=\"299\" height=\"208\" srcset=\"https:\/\/yeniterter.az\/wp-content\/uploads\/1647779864_16477782116374657041_1000x669-300x209.jpg 300w, https:\/\/yeniterter.az\/wp-content\/uploads\/1647779864_16477782116374657041_1000x669-768x536.jpg 768w, https:\/\/yeniterter.az\/wp-content\/uploads\/1647779864_16477782116374657041_1000x669.jpg 959w\" sizes=\"(max-width: 299px) 100vw, 299px\" \/>M\u00fcasir tariximizin \u0259n \u015f\u0259r\u0259fli bayramlar\u0131ndan olan 8 noyabr\u2013 Z\u0259f\u0259r G\u00fcn\u00fcn\u00fc bu il ikiqat q\u00fcrur hissi il\u0259 qeyd edirik. Bayramlar\u0131m\u0131z\u0131n s\u0131ras\u0131na daha biri \u2013 milli s\u0259rv\u0259timiz olan D\u00f6vl\u0259t Suverenliyi G\u00fcn\u00fc \u0259lav\u0259 olunub.<br \/>\nArt\u0131q biz xalq olaraq i\u015f\u011fal tariximizin k\u0259d\u0259rini deyil, d\u00fc\u015fm\u0259n tapda\u011f\u0131ndan azad edilmi\u015f v\u0259 Az\u0259rbaycan bayra\u011f\u0131 dal\u011falanan \u015f\u0259h\u0259r g\u00fcnl\u0259rinin t\u0259nt\u0259n\u0259sini ya\u015fay\u0131r\u0131q. T\u0259qviml\u0259rimizd\u0259ki qara tarixl\u0259r q\u0131rm\u0131z\u0131 r\u0259ng\u0259 boyan\u0131b. El\u0259 h\u0259yat\u0131m\u0131z \u00f6z\u00fc d\u0259 bu istiqam\u0259td\u0259 d\u0259yi\u015fib.<br \/>\nUzun ill\u0259r\u2013 iki \u0259sr \u0259rzind\u0259 mill\u0259timiz\u0259 qar\u015f\u0131 edil\u0259n z\u00fclml\u0259r\u0259, haqs\u0131zl\u0131\u011fa, \u0259dal\u0259tsizlikl\u0259r\u0259, iztirablara son qoyulub. Bu azadl\u0131q yolunda canlar\u0131ndan ke\u00e7\u0259n \u015f\u0259hidl\u0259rimizin ruhlar\u0131 da indi \u015fadd\u0131r. \u018fb\u0259diyy\u0259t\u0259 qovu\u015fan o ruhlar b\u00fct\u00f6v, suveren v\u0259t\u0259nin s\u0259mas\u0131ndan Qaraba\u011f v\u0259 \u015e\u0259rqi Z\u0259ng\u0259zur torpa\u011f\u0131n\u0131n y\u00fcks\u0259li\u015fini seyr edir, onlar\u0131n qan\u0131 il\u0259 yo\u011frulmu\u015f bu yerl\u0259rin nec\u0259 s\u00fcr\u0259tl\u0259 d\u0259yi\u015fm\u0259sini, do\u011fma yurd yerl\u0259rin\u0259 qay\u0131dan insanlar\u0131n sevincini g\u00f6r\u00fcb rahatl\u0131q tap\u0131r.<br \/>\n<img decoding=\"async\" loading=\"lazy\" class=\" wp-image-28499 alignleft\" src=\"https:\/\/yeniterter.az\/wp-content\/uploads\/3333xdtejuy-300x225.jpg\" alt=\"\" width=\"173\" height=\"130\" srcset=\"https:\/\/yeniterter.az\/wp-content\/uploads\/3333xdtejuy-300x225.jpg 300w, https:\/\/yeniterter.az\/wp-content\/uploads\/3333xdtejuy.jpg 480w\" sizes=\"(max-width: 173px) 100vw, 173px\" \/>Bu g\u00fcn Az\u0259rbaycan ba\u015fdan-ba\u015fa bayram libas\u0131n\u0131 geyinib. H\u0259r yerd\u0259 q\u00fcrurumuz, namusumuz olan Az\u0259rbaycan bay-ra\u011f\u0131 dal\u011falan\u0131r. O bayraq ki, M\u00fcz\u0259ff\u0259r Ali Ba\u015f Komandan, Az\u0259rbaycan Respublikas\u0131n\u0131n Prezidenti \u0130lham \u018fliyev onu do\u011fma \u015eu\u015fam\u0131zda, Xank\u0259ndid\u0259, F\u00fczulid\u0259, C\u0259bray\u0131lda, Z\u0259ngilanda, Qaraba\u011f\u0131n v\u0259 \u015e\u0259rqi Z\u0259ng\u0259zurun d\u00fc\u015fm\u0259nd\u0259n azad edilmi\u015f h\u0259r bir \u015f\u0259h\u0259rind\u0259 dal\u011faland\u0131rd\u0131.<br \/>\n44 g\u00fcnl\u00fck V\u0259t\u0259n m\u00fcharib\u0259-sind\u0259 Ali Ba\u015f Komandan\u0131n h\u0259r bir k\u0259ndin, \u015f\u0259h\u0259rin azad edilm\u0259si haqq\u0131nda verdiyi m\u0259lumatlar\u0131 h\u0259yat\u0131m\u0131zda e\u015fitdiyimiz \u0259n g\u00f6z\u0259l s\u00f6zl\u0259r kimi q\u0259bul edirdik. Az\u0259rbaycan xalq\u0131 b\u00fct\u00fcn tarixi boyu he\u00e7 zaman bel\u0259 birlik v\u0259 g\u00fcc n\u00fcmayi\u015f etdirm\u0259mi\u015fdi. Milyonlar\u0131n \u00fcr\u0259yi Prezidentimizl\u0259, Ordumuzla bir d\u00f6y\u00fcn\u00fcrd\u00fc. Bir g\u00f6z\u00fcm\u00fcz a\u011flay\u0131r, bir g\u00f6z\u00fcm\u00fcz sevinirdi. Bir t\u0259r\u0259fd\u0259n \u015f\u0259hidl\u0259rimizi qar\u015f\u0131lay\u0131r, d\u0259fn edir, bir t\u0259r\u0259fd\u0259n is\u0259 bu q\u0259hr\u0259man o\u011fullar\u0131n say\u0259sind\u0259 azadl\u0131\u011f\u0131na qovu\u015fan torpaqlar\u0131m\u0131z\u0131n sevincini ya\u015fay\u0131rd\u0131q.<br \/>\n<img decoding=\"async\" loading=\"lazy\" class=\" wp-image-28500 alignleft\" src=\"https:\/\/yeniterter.az\/wp-content\/uploads\/bb0b9ee9c49e1b5ae6269070f622e9ae-1-300x200.jpg\" alt=\"\" width=\"164\" height=\"109\" srcset=\"https:\/\/yeniterter.az\/wp-content\/uploads\/bb0b9ee9c49e1b5ae6269070f622e9ae-1-300x200.jpg 300w, https:\/\/yeniterter.az\/wp-content\/uploads\/bb0b9ee9c49e1b5ae6269070f622e9ae-1-1024x683.jpg 1024w, https:\/\/yeniterter.az\/wp-content\/uploads\/bb0b9ee9c49e1b5ae6269070f622e9ae-1-768x512.jpg 768w, https:\/\/yeniterter.az\/wp-content\/uploads\/bb0b9ee9c49e1b5ae6269070f622e9ae-1.jpg 1152w\" sizes=\"(max-width: 164px) 100vw, 164px\" \/><img decoding=\"async\" loading=\"lazy\" class=\" wp-image-28501 alignleft\" src=\"https:\/\/yeniterter.az\/wp-content\/uploads\/9effa70992a72b12c749a205feb0d97c-300x200.jpg\" alt=\"\" width=\"164\" height=\"110\" srcset=\"https:\/\/yeniterter.az\/wp-content\/uploads\/9effa70992a72b12c749a205feb0d97c-300x200.jpg 300w, https:\/\/yeniterter.az\/wp-content\/uploads\/9effa70992a72b12c749a205feb0d97c-1024x683.jpg 1024w, https:\/\/yeniterter.az\/wp-content\/uploads\/9effa70992a72b12c749a205feb0d97c-768x512.jpg 768w, https:\/\/yeniterter.az\/wp-content\/uploads\/9effa70992a72b12c749a205feb0d97c.jpg 1152w\" sizes=\"(max-width: 164px) 100vw, 164px\" \/><img decoding=\"async\" loading=\"lazy\" class=\" wp-image-28502 alignleft\" src=\"https:\/\/yeniterter.az\/wp-content\/uploads\/365edb073a-Terterde-sehid-nicat-isgenderovun-ailesi-ziyaret-olunub-300x200.jpg\" alt=\"\" width=\"166\" height=\"111\" srcset=\"https:\/\/yeniterter.az\/wp-content\/uploads\/365edb073a-Terterde-sehid-nicat-isgenderovun-ailesi-ziyaret-olunub-300x200.jpg 300w, https:\/\/yeniterter.az\/wp-content\/uploads\/365edb073a-Terterde-sehid-nicat-isgenderovun-ailesi-ziyaret-olunub.jpg 700w\" sizes=\"(max-width: 166px) 100vw, 166px\" \/><img decoding=\"async\" loading=\"lazy\" class=\" wp-image-28503 alignleft\" src=\"https:\/\/yeniterter.az\/wp-content\/uploads\/TIH_3458-\u041a\u043e\u043f\u0438\u0440\u043e\u0432\u0430\u0442\u044c-300x199.jpg\" alt=\"\" width=\"169\" height=\"112\" srcset=\"https:\/\/yeniterter.az\/wp-content\/uploads\/TIH_3458-\u041a\u043e\u043f\u0438\u0440\u043e\u0432\u0430\u0442\u044c-300x199.jpg 300w, https:\/\/yeniterter.az\/wp-content\/uploads\/TIH_3458-\u041a\u043e\u043f\u0438\u0440\u043e\u0432\u0430\u0442\u044c-1024x678.jpg 1024w, https:\/\/yeniterter.az\/wp-content\/uploads\/TIH_3458-\u041a\u043e\u043f\u0438\u0440\u043e\u0432\u0430\u0442\u044c-768x508.jpg 768w, https:\/\/yeniterter.az\/wp-content\/uploads\/TIH_3458-\u041a\u043e\u043f\u0438\u0440\u043e\u0432\u0430\u0442\u044c.jpg 1160w\" sizes=\"(max-width: 169px) 100vw, 169px\" \/>44 g\u00fcnl\u00fck V\u0259t\u0259n m\u00fcharib\u0259si v\u0259 bundan sonrak\u0131 lokal antiterror \u0259m\u0259liyyat\u0131 T\u0259rt\u0259rin v\u0259 t\u0259rt\u0259rlil\u0259rin d\u0259 h\u0259yat\u0131n\u0131 tamamil\u0259 d\u0259yi\u015fdi. 30 illik g\u0259rginliy\u0259, erm\u0259ni terroruna, dinc insanlara qar\u015f\u0131 t\u00f6r\u0259dil\u0259n cinay\u0259tl\u0259r\u0259 bird\u0259f\u0259lik son qoyuldu. Biz d\u00fc\u015fm\u0259nl\u0259 \u00fczb\u0259\u00fcz m\u0259rdlikl\u0259 dayand\u0131q, m\u00fcbariz\u0259 apard\u0131q v\u0259 qalib olduq!<br \/>\nM\u00fcharib\u0259 d\u00f6vr\u00fcnd\u0259 T\u0259rt\u0259r \u0259n \u00e7ox d\u00fc\u015fm\u0259n h\u00fccumuna m\u0259ruz qalan rayonlardan biri idi.<br \/>\nAz\u0259rbaycan Respublikas\u0131n\u0131n Prezidenti, M\u00fcz\u0259ff\u0259r Ali Ba\u015f Komandan \u0130lham \u018fliyev t\u0259rt\u0259rlil\u0259r haqq\u0131nda deyib: \u201cT\u0259rt\u0259r sakinl\u0259ri q\u0259hr\u0259mand\u0131rlar. Onlar burada, d\u00f6y\u00fc\u015f b\u00f6lg\u0259sind\u0259 d\u00fc\u015fm\u0259nl\u0259 \u00fcz-\u00fcz\u0259 dayan\u0131blar v\u0259 at\u0131lan, evl\u0259rin\u0259 d\u00fc\u015f\u0259n m\u0259rmil\u0259r onlar\u0131n irad\u0259sin\u0259 z\u0259rr\u0259 q\u0259d\u0259r t\u0259sir etm\u0259mi\u015fdir.\u201d<!--more--><br \/>\n2020-ci il, sentyabr\u0131n 27-d\u0259 s\u0259h\u0259r saat 6.10-da d\u00fc\u015fm\u0259nin atd\u0131\u011f\u0131 artilleriya m\u0259rmisi T\u0259rt\u0259r rayonunun Qapanl\u0131 k\u0259ndinin sakini Yaqut M\u0259mm\u0259dovan\u0131n evin\u0259 d\u00fc\u015fm\u00fc\u015f v\u0259 bundan sonra cavab at\u0259\u015fi a\u00e7\u0131lm\u0131\u015fd\u0131r.<br \/>\nBu h\u0259min Qapanl\u0131 k\u0259ndidir ki, onun sakinl\u0259ri 30 ild\u0259n art\u0131q bir m\u00fcdd\u0259td\u0259 erm\u0259nil\u0259rin m\u0259s-kunla\u015fd\u0131qlar\u0131 Seysulan k\u0259ndi il\u0259 qon\u015fuluqda ya\u015fam\u0131\u015f v\u0259 nankor qon\u015fular t\u0259r\u0259find\u0259n, dem\u0259k olar ki, h\u0259r g\u00fcn at\u0259\u015f\u0259 tutulmu\u015fdur. \u0130nsanlar \u00f6z evl\u0259rind\u0259, heyvan otarark\u0259n, \u0259kin \u0259k\u0259rk\u0259n erm\u0259nil\u0259rin atd\u0131qlar\u0131 g\u00fcll\u0259l\u0259r\u0259 tu\u015f g\u0259lir, yaralan\u0131r, \u015f\u0259hid olurdular. Ancaq evl\u0259rini qoyub getmirdil\u0259r. Qapanl\u0131da h\u0259r evd\u0259 g\u00fcll\u0259, m\u0259rmi izl\u0259ri var, h\u0259r ail\u0259nin ya \u015f\u0259hidi var, ya qazisi, yaral\u0131s\u0131.<br \/>\nK\u0259nd sakini M\u00fc\u015fg\u00fcnaz n\u0259n\u0259 deyir ki, d\u00fc\u015fm\u0259n t\u0259r\u0259find\u0259n at\u0131lm\u0131\u015f m\u0259rminin q\u0259lp\u0259si onu v\u0259 n\u0259v\u0259si Z\u0259hran\u0131 toy ma\u011far\u0131nda yaralad\u0131. \u015e\u0259nlik faci\u0259y\u0259 \u00e7evrildi. Qapanl\u0131 camaat\u0131 ne\u00e7\u0259-ne\u00e7\u0259 bel\u0259 faci\u0259 ya\u015fad\u0131. U\u015faqlar, qocalar, onlarla g\u00fcnahs\u0131z insan bir zamanlar onlar\u0131n s\u00fcfr\u0259sinin k\u0259nar\u0131nda oturan nam\u0259rdl\u0259r t\u0259r\u0259find\u0259n q\u0259tl\u0259 yetirildi.<br \/>\n<img decoding=\"async\" loading=\"lazy\" class=\" wp-image-28504 alignleft\" src=\"https:\/\/yeniterter.az\/wp-content\/uploads\/tikintijpg-1612298513-3-300x181.jpg\" alt=\"\" width=\"252\" height=\"152\" srcset=\"https:\/\/yeniterter.az\/wp-content\/uploads\/tikintijpg-1612298513-3-300x181.jpg 300w, https:\/\/yeniterter.az\/wp-content\/uploads\/tikintijpg-1612298513-3.jpg 600w\" sizes=\"(max-width: 252px) 100vw, 252px\" \/><img decoding=\"async\" loading=\"lazy\" class=\" wp-image-28505 alignleft\" src=\"https:\/\/yeniterter.az\/wp-content\/uploads\/69471e576978e8d198ab1a5385279fe6-300x201.jpg\" alt=\"\" width=\"227\" height=\"152\" srcset=\"https:\/\/yeniterter.az\/wp-content\/uploads\/69471e576978e8d198ab1a5385279fe6-300x201.jpg 300w, https:\/\/yeniterter.az\/wp-content\/uploads\/69471e576978e8d198ab1a5385279fe6-1024x684.jpg 1024w, https:\/\/yeniterter.az\/wp-content\/uploads\/69471e576978e8d198ab1a5385279fe6-768x513.jpg 768w, https:\/\/yeniterter.az\/wp-content\/uploads\/69471e576978e8d198ab1a5385279fe6.jpg 1149w\" sizes=\"(max-width: 227px) 100vw, 227px\" \/>M\u00fc\u015fg\u00fcnaz n\u0259n\u0259 deyir:<br \/>\n\u2013Sentyabr\u0131n 27-d\u0259 s\u0259h\u0259r saatlar\u0131nda bizim k\u0259nd sakininin evnin at\u0259\u015f\u0259 tutulmas\u0131 v\u0259 bundan sonra cavab at\u0259\u015fi a\u00e7\u0131lmas\u0131n\u0131n \u00f6z\u00fc d\u0259 ona i\u015far\u0259dir ki, h\u0259yatda he\u00e7 n\u0259 cavabs\u0131z qalm\u0131r. M\u00f6ht\u0259r\u0259m Prezidentimizin komandanl\u0131\u011f\u0131 il\u0259 \u201cd\u0259mir yumruq\u201d onlar\u0131n ba\u015f\u0131n\u0131 \u0259zdi v\u0259 h\u0259r bir \u015f\u0259hidin, yaral\u0131n\u0131n qisas\u0131 layiqinc\u0259 al\u0131nd\u0131. Buna g\u00f6r\u0259 Prezidentimiz\u0259, Ordumuza sonsuz t\u0259\u015f\u0259kk\u00fcrl\u0259rimizi bildiririk. Bizim \u00fc\u00e7\u00fcn \u0259n b\u00f6y\u00fck xo\u015fb\u0259xtlik s\u0259h\u0259rl\u0259r at\u0259\u015f s\u0259si e\u015fitm\u0259d\u0259n \u00f6z evimizd\u0259 yuxudan oyanmaq, qorxusuz u\u015faqlar\u0131 m\u0259kt\u0259b\u0259 g\u00f6nd\u0259rm\u0259k, i\u015f-g\u00fcc\u00fcm\u00fczl\u0259 m\u0259\u015f\u011ful olmaqd\u0131r. Bel\u0259 g\u00fcnl\u0259rin h\u0259sr\u0259tini \u00e7ox \u00e7\u0259kmi\u015fdik.<br \/>\nBu Z\u0259f\u0259ri, xo\u015f g\u00fcnl\u0259ri biz\u0259 b\u0259x\u015f ed\u0259n \u015f\u0259hidl\u0259rimiz\u0259 Allah r\u0259hm\u0259t el\u0259sin, qazil\u0259rimiz\u0259 is\u0259 tezlikl\u0259 sa\u011flaml\u0131qlar\u0131na qovu\u015fmalar\u0131n\u0131 arzulay\u0131r\u0131q.<br \/>\nBundan sonrak\u0131 g\u00fcnl\u0259r d\u0259 t\u0259rt\u0259rlil\u0259r \u00fc\u00e7\u00fcn olduqca a\u011f\u0131r oldu. T\u0259rt\u0259r rayon \u0130cra Hakimiyy\u0259tinin ba\u015f\u00e7\u0131s\u0131 M\u00fcst\u0259qim M\u0259mm\u0259dovun verdiyi m\u0259lumata g\u00f6r\u0259, 44 g\u00fcn davam ed\u0259n m\u00fcharib\u0259 zaman\u0131 T\u0259rt\u0259r \u015f\u0259h\u0259ri d\u0259 daxil olmaqla 40 ya\u015fay\u0131\u015f m\u0259nt\u0259q\u0259sin\u0259 16 min 277 tank, top, qrad, minomyot m\u0259rmisi, qada\u011fan olunmu\u015f 21 \u201cSmer\u00e7\u201d raketi at\u0131lm\u0131\u015fd\u0131. N\u0259tic\u0259d\u0259 T\u0259rt\u0259rd\u0259 83 \u00e7oxm\u0259rt\u0259b\u0259li ya\u015fay\u0131\u015f binas\u0131na, 5344 f\u0259rdi ev\u0259, 184 sahibkarl\u0131q v\u0259 301 qeyri-ya\u015fay\u0131\u015f obyektin\u0259, 17 m\u0259kt\u0259b\u0259, 12 u\u015faq ba\u011f\u00e7as\u0131na, 1 texniki pe\u015f\u0259 m\u0259kt\u0259bin\u0259, 1 musiqi m\u0259kt\u0259bin\u0259, 30 inzibati binaya v\u0259 20-y\u0259 yax\u0131n m\u0259d\u0259niyy\u0259t v\u0259 s\u0259hiyy\u0259 m\u00fc\u0259ssis\u0259sin\u0259 ziyan d\u0259yib. El\u0259c\u0259 d\u0259 95 n\u0259qliyyat vasit\u0259si, 18 k\u0259nd t\u0259s\u0259rr\u00fcfat\u0131 texnikas\u0131 s\u0131radan \u00e7\u0131xar\u0131l\u0131b, 161 ba\u015f iri v\u0259 393 ba\u015f x\u0131rdabuynuzlu heyvan t\u0259l\u0259f olub. 100 hektarlarla \u0259kin sah\u0259sin\u0259 ziyan d\u0259yib.<br \/>\n44 g\u00fcnl\u00fck V\u0259t\u0259n m\u00fcharib\u0259sind\u0259 t\u0259rt\u0259rlil\u0259r m\u0259rdlik v\u0259 \u015f\u00fcca\u0259t g\u00f6st\u0259r\u0259r\u0259k, torpaqlar\u0131m\u0131z\u0131n azadl\u0131\u011f\u0131 u\u011frunda canlar\u0131n\u0131, sa\u011flaml\u0131qlar\u0131n\u0131 qurban veribl\u0259r. Onlardan 46 n\u0259f\u0259ri \u015f\u0259hidlik zirv\u0259sin\u0259 ucal\u0131b, 48 n\u0259f\u0259r V\u0259t\u0259n m\u00fcharib\u0259si \u0259lili, 1554 n\u0259f\u0259r is\u0259 bu m\u00fcharib\u0259nin i\u015ftirak\u00e7\u0131s\u0131d\u0131r. 6 n\u0259f\u0259r t\u0259rt\u0259rli g\u0259nc lokal antiterror \u0259m\u0259liyyat\u0131 n\u0259tic\u0259sind\u0259 torpaq u\u011frunda d\u00f6y\u00fc\u015fl\u0259rd\u0259 \u015f\u0259hid olublar. 16 n\u0259f\u0259r m\u00fclki v\u0259t\u0259nda\u015f\u0131m\u0131z erm\u0259ni vandalizminin qurban\u0131 olub.<br \/>\n16 n\u0259f\u0259r dinc sakinin ayr\u0131-ayr\u0131 vaxtlarda q\u0259tl\u0259 yetirilm\u0259si yaln\u0131z \u00f6lk\u0259 medias\u0131nda deyil, xarici jurnalistl\u0259r t\u0259r\u0259find\u0259n d\u0259 geni\u015f i\u015f\u0131qland\u0131r\u0131ld\u0131. Oktyabr\u0131n 15-d\u0259 T\u0259rt\u0259rd\u0259 ba\u015f ver\u0259n hadis\u0259 \u2013 \u015f\u0259h\u0259r q\u0259biristanl\u0131\u011f\u0131ndak\u0131 d\u0259fn zaman\u0131 burada sakinl\u0259rin bil\u0259r\u0259kd\u0259n q\u0259ddarcas\u0131na q\u0259tl\u0259 yetirilm\u0259si insanl\u0131\u011fa s\u0131\u011fmayan daha bir erm\u0259ni cinay\u0259tinin t\u0259zah\u00fcr\u00fc oldu. Az\u0259rbaycan Respublikas\u0131n\u0131n Birinci vitse-prezidenti Mehriban xan\u0131m \u018fliyeva 4 dinc sakinin \u00f6l\u00fcm\u00fc, qalanlar\u0131n\u0131n yaralanmas\u0131 il\u0259 ba\u011fl\u0131 hadis\u0259y\u0259 \u00f6z m\u00fcnasib\u0259tini bildirdi, \u015f\u0259hidl\u0259rin ail\u0259l\u0259rin\u0259 ba\u015fsa\u011fl\u0131\u011f\u0131 verdi, d\u00fcnya ictimaiyy\u0259tini erm\u0259ni vandalizmini pisl\u0259m\u0259y\u0259 \u00e7a\u011f\u0131rd\u0131. D\u00fc\u015fm\u0259n t\u0259r\u0259find\u0259n t\u00f6r\u0259dil\u0259n terror n\u0259tic\u0259sind\u0259 4 ail\u0259nin \u00e7\u0131ra\u011f\u0131 s\u00f6nd\u00fc.<br \/>\nMam\u0131rl\u0131 k\u0259ndinin sakini P\u0259rviz Orucov, onun qay\u0131natas\u0131 \u0130sg\u0259nd\u0259r \u018fmirov, g\u00f6z\u0259l insan, t\u0259rt\u0259rlil\u0259rin sevimlisi Vasif R\u00fcst\u0259mov v\u0259 \u015eakir Zamanov h\u0259min g\u00fcn \u015f\u0259hidlik zirv\u0259sin\u0259 ucald\u0131lar.<br \/>\nAz\u0259rbaycan Silahl\u0131 Q\u00fcvv\u0259l\u0259rinin polkovnik-leytenant\u0131 Anar Vaqif o\u011flu \u018fliyev \u00f6l\u00fcm\u00fcnd\u0259n sonra Ali Ba\u015f Komandan, Az\u0259rbaycan Respublikas\u0131n\u0131n Prezidenti \u0130lham \u018fliyevin S\u0259r\u0259ncam\u0131 il\u0259 V\u0259t\u0259n m\u00fcharib\u0259si Q\u0259hr\u0259man\u0131 ad\u0131na layiq g\u00f6r\u00fcl\u00fcb.<br \/>\nAz\u0259r Abdullazad\u0259 is\u0259 V\u0259t\u0259n M\u00fcharib\u0259si Q\u0259hr\u0259man\u0131 kimi \u015f\u0259r\u0259fli ad\u0131 da\u015f\u0131yan \u0259n g\u0259nc qazil\u0259rimizd\u0259n biridir.<br \/>\n44 g\u00fcn \u0259rzind\u0259 ya\u011f\u0131 d\u00fc\u015fm\u0259n T\u0259rt\u0259r\u0259 \u00e7ox yaralar vurdu. D\u00f6vl\u0259t r\u0259smil\u0259rinin dediyi kimi, \u201cT\u0259rt\u0259r Erm\u0259nistan\u0131n nasizmin\u0259 qar\u015f\u0131 Az\u0259rbaycan\u0131n Stalinqrad\u0131 olub\u201d.<br \/>\nM\u00fcharib\u0259 ba\u015fa \u00e7atan kimi rayon sakinl\u0259ri Prezident \u0130lham \u018fliyevin qay\u011f\u0131s\u0131 v\u0259 d\u00f6vl\u0259timizin d\u0259st\u0259yil\u0259 rayonumuza, o c\u00fcml\u0259d\u0259n ayr\u0131-ayr\u0131 v\u0259t\u0259nda\u015flara d\u0259y\u0259n ziyan\u0131n aradan qald\u0131r\u0131lmas\u0131na ba\u015flad\u0131lar. Da\u011f\u0131lm\u0131\u015f evl\u0259r yenid\u0259n tikildi, b\u0259rpa olundu, k\u00fc\u00e7\u0259l\u0259r abadla\u015fd\u0131r\u0131ld\u0131, ya\u015f\u0131ll\u0131\u011f\u0131n say\u0131 daha da art\u0131r\u0131ld\u0131.<br \/>\n\u0130ndi rayonumuza g\u0259l\u0259n qonaqlar m\u0259rk\u0259zi meydanda erm\u0259nil\u0259r t\u0259r\u0259find\u0259n at\u0131lan qada\u011fan olunmu\u015f raketl\u0259rin m\u0259rmil\u0259rini, m\u00fcharib\u0259 g\u00fcnl\u0259rinin foto\u015f\u0259kill\u0259rini v\u0259 T\u0259rt\u0259rin haz\u0131rk\u0131 simas\u0131n\u0131 g\u00f6r\u0259nd\u0259, heyranl\u0131qlar\u0131n\u0131 gizl\u0259d\u0259 bilmirl\u0259r.<br \/>\nAz\u0259rbaycan Respublikas\u0131n\u0131n Prezidenti \u0130lham \u018fliyevin S\u0259r\u0259ncam\u0131 v\u0259 tap\u015f\u0131r\u0131qlar\u0131 v\u0259 rayon r\u0259hb\u0259ri M\u00fcst\u0259qim M\u0259mm\u0259dovun ba\u015f\u00e7\u0131l\u0131\u011f\u0131 il\u0259 Q\u0259hr\u0259man T\u0259rt\u0259r ad\u0131na layiq inki\u015faf edir v\u0259 g\u00f6z\u0259ll\u0259\u015fir. \u201cYa\u015f\u0131l d\u00fcnya namin\u0259 h\u0259mr\u0259ylik ili\u201dnd\u0259 \u015f\u0259h\u0259rimizin prospekt v\u0259 k\u00fc\u00e7\u0259l\u0259rind\u0259, k\u0259ndl\u0259rimizd\u0259, magistral v\u0259 k\u0259nd yollar\u0131n\u0131n k\u0259narlar\u0131nda \u0259kil\u0259n minl\u0259rl\u0259 yeni a\u011fac t\u0259rt\u0259rlil\u0259rin ekologiyam\u0131z\u0131n qorunmas\u0131na, \u0259traf m\u00fchitin sa\u011flamla\u015fd\u0131r\u0131lmas\u0131na verdiyi sanball\u0131 t\u00f6hf\u0259dir.<br \/>\nM\u00fcharib\u0259 d\u00f6vr\u00fcnd\u0259 oldu\u011fu kimi, dinc quruculuq i\u015fl\u0259rind\u0259, iqtisadiyyat\u0131n, k\u0259nd t\u0259s\u0259rr\u00fcfat\u0131n\u0131n inki\u015faf\u0131nda t\u0259rt\u0259rlil\u0259r yen\u0259 d\u0259 \u00f6nd\u0259dirl\u0259r.<\/p>\n<p style=\"text-align: right;\"><em><strong>Svetlana BA\u011eIROVA<\/strong><\/em><\/p>\n","protected":false},"excerpt":{"rendered":"<p>&nbsp; \u201c\u0130ndi d\u00fcnyada m\u00fcst\u0259qil Az\u0259rbaycan d\u00f6vl\u0259ti var. Onun milli d\u00f6vl\u0259t bayra\u011f\u0131 var, milli himni var, milli gerbi var. Az\u0259rbaycan d\u00fcnya birliyind\u0259 \u00f6z\u00fcn\u0259 layiq yer tutubdur. Az\u0259rbaycan\u0131n d\u00f6vl\u0259t bayra\u011f\u0131 b\u00fct\u00fcn beyn\u0259lxalq t\u0259\u015fkilatlar\u0131n iqam\u0259tgahlar\u0131 qar\u015f\u0131s\u0131nda dal\u011falan\u0131r, m\u00fcst\u0259qil Az\u0259rbaycan\u0131n ba\u015f\u0131 \u00fcst\u00fcnd\u0259 dal\u011falan\u0131r v\u0259 daim dal\u011falanacaqd\u0131r, bu y\u00fcks\u0259klikl\u0259r\u0259 qalxm\u0131\u015f bayraq bundan sonra he\u00e7 vaxt enm\u0259y\u0259c\u0259kdir.\u201d \u00a0 \u00a0 \u00a0 \u00a0 [&hellip;]<\/p>\n","protected":false},"author":2,"featured_media":0,"comment_status":"closed","ping_status":"closed","sticky":false,"template":"","format":"standard","meta":[],"categories":[10],"tags":[],"_links":{"self":[{"href":"https:\/\/yeniterter.az\/index.php?rest_route=\/wp\/v2\/posts\/28496"}],"collection":[{"href":"https:\/\/yeniterter.az\/index.php?rest_route=\/wp\/v2\/posts"}],"about":[{"href":"https:\/\/yeniterter.az\/index.php?rest_route=\/wp\/v2\/types\/post"}],"author":[{"embeddable":true,"href":"https:\/\/yeniterter.az\/index.php?rest_route=\/wp\/v2\/users\/2"}],"replies":[{"embeddable":true,"href":"https:\/\/yeniterter.az\/index.php?rest_route=%2Fwp%2Fv2%2Fcomments&post=28496"}],"version-history":[{"count":6,"href":"https:\/\/yeniterter.az\/index.php?rest_route=\/wp\/v2\/posts\/28496\/revisions"}],"predecessor-version":[{"id":28511,"href":"https:\/\/yeniterter.az\/index.php?rest_route=\/wp\/v2\/posts\/28496\/revisions\/28511"}],"wp:attachment":[{"href":"https:\/\/yeniterter.az\/index.php?rest_route=%2Fwp%2Fv2%2Fmedia&parent=28496"}],"wp:term":[{"taxonomy":"category","embeddable":true,"href":"https:\/\/yeniterter.az\/index.php?rest_route=%2Fwp%2Fv2%2Fcategories&post=28496"},{"taxonomy":"post_tag","embeddable":true,"href":"https:\/\/yeniterter.az\/index.php?rest_route=%2Fwp%2Fv2%2Ftags&post=28496"}],"curies":[{"name":"wp","href":"https:\/\/api.w.org\/{rel}","templated":true}]}}