{"id":28312,"date":"2024-10-03T13:16:48","date_gmt":"2024-10-03T10:16:48","guid":{"rendered":"https:\/\/yeniterter.az\/?p=28312"},"modified":"2024-10-03T13:16:48","modified_gmt":"2024-10-03T10:16:48","slug":"az%c9%99rbaycan-respublikasinin-g%c9%99l%c9%99c%c9%99k-inkisafina-h%c9%99sr-olunmus-omur","status":"publish","type":"post","link":"https:\/\/yeniterter.az\/?p=28312","title":{"rendered":"Az\u0259rbaycan Respublikas\u0131n\u0131n g\u0259l\u0259c\u0259k inki\u015faf\u0131na h\u0259sr olunmu\u015f \u00f6m\u00fcr"},"content":{"rendered":"<p><img decoding=\"async\" loading=\"lazy\" class=\"wp-image-28313 aligncenter\" src=\"https:\/\/yeniterter.az\/wp-content\/uploads\/461924875_388807877617012_436047547747477496_n-300x205.jpg\" alt=\"\" width=\"525\" height=\"359\" srcset=\"https:\/\/yeniterter.az\/wp-content\/uploads\/461924875_388807877617012_436047547747477496_n-300x205.jpg 300w, https:\/\/yeniterter.az\/wp-content\/uploads\/461924875_388807877617012_436047547747477496_n-768x524.jpg 768w, https:\/\/yeniterter.az\/wp-content\/uploads\/461924875_388807877617012_436047547747477496_n.jpg 791w\" sizes=\"(max-width: 525px) 100vw, 525px\" \/>3 oktyabr 1993-c\u00fc il tarixind\u0259 \u00dcmummilli Lider Heyd\u0259r \u018fliyev Az\u0259rbaycan Respublikas\u0131n\u0131n Prezidenti se\u00e7ilib.<\/p>\n<p>\u201cAz\u0259rbaycan\u0131n d\u00f6vl\u0259t m\u00fcst\u0259qilliyi \u0259b\u0259didir, d\u00f6nm\u0259zdir v\u0259 bizim qar\u015f\u0131m\u0131zda duran v\u0259zif\u0259 d\u00f6vl\u0259t m\u00fcst\u0259qilliyini qorumaqdan, \u0259b\u0259di etm\u0259kd\u0259n ibar\u0259tdir.\u201d \u2013 Ulu \u00d6nd\u0259r Heyd\u0259r \u018fliyev<\/p>\n<p>1993-c\u00fc il oktyabr\u0131n 3-n\u0259 t\u0259yin edilmi\u015f prezident se\u00e7kil\u0259ri Az\u0259rbaycan xalq\u0131 \u00fc\u00e7\u00fcn m\u00fch\u00fcm tarixi hadis\u0259, m\u00fcst\u0259qil Az\u0259rbaycan d\u00f6vl\u0259ti \u00fc\u00e7\u00fcn is\u0259 qurtulu\u015fa ged\u0259n yolun ilk pill\u0259si idi. Xalq b\u00f6y\u00fck s\u0259s \u00e7oxlu\u011fu il\u0259 \u00f6z se\u00e7imini etdi v\u0259 Ulu \u00d6nd\u0259r Heyd\u0259r \u018fliyevi Prezident se\u00e7di. H\u0259min taley\u00fckl\u00fc se\u00e7iml\u0259 bug\u00fcnk\u00fc q\u00fcdr\u0259tli Az\u0259rbaycan d\u00f6vl\u0259tinin t\u0259m\u0259li qoyuldu.<\/p>\n<p>Xalq\u0131n m\u00fctl\u0259q \u0259ks\u0259riyy\u0259tinin s\u0259sini qazanaraq Az\u0259rbaycan Respublikas\u0131n\u0131n Prezidenti se\u00e7il\u0259n Ulu \u00d6nd\u0259r 1993-c\u00fc il oktyabr\u0131n 10-da d\u00f6vl\u0259t\u0259 v\u0259 xalqa s\u0259daq\u0259t and\u0131 i\u00e7\u0259r\u0259k Az\u0259rbaycan\u0131 b\u00f6y\u00fck b\u0259lalardan, faci\u0259l\u0259rd\u0259n hifz edib, \u00f6lk\u0259ni sabitlik, iqtisadi inki\u015faf v\u0259 t\u0259r\u0259qqi yoluna \u00e7\u0131xar\u0131b, qlobal enerji-kommunikasiya layih\u0259l\u0259rini realla\u015fd\u0131rmaqla V\u0259t\u0259n\u0259 s\u0259daq\u0259tl\u0259 xidm\u0259tin \u0259yani n\u00fcmun\u0259sini yarad\u0131b.<\/p>\n<p>\u00dcmummilli Lider andi\u00e7m\u0259 m\u0259rasimind\u0259ki nitqind\u0259 deyib: \u201cBu g\u00fcn m\u0259nim \u00fc\u00e7\u00fcn tarixi, \u0259lam\u0259tdar bir g\u00fcnd\u00fcr. M\u0259n\u0259 g\u00f6st\u0259ril\u0259n bu b\u00f6y\u00fck etimada g\u00f6r\u0259 Az\u0259rbaycan v\u0259t\u0259nda\u015flar\u0131na, Az\u0259rbaycan xalq\u0131na h\u00f6rm\u0259timi, m\u0259h\u0259bb\u0259timi bildirir v\u0259 \u0259min etm\u0259k ist\u0259yir\u0259m ki, h\u0259yat\u0131m\u0131n sonuna q\u0259d\u0259r xalq\u0131ma s\u0259daq\u0259tl\u0259 xidm\u0259t ed\u0259c\u0259k v\u0259 b\u00fct\u00fcn f\u0259aliyy\u0259timi Az\u0259rbaycan Respublikas\u0131n\u0131n g\u0259l\u0259c\u0259k inki\u015faf\u0131na s\u0259rf ed\u0259c\u0259y\u0259m.\u201d<!--more--><\/p>\n<p>M\u00fcst\u0259qilliyin ilk ill\u0259rind\u0259 sa\u011flam d\u00fc\u015f\u00fcnc\u0259nin s\u0259sin\u0259 qulaq as\u0131b, b\u00f6y\u00fck siyasi xadimi respublika r\u0259hb\u0259rliyin\u0259 d\u0259v\u0259t ets\u0259ydil\u0259r, Az\u0259rbaycan 20 Yanvar, Xocal\u0131 faci\u0259l\u0259rini g\u00f6rm\u0259z, habel\u0259 La\u00e7\u0131n, \u015eu\u015fa x\u0259yan\u0259tl\u0259rin qurban\u0131 olmaz, \u00f6lk\u0259 \u0259razisinin 20 faizi i\u015f\u011fal edilm\u0259z, d\u00f6vl\u0259t m\u00fcst\u0259qilliyimiz a\u011fr\u0131l\u0131 v\u0259 \u0259zabl\u0131 yollardan ke\u00e7m\u0259zdi. B\u00fct\u00fcn bunlar ona g\u00f6r\u0259 ba\u015f verirdi ki, \u0259vv\u0259lc\u0259 V\u0259zirov-M\u00fct\u0259llibov rejimi, sonra is\u0259 Xalq C\u0259bh\u0259si-M\u00fcsavat c\u00fctl\u00fcy\u00fc Az\u0259rbaycan\u0131 Heyd\u0259r \u018fliyev yolundan d\u00f6nd\u0259rm\u0259y\u0259 \u00e7al\u0131\u015f\u0131b v\u0259 bu yolun alternativi olmad\u0131\u011f\u0131n\u0131 ba\u015fa d\u00fc\u015fm\u0259k ist\u0259mirdil\u0259r. N\u0259tic\u0259d\u0259 \u00f6lk\u0259ni u\u00e7uruma apard\u0131lar. Az\u0259rbaycan\u0131 f\u0259lak\u0259tin bir add\u0131ml\u0131\u011f\u0131nda qoyub qa\u00e7d\u0131lar.<\/p>\n<p>Ulu \u00f6nd\u0259rin 1993-c\u00fc ilin oktyabr\u0131nda d\u00f6vl\u0259t ba\u015f\u00e7\u0131s\u0131 se\u00e7ilm\u0259sind\u0259n sonra m\u00fcst\u0259qil Az\u0259rbaycan\u0131n h\u00fcquqi v\u0259 siyasi-iqtisadi suverenliyinin t\u0259min olunmas\u0131 prosesi \u0259sasl\u0131 \u015f\u0259kild\u0259 s\u00fcr\u0259tl\u0259nmi\u015fdir. \u00dcmummilli Lider ilk n\u00f6vb\u0259d\u0259, \u00f6lk\u0259d\u0259 ictimai-siyasi sabitliyin b\u0259rpas\u0131 istiqam\u0259tind\u0259 g\u0259rgin i\u015f aparm\u0131\u015f, qeyri-qanuni silahl\u0131 d\u0259st\u0259l\u0259r z\u0259r\u0259rsizl\u0259\u015fdirilmi\u015f, respublikam\u0131z\u0131n sosial-iqtisadi y\u00fcks\u0259li\u015fin\u0259 yol a\u00e7an \u0259n m\u00fch\u00fcm amil kimi c\u0259miyy\u0259td\u0259 ictimai-siyasi sabitlik b\u0259rq\u0259rar edilmi\u015fdir. D\u00f6vl\u0259t \u00e7evrili\u015fl\u0259rinin qar\u015f\u0131s\u0131 al\u0131nm\u0131\u015f, Az\u0259rbaycan v\u0259t\u0259nda\u015f m\u00fcharib\u0259si t\u0259hl\u00fck\u0259sind\u0259n xilas olmu\u015fdur. M\u00fcst\u0259qil d\u00f6vl\u0259timizin \u0259razi b\u00fct\u00f6vl\u00fcy\u00fcn\u00fcn b\u0259rpas\u0131 v\u0259 Erm\u0259nistan silahl\u0131 q\u00fcvv\u0259l\u0259rinin h\u00fccumlar\u0131n\u0131n qar\u015f\u0131s\u0131n\u0131n al\u0131nmas\u0131, \u00f6lk\u0259nin m\u00fcst\u0259qilliyinin qorunub saxlanmas\u0131 \u00fc\u00e7\u00fcn ordu quruculu\u011fu istiqam\u0259tind\u0259 kompleks t\u0259dbirl\u0259r h\u0259yata ke\u00e7irilmi\u015fdir.<\/p>\n<p>Dahi \u015f\u0259xsiyy\u0259tin xilaskarl\u0131q missiyas\u0131<\/p>\n<p>M\u00fcst\u0259qilliyin ilk ill\u0259rind\u0259 xalq\u0131m\u0131z qar\u015f\u0131ya \u00e7\u0131xan \u00e7\u0259tin probleml\u0259rin h\u0259llini, xilaskarl\u0131q missiyas\u0131n\u0131 Heyd\u0259r \u018fliyevd\u0259 g\u00f6r\u00fcrd\u00fc. 1991-1993-c\u00fc ill\u0259r \u00f6lk\u0259mizin m\u00fcasir tarixind\u0259 h\u0259rc-m\u0259rclik, \u00f6zba\u015f\u0131nal\u0131q v\u0259 qeyri-pe\u015f\u0259kar idar\u0259etm\u0259 d\u00f6vr\u00fc kimi xat\u0131rlan\u0131r. D\u00f6vl\u0259tin suveren m\u00f6vcudlu\u011funa t\u0259hdid yaradan b\u00fct\u00fcn amill\u0259r h\u0259min d\u00f6vrd\u0259 d\u00f6vl\u0259t\u0259 s\u0259ri\u015ft\u0259siz v\u0259 qeyri-pe\u015f\u0259kar \u015f\u0259xsl\u0259rin r\u0259hb\u0259rlik etm\u0259sin\u0259 g\u00f6r\u0259 ba\u015f verirdi.<\/p>\n<p>1991-1993-c\u00fc ill\u0259rd\u0259 hadis\u0259l\u0259ri d\u00fczg\u00fcn qiym\u0259tl\u0259ndir\u0259 bilm\u0259y\u0259n h\u0259min d\u00f6vr\u00fcn iqtidar\u0131 xalq qar\u015f\u0131s\u0131nda g\u00fcnd\u0259n-g\u00fcn\u0259 n\u00fcfuzunu itirir, ba\u015f vermi\u015f prosesl\u0259rd\u0259n d\u00fczg\u00fcn n\u0259tic\u0259 \u00e7\u0131xara bilmirdi. Bel\u0259 bir v\u0259ziyy\u0259td\u0259n \u00e7\u0131x\u0131\u015f yolunu axtaran Az\u0259rbaycan\u0131n xalq\u0131 xilas\u0131n\u0131 yaln\u0131z Heyd\u0259r \u018fliyevin simas\u0131nda g\u00f6r\u00fcrd\u00fc. D\u00f6vl\u0259t\u00e7ilik anlay\u0131\u015f\u0131ndan bix\u0259b\u0259r olan v\u0259 h\u0259rbi birl\u0259\u015fm\u0259l\u0259ri \u0259slind\u0259 \u00f6z m\u0259qs\u0259dl\u0259ri \u00fc\u00e7\u00fcn istifad\u0259 ed\u0259n ayr\u0131-ayr\u0131 \u015f\u0259xsl\u0259rin h\u0259d\u0259l\u0259rind\u0259n qorxub gizl\u0259nmi\u015f v\u0259 bu t\u0259hl\u00fck\u0259li prosesl\u0259rin qar\u015f\u0131s\u0131n\u0131 ala bilm\u0259diyini d\u0259rk ed\u0259n AXC-M\u00fcsavat iqtidar\u0131n\u0131n \u00f6z\u00fc d\u0259 xilas \u00fc\u00e7\u00fcn sonda Heyd\u0259r \u018fliyevd\u0259n imdad ist\u0259di.<\/p>\n<p>Az\u0259rbaycan xalq\u0131 qan\u0131 v\u0259 can\u0131 bahas\u0131na \u0259ld\u0259 etdiyi m\u00fcst\u0259qilliyin qorunmas\u0131 \u00fc\u00e7\u00fcn bu m\u00fcst\u0259qilliyin \u0259ld\u0259 olunmas\u0131na \u0259n \u00e7ox t\u00f6hf\u0259 vermi\u015f v\u0259 onu qoruya bil\u0259c\u0259k \u0259v\u0259zsiz lideri Heyd\u0259r \u018fliyevi d\u0259v\u0259t etdi. 1992-ci ilin oktyabr\u0131nda Az\u0259rbaycan\u0131n \u201c91-l\u0259r\u201d adlanan ziyal\u0131lar Heyd\u0259r \u018fliyev\u0259 hakimiyy\u0259t\u0259 qay\u0131d\u0131\u015f\u0131 \u00fc\u00e7\u00fcn m\u00fcraci\u0259t etmi\u015fdil\u0259r. 1993-c\u00fc il iyunun 9-da Heyd\u0259r \u018fliyev, n\u0259hay\u0259t, xalq\u0131n v\u0259 respublikan\u0131n hakim dair\u0259l\u0259rinin t\u0259kidli d\u0259v\u0259tini q\u0259bul edib Bak\u0131ya g\u0259ldi.<\/p>\n<p>Xilaskarl\u0131q missiyas\u0131n\u0131 \u00f6z \u00fcz\u0259rin\u0259 g\u00f6t\u00fcr\u0259n Ulu \u00d6nd\u0259r Heyd\u0259r \u018fliyev Bak\u0131da hakimiyy\u0259t davas\u0131n\u0131n getdiyi bir vaxtda h\u0259yat\u0131n\u0131 t\u0259hl\u00fck\u0259 alt\u0131nda qoyaraq d\u0259rhal G\u0259nc\u0259y\u0259 yolland\u0131 v\u0259 b\u00f6lg\u0259d\u0259 davam ed\u0259n qiyam\u0131n qar\u015f\u0131s\u0131n\u0131 ald\u0131.<\/p>\n<p>Mill\u0259tin m\u0259h\u0259bb\u0259tini qazanm\u0131\u015f \u00dcmummilli Lider Heyd\u0259r \u018fliyev Az\u0259rbaycan xalq\u0131n\u0131n yadda\u015f\u0131nda qurucu v\u0259 xilaskar d\u00f6vl\u0259t xadimi kimi \u0259b\u0259di olaraq ya\u015fayacaqd\u0131r. Az\u0259rbaycan xalq\u0131n\u0131n tarixind\u0259 taley\u00fckl\u00fc m\u0259s\u0259l\u0259l\u0259rin h\u0259llind\u0259 m\u00fcst\u0259sna xidm\u0259tl\u0259ri olan tarixi \u015f\u0259xsiyy\u0259tl\u0259r i\u00e7\u0259risind\u0259 Az\u0259rbaycan xalq\u0131n\u0131n \u00dcmummilli Lideri ad\u0131n\u0131 qazanm\u0131\u015f g\u00f6rk\u0259mli d\u00f6vl\u0259t xadimi, d\u00fcnya miqyasl\u0131 siyas\u0259t\u00e7i, parlaq \u015f\u0259xsiyy\u0259t Heyd\u0259r \u018fliyevin x\u00fcsusi rolu vard\u0131r. \u00dcmummilli lider Heyd\u0259r \u018fliyev \u00f6z xilaskarl\u0131q missiyas\u0131n\u0131n \u00f6hd\u0259sind\u0259n y\u00fcks\u0259k s\u0259viyy\u0259d\u0259 g\u0259lmi\u015fdir.<\/p>\n<p>&nbsp;<\/p>\n","protected":false},"excerpt":{"rendered":"<p>3 oktyabr 1993-c\u00fc il tarixind\u0259 \u00dcmummilli Lider Heyd\u0259r \u018fliyev Az\u0259rbaycan Respublikas\u0131n\u0131n Prezidenti se\u00e7ilib. \u201cAz\u0259rbaycan\u0131n d\u00f6vl\u0259t m\u00fcst\u0259qilliyi \u0259b\u0259didir, d\u00f6nm\u0259zdir v\u0259 bizim qar\u015f\u0131m\u0131zda duran v\u0259zif\u0259 d\u00f6vl\u0259t m\u00fcst\u0259qilliyini qorumaqdan, \u0259b\u0259di etm\u0259kd\u0259n ibar\u0259tdir.\u201d \u2013 Ulu \u00d6nd\u0259r Heyd\u0259r \u018fliyev 1993-c\u00fc il oktyabr\u0131n 3-n\u0259 t\u0259yin edilmi\u015f prezident se\u00e7kil\u0259ri Az\u0259rbaycan xalq\u0131 \u00fc\u00e7\u00fcn m\u00fch\u00fcm tarixi hadis\u0259, m\u00fcst\u0259qil Az\u0259rbaycan d\u00f6vl\u0259ti \u00fc\u00e7\u00fcn is\u0259 qurtulu\u015fa ged\u0259n [&hellip;]<\/p>\n","protected":false},"author":2,"featured_media":0,"comment_status":"closed","ping_status":"closed","sticky":false,"template":"","format":"standard","meta":[],"categories":[10],"tags":[],"_links":{"self":[{"href":"https:\/\/yeniterter.az\/index.php?rest_route=\/wp\/v2\/posts\/28312"}],"collection":[{"href":"https:\/\/yeniterter.az\/index.php?rest_route=\/wp\/v2\/posts"}],"about":[{"href":"https:\/\/yeniterter.az\/index.php?rest_route=\/wp\/v2\/types\/post"}],"author":[{"embeddable":true,"href":"https:\/\/yeniterter.az\/index.php?rest_route=\/wp\/v2\/users\/2"}],"replies":[{"embeddable":true,"href":"https:\/\/yeniterter.az\/index.php?rest_route=%2Fwp%2Fv2%2Fcomments&post=28312"}],"version-history":[{"count":1,"href":"https:\/\/yeniterter.az\/index.php?rest_route=\/wp\/v2\/posts\/28312\/revisions"}],"predecessor-version":[{"id":28314,"href":"https:\/\/yeniterter.az\/index.php?rest_route=\/wp\/v2\/posts\/28312\/revisions\/28314"}],"wp:attachment":[{"href":"https:\/\/yeniterter.az\/index.php?rest_route=%2Fwp%2Fv2%2Fmedia&parent=28312"}],"wp:term":[{"taxonomy":"category","embeddable":true,"href":"https:\/\/yeniterter.az\/index.php?rest_route=%2Fwp%2Fv2%2Fcategories&post=28312"},{"taxonomy":"post_tag","embeddable":true,"href":"https:\/\/yeniterter.az\/index.php?rest_route=%2Fwp%2Fv2%2Ftags&post=28312"}],"curies":[{"name":"wp","href":"https:\/\/api.w.org\/{rel}","templated":true}]}}